{"id":28705,"date":"2025-07-08T17:12:31","date_gmt":"2025-07-08T14:12:31","guid":{"rendered":"https:\/\/kuansofis.com\/?p=28705"},"modified":"2026-01-13T15:00:16","modified_gmt":"2026-01-13T12:00:16","slug":"makam-masasi","status":"publish","type":"post","link":"https:\/\/kuansofis.com\/en\/makam-masasi\/","title":{"rendered":"Executive Desks"},"content":{"rendered":"<h2 class=\"wp-block-heading\"><strong>Makam Masas\u0131 Nedir?<\/strong><\/h2>\n\n\n\n<p>Makam masas\u0131, pozisyon ve prestij sembol\u00fc olarak y\u00f6neticilerin ofislerinde bulunan \u00f6zel tasar\u0131m bir mobilyad\u0131r. Bu masalar y\u00f6netim fonksiyonlar\u0131n\u0131 desteklemek amac\u0131yla ergonomik, estetik ve fonksiyonel \u00f6zelliklerde tasarlan\u0131r. Makam masalar\u0131 genellikle y\u00fcksek kaliteli malzemelerden \u00fcretilir.<\/p>\n\n\n\n<ul class=\"wp-block-list\">\n<li>Materyaller: Ah\u015fap, metal, cam.<\/li>\n\n\n\n<li>\u00d6zellikler: Geni\u015f \u00e7al\u0131\u015fma alan\u0131, entegre depolama \u00fcniteleri, kablo y\u00f6netim sistemleri.<\/li>\n\n\n\n<li>Tasar\u0131m: Klasik, modern, minimalistik stiller.<\/li>\n<\/ul>\n\n\n\n<p>Makam masas\u0131 kullan\u0131c\u0131lar\u0131n verimlili\u011fini art\u0131r\u0131rken, profesyonel bir imaj sunar.<\/p>\n\n\n\n<h2 class=\"wp-block-heading\"><strong>Makam Masas\u0131n\u0131n Tarihi<\/strong><\/h2>\n\n\n\n<p>Makam masalar\u0131n\u0131n tarihi, y\u00f6netim ve otorite sembol\u00fc olarak antik d\u00f6nemlere kadar uzanmaktad\u0131r. \u0130lk \u00f6rnekler, M\u0131s\u0131r ve Mezopotamya&#8217;da y\u00fcksek r\u00fctbeli ki\u015filerin yaz\u0131 ve kay\u0131t i\u015fleri i\u00e7in kullan\u0131lm\u0131\u015ft\u0131r. Zamanla, Avrupa&#8217;da feodal lordlar ve aristokratlar bu mobilyay\u0131 benimsedi.<\/p>\n\n\n\n<ul class=\"wp-block-list\">\n<li>Orta \u00c7a\u011f: Klasik ah\u015fap i\u015f\u00e7ili\u011fiyle i\u015flenen masalar, oyma desenlerle zenginle\u015ftirildi.<\/li>\n\n\n\n<li>R\u00f6nesans: Sanat ve esteti\u011fin \u00f6n plana \u00e7\u0131kt\u0131\u011f\u0131 bu d\u00f6nemde, s\u00fcslemeler ve zanaatkarl\u0131k geli\u015fti.<\/li>\n\n\n\n<li>Sanayi Devrimi: Seri \u00fcretimle birlikte, daha eri\u015filebilir ve \u00e7e\u015fitli malzemeler kullan\u0131lmaya ba\u015fland\u0131.<\/li>\n<\/ul>\n\n\n\n<p>Osmanl\u0131 \u0130mparatorlu\u011fu&#8217;nda ise padi\u015fahlar\u0131n ve sadrazamlar\u0131n kulland\u0131\u011f\u0131 masalar, zengin motif ve s\u00fcslemelerle dikkat \u00e7ekmektedir.<\/p>\n\n\n\n<h2 class=\"wp-block-heading\"><strong>Farkl\u0131 Makam Masas\u0131 Modelleri<\/strong><\/h2>\n\n\n\n<p>Makam masas\u0131 modelleri \u00e7e\u015fitlilik arz eder. B\u00fcrolar\u0131n dinamik yap\u0131s\u0131na g\u00f6re tasarlanm\u0131\u015f farkl\u0131 modeller \u015funlard\u0131r:<\/p>\n\n\n\n<ul class=\"wp-block-list\">\n<li>Klasik Makam Masalar\u0131: Ah\u015fap ve deri detaylarla, geleneksel \u015f\u0131kl\u0131\u011fa vurgu yapar.<\/li>\n\n\n\n<li>Modern Makam Masalar\u0131: Minimalist ve i\u015flevsel tasar\u0131mlarla, sade bir estetik sunar.<\/li>\n\n\n\n<li>Mod\u00fcler Makam Masalar\u0131: \u00c7e\u015fitli mod\u00fcllerle ofis ihtiya\u00e7lar\u0131na g\u00f6re ki\u015fiselle\u015ftirilebilir.<\/li>\n\n\n\n<li>Ergonomik Makam Masalar\u0131: Sa\u011fl\u0131kl\u0131 \u00e7al\u0131\u015fma ortam\u0131 i\u00e7in ayarlanabilir y\u00fckseklik ve destek \u00f6zelliklerine sahiptir.<\/li>\n<\/ul>\n\n\n\n<p>Geleneksel veya modern yakla\u015f\u0131mlar, her ofis stili ve ihtiyac\u0131 i\u00e7in uygun bir makam masas\u0131 modeli bulunmaktad\u0131r.<\/p>\n\n\n\n<h2 class=\"wp-block-heading\"><strong>Makalelerde Kullan\u0131lan Malzemeler<\/strong><\/h2>\n\n\n\n<p>Makam masas\u0131 tasar\u0131m\u0131nda kullan\u0131lan malzemeler, kalite ve esteti\u011fi belirlemede en \u00f6nemli fakt\u00f6rlerdendir. \u0130\u015fte yayg\u0131n olarak kullan\u0131lan malzemeler:<\/p>\n\n\n\n<h3 class=\"wp-block-heading\"><strong>Ah\u015fap T\u00fcrleri<\/strong><\/h3>\n\n\n\n<ul class=\"wp-block-list\">\n<li>Masif Ah\u015fap: Dayan\u0131kl\u0131l\u0131\u011f\u0131 ve do\u011fal g\u00f6r\u00fcn\u00fcm\u00fc i\u00e7in tercih edilir.<\/li>\n\n\n\n<li>MDF: Ekonomik ve p\u00fcr\u00fczs\u00fcz y\u00fczey sa\u011flar.<\/li>\n\n\n\n<li>Kaplama: Do\u011fal ah\u015fap g\u00f6r\u00fcn\u00fcm\u00fc sunarak maliyeti d\u00fc\u015f\u00fcr\u00fcr.<\/li>\n<\/ul>\n\n\n\n<h3 class=\"wp-block-heading\"><strong>Metal T\u00fcrleri<\/strong><\/h3>\n\n\n\n<ul class=\"wp-block-list\">\n<li>Paslanmaz \u00c7elik: Modern g\u00f6r\u00fcn\u00fcm ve dayan\u0131kl\u0131l\u0131k sunar.<\/li>\n\n\n\n<li>Al\u00fcminyum: Hafif ve dayan\u0131kl\u0131d\u0131r.<\/li>\n<\/ul>\n\n\n\n<h3 class=\"wp-block-heading\"><strong>Cam<\/strong><\/h3>\n\n\n\n<ul class=\"wp-block-list\">\n<li>Temperli Cam: G\u00fcvenlik ve \u015f\u0131kl\u0131k sa\u011flar.<\/li>\n<\/ul>\n\n\n\n<p>Bu malzemeler, makam masas\u0131n\u0131n hem i\u015flevsel hem de estetik a\u00e7\u0131dan \u00fcst d\u00fczey olmas\u0131n\u0131 sa\u011flar.<\/p>\n\n\n\n<h2 class=\"wp-block-heading\"><strong>Makam Masas\u0131n\u0131n Tasar\u0131m \u00d6zellikleri<\/strong><\/h2>\n\n\n\n<p>Makam masalar\u0131n\u0131n tasar\u0131m \u00f6zellikleri, estetik ve i\u015flevselli\u011fi bir araya getirmelidir. Bu masalar, hem prestij hem de konfor unsurlar\u0131n\u0131 bar\u0131nd\u0131r\u0131r.<\/p>\n\n\n\n<ul class=\"wp-block-list\">\n<li>Malzeme Se\u00e7imi: Ah\u015fap, cam ve metal gibi kaliteli malzemeler kullan\u0131l\u0131r.<\/li>\n\n\n\n<li>Ergonomi: Kullan\u0131c\u0131n\u0131n rahat etmesi i\u00e7in ergonomik yap\u0131 \u00f6nemlidir.<\/li>\n\n\n\n<li>Depolama Alan\u0131: \u00c7ekmeceler ve dolaplarla donat\u0131lm\u0131\u015f olmal\u0131d\u0131r.<\/li>\n\n\n\n<li>Boyut: Ofisin b\u00fcy\u00fckl\u00fc\u011f\u00fcne uygun olmal\u0131d\u0131r.<\/li>\n\n\n\n<li>Aksesuarlar: Kablolama sistemleri ve ayd\u0131nlatma entegrasyonu bulunmal\u0131d\u0131r.<\/li>\n\n\n\n<li>Estetik: Modern veya klasik tasar\u0131m unsurlar\u0131 ta\u015f\u0131mal\u0131d\u0131r.<\/li>\n\n\n\n<li>Renk: Kurumsal kimlik ve dekorasyona uyumlu renkler tercih edilir.<\/li>\n<\/ul>\n\n\n\n<h2 class=\"wp-block-heading\"><strong>Ergonomik Fakt\u00f6rler ve Konfor<\/strong><\/h2>\n\n\n\n<p>Ergonomik fakt\u00f6rler, makam masas\u0131n\u0131n tasar\u0131m\u0131nda kritik \u00f6neme sahiptir. Bu fakt\u00f6rler \u00e7al\u0131\u015fma verimlili\u011fi ve konforu do\u011frudan etkiler.<\/p>\n\n\n\n<ul class=\"wp-block-list\">\n<li>Ayarlanabilir Y\u00fckseklik: Kullan\u0131c\u0131n\u0131n boyuna ve oturma pozisyonuna g\u00f6re ayarlanabilen masa y\u00fcksekli\u011fi.<\/li>\n\n\n\n<li>Geni\u015f Y\u00fczey: \u00c7al\u0131\u015fma alan\u0131n\u0131n geni\u015fli\u011fi, farkl\u0131 i\u015f ara\u00e7lar\u0131na yeterli alan sa\u011flar.<\/li>\n\n\n\n<li>Ayak Deste\u011fi: Ayaklar\u0131n rahat pozisyonda durmas\u0131n\u0131 sa\u011flayan ergonomik ayak deste\u011fi.<\/li>\n\n\n\n<li>Kol Dayanaklar\u0131: Sandalyede bulunan, kullan\u0131c\u0131dan gelen gerilimi azaltan kol dayanaklar\u0131.<\/li>\n\n\n\n<li>Malzeme Se\u00e7imi: Sa\u011fl\u0131kl\u0131 ve konforlu malzemelerin se\u00e7imi, uzun s\u00fcreli kullan\u0131mda konforu art\u0131r\u0131r.<\/li>\n<\/ul>\n\n\n\n<h2 class=\"wp-block-heading\"><strong>Makam Masas\u0131 Se\u00e7erken Dikkat Edilmesi Gerekenler<\/strong><\/h2>\n\n\n\n<p>Makam masas\u0131 se\u00e7imi, ofis ortam\u0131n\u0131n verimlili\u011fini ve esteti\u011fini do\u011frudan etkiler. Bu nedenle baz\u0131 \u00f6nemli unsurlara dikkat edilmelidir:<\/p>\n\n\n\n<ul class=\"wp-block-list\">\n<li>Boyutlar: Masan\u0131n ofis alan\u0131na uygun olmas\u0131 gereklidir. Gere\u011finden b\u00fcy\u00fck veya k\u00fc\u00e7\u00fck masalar i\u015f performans\u0131n\u0131 olumsuz etkileyebilir.<\/li>\n\n\n\n<li>Ergonomi: Uzun s\u00fcre oturulacaksa, masa ergonomik olmal\u0131d\u0131r. Bel, boyun sa\u011fl\u0131\u011f\u0131 i\u00e7in uygun y\u00fckseklikte olmal\u0131d\u0131r.<\/li>\n\n\n\n<li>Malzeme: Kaliteli ve dayan\u0131kl\u0131 malzemelerden yap\u0131lm\u0131\u015f olmas\u0131, uzun \u00f6m\u00fcrl\u00fc olmas\u0131n\u0131 sa\u011flar.<\/li>\n\n\n\n<li>Tasar\u0131m: Prestij ve profesyonellik a\u00e7\u0131s\u0131ndan masan\u0131n tasar\u0131m\u0131 \u00f6nemlidir. Mekan\u0131n genel dekorasyonuna uyumlu olmal\u0131d\u0131r.<\/li>\n\n\n\n<li>Saklama Alan\u0131: Dosya ve di\u011fer ofis malzemeleri i\u00e7in yeterli depolama alan\u0131na sahip olmal\u0131d\u0131r.<\/li>\n<\/ul>\n\n\n\n<p>Her bir detay verimlilik ve sunum a\u00e7\u0131s\u0131ndan kritik rol oynar.<\/p>\n\n\n\n<h2 class=\"wp-block-heading\"><strong>Renk ve Estetik Unsurlar<\/strong><\/h2>\n\n\n\n<p>Makam masalar\u0131n\u0131n tasar\u0131m\u0131nda renk ve estetik unsurlar b\u00fcy\u00fck bir \u00f6neme sahiptir. Do\u011fru renk se\u00e7imi, ofisin genel atmosferini belirler. \u0130\u015fte renk ve estetik unsurlar\u0131n dikkate al\u0131nmas\u0131 gereken ana noktalar\u0131:<\/p>\n\n\n\n<ul class=\"wp-block-list\">\n<li>Renk Uyumu: Masalar\u0131n odan\u0131n geri kalan mobilyalar\u0131yla uyumlu olmas\u0131 gerekir.<\/li>\n\n\n\n<li>Do\u011fal Malzemeler: Ah\u015fap gibi do\u011fal malzemeler s\u0131cakl\u0131k ve sadelik katar.<\/li>\n\n\n\n<li>Minimalist Tasar\u0131m: Temizlik ve d\u00fczen duygusu yarat\u0131r.<\/li>\n\n\n\n<li>Detaylar: Metalik ve cam gibi unsurlar modern bir g\u00f6r\u00fcn\u00fcm sa\u011flar.<\/li>\n\n\n\n<li>\u00d6zelle\u015ftirme: Ki\u015fiselle\u015ftirilmi\u015f renk ve detaylar, bireysel zevkleri yans\u0131t\u0131r.<\/li>\n<\/ul>\n\n\n\n<p>G\u00f6rsel b\u00fct\u00fcnl\u00fck, konforu ve \u00e7al\u0131\u015fma verimlili\u011fini de art\u0131r\u0131r.<\/p>\n\n\n\n<h2 class=\"wp-block-heading\"><strong>Makam Masas\u0131n\u0131n Ofis Ortam\u0131ndaki Rol\u00fc<\/strong><\/h2>\n\n\n\n<p>Makam masas\u0131, ofis i\u00e7indeki bir\u00e7ok i\u015fleviyle \u00f6nemli bir yere sahiptir. \u00d6ncelikle, y\u00f6neticilerin ve liderlerin g\u00fcnl\u00fck i\u015flerini rahat\u00e7a y\u00fcr\u00fctebilmeleri i\u00e7in gerekli bir \u00e7al\u0131\u015fma alan\u0131 sunar. Ayr\u0131ca, ofisin genel esteti\u011fine katk\u0131da bulunur.<\/p>\n\n\n\n<ul class=\"wp-block-list\">\n<li>\u0130leti\u015fim Merkezi: Ziyaret\u00e7iler, m\u00fc\u015fteriler ve \u00e7al\u0131\u015fanlarla g\u00f6r\u00fc\u015fmelerin yap\u0131ld\u0131\u011f\u0131 bir merkezdir.<\/li>\n\n\n\n<li>Organizasyon: Evrak, dosya ve i\u015f ara\u00e7lar\u0131n\u0131n d\u00fczenli bir \u015fekilde saklanmas\u0131na yard\u0131mc\u0131 olur.<\/li>\n\n\n\n<li>Otorite ve Prestij: Kurum i\u00e7i hiyerar\u015fide y\u00f6neticinin konumunu belirlemede etkilidir.<\/li>\n\n\n\n<li>Verimlilik: Y\u00f6neticinin verimli \u00e7al\u0131\u015fabilmesi i\u00e7in gerekli ergonomik \u00f6zelliklere sahip olmal\u0131d\u0131r.<\/li>\n<\/ul>\n\n\n\n<h2 class=\"wp-block-heading\"><strong>Depolama ve Fonksiyonellik<\/strong><\/h2>\n\n\n\n<p>Depolama ve fonksiyonellik, makam masas\u0131n\u0131n en \u00f6nemli \u00f6zelliklerinden baz\u0131lar\u0131d\u0131r. Rahat ve d\u00fczenli bir \u00e7al\u0131\u015fma ortam\u0131 sa\u011flamak i\u00e7in bu unsurlar kritik \u00f6neme sahiptir.<\/p>\n\n\n\n<ul class=\"wp-block-list\">\n<li>\u00c7ekmeceler:\n<ul class=\"wp-block-list\">\n<li>Kalemler, not defterleri ve di\u011fer k\u00fc\u00e7\u00fck e\u015fyalar i\u00e7in ideal saklama alan\u0131.<\/li>\n\n\n\n<li>Dosya \u00e7ekmeceleri \u00f6nemli belgelerin d\u00fczenli tutulmas\u0131n\u0131 sa\u011flar.<\/li>\n<\/ul>\n<\/li>\n\n\n\n<li>Dolaplar:\n<ul class=\"wp-block-list\">\n<li>Klas\u00f6rler ve b\u00fcy\u00fck dok\u00fcmanlar i\u00e7in kapal\u0131 depolama alan\u0131 sunar.<\/li>\n\n\n\n<li>Kilitli dolap se\u00e7enekleri \u00f6nemli evraklar\u0131n g\u00fcvenli\u011fini art\u0131r\u0131r.<\/li>\n<\/ul>\n<\/li>\n\n\n\n<li>Kablolama Sistemleri:\n<ul class=\"wp-block-list\">\n<li>Elektronik cihazlar i\u00e7in organize kablo kanallar\u0131.<\/li>\n\n\n\n<li>\u00c7al\u0131\u015fma alan\u0131n\u0131n da\u011f\u0131n\u0131k g\u00f6r\u00fcnmesini engeller.<\/li>\n<\/ul>\n<\/li>\n<\/ul>\n\n\n\n<p>Makam masas\u0131, bu \u00f6zelliklerle \u00e7al\u0131\u015fanlar\u0131n verimlili\u011fini artt\u0131r\u0131r ve i\u015f ortam\u0131n\u0131n profesyonelli\u011fini korur.<\/p>\n\n\n\n<h2 class=\"wp-block-heading\"><strong>Prestij ve Makam Masas\u0131<\/strong><\/h2>\n\n\n\n<p>Makam masas\u0131n\u0131n prestij unsuru olarak de\u011feri b\u00fcy\u00fck. L\u00fcks malzemelerle tasarlanan bu masalar, y\u00f6neticinin itibar\u0131na katk\u0131 sa\u011flar. Prestijli bir makam masas\u0131:<\/p>\n\n\n\n<ul class=\"wp-block-list\">\n<li>Kaliteli ah\u015fap veya metal materyallerden yap\u0131l\u0131r.<\/li>\n\n\n\n<li>Detayl\u0131 el i\u015f\u00e7ili\u011fi ile dikkat \u00e7eker.<\/li>\n\n\n\n<li>Ergonomik tasar\u0131m\u0131yla \u00e7al\u0131\u015fma konforunu art\u0131r\u0131r.<\/li>\n<\/ul>\n\n\n\n<p>Prestij unsurlar\u0131, kullan\u0131c\u0131ya g\u00fcven telkin eden bir ortam yarat\u0131r ve profesyonel imaj\u0131 peki\u015ftirir. Ayr\u0131ca, \u00e7al\u0131\u015fma alan\u0131n\u0131 organize hale getirir, verimlili\u011fi art\u0131r\u0131r. Y\u00fcksek standartlarda \u00fcretilen makam masalar\u0131, i\u015f d\u00fcnyas\u0131nda \u00f6nemli bir stat\u00fc sembol\u00fcd\u00fcr.<\/p>\n\n\n\n<h2 class=\"wp-block-heading\"><strong>Makam Masas\u0131n\u0131n Bak\u0131m\u0131 ve Temizli\u011fi<\/strong><\/h2>\n\n\n\n<p>Makam masas\u0131n\u0131n uzun \u00f6m\u00fcrl\u00fc ve estetik g\u00f6r\u00fcn\u00fcm\u00fcn\u00fc korumas\u0131 i\u00e7in d\u00fczenli bak\u0131m ve temizlik \u015fartt\u0131r.<\/p>\n\n\n\n<ul class=\"wp-block-list\">\n<li>Y\u00fczey Temizli\u011fi:\n<ul class=\"wp-block-list\">\n<li>Mikrofiber bez kullanarak tozlar\u0131 d\u00fczenli olarak silin.<\/li>\n\n\n\n<li>Ah\u015fap y\u00fczeyler i\u00e7in uygun temizlik \u00fcr\u00fcnleri tercih edilmelidir.<\/li>\n<\/ul>\n<\/li>\n\n\n\n<li>Lekelerin \u00c7\u0131kar\u0131lmas\u0131:\n<ul class=\"wp-block-list\">\n<li>Leke olu\u015ftu\u011funda hemen m\u00fcdahale ederek nemli bezle silin.<\/li>\n\n\n\n<li>Kimyasal temizleyicilerden ka\u00e7\u0131n\u0131lmal\u0131d\u0131r.<\/li>\n<\/ul>\n<\/li>\n\n\n\n<li>Mevsimsel Bak\u0131m:\n<ul class=\"wp-block-list\">\n<li>Ah\u015fap y\u00fczeyler i\u00e7in y\u0131lda bir kez cila uygulamas\u0131 yap\u0131labilir.<\/li>\n\n\n\n<li>Metal k\u0131s\u0131mlar i\u00e7in paslanma \u00f6nleyici spreyler kullan\u0131labilir.<\/li>\n<\/ul>\n<\/li>\n<\/ul>\n\n\n\n<p>Do\u011frudan g\u00fcne\u015f \u0131\u015f\u0131\u011f\u0131ndan ve a\u015f\u0131r\u0131 nemden uzak tutmak, masan\u0131n \u00f6mr\u00fcn\u00fc uzat\u0131r.<\/p>","protected":false},"excerpt":{"rendered":"<p>Pellentesque feugiat, sem id interdum molestie, libero nibh imperdiet velit, sodales elementum enim sem sed lectus. Vivamus viverra diam congue tristique pellentesque. Proin efficitur est vel lectus ultrices rhoncus eu ut lacus. In gravida leo at justo lobortis, vitae aliquet justo vehicula. Maecenas at facilisis ex. Curabitur cursus, ex id efficitur ultrices, sapien mauris sodales<\/p>","protected":false},"author":10,"featured_media":28707,"comment_status":"closed","ping_status":"closed","sticky":false,"template":"","format":"standard","meta":{"_monsterinsights_skip_tracking":false,"_monsterinsights_sitenote_active":false,"_monsterinsights_sitenote_note":"","_monsterinsights_sitenote_category":0,"footnotes":""},"categories":[404,406,408],"tags":[],"class_list":["post-28705","post","type-post","status-publish","format-standard","has-post-thumbnail","hentry","category-is-dunyasi","category-ofis-dekorasyonu","category-ofis-mobilyalari"],"_links":{"self":[{"href":"https:\/\/kuansofis.com\/en\/wp-json\/wp\/v2\/posts\/28705","targetHints":{"allow":["GET"]}}],"collection":[{"href":"https:\/\/kuansofis.com\/en\/wp-json\/wp\/v2\/posts"}],"about":[{"href":"https:\/\/kuansofis.com\/en\/wp-json\/wp\/v2\/types\/post"}],"author":[{"embeddable":true,"href":"https:\/\/kuansofis.com\/en\/wp-json\/wp\/v2\/users\/10"}],"replies":[{"embeddable":true,"href":"https:\/\/kuansofis.com\/en\/wp-json\/wp\/v2\/comments?post=28705"}],"version-history":[{"count":1,"href":"https:\/\/kuansofis.com\/en\/wp-json\/wp\/v2\/posts\/28705\/revisions"}],"predecessor-version":[{"id":137787,"href":"https:\/\/kuansofis.com\/en\/wp-json\/wp\/v2\/posts\/28705\/revisions\/137787"}],"wp:featuredmedia":[{"embeddable":true,"href":"https:\/\/kuansofis.com\/en\/wp-json\/wp\/v2\/media\/28707"}],"wp:attachment":[{"href":"https:\/\/kuansofis.com\/en\/wp-json\/wp\/v2\/media?parent=28705"}],"wp:term":[{"taxonomy":"category","embeddable":true,"href":"https:\/\/kuansofis.com\/en\/wp-json\/wp\/v2\/categories?post=28705"},{"taxonomy":"post_tag","embeddable":true,"href":"https:\/\/kuansofis.com\/en\/wp-json\/wp\/v2\/tags?post=28705"}],"curies":[{"name":"wp","href":"https:\/\/api.w.org\/{rel}","templated":true}]}}