{"id":28697,"date":"2025-07-08T17:10:15","date_gmt":"2025-07-08T14:10:15","guid":{"rendered":"https:\/\/kuansofis.com\/?p=28697"},"modified":"2026-01-13T15:00:31","modified_gmt":"2026-01-13T12:00:31","slug":"gelecegin-is-yerleri-2024-yilinda-ofis-mobilyalarinda-aranan-ozellikler","status":"publish","type":"post","link":"https:\/\/kuansofis.com\/en\/gelecegin-is-yerleri-2024-yilinda-ofis-mobilyalarinda-aranan-ozellikler\/","title":{"rendered":"Gelece\u011fin \u0130\u015f Yerleri: 2024 Y\u0131l\u0131nda Ofis Mobilyalar\u0131nda Aranan \u00d6zellikler"},"content":{"rendered":"<h2 class=\"wp-block-heading\">2024&#8217;te \u00c7al\u0131\u015fma Alanlar\u0131n\u0131n Evrimi<\/h2>\n\n\n\n<p>2024 y\u0131l\u0131 itibar\u0131yla, \u00e7al\u0131\u015fma ortamlar\u0131, teknolojinin ilerlemesi ve de\u011fi\u015fen insan ihtiya\u00e7lar\u0131 nedeniyle b\u00fcy\u00fck bir d\u00f6n\u00fc\u015f\u00fcm ge\u00e7irmektedir. Dijitalle\u015fme ve uzaktan \u00e7al\u0131\u015fma e\u011filimi, ofis mobilyalar\u0131nda yeni \u00f6zelliklerin aranmas\u0131na neden olmu\u015ftur. Farkl\u0131 meslek gruplar\u0131ndan bireylerin farkl\u0131la\u015fan beklentileri ofis d\u00fczenleri ve tasar\u0131mlar\u0131n\u0131 etkileyerek, esnek ve \u00e7ok fonksiyonlu mobilya ihtiyac\u0131n\u0131 do\u011furmu\u015ftur. S\u00fcrd\u00fcr\u00fclebilirlik, ergonomi ve teknoloji entegrasyonu, \u00e7al\u0131\u015fma alanlar\u0131n\u0131n evriminde \u00f6ne \u00e7\u0131kan anahtar fakt\u00f6rlerdir. Bu evrim, ofis mobilyalar\u0131n\u0131n tasar\u0131m\u0131nda ve i\u015flevselli\u011finde yeni normlar\u0131 belirlemekte ve gelece\u011fin i\u015f yerlerinin temelini olu\u015fturmaktad\u0131r.<\/p>\n\n\n\n<h2 class=\"wp-block-heading\">Ergonomi: Sa\u011fl\u0131k ve Verimlilik A\u00e7\u0131s\u0131ndan \u00d6nemi<\/h2>\n\n\n\n<p>Ergonomik ofis mobilyalar\u0131n\u0131n sa\u011fl\u0131k \u00fczerindeki etkileri ve \u00e7al\u0131\u015fan verimlili\u011fine katk\u0131lar\u0131 tart\u0131\u015f\u0131lmazd\u0131r. Uzun saatler masa ba\u015f\u0131nda \u00e7al\u0131\u015fmak, \u00f6zellikle ergonomi g\u00f6zetilmeden tasarlanm\u0131\u015f mekanlarda, bel, boyun ve omurga problemlerine yol a\u00e7abilir. Bu olumsuz durumlar, \u00e7al\u0131\u015fanlar\u0131n genel sa\u011fl\u0131k durumunu ve i\u015f verimliliklerini negatif y\u00f6nde etkiler.<\/p>\n\n\n\n<ul class=\"wp-block-list\">\n<li>Ergonomik tasar\u0131m, v\u00fccut duru\u015funu d\u00fczelterek kas ve iskelet sorunlar\u0131n\u0131 \u00f6nler.<\/li>\n\n\n\n<li>Do\u011fru masa ve sandalye y\u00fcksekli\u011fi, eklem ve kas yorgunlu\u011funu azalt\u0131r.<\/li>\n\n\n\n<li>Ayarlanabilir masa ve koltuklar, bireye \u00f6zel konfor sa\u011flar, odaklanmay\u0131 art\u0131r\u0131r.<\/li>\n\n\n\n<li>Hareketlili\u011fe imkan tan\u0131yan mobilyalar, kan dola\u015f\u0131m\u0131n\u0131 iyile\u015ftirir, enerji seviyesini y\u00fckseltir.<\/li>\n<\/ul>\n\n\n\n<p>2024 y\u0131l\u0131 ofis mobilyalar\u0131, bu ergonomik \u00f6zelliklere b\u00fcy\u00fck \u00f6nem vererek tasarlanmakta; b\u00f6ylelikle \u00e7al\u0131\u015fanlar\u0131n sa\u011fl\u0131kl\u0131 ve \u00fcretken bir \u00e7al\u0131\u015fma ortam\u0131na kavu\u015fmalar\u0131 hedeflenmektedir.<\/p>\n\n\n\n<h2 class=\"wp-block-heading\">Mod\u00fcler Tasar\u0131mlar ve Alan Verimlili\u011fi<\/h2>\n\n\n\n<p>2024 y\u0131l\u0131nda ofis mobilyalar\u0131nda \u00f6ne \u00e7\u0131kan trendlerden biri de mod\u00fcler tasar\u0131mlar olacakt\u0131r. Bu tasar\u0131m anlay\u0131\u015f\u0131, mekan s\u0131n\u0131rl\u0131l\u0131klar\u0131na pratik \u00e7\u00f6z\u00fcmler getirerek i\u015f yerleri i\u00e7in alan verimlili\u011fini art\u0131rmay\u0131 hedeflemektedir. Mod\u00fcler mobilyalar, \u00e7ok i\u015flevli kullan\u0131m imkanlar\u0131 sunmakta ve b\u00f6ylece ofislerde s\u0131k\u00e7a ya\u015fanan yer s\u0131k\u0131nt\u0131s\u0131na dinamik bir yan\u0131t vermektedir:<\/p>\n\n\n\n<ul class=\"wp-block-list\">\n<li>Kolayca yeniden konfig\u00fcre edilebilen \u00e7al\u0131\u015fma istasyonlar\u0131,<\/li>\n\n\n\n<li>Farkl\u0131 ihtiya\u00e7lara cevap verebilen ayarlanabilir masa ve sandalyeler,<\/li>\n\n\n\n<li>S\u0131n\u0131rl\u0131 alanlarda maksimum depolama imkan\u0131 sa\u011flayan \u00fcniteler,<\/li>\n\n\n\n<li>\u00c7al\u0131\u015fma alan\u0131 d\u00fczenini kolayla\u015ft\u0131racak hareketli b\u00f6lme sistemleri.<\/li>\n<\/ul>\n\n\n\n<p>Bu esnek mobilyalar, \u00e7al\u0131\u015fma alanlar\u0131n\u0131 ki\u015fiselle\u015ftirmeyi ve \u00e7al\u0131\u015fanlar\u0131n konforunu art\u0131rmay\u0131 da m\u00fcmk\u00fcn k\u0131l\u0131yor.<\/p>\n\n\n\n<h2 class=\"wp-block-heading\">S\u00fcrd\u00fcr\u00fclebilirlik: \u00c7evre Dostu Ofis Mobilyalar\u0131<\/h2>\n\n\n\n<p>Gelece\u011fin i\u015f yerleri, s\u00fcrd\u00fcr\u00fclebilirlik anlay\u0131\u015f\u0131n\u0131 benimseyen ofis mobilyalar\u0131na a\u011f\u0131rl\u0131k veriyor. 2024 y\u0131l\u0131nda aranan \u00f6zellikler aras\u0131nda, \u00e7evreye sayg\u0131l\u0131 materyallerin tercihi \u00f6ne \u00e7\u0131k\u0131yor. \u0130\u015fte bu alandaki anahtar \u00f6zellikler:<\/p>\n\n\n\n<ul class=\"wp-block-list\">\n<li>Yeniden i\u015flenebilir veya biyolojik olarak par\u00e7alanabilir malzemelerle \u00fcretilmi\u015f mobilyalar<\/li>\n\n\n\n<li>Uzun \u00f6m\u00fcrl\u00fc ve dayan\u0131kl\u0131 tasar\u0131mlar, b\u00f6ylece s\u0131k de\u011fi\u015fim yerine uzun s\u00fcreli kullan\u0131m sa\u011flan\u0131yor<\/li>\n\n\n\n<li>Toksik olmayan boyalar ve yap\u0131\u015ft\u0131r\u0131c\u0131lar kullan\u0131larak insan sa\u011fl\u0131\u011f\u0131na ve \u00e7evreye zarar\u0131n minimize edilmesi<\/li>\n\n\n\n<li>Enerji tasarruflu \u00fcretim s\u00fcre\u00e7leri ve d\u00fc\u015f\u00fck karbon ayak izi<\/li>\n\n\n\n<li>\u015eirketlerin s\u00fcrd\u00fcr\u00fclebilir kaynak zincirlerini tercih etmeleri ve \u00fcreticilerin de bu y\u00f6nde sertifikasyonlara sahip olmalar\u0131<\/li>\n<\/ul>\n\n\n\n<p>Bu \u00f6zellikler, \u00e7evre dostu ofis mobilyalar\u0131n\u0131n temelini olu\u015fturmakta ve \u00e7al\u0131\u015fanlar ile \u00e7evre aras\u0131nda pozitif bir denge kurulmas\u0131n\u0131 sa\u011flamaktad\u0131r.<\/p>\n\n\n\n<h2 class=\"wp-block-heading\">Teknolojik Entegrasyon: Ak\u0131ll\u0131 Ofis Mobilya \u00c7\u00f6z\u00fcmleri<\/h2>\n\n\n\n<p>2024 y\u0131l\u0131nda, i\u015f yerlerindeki mobilyalar\u0131n vazge\u00e7ilmez bir par\u00e7as\u0131 haline gelen teknolojik entegrasyon, ak\u0131ll\u0131 ofis mobilya \u00e7\u00f6z\u00fcmlerine yo\u011fun ilgi g\u00f6steriyor. Bu \u00e7\u00f6z\u00fcmler \u015funlar\u0131 i\u00e7erir:<\/p>\n\n\n\n<ul class=\"wp-block-list\">\n<li><strong>Ergonomik Tasar\u0131m ve Ayarlanabilirlik:<\/strong>\u00a0\u00c7al\u0131\u015fanlar\u0131n farkl\u0131 v\u00fccut yap\u0131lar\u0131na uyum sa\u011flayabilen, oturma ve duru\u015f pozisyonlar\u0131n\u0131 optimize eden mobilyalar.<\/li>\n\n\n\n<li><strong>Kablosuz \u015earj \u00dcniteleri:<\/strong>\u00a0Masalar ve oturma alanlar\u0131 entegre kablosuz \u015farj istasyonlar\u0131yla donat\u0131lm\u0131\u015f, b\u00f6ylece \u00e7al\u0131\u015fanlar mobil cihazlar\u0131n\u0131 kolayca \u015farj edebilirler.<\/li>\n\n\n\n<li><strong>Dijital Asistan Entegrasyonu:<\/strong>\u00a0Sesle kontrol edilebilen yapay zeka asistanlar\u0131 ile uyumlu ofis mobilyalar\u0131, verimlili\u011fi art\u0131rma potansiyeli sunuyor.<\/li>\n\n\n\n<li><strong>Ak\u0131ll\u0131 Depolama \u00c7\u00f6z\u00fcmleri:<\/strong>\u00a0Ki\u015fisel e\u015fyalar\u0131n g\u00fcvenli\u011fi ve gizlili\u011fi i\u00e7in biyometrik veya RFID teknolojisine sahip ak\u0131ll\u0131 kilit sistemleri.<\/li>\n\n\n\n<li><strong>\u00c7evre Dostu Malzemeler:<\/strong>\u00a0S\u00fcrd\u00fcr\u00fclebilir ve geri d\u00f6n\u00fc\u015ft\u00fcr\u00fclebilir malzemelerden \u00fcretilmi\u015f mobilyalar, ekolojik ayak izini azaltma amac\u0131yla tercih ediliyor.<\/li>\n<\/ul>\n\n\n\n<p>Haz\u0131r teknolojik \u00e7\u00f6z\u00fcmleri i\u015f yerine entegre eden bu ak\u0131ll\u0131 mobilyalar, \u00e7al\u0131\u015fma verimlili\u011fini ve konforunu maksimize etme yolunda \u00f6nem ta\u015f\u0131yor.<\/p>\n\n\n\n<h2 class=\"wp-block-heading\">Estetik ve Fonksiyonellik: Modern Ofislerde Tasar\u0131m Trendleri<\/h2>\n\n\n\n<p>Modern ofisler, hem estetik hem de fonksiyonellik bak\u0131m\u0131ndan \u00f6ne \u00e7\u0131kan tasar\u0131m trendlerini benimsemektedir. Kullan\u0131c\u0131lar\u0131n ihtiya\u00e7lar\u0131 ve rahatl\u0131\u011f\u0131 \u00f6ncelikli olurken, temsil ettikleri markan\u0131n k\u00fclt\u00fcr\u00fcn\u00fc ve de\u011ferlerini yans\u0131tmay\u0131 hedefler:<\/p>\n\n\n\n<ul class=\"wp-block-list\">\n<li><strong>Esnek Mekanlar:<\/strong>\u00a0Mod\u00fcler mobilyalar ve hareketli duvar sistemleri sayesinde, mekanlar kolayca yeniden d\u00fczenlenebilmekte ve \u00e7ok fonksiyonlu alanlar yarat\u0131lmaktad\u0131r.<\/li>\n\n\n\n<li><strong>S\u00fcrd\u00fcr\u00fclebilirlik:<\/strong>\u00a0\u00c7evre dostu malzemeler ve enerji verimlili\u011fine \u00f6nem veren tasar\u0131mlar tercih edilmektedir.<\/li>\n\n\n\n<li><strong>Teknolojik Entegrasyon:<\/strong>\u00a0Kablosuz \u015farj istasyonlar\u0131, gizli kablo yollar\u0131 ve entegre ekranlar gibi teknolojik unsurlar, mobilyalara dahil edilerek i\u015flevsellik art\u0131r\u0131lmaktad\u0131r.<\/li>\n\n\n\n<li><strong>Konfor ve Sa\u011fl\u0131k:<\/strong>\u00a0Ergonomik mobilyalar ve ayarlanabilir \u00e7al\u0131\u015fma istasyonlar\u0131, kullan\u0131c\u0131lar\u0131n sa\u011fl\u0131\u011f\u0131n\u0131 ve konforunu desteklemektedir.<\/li>\n\n\n\n<li><strong>A\u00e7\u0131k ve I\u015f\u0131k Alabilen Tasar\u0131mlar:<\/strong>\u00a0Do\u011fal \u0131\u015f\u0131ktan maksimum d\u00fczeyde faydalanmak ve a\u00e7\u0131k ofis planlar\u0131, \u00e7al\u0131\u015fanlar\u0131n ruh halini ve verimlili\u011fini olumlu y\u00f6nde etkilemektedir.<\/li>\n<\/ul>\n\n\n\n<p>Bu trendler, gelece\u011fin i\u015f yerlerinin hem i\u015flevsel hem de estetik anlamda nas\u0131l olu\u015fturulmas\u0131 gerekti\u011fine dair fikir vermektedir.<\/p>\n\n\n\n<h2 class=\"wp-block-heading\">Esnek \u00c7al\u0131\u015fma Ortamlar\u0131 i\u00e7in Mobilya Se\u00e7imi<\/h2>\n\n\n\n<p>Esnek \u00e7al\u0131\u015fma ortamlar\u0131, 2024 y\u0131l\u0131nda ofis mobilyalar\u0131nda aranan en \u00f6nemli \u00f6zellikler aras\u0131ndad\u0131r. Mobilyalar, \u00e7al\u0131\u015fanlar\u0131n farkl\u0131 g\u00f6rev ve etkinlikler i\u00e7in rahat\u00e7a yer de\u011fi\u015ftirebilmesine olanak tan\u0131mal\u0131d\u0131r. Se\u00e7im yap\u0131l\u0131rken dikkate al\u0131nmas\u0131 gerekenler:<\/p>\n\n\n\n<ul class=\"wp-block-list\">\n<li><strong>Mod\u00fcler Tasar\u0131m<\/strong>: Par\u00e7alar\u0131n kolayca birle\u015ftirilerek \u00e7e\u015fitli d\u00fczenlemeler yap\u0131labilmesi.<\/li>\n\n\n\n<li><strong>Tekerlekli Yap\u0131lar<\/strong>: Kolay ta\u015f\u0131nabilirlik i\u00e7in tekerlekler \u00f6nemlidir.<\/li>\n\n\n\n<li><strong>D\u00f6n\u00fc\u015ft\u00fcr\u00fclebilir Masa ve Sandalyeler<\/strong>: \u00c7al\u0131\u015fma pozisyonlar\u0131 aras\u0131nda ge\u00e7i\u015f yapmay\u0131 kolayla\u015ft\u0131ran ayarlanabilir y\u00fckseklik ve s\u0131rt deste\u011fi.<\/li>\n\n\n\n<li><strong>\u00c7ok Fonksiyonlu \u00dcniteler<\/strong>: Depolama alanlar\u0131na entegre edilen \u00e7al\u0131\u015fma y\u00fczeyleri gibi \u00e7e\u015fitli \u00f6zellikleri bar\u0131nd\u0131ran mobilyalar.<\/li>\n\n\n\n<li><strong>Dayan\u0131kl\u0131l\u0131k ve Kalite<\/strong>: S\u0131k yer de\u011fi\u015ftirme i\u015flemine dayanabilecek sa\u011flam yap\u0131lar.<\/li>\n<\/ul>\n\n\n\n<p>Esnek ofis mobilyalar\u0131, i\u015f yerlerinde dinamizmi ve verimlili\u011fi art\u0131rman\u0131n yan\u0131nda, \u00e7al\u0131\u015fanlar\u0131n ihtiya\u00e7lar\u0131na h\u0131zla uyum sa\u011flamak a\u00e7\u0131s\u0131ndan kritik \u00f6neme sahiptir.<\/p>\n\n\n\n<h2 class=\"wp-block-heading\">Gelece\u011fin \u0130\u015f Yerlerinde Mobilyalar\u0131n Rol\u00fc<\/h2>\n\n\n\n<p>Gelece\u011fin i\u015f yerleri, \u00e7al\u0131\u015fanlar\u0131n gereksinimlerine h\u0131zla yan\u0131t vermek zorundad\u0131r. Mobilyalar i\u015flevsellik ve esneklik a\u00e7\u0131s\u0131ndan kilit rol oynamaktad\u0131r. 2024 y\u0131l\u0131nda, ofis mobilyalar\u0131nda aranan \u00f6zellikler \u015funlard\u0131r:<\/p>\n\n\n\n<ul class=\"wp-block-list\">\n<li>Ergonomi: \u0130\u015f performans\u0131n\u0131 art\u0131rmak ve sa\u011fl\u0131k sorunlar\u0131n\u0131 \u00f6nlemek i\u00e7in temel bir unsur.<\/li>\n\n\n\n<li>Mod\u00fcler Tasar\u0131mlar: Alan\u0131n h\u0131zla de\u011fi\u015fen ihtiya\u00e7lar\u0131na g\u00f6re uyarlanabilirlik sa\u011flamak esast\u0131r.<\/li>\n\n\n\n<li>Ak\u0131ll\u0131 Teknoloji Entegrasyonu: \u00c7al\u0131\u015fma alanlar\u0131n\u0131n verimlili\u011fini art\u0131rma ama\u00e7l\u0131d\u0131r.<\/li>\n\n\n\n<li>S\u00fcrd\u00fcr\u00fclebilir Malzemeler: Ekolojik sorumluluk, gelece\u011fin i\u015f yerlerinin ayr\u0131lmaz bir par\u00e7as\u0131d\u0131r.<\/li>\n\n\n\n<li>Estetik ve Tasar\u0131m: \u00c7al\u0131\u015fan memnuniyetini ve marka kimli\u011fini peki\u015ftiren fakt\u00f6rler.<\/li>\n<\/ul>\n\n\n\n<p>Sonu\u00e7 olarak, i\u015f yerlerindeki mobilyalar, fonksiyonel, estetik ve s\u00fcrd\u00fcr\u00fclebilir \u00f6zellikleriyle gelece\u011fin \u00e7al\u0131\u015fma ortamlar\u0131n\u0131 \u015fekillendireceklerdir.<\/p>","protected":false},"excerpt":{"rendered":"<p>Pellentesque feugiat, sem id interdum molestie, libero nibh imperdiet velit, sodales elementum enim sem sed lectus. Vivamus viverra diam congue tristique pellentesque. Proin efficitur est vel lectus ultrices rhoncus eu ut lacus. In gravida leo at justo lobortis, vitae aliquet justo vehicula. Maecenas at facilisis ex. Curabitur cursus, ex id efficitur ultrices, sapien mauris sodales<\/p>","protected":false},"author":10,"featured_media":28699,"comment_status":"closed","ping_status":"closed","sticky":false,"template":"","format":"standard","meta":{"_monsterinsights_skip_tracking":false,"_monsterinsights_sitenote_active":false,"_monsterinsights_sitenote_note":"","_monsterinsights_sitenote_category":0,"footnotes":""},"categories":[404,406,408],"tags":[],"class_list":["post-28697","post","type-post","status-publish","format-standard","has-post-thumbnail","hentry","category-is-dunyasi","category-ofis-dekorasyonu","category-ofis-mobilyalari"],"_links":{"self":[{"href":"https:\/\/kuansofis.com\/en\/wp-json\/wp\/v2\/posts\/28697","targetHints":{"allow":["GET"]}}],"collection":[{"href":"https:\/\/kuansofis.com\/en\/wp-json\/wp\/v2\/posts"}],"about":[{"href":"https:\/\/kuansofis.com\/en\/wp-json\/wp\/v2\/types\/post"}],"author":[{"embeddable":true,"href":"https:\/\/kuansofis.com\/en\/wp-json\/wp\/v2\/users\/10"}],"replies":[{"embeddable":true,"href":"https:\/\/kuansofis.com\/en\/wp-json\/wp\/v2\/comments?post=28697"}],"version-history":[{"count":1,"href":"https:\/\/kuansofis.com\/en\/wp-json\/wp\/v2\/posts\/28697\/revisions"}],"predecessor-version":[{"id":137789,"href":"https:\/\/kuansofis.com\/en\/wp-json\/wp\/v2\/posts\/28697\/revisions\/137789"}],"wp:featuredmedia":[{"embeddable":true,"href":"https:\/\/kuansofis.com\/en\/wp-json\/wp\/v2\/media\/28699"}],"wp:attachment":[{"href":"https:\/\/kuansofis.com\/en\/wp-json\/wp\/v2\/media?parent=28697"}],"wp:term":[{"taxonomy":"category","embeddable":true,"href":"https:\/\/kuansofis.com\/en\/wp-json\/wp\/v2\/categories?post=28697"},{"taxonomy":"post_tag","embeddable":true,"href":"https:\/\/kuansofis.com\/en\/wp-json\/wp\/v2\/tags?post=28697"}],"curies":[{"name":"wp","href":"https:\/\/api.w.org\/{rel}","templated":true}]}}