{"id":28689,"date":"2025-07-08T17:07:19","date_gmt":"2025-07-08T14:07:19","guid":{"rendered":"https:\/\/kuansofis.com\/?p=28689"},"modified":"2026-01-13T15:00:46","modified_gmt":"2026-01-13T12:00:46","slug":"2024-yilinin-en-trend-ofis-mobilyalari","status":"publish","type":"post","link":"https:\/\/kuansofis.com\/en\/2024-yilinin-en-trend-ofis-mobilyalari\/","title":{"rendered":"2024 Y\u0131l\u0131n\u0131n En Trend Ofis Mobilyalar\u0131"},"content":{"rendered":"<h2 class=\"wp-block-heading\">2024&#8217;\u00fcn Ofis Mobilyas\u0131 Trendlerini Anlamak<\/h2>\n\n\n\n<p>2024 y\u0131l\u0131, ofis mobilyalar\u0131 d\u00fcnyas\u0131nda devrim niteli\u011finde yeniliklerle gelmektedir. Modern i\u015f d\u00fcnyas\u0131, yaln\u0131zca i\u015f verimlili\u011fini art\u0131rmak i\u00e7in de\u011fil, ayn\u0131 zamanda \u00e7al\u0131\u015fanlar\u0131n refah\u0131n\u0131 da g\u00f6z \u00f6n\u00fcnde bulundurarak ofis alan\u0131nda b\u00fcy\u00fck de\u011fi\u015fimler ger\u00e7ekle\u015ftirmektedir. Bu ba\u011flamda, a\u015fa\u011f\u0131daki temel trendler \u00f6ne \u00e7\u0131kmaktad\u0131r:<\/p>\n\n\n\n<ol class=\"wp-block-list\">\n<li><strong>Ergonomik Tasar\u0131m<\/strong>: Artan fark\u0131ndal\u0131kla birlikte, ergonomik mobilyalar ofislerde \u00f6ncelikli hale gelmi\u015ftir. Bel ve boyun sa\u011fl\u0131\u011f\u0131n\u0131 destekleyen sandalyeler, ayarlanabilir masa ve monit\u00f6r stantlar\u0131 \u00f6n plana \u00e7\u0131kmaktad\u0131r.<\/li>\n\n\n\n<li><strong>S\u00fcrd\u00fcr\u00fclebilir Malzemeler<\/strong>: \u00c7evre bilincinin artmas\u0131, s\u00fcrd\u00fcr\u00fclebilir ve geri d\u00f6n\u00fc\u015ft\u00fcr\u00fclebilir malzemelerle \u00fcretilen mobilyalara olan talebi art\u0131rmaktad\u0131r. Ah\u015fap, bambu gibi do\u011fal malzemeler, geri d\u00f6n\u00fc\u015ft\u00fcr\u00fclm\u00fc\u015f plastik ve metal gibi materyallerle birle\u015ferek modern ve ekolojik \u00e7\u00f6z\u00fcmler sunmaktad\u0131r.<\/li>\n\n\n\n<li><strong>Mod\u00fcler ve Esnek Tasar\u0131mlar<\/strong>: De\u011fi\u015fen i\u015f modelleri ve esnek \u00e7al\u0131\u015fma saatleriyle birlikte, mod\u00fcler mobilyalar b\u00fcy\u00fck \u00f6nem kazanm\u0131\u015ft\u0131r. Ta\u015f\u0131nabilir ve \u00e7ok ama\u00e7l\u0131 mobilyalar, \u00e7e\u015fitli ofis d\u00fczenlemelerine uyum sa\u011flayarak alan verimlili\u011fini art\u0131rmaktad\u0131r.<\/li>\n\n\n\n<li><strong>Akustik \u00c7\u00f6z\u00fcmler<\/strong>: A\u00e7\u0131k ofis alanlar\u0131 yayg\u0131nla\u015f\u0131rken, g\u00fcr\u00fclt\u00fc kontrol\u00fc de kritik bir \u00f6neme sahip olmu\u015ftur. Akustik paneller, ses yal\u0131t\u0131ml\u0131 kabinler ve benzeri \u00e7\u00f6z\u00fcmler, \u00e7al\u0131\u015fanlar\u0131n odaklanmas\u0131n\u0131 sa\u011flayarak \u00fcretkenli\u011fini art\u0131rmaktad\u0131r.<\/li>\n\n\n\n<li><strong>Ak\u0131ll\u0131 Mobilyalar<\/strong>: Teknoloji entegrasyonu, ofis mobilyalar\u0131nda yeni bir d\u00f6nemi ba\u015flatm\u0131\u015ft\u0131r. Elektronik y\u00fckseklik ayarl\u0131 masalar, \u015farj istasyonlar\u0131na sahip mobilyalar ve IoT (Internet of Things) destekli \u00e7al\u0131\u015fma alanlar\u0131, modern ofislerin vazge\u00e7ilmezleri aras\u0131nda yer almaktad\u0131r.<\/li>\n\n\n\n<li><strong>Minimalist ve Estetik Yakla\u015f\u0131m<\/strong>: Temiz ve sade \u00e7izgiler, minimalist tasar\u0131mlar, hem estetik hem de i\u015flevsel anlamda tercih edilen mobilyalar\u0131 temsil etmektedir. Bu trend, \u00e7al\u0131\u015fma alanlar\u0131n\u0131n ferah ve d\u00fczenli olmas\u0131n\u0131 sa\u011flarken, ayn\u0131 zamanda modern bir g\u00f6r\u00fcn\u00fcm sunmaktad\u0131r.<\/li>\n<\/ol>\n\n\n\n<p>&#8220;Konfor ve performans bir arada&#8221; mottosu, 2024&#8217;\u00fcn ofis mobilyas\u0131 trendlerini belirleyen temel ilkelerden biridir. Her bir trend, i\u015f yerinde hem i\u015flevsel hem de estetik de\u011ferlerin dengesini kurmay\u0131 ama\u00e7lamaktad\u0131r. \u00c7al\u0131\u015fanlar\u0131n daha sa\u011fl\u0131kl\u0131, \u00fcretken ve memnun oldu\u011fu bir ofis ortam\u0131 yaratmak, bu yenilik\u00e7i mobilya tasar\u0131mlar\u0131n\u0131n temel hedefidir.<\/p>\n\n\n\n<h2 class=\"wp-block-heading\">Ergonomi ve Konforun \u00d6nemi<\/h2>\n\n\n\n<p>Ergonomi ve konfor, modern i\u015f ortamlar\u0131nda \u00e7al\u0131\u015fanlar\u0131n verimlili\u011fi ve sa\u011fl\u0131\u011f\u0131 \u00fczerinde kritik bir rol oynamaktad\u0131r. 2024 y\u0131l\u0131nda, ofis mobilyas\u0131 trendlerinde ergonomiye verilen \u00f6nem giderek artmaktad\u0131r. Bu y\u00fckselen e\u011filim, ofis ya\u015fam\u0131n\u0131 daha konforlu hale getirirken, \u00e7al\u0131\u015fanlar\u0131n hem fiziksel sa\u011fl\u0131\u011f\u0131n\u0131 hem de genel refah\u0131n\u0131 desteklemektedir.<\/p>\n\n\n\n<h3 class=\"wp-block-heading\">Ergonomik Mobilyalar\u0131n Faydalar\u0131<\/h3>\n\n\n\n<ol class=\"wp-block-list\">\n<li><strong>Sa\u011fl\u0131k Sorunlar\u0131n\u0131 Azaltma:<\/strong>\n<ul class=\"wp-block-list\">\n<li>Do\u011fru oturma d\u00fczenlemeleri ve ergonomik tasar\u0131mlar, s\u0131rt ve boyun a\u011fr\u0131lar\u0131 gibi yayg\u0131n ofis rahats\u0131zl\u0131klar\u0131n\u0131 minimize eder.<\/li>\n\n\n\n<li>Uzun s\u00fcreli oturmalarda post\u00fcr sorunlar\u0131n\u0131n \u00f6n\u00fcne ge\u00e7ilmesine yard\u0131mc\u0131 olur.<\/li>\n<\/ul>\n<\/li>\n\n\n\n<li><strong>Verimlilik Art\u0131\u015f\u0131:<\/strong>\n<ul class=\"wp-block-list\">\n<li>\u00c7al\u0131\u015fanlar\u0131n rahat ve destekleyici bir ortamda \u00e7al\u0131\u015fmas\u0131, dikkat da\u011f\u0131n\u0131kl\u0131\u011f\u0131n\u0131 azaltarak odaklanma s\u00fcresini uzat\u0131r.<\/li>\n\n\n\n<li>Kullan\u0131c\u0131 dostu \u00e7al\u0131\u015fma alanlar\u0131, zamandan tasarruf sa\u011flayarak operasyonel verimlili\u011fi art\u0131r\u0131r.<\/li>\n<\/ul>\n<\/li>\n<\/ol>\n\n\n\n<h3 class=\"wp-block-heading\">Ergonomik Ofis Mobilyalar\u0131 Se\u00e7imi<\/h3>\n\n\n\n<ul class=\"wp-block-list\">\n<li><strong>Ayarlanabilir Sandalyeler:<\/strong>\n<ul class=\"wp-block-list\">\n<li>Bel deste\u011fi, kol\u00e7ak ayarlar\u0131 ve y\u00fckseklik ayar\u0131na sahip ergonomik sandalyeler, v\u00fccut yap\u0131s\u0131na ve ki\u015fisel tercihlere uygun oturma pozisyonu sa\u011flar.<\/li>\n<\/ul>\n<\/li>\n\n\n\n<li><strong>Ergonomik Masalar:<\/strong>\n<ul class=\"wp-block-list\">\n<li>Y\u00fckseklik ayar\u0131 yap\u0131labilen masalar, oturarak veya ayakta \u00e7al\u0131\u015fmay\u0131 m\u00fcmk\u00fcn k\u0131larak v\u00fccut hareketlili\u011fini art\u0131r\u0131r.<\/li>\n\n\n\n<li>Geni\u015f y\u00fczey alan\u0131, \u00e7al\u0131\u015fma materyallerinin d\u00fczenli ve ula\u015f\u0131labilir olmas\u0131n\u0131 sa\u011flar.<\/li>\n<\/ul>\n<\/li>\n<\/ul>\n\n\n\n<h3 class=\"wp-block-heading\">Ofis Konforunda Teknolojik Yenilikler<\/h3>\n\n\n\n<ul class=\"wp-block-list\">\n<li><strong>Kablosuz \u015earj \u0130stasyonlar\u0131:<\/strong>\n<ul class=\"wp-block-list\">\n<li>Masalara entegre kablosuz \u015farj istasyonlar\u0131, cihazlar\u0131n \u015farj edilmesi i\u00e7in gerekli alan ve kablo karma\u015fas\u0131n\u0131 ortadan kald\u0131r\u0131r.<\/li>\n<\/ul>\n<\/li>\n\n\n\n<li><strong>Ak\u0131ll\u0131 Ayd\u0131nlatma Sistemleri:<\/strong>\n<ul class=\"wp-block-list\">\n<li>\u00c7al\u0131\u015fma ortam\u0131n\u0131n ayd\u0131nlatmas\u0131n\u0131 otomatik olarak ayarlayan sistemler, g\u00f6z yorgunlu\u011funu \u00f6nleyerek konforu art\u0131r\u0131r.<\/li>\n<\/ul>\n<\/li>\n<\/ul>\n\n\n\n<h3 class=\"wp-block-heading\">Psikolojik Etkiler<\/h3>\n\n\n\n<ul class=\"wp-block-list\">\n<li><strong>Motivasyon ve \u0130\u015f Tatmini:<\/strong>\n<ul class=\"wp-block-list\">\n<li>Ergonomik ve konforlu \u00e7al\u0131\u015fma alanlar\u0131, \u00e7al\u0131\u015fanlar\u0131n i\u015flerine olan ba\u011fl\u0131l\u0131klar\u0131n\u0131 art\u0131r\u0131r.<\/li>\n\n\n\n<li>Pozitif \u00e7al\u0131\u015fma ortamlar\u0131, genel i\u015f tatminini y\u00fckselterek \u00e7al\u0131\u015fanlar\u0131n morallerini iyile\u015ftirir.<\/li>\n<\/ul>\n<\/li>\n<\/ul>\n\n\n\n<p>Ergonomi ve konfor, sadece fiziksel rahatl\u0131k sa\u011flamakla kalmaz, ayn\u0131 zamanda \u00e7al\u0131\u015fanlar\u0131n motivasyonunu ve verimlili\u011fini de \u00f6nemli \u00f6l\u00e7\u00fcde art\u0131r\u0131r. Bu ba\u011flamda, modern ofis mobilyalar\u0131 se\u00e7erken ergonomik \u00f6zelliklere \u00f6ncelik vermek, sa\u011fl\u0131kl\u0131 ve \u00fcretken bir i\u015f g\u00fcc\u00fc i\u00e7in kritik \u00f6neme sahiptir. Teknolojik ilerlemeler ve tasar\u0131m yenilikleri, bu hedefe ula\u015fmada \u00f6nemli ara\u00e7lar sunmaktad\u0131r.<\/p>\n\n\n\n<h2 class=\"wp-block-heading\">\u00c7ok Fonksiyonlu Mobilyalar<\/h2>\n\n\n\n<p>2024 y\u0131l\u0131na girerken, \u00e7ok fonksiyonlu mobilyalar ofis tasar\u0131mlar\u0131n\u0131n vazge\u00e7ilmez bir par\u00e7as\u0131 olarak \u00f6ne \u00e7\u0131k\u0131yor. Bu yeni trend, alan tasarrufu sa\u011flamay\u0131 ve i\u015f verimlili\u011fini art\u0131rmay\u0131 ama\u00e7layan \u00e7\u00f6z\u00fcmler sunmaktad\u0131r. \u00c7ok fonksiyonlu mobilyalar, hem estetik a\u00e7\u0131dan ho\u015f hem de son derece pratiktir.<\/p>\n\n\n\n<p>Bu kategoride dikkat \u00e7eken birka\u00e7 ana unsur bulunmaktad\u0131r:<\/p>\n\n\n\n<ul class=\"wp-block-list\">\n<li><strong>Katlanabilir Masalar:<\/strong>\u00a0Alan\u0131n daha verimli kullan\u0131lmas\u0131 i\u00e7in tasarlanan bu masalar, gerekti\u011finde a\u00e7\u0131l\u0131p kapanabilme \u00f6zelli\u011fine sahiptir. K\u00fc\u00e7\u00fck ofislerde yerden tasarruf sa\u011flarken, toplant\u0131 odalar\u0131nda da esnek kullan\u0131m sunar.<\/li>\n\n\n\n<li><strong>Mod\u00fcler Dolap Sistemleri:<\/strong>\u00a0\u0130htiyaca g\u00f6re kolayca de\u011fi\u015ftirilebilen ve geni\u015fletilebilen dolaplar, dosya ve dok\u00fcmanlar\u0131n d\u00fczenli bir \u015fekilde saklanmas\u0131na yard\u0131mc\u0131 olur. Bu sistemler, hem a\u00e7\u0131k ofis d\u00fczenine hem de bireysel \u00e7al\u0131\u015fma alanlar\u0131na uyum sa\u011flayacak \u015fekilde tasarlanm\u0131\u015ft\u0131r.<\/li>\n\n\n\n<li><strong>\u00c7ok Ama\u00e7l\u0131 Koltuklar:<\/strong>\u00a0Ofislerde yayg\u0131nla\u015fan bu koltuklar, oturma, dinlenme ve hatta \u00e7al\u0131\u015fma pozisyonuna g\u00f6re ayarlanabilir \u00f6zelliklere sahiptir. Ergonomik tasar\u0131mlar\u0131 sayesinde uzun s\u00fcreli oturmalarda konfor sa\u011flar.<\/li>\n\n\n\n<li><strong>Entegre Priz ve \u015earj \u00dcniteleri:<\/strong>\u00a0\u00c7al\u0131\u015fma masalar\u0131na ve toplant\u0131 masalar\u0131na entegre edilen priz ve USB \u015farj \u00fcniteleri, kablo karma\u015fas\u0131n\u0131 azalt\u0131r ve cihazlar\u0131n kolayca \u015farj edilmesini sa\u011flar. Bu \u00f6zellikler, modern i\u015f yerlerinin teknolojiye uyum sa\u011flamas\u0131na katk\u0131da bulunur.<\/li>\n<\/ul>\n\n\n\n<p>\u00c7ok fonksiyonlu mobilyalar, sadece yer tasarrufu sa\u011flamakla kalmaz, ayn\u0131 zamanda \u00e7al\u0131\u015fanlar\u0131n g\u00fcnl\u00fck i\u015f ak\u0131\u015flar\u0131n\u0131 da kolayla\u015ft\u0131r\u0131r.<\/p>\n\n\n\n<p>\u00d6ne \u00e7\u0131kan avantajlar\u0131:<\/p>\n\n\n\n<ol class=\"wp-block-list\">\n<li><strong>Verimlilik:<\/strong>\u00a0\u00c7ok fonksiyonlu mobilyalar, \u00e7al\u0131\u015fma alanlar\u0131n\u0131n daha etkin kullan\u0131lmas\u0131n\u0131 sa\u011flayarak verimlili\u011fi art\u0131r\u0131r.<\/li>\n\n\n\n<li><strong>Esneklik:<\/strong>\u00a0De\u011fi\u015fen ihtiya\u00e7lara h\u0131zla uyum sa\u011flayabilecek \u015fekilde tasarlanm\u0131\u015ft\u0131r.<\/li>\n\n\n\n<li><strong>Estetik:<\/strong>\u00a0Modern tasar\u0131mlar\u0131 ile ofislerin daha \u015f\u0131k ve profesyonel g\u00f6r\u00fcnmesini sa\u011flar.<\/li>\n\n\n\n<li><strong>Dayan\u0131kl\u0131l\u0131k:<\/strong>\u00a0Kaliteli malzemeler kullan\u0131larak \u00fcretilen bu mobilyalar, uzun \u00f6m\u00fcrl\u00fc kullan\u0131m sunar.<\/li>\n<\/ol>\n\n\n\n<p>Sonu\u00e7 olarak, \u00e7ok fonksiyonlu mobilyalar, 2024 ofis trendleri aras\u0131nda vazge\u00e7ilmez bir konumda yer almakta ve i\u015f d\u00fcnyas\u0131n\u0131n dinamik yap\u0131s\u0131na uyum sa\u011flayan \u00e7\u00f6z\u00fcmler \u00fcretmektedir.<\/p>\n\n\n\n<h2 class=\"wp-block-heading\">S\u00fcrd\u00fcr\u00fclebilir ve \u00c7evre Dostu Se\u00e7enekler<\/h2>\n\n\n\n<p>2024 y\u0131l\u0131n\u0131n ofis mobilya trendlerinde s\u00fcrd\u00fcr\u00fclebilirlik ve \u00e7evre dostu malzemeler \u00f6nemli bir yer tutuyor. Modern i\u015f d\u00fcnyas\u0131nda artan \u00e7evre bilinci ve sorumluluk duygusu, ofis mobilyalar\u0131nda da kendini g\u00f6steriyor. Bu ba\u011flamda, bir\u00e7ok firma ve tasar\u0131mc\u0131, s\u00fcrd\u00fcr\u00fclebilirlik ilkelerini benimserken \u015f\u0131kl\u0131k ve i\u015flevsellikten \u00f6d\u00fcn vermiyor.<\/p>\n\n\n\n<h3 class=\"wp-block-heading\">\u00c7evre Dostu Malzemeler<\/h3>\n\n\n\n<p>S\u00fcrd\u00fcr\u00fclebilir mobilyalar, genellikle a\u015fa\u011f\u0131daki malzemeler kullan\u0131larak \u00fcretiliyor:<\/p>\n\n\n\n<ul class=\"wp-block-list\">\n<li><strong>Geri D\u00f6n\u00fc\u015ft\u00fcr\u00fclm\u00fc\u015f Ah\u015fap:<\/strong>\u00a0Geri d\u00f6n\u00fc\u015ft\u00fcr\u00fclm\u00fc\u015f ah\u015fap, hem do\u011fal bir g\u00f6r\u00fcn\u00fcm sunuyor hem de \u00e7evreye zarar vermeden yeniden kullan\u0131l\u0131yor.<\/li>\n\n\n\n<li><strong>Bambu:<\/strong>\u00a0H\u0131zl\u0131 b\u00fcy\u00fcyen ve kolayca yenilenebilir bir kaynak olan bambu, sa\u011flaml\u0131k ve estetik a\u00e7\u0131dan tercih edilen bir malzeme.<\/li>\n\n\n\n<li><strong>Geri D\u00f6n\u00fc\u015ft\u00fcr\u00fclm\u00fc\u015f Plastik:<\/strong>\u00a0\u00c7e\u015fitli plastik at\u0131klar\u0131n yeniden de\u011ferlendirilmesi yoluyla \u00fcretilen bu malzeme, \u00e7evresel ayak izini azalt\u0131yor.<\/li>\n\n\n\n<li><strong>Organik Kuma\u015flar:<\/strong>\u00a0Keten, pamuk ve y\u00fcn gibi do\u011fal ve organik kuma\u015flar, s\u00fcrd\u00fcr\u00fclebilir mobilya \u00fcretiminde \u00f6nemli bir yer tutuyor.<\/li>\n<\/ul>\n\n\n\n<h3 class=\"wp-block-heading\">Verimlilik ve Enerji Tasarrufu<\/h3>\n\n\n\n<p>S\u00fcrd\u00fcr\u00fclebilirlik yaln\u0131zca kullan\u0131lan malzemelerle s\u0131n\u0131rl\u0131 kalm\u0131yor; ayn\u0131 zamanda enerji tasarrufunu art\u0131ran tasar\u0131mlarla da destekleniyor:<\/p>\n\n\n\n<ol class=\"wp-block-list\">\n<li><strong>Enerji Verimli Ayd\u0131nlatma:<\/strong>\u00a0LED ayd\u0131nlatma sistemleri, enerji t\u00fcketimini minimuma indirirken uzun \u00f6m\u00fcrl\u00fc bir \u00e7\u00f6z\u00fcm sunuyor.<\/li>\n\n\n\n<li><strong>Do\u011fal I\u015f\u0131k Kullan\u0131m\u0131:<\/strong>\u00a0Ofislerde geni\u015f camlar ve a\u00e7\u0131k alanlar, do\u011fal \u0131\u015f\u0131\u011f\u0131n maksimum derecede kullan\u0131lmas\u0131na olanak tan\u0131yor.<\/li>\n\n\n\n<li><strong>Is\u0131 Yal\u0131t\u0131m\u0131:<\/strong>\u00a0\u0130yi yal\u0131t\u0131lm\u0131\u015f mobilyalar, ofis i\u00e7erisindeki \u0131s\u0131 kayb\u0131n\u0131 azaltarak enerji t\u00fcketimini d\u00fc\u015f\u00fcr\u00fcyor.<\/li>\n<\/ol>\n\n\n\n<h3 class=\"wp-block-heading\">Mod\u00fcler ve \u00c7ok Ama\u00e7l\u0131 Tasar\u0131mlar<\/h3>\n\n\n\n<p>Ofis alanlar\u0131n\u0131n verimli bir \u015fekilde kullan\u0131lmas\u0131na olanak tan\u0131yan mod\u00fcler ve \u00e7ok ama\u00e7l\u0131 tasar\u0131mlar da s\u00fcrd\u00fcr\u00fclebilir se\u00e7enekler aras\u0131nda yer al\u0131yor:<\/p>\n\n\n\n<ul class=\"wp-block-list\">\n<li><strong>Mod\u00fcler Raf Sistemleri:<\/strong>\u00a0Kolayca de\u011fi\u015ftirilebilen ve yeniden d\u00fczenlenebilen raf sistemleri, esneklik sa\u011flarken ayn\u0131 zamanda yer tasarrufu sa\u011fl\u0131yor.<\/li>\n\n\n\n<li><strong>\u00c7ok Fonksiyonlu Mobilyalar:<\/strong>\u00a0Hem \u00e7al\u0131\u015fma alan\u0131 hem de depolama alan\u0131 olarak kullan\u0131labilen mobilyalar, i\u015flevselli\u011fi art\u0131r\u0131yor.<\/li>\n<\/ul>\n\n\n\n<h3 class=\"wp-block-heading\">\u00c7evre Dostu Sertifikalar<\/h3>\n\n\n\n<p>S\u00fcrd\u00fcr\u00fclebilir mobilyalar\u0131n kimlikleri, \u00e7e\u015fitli uluslararas\u0131 sertifikalar ile do\u011frulan\u0131yor:<\/p>\n\n\n\n<ul class=\"wp-block-list\">\n<li><strong>FSC Sertifikas\u0131:<\/strong>\u00a0Bu sertifika, mobilyalar\u0131n s\u00fcrd\u00fcr\u00fclebilir ormanlardan elde edildi\u011fini g\u00f6steriyor.<\/li>\n\n\n\n<li><strong>LEED Sertifikas\u0131:<\/strong>\u00a0Enerji ve \u00e7evre dostu tasar\u0131mlar\u0131n standartlar\u0131n\u0131 belirleyen LEED, manyetik alan y\u00f6netimini de kaps\u0131yor.<\/li>\n<\/ul>\n\n\n\n<p>Bu trendlerle birlikte, 2024 y\u0131l\u0131nda ofis mobilyas\u0131 se\u00e7erken s\u00fcrd\u00fcr\u00fclebilir ve \u00e7evre dostu se\u00e7eneklere daha fazla \u00f6nem verilecek.<\/p>\n\n\n\n<h2 class=\"wp-block-heading\">Ak\u0131ll\u0131 Ofis Mobilyalar\u0131 ve Teknoloji Entegrasyonu<\/h2>\n\n\n\n<p>2024 y\u0131l\u0131n\u0131n ofis mobilya trendlerinde, ak\u0131ll\u0131 ofis mobilyalar\u0131 ve teknoloji entegrasyonu \u00f6n planda yer almaktad\u0131r. \u0130\u015f d\u00fcnyas\u0131n\u0131n h\u0131zla dijitalle\u015fmesi, ofis ortamlar\u0131n\u0131n daha esnek ve verimli olmas\u0131n\u0131 gerektirmektedir. Bu kapsamda kullan\u0131labilecek \u00e7e\u015fitli \u00f6zellikler ve yenilikler dikkat \u00e7ekmektedir.<\/p>\n\n\n\n<h3 class=\"wp-block-heading\">Ak\u0131ll\u0131 Ofis Mobilyalar\u0131<\/h3>\n\n\n\n<p><strong>Ak\u0131ll\u0131 masa ve sandalyeler:<\/strong>&nbsp;Bu mobilyalar, kullan\u0131c\u0131lar\u0131n oturma d\u00fczenlerini izler ve daha ergonomik bir deneyim sunar. Entegre sens\u00f6rler sayesinde kullan\u0131m s\u00fcresi boyunca duru\u015f tavsiyeleri verir.<\/p>\n\n\n\n<p><strong>Ayarlanabilir y\u00fcksekli\u011fe sahip masalar:<\/strong>&nbsp;Elektronik olarak ayarlanabilen masalar, oturarak veya ayakta \u00e7al\u0131\u015fma imkan\u0131 sa\u011flar. Bu, \u00e7al\u0131\u015fanlar\u0131n uzun s\u00fcreli oturma kaynakl\u0131 sa\u011fl\u0131k sorunlar\u0131n\u0131 azalt\u0131r.<\/p>\n\n\n\n<p><strong>Kablosuz \u015farj \u00fcniteleri:<\/strong>&nbsp;Ofis mobilyalar\u0131na yerle\u015ftirilen kablosuz \u015farj alanlar\u0131, cihazlar\u0131n kolayca \u015farj edilmesine olanak tan\u0131r. Bu pratik \u00e7\u00f6z\u00fcm, \u00e7al\u0131\u015fma verimlili\u011fini art\u0131r\u0131r.<\/p>\n\n\n\n<p><strong>Entegre depolama \u00e7\u00f6z\u00fcmleri:<\/strong>&nbsp;Ak\u0131ll\u0131 mobilyalar, ofis e\u015fyalar\u0131n\u0131n d\u00fczenli tutulmas\u0131 i\u00e7in entegre depolama imkanlar\u0131 ile donat\u0131l\u0131r. Bu \u00f6zellik, \u00e7al\u0131\u015fma alanlar\u0131n\u0131n daha temiz ve d\u00fczenli olmas\u0131n\u0131 sa\u011flar.<\/p>\n\n\n\n<h3 class=\"wp-block-heading\">Teknoloji Entegrasyonu<\/h3>\n\n\n\n<p><strong>IoT (Nesnelerin \u0130nterneti):<\/strong>&nbsp;IoT tabanl\u0131 \u00e7\u00f6z\u00fcmler, mobilyalar\u0131n di\u011fer ak\u0131ll\u0131 cihazlarla ba\u011flant\u0131l\u0131 \u00e7al\u0131\u015fmas\u0131n\u0131 sa\u011flar. \u00d6rne\u011fin, ak\u0131ll\u0131 ayd\u0131nlatma sistemleriyle entegre edilen mobilyalar, ortam ko\u015fullar\u0131na g\u00f6re ayd\u0131nlatma ayarlar\u0131n\u0131 otomatik olarak optimize eder.<\/p>\n\n\n\n<p><strong>Ak\u0131ll\u0131 beyaz tahta ve ekranlar:<\/strong>&nbsp;Bu teknolojiler, toplant\u0131 odalar\u0131nda etkile\u015fimli sunumlar yap\u0131lmas\u0131na olanak tan\u0131r. Bilgisayar ve mobil cihazlarla senkronize olarak \u00e7al\u0131\u015ft\u0131klar\u0131 i\u00e7in verimlili\u011fi art\u0131r\u0131r.<\/p>\n\n\n\n<p><strong>Ses kontroll\u00fc asistanlar:<\/strong>&nbsp;Ofis mobilyalar\u0131na entegre edilebilen ses kontroll\u00fc asistanlar, g\u00f6rev y\u00f6netimine ve i\u015f ak\u0131\u015f\u0131na destek olabilir. Toplant\u0131 odas\u0131 rezervasyonlar\u0131 veya hat\u0131rlat\u0131c\u0131lar sesli komutlarla yap\u0131labilir.<\/p>\n\n\n\n<p><strong>Veri analiti\u011fi:<\/strong>&nbsp;Ak\u0131ll\u0131 sistemler, \u00e7al\u0131\u015fanlar\u0131n kullan\u0131m al\u0131\u015fkanl\u0131klar\u0131n\u0131 analiz ederek ofis d\u00fczenlemelerinin optimize edilmesine yard\u0131mc\u0131 olur. Bu veri odakl\u0131 yakla\u015f\u0131m, daha verimli \u00e7al\u0131\u015fma ortamlar\u0131 yarat\u0131r.<\/p>\n\n\n\n<h3 class=\"wp-block-heading\">Enerji Y\u00f6netimi<\/h3>\n\n\n\n<p>Ak\u0131ll\u0131 ofis mobilyalar\u0131, enerji y\u00f6netimi konusunda da \u00f6nemli yenilikler sunar. Entegre enerji tasarruf modlar\u0131 ve sens\u00f6rler sayesinde, elektrik t\u00fcketimi optimize edilir. Bu, i\u015fletmelerin enerji maliyetlerini d\u00fc\u015f\u00fcrmesine yard\u0131mc\u0131 olurken, \u00e7evreye duyarl\u0131 bir yakla\u015f\u0131m benimsemelerine de olanak tan\u0131r.<\/p>\n\n\n\n<p>Ayr\u0131ca, g\u00fcne\u015f enerjisi ile \u00e7al\u0131\u015fan mobilyalar ve yenilenebilir enerji kaynaklar\u0131 ile uyumlu \u00e7\u00f6z\u00fcmler, s\u00fcrd\u00fcr\u00fclebilir ofis dizaynlar\u0131n\u0131n temel unsurlar\u0131 aras\u0131nda yer almaktad\u0131r. Bu t\u00fcr enerji y\u00f6netim sistemleri, \u00e7al\u0131\u015fanlar\u0131n da \u00e7evre bilincine katk\u0131da bulunmas\u0131n\u0131 te\u015fvik eder.<\/p>\n\n\n\n<h2 class=\"wp-block-heading\">Yeni Nesil \u00c7al\u0131\u015fma Masalar\u0131<\/h2>\n\n\n\n<p>2024 y\u0131l\u0131nda ofis mobilyalar\u0131nda yenilik\u00e7i ve fonksiyonel tasar\u0131mlar \u00f6ne \u00e7\u0131kmaya devam ediyor. Yeni nesil \u00e7al\u0131\u015fma masalar\u0131, hem estetik hem de i\u015flevsel a\u00e7\u0131dan \u00e7al\u0131\u015fanlar\u0131n verimlili\u011fini art\u0131rmak i\u00e7in geli\u015ftirilmi\u015ftir. Bu masalar, modern ofislerin gereksinimlerini kar\u015f\u0131lamak \u00fczere \u00e7e\u015fitli \u00f6zelliklerle donat\u0131lm\u0131\u015ft\u0131r.<\/p>\n\n\n\n<h3 class=\"wp-block-heading\">\u00d6zellikler<\/h3>\n\n\n\n<ol class=\"wp-block-list\">\n<li><strong>Ergonomik Tasar\u0131m<\/strong>:\n<ul class=\"wp-block-list\">\n<li>Ba\u015f ve boyun sa\u011fl\u0131\u011f\u0131n\u0131 destekleyen ayarlanabilir y\u00fckseklik.<\/li>\n\n\n\n<li>Omurga dostu e\u011fimli y\u00fczeyler.<\/li>\n\n\n\n<li>Ayarlanabilir kol dayamalar\u0131.<\/li>\n<\/ul>\n<\/li>\n\n\n\n<li><strong>Entegre Teknoloji<\/strong>:\n<ul class=\"wp-block-list\">\n<li>Kablosuz \u015farj \u00fcniteleri.<\/li>\n\n\n\n<li>USB ve elektrik prizleri.<\/li>\n\n\n\n<li>Sens\u00f6rl\u00fc ayd\u0131nlatma sistemleri.<\/li>\n<\/ul>\n<\/li>\n\n\n\n<li><strong>Mod\u00fcler Yap\u0131<\/strong>:\n<ul class=\"wp-block-list\">\n<li>Kolay ta\u015f\u0131nabilir ve kurulabilir par\u00e7a sistemi.<\/li>\n\n\n\n<li>Ki\u015fisel gereksinimlere g\u00f6re uyarlanabilir.<\/li>\n<\/ul>\n<\/li>\n<\/ol>\n\n\n\n<h3 class=\"wp-block-heading\">Malzemeler<\/h3>\n\n\n\n<p>Yeni nesil \u00e7al\u0131\u015fma masalar\u0131 y\u00fcksek kaliteli ve s\u00fcrd\u00fcr\u00fclebilir malzemelerden \u00fcretilmektedir:<\/p>\n\n\n\n<ul class=\"wp-block-list\">\n<li><strong>Ah\u015fap<\/strong>: Do\u011fal, sert a\u011fa\u00e7 ve kompozit ah\u015fap kullan\u0131m\u0131.<\/li>\n\n\n\n<li><strong>Metal<\/strong>: Dayan\u0131kl\u0131, hafif ve korozyona diren\u00e7li al\u00fcminyum ve \u00e7elik.<\/li>\n\n\n\n<li><strong>Plastik<\/strong>: Geri d\u00f6n\u00fc\u015ft\u00fcr\u00fclebilir ve \u00e7evre dostu polimerler.<\/li>\n<\/ul>\n\n\n\n<h3 class=\"wp-block-heading\">Tasar\u0131m Trendleri<\/h3>\n\n\n\n<p>2024 y\u0131l\u0131nda yeni nesil \u00e7al\u0131\u015fma masalar\u0131n\u0131n tasar\u0131m\u0131nda \u015fu trendler \u00f6n plana \u00e7\u0131kmaktad\u0131r:<\/p>\n\n\n\n<ul class=\"wp-block-list\">\n<li><strong>Minimalist Yakla\u015f\u0131mlar<\/strong>: Temiz \u00e7izgiler ve basit formlar.<\/li>\n\n\n\n<li><strong>Do\u011fal Renk Paletleri<\/strong>: Toprak tonlar\u0131, pastel renkler ve do\u011fal ah\u015fap kaplamalar.<\/li>\n\n\n\n<li><strong>Ye\u015fil Ofis<\/strong>: Bitki entegreli tasar\u0131mlar, do\u011fa dostu malzemeler.<\/li>\n<\/ul>\n\n\n\n<h3 class=\"wp-block-heading\">\u00c7al\u0131\u015fan Sa\u011fl\u0131\u011f\u0131 ve Refah\u0131<\/h3>\n\n\n\n<p>Yeni nesil \u00e7al\u0131\u015fma masalar\u0131, \u00e7al\u0131\u015fan sa\u011fl\u0131\u011f\u0131 ve refah\u0131n\u0131 \u00f6n planda tutarak geli\u015ftirilmi\u015ftir:<\/p>\n\n\n\n<ul class=\"wp-block-list\">\n<li><strong>Hareketli \u00c7al\u0131\u015fma \u0130mkan\u0131<\/strong>: Y\u00fcksekli\u011fi ayarlanabilir ve masa bisikletleri ile dinamik \u00e7al\u0131\u015fma ortamlar\u0131 sunar.<\/li>\n\n\n\n<li><strong>G\u00f6z Sa\u011fl\u0131\u011f\u0131<\/strong>: I\u015f\u0131k sens\u00f6rleri ve parlama \u00f6nleyici ekranlar.<\/li>\n\n\n\n<li><strong>Akustik Konfor<\/strong>: Ses yal\u0131t\u0131ml\u0131 b\u00f6lmeler ve malzemeler.<\/li>\n<\/ul>\n\n\n\n<h3 class=\"wp-block-heading\">Uygulama Alanlar\u0131<\/h3>\n\n\n\n<p>Yeni nesil \u00e7al\u0131\u015fma masalar\u0131 farkl\u0131 ofis t\u00fcrlerinde kullan\u0131labilmektedir:<\/p>\n\n\n\n<ul class=\"wp-block-list\">\n<li><strong>A\u00e7\u0131k Ofisler<\/strong>: Ortak kullan\u0131m alanlar\u0131 i\u00e7in ideal mod\u00fcler tasar\u0131mlar.<\/li>\n\n\n\n<li><strong>Home Office<\/strong>: Ev ofisleri i\u00e7in \u00e7ok y\u00f6nl\u00fc ve kompakt \u00e7\u00f6z\u00fcmler.<\/li>\n\n\n\n<li><strong>Prestijli \u00c7al\u0131\u015fma Alanlar\u0131<\/strong>: Y\u00f6netici odalar\u0131 ve toplant\u0131 salonlar\u0131 i\u00e7in \u00f6zel tasar\u0131mlar.<\/li>\n<\/ul>\n\n\n\n<p>Bu \u00f6zellikler ve tasar\u0131mlar, 2024 y\u0131l\u0131nda yeni nesil \u00e7al\u0131\u015fma masalar\u0131n\u0131 ofis mobilyalar\u0131n\u0131n vazge\u00e7ilmez unsurlar\u0131 haline getirecek.<\/p>\n\n\n\n<h2 class=\"wp-block-heading\">Yenilik\u00e7i Oturma \u00c7\u00f6z\u00fcmleri<\/h2>\n\n\n\n<p>2024 y\u0131l\u0131nda ofis mobilyalar\u0131nda \u00f6ne \u00e7\u0131kan trendlerden biri, yenilik\u00e7i oturma \u00e7\u00f6z\u00fcmleridir. \u00c7al\u0131\u015fanlar\u0131n konforunu ve verimlili\u011fini art\u0131rmak amac\u0131yla geli\u015ftirilen bu \u00e7\u00f6z\u00fcmler, modern \u00e7al\u0131\u015fma ortamlar\u0131n\u0131n vazge\u00e7ilmez bir par\u00e7as\u0131 olmaktad\u0131r.<\/p>\n\n\n\n<h3 class=\"wp-block-heading\">Ergonomik Tasar\u0131mlar<\/h3>\n\n\n\n<p>Ergonomik tasar\u0131mlar en \u00f6nemli yenilik\u00e7i oturma \u00e7\u00f6z\u00fcmleri aras\u0131nda yer almaktad\u0131r. Ergonomik koltuklar, kullan\u0131c\u0131n\u0131n v\u00fccut yap\u0131s\u0131na uygun \u015fekilde ayarlanabilir ve uzun s\u00fcre oturulmas\u0131na ra\u011fmen v\u00fccut sa\u011fl\u0131\u011f\u0131n\u0131 korumaya yard\u0131mc\u0131 olur. Bu koltuklar;<\/p>\n\n\n\n<ul class=\"wp-block-list\">\n<li>Ayarlanabilir s\u0131rt deste\u011fi<\/li>\n\n\n\n<li>Ayarlanabilir kol\u00e7aklar<\/li>\n\n\n\n<li>Ba\u015f ve boyun deste\u011fi<\/li>\n\n\n\n<li>Bel deste\u011fi<\/li>\n<\/ul>\n\n\n\n<p>\u00d6zelliklerine sahip olup, \u00e7al\u0131\u015fanlar\u0131n daha rahat bir \u00e7al\u0131\u015fma ortam\u0131nda bulunmas\u0131n\u0131 sa\u011flar.<\/p>\n\n\n\n<h3 class=\"wp-block-heading\">Mod\u00fcler Oturma Birimleri<\/h3>\n\n\n\n<p>Mod\u00fcler oturma birimleri, 2024 y\u0131l\u0131nda ofislerde giderek daha fazla tercih edilmektedir. Bu oturma birimleri, ofis alanlar\u0131n\u0131n esnek bir \u015fekilde kullan\u0131lmas\u0131n\u0131 sa\u011flar ve kolayca yeniden d\u00fczenlenebilir. Mod\u00fcler oturma birimleri;<\/p>\n\n\n\n<ul class=\"wp-block-list\">\n<li>\u00c7e\u015fitli \u015fekillerde birle\u015ftirilebilir<\/li>\n\n\n\n<li>Kolayca ta\u015f\u0131nabilir<\/li>\n\n\n\n<li>Farkl\u0131 toplant\u0131 ve dinlenme alanlar\u0131 yaratabilir<\/li>\n<\/ul>\n\n\n\n<p>Bu \u00f6zellikleriyle ofis tasar\u0131m\u0131n\u0131 daha dinamik ve kullan\u0131c\u0131 dostu hale getirir.<\/p>\n\n\n\n<h3 class=\"wp-block-heading\">Akustik Oturma \u00c7\u00f6z\u00fcmleri<\/h3>\n\n\n\n<p>A\u00e7\u0131k ofis alanlar\u0131nda \u00e7al\u0131\u015fanlar\u0131n konsantrasyonunu art\u0131rmak i\u00e7in akustik oturma \u00e7\u00f6z\u00fcmleri tercih edilmektedir. Bu t\u00fcr \u00e7\u00f6z\u00fcmler, ses yal\u0131t\u0131m\u0131 sa\u011flayarak g\u00fcr\u00fclt\u00fcy\u00fc azalt\u0131r ve daha sessiz bir \u00e7al\u0131\u015fma ortam\u0131 yarat\u0131r. Akustik oturma \u00e7\u00f6z\u00fcmleri;<\/p>\n\n\n\n<ul class=\"wp-block-list\">\n<li>Ses emici malzemelerle kapl\u0131 koltuklar<\/li>\n\n\n\n<li>\u00c7evresel panel ve b\u00f6lmeler ile donat\u0131lm\u0131\u015f oturma birimleri<\/li>\n\n\n\n<li>Dinlenme alanlar\u0131 i\u00e7in \u00f6zel ses yal\u0131t\u0131ml\u0131 b\u00f6lmeler<\/li>\n<\/ul>\n\n\n\n<p>Sunarak \u00e7al\u0131\u015fanlar\u0131n daha verimli \u00e7al\u0131\u015fmas\u0131n\u0131 ve dikkatlerinin da\u011f\u0131lmadan i\u015flerine odaklanmalar\u0131n\u0131 sa\u011flar.<\/p>\n\n\n\n<h3 class=\"wp-block-heading\">Teknoloji Entegrasyonu<\/h3>\n\n\n\n<p>Yenilik\u00e7i oturma \u00e7\u00f6z\u00fcmlerinin bir di\u011fer \u00f6nemli y\u00f6n\u00fc, teknoloji ile entegrasyondur. Modern ofislerde teknolojiye kolayca eri\u015fim sa\u011flamak, i\u015f s\u00fcre\u00e7lerini h\u0131zland\u0131r\u0131r ve \u00e7al\u0131\u015fanlar\u0131n motivasyonunu art\u0131r\u0131r. Teknoloji entegre edilmi\u015f oturma \u00e7\u00f6z\u00fcmleri:<\/p>\n\n\n\n<ul class=\"wp-block-list\">\n<li>Entegre \u015farj istasyonlar\u0131<\/li>\n\n\n\n<li>USB ve elektrik prizleri<\/li>\n\n\n\n<li>Ak\u0131ll\u0131 kontrol mekanizmalar\u0131<\/li>\n<\/ul>\n\n\n\n<p>Gibi \u00f6zelliklerle donat\u0131lm\u0131\u015f olup, \u00e7al\u0131\u015fanlar\u0131n teknolojik ihtiya\u00e7lar\u0131n\u0131 an\u0131nda kar\u015f\u0131lamalar\u0131n\u0131 sa\u011flar.<\/p>\n\n\n\n<p>Yenilik\u00e7i oturma \u00e7\u00f6z\u00fcmleri, sadece konforu de\u011fil, ayn\u0131 zamanda ofislerin estetik g\u00f6r\u00fcn\u00fcm\u00fcn\u00fc ve fonksiyonelli\u011fini de art\u0131rmaktad\u0131r. Bu \u00e7\u00f6z\u00fcmler, g\u00fcn\u00fcm\u00fcz\u00fcn h\u0131zla de\u011fi\u015fen \u00e7al\u0131\u015fma ko\u015fullar\u0131na m\u00fckemmel uyum sa\u011flamaktad\u0131r.<\/p>\n\n\n\n<h2 class=\"wp-block-heading\">A\u00e7\u0131k Ofis Alanlar\u0131 i\u00e7in \u00c7\u00f6z\u00fcmler<\/h2>\n\n\n\n<p>A\u00e7\u0131k ofis alanlar\u0131, i\u015fbirli\u011fini art\u0131r\u0131rken \u00e7al\u0131\u015fanlar\u0131n yarat\u0131c\u0131l\u0131\u011f\u0131n\u0131 te\u015fvik eder. Ancak, bu a\u00e7\u0131k ortamlarda verimlili\u011fi s\u00fcrd\u00fcrmek i\u00e7in belli ba\u015fl\u0131 \u00e7\u00f6z\u00fcmler gereklidir. 2024 y\u0131l\u0131n\u0131n trend ofis mobilyalar\u0131 bu ihtiya\u00e7lar\u0131 kar\u015f\u0131layarak modern a\u00e7\u0131k ofislerdeki etkinli\u011fi maksimize eder.<\/p>\n\n\n\n<h3 class=\"wp-block-heading\">Mod\u00fcler Mobilya Se\u00e7enekleri<\/h3>\n\n\n\n<p>Mod\u00fcler mobilyalar, a\u00e7\u0131k ofis alanlar\u0131na esneklik ve uyum sa\u011flar. Bu mobilyalar, kolayca ta\u015f\u0131nabilir ve yeniden d\u00fczenlenebilir:<\/p>\n\n\n\n<ul class=\"wp-block-list\">\n<li><strong>\u00c7ok Ama\u00e7l\u0131 Masalar<\/strong>: Toplant\u0131lar, bireysel \u00e7al\u0131\u015fmalar ve grup projeleri i\u00e7in kullan\u0131labilir.<\/li>\n\n\n\n<li><strong>Portatif Depolama \u00dcniteleri<\/strong>: \u00c7al\u0131\u015fanlar\u0131n ihtiya\u00e7 duyduklar\u0131 e\u015fyalar\u0131 her an yanlar\u0131nda ta\u015f\u0131mas\u0131na olanak tan\u0131r.<\/li>\n\n\n\n<li><strong>Ayarlanabilir B\u00f6lmeler<\/strong>: Ki\u015fisel alan yaratmak i\u00e7in h\u0131zl\u0131ca kurulup kald\u0131r\u0131labilir.<\/li>\n<\/ul>\n\n\n\n<h3 class=\"wp-block-heading\">Ergonomik Tasar\u0131mlar<\/h3>\n\n\n\n<p>\u00c7al\u0131\u015fma verimlili\u011fini ve konforu art\u0131ran ergonomik tasar\u0131mlar, a\u00e7\u0131k ofislerde b\u00fcy\u00fck \u00f6nem ta\u015f\u0131r:<\/p>\n\n\n\n<ul class=\"wp-block-list\">\n<li><strong>Ergonomik Sandalyeler<\/strong>: Kullan\u0131c\u0131lar\u0131n uzun saatler boyunca rahat\u00e7a \u00e7al\u0131\u015fmas\u0131n\u0131 sa\u011flar.<\/li>\n\n\n\n<li><strong>Ayakta \u00c7al\u0131\u015fma Masalar\u0131<\/strong>: Farkl\u0131 \u00e7al\u0131\u015fma pozisyonlar\u0131na uyumlu olup, sa\u011fl\u0131k a\u00e7\u0131s\u0131ndan avantaj sa\u011flar.<\/li>\n\n\n\n<li><strong>Monit\u00f6r Kald\u0131r\u0131c\u0131lar<\/strong>: \u00c7al\u0131\u015fma alanlar\u0131n\u0131 daha ergonomik hale getirmek i\u00e7in kullan\u0131l\u0131r.<\/li>\n<\/ul>\n\n\n\n<h3 class=\"wp-block-heading\">Ses Yal\u0131t\u0131m\u0131 ve Akustik Paneller<\/h3>\n\n\n\n<p>A\u00e7\u0131k ofislerde g\u00fcr\u00fclt\u00fc problemi, \u00e7al\u0131\u015fanlar\u0131n dikkatini da\u011f\u0131tabilir. Bu sorunu \u00e7\u00f6zmek i\u00e7in:<\/p>\n\n\n\n<ul class=\"wp-block-list\">\n<li><strong>Akustik Paneller<\/strong>: Ses emici \u00f6zellikleri ile g\u00fcr\u00fclt\u00fcy\u00fc minimuma indirir.<\/li>\n\n\n\n<li><strong>\u00d6zel Odac\u0131klar<\/strong>: Telefon g\u00f6r\u00fc\u015fmeleri ve \u00f6nemli toplant\u0131lar i\u00e7in sessiz alanlar sunar.<\/li>\n\n\n\n<li><strong>Hal\u0131 ve Perdeler<\/strong>: Ortam ses seviyesini kontrol alt\u0131nda tutar.<\/li>\n<\/ul>\n\n\n\n<h3 class=\"wp-block-heading\">Ak\u0131ll\u0131 Depolama \u00c7\u00f6z\u00fcmleri<\/h3>\n\n\n\n<p>D\u00fczen ve eri\u015filebilirlik, a\u00e7\u0131k ofislerde performans\u0131 art\u0131r\u0131r:<\/p>\n\n\n\n<ul class=\"wp-block-list\">\n<li><strong>Dikey Depolama Raflar\u0131<\/strong>: Alan tasarrufu sa\u011flayarak \u00f6nemli belgelere kolay eri\u015fimi sa\u011flar.<\/li>\n\n\n\n<li><strong>Masa Alt\u0131 \u00c7ekmeceler<\/strong>: K\u00fc\u00e7\u00fck e\u015fyalar i\u00e7in pratik depolama se\u00e7enekleri sunar.<\/li>\n\n\n\n<li><strong>Ortak Dolaplar<\/strong>: Ekipman ve belgelerin d\u00fczenli bir \u015fekilde saklanmas\u0131na olanak tan\u0131r.<\/li>\n<\/ul>\n\n\n\n<h3 class=\"wp-block-heading\">Teknolojik Entegrasyon<\/h3>\n\n\n\n<p>A\u00e7\u0131k ofislerde teknoloji entegrasyonu, i\u015f ak\u0131\u015f\u0131n\u0131 kolayla\u015ft\u0131r\u0131r ve h\u0131zland\u0131r\u0131r:<\/p>\n\n\n\n<ul class=\"wp-block-list\">\n<li><strong>Ak\u0131ll\u0131 Toplant\u0131 Masalar\u0131<\/strong>: Entegre prizler, USB portlar\u0131 ve kablosuz \u015farj istasyonlar\u0131 ile donat\u0131lm\u0131\u015ft\u0131r.<\/li>\n\n\n\n<li><strong>Dijital Panolar<\/strong>: Proje y\u00f6netimi ve ekip i\u00e7i ileti\u015fim i\u00e7in kullan\u0131l\u0131r.<\/li>\n\n\n\n<li><strong>Kablosuz \u015earj \u00dcniteleri<\/strong>: \u00c7al\u0131\u015fanlar\u0131n cihazlar\u0131n\u0131 kolayca \u015farj edebilmesini sa\u011flar.<\/li>\n<\/ul>\n\n\n\n<p>Bu \u00e7\u00f6z\u00fcmler, 2024\u2019te a\u00e7\u0131k ofislerin konforlu ve verimli \u00e7al\u0131\u015fma alanlar\u0131na d\u00f6n\u00fc\u015fmesine katk\u0131 sa\u011flar. Etkin bir \u00e7al\u0131\u015fma ortam\u0131 i\u00e7in modern mobilya trendlerinden yararlanmak, \u00e7al\u0131\u015fan memnuniyetini ve i\u015f performans\u0131n\u0131 art\u0131rmada kritik bir rol oynar.<\/p>\n\n\n\n<h2 class=\"wp-block-heading\">K\u00fc\u00e7\u00fck Ofisler i\u00e7in Pratik Mobilyalar<\/h2>\n\n\n\n<p>K\u00fc\u00e7\u00fck ofisler i\u00e7in pratik mobilyalar se\u00e7mek, alan\u0131 verimli kullanmak a\u00e7\u0131s\u0131ndan b\u00fcy\u00fck \u00f6nem ta\u015f\u0131r. 2024 y\u0131l\u0131nda, kompakt ve \u00e7ok y\u00f6nl\u00fc tasar\u0131mlar \u00f6ne \u00e7\u0131kmaktad\u0131r. Bu mobilyalar, i\u015flevselli\u011fi ve esteti\u011fi bir arada sunarak \u00e7al\u0131\u015fma alanlar\u0131n\u0131 optimize etmektedir.<\/p>\n\n\n\n<ol class=\"wp-block-list\">\n<li><strong>\u00c7ok Fonksiyonlu Masalar<\/strong>:\n<ul class=\"wp-block-list\">\n<li>Katlanabilir masalar, kullan\u0131lmad\u0131\u011f\u0131nda ortadan kald\u0131r\u0131labilir ve yerden tasarruf sa\u011flar.<\/li>\n\n\n\n<li>Masa \u00fcst\u00fc raf sistemleri ve \u00e7ekmeceler, ekstra depolama alan\u0131 olu\u015fturarak \u00e7al\u0131\u015fma materyallerine kolay ula\u015f\u0131labilirlik sunar.<\/li>\n<\/ul>\n<\/li>\n\n\n\n<li><strong>Mod\u00fcler Depolama \u00dcnitesi<\/strong>:\n<ul class=\"wp-block-list\">\n<li>Raf \u00fcniteleri ve dolaplar, ta\u015f\u0131nabilir ve esnek depolama \u00e7\u00f6z\u00fcmleri sunar.<\/li>\n\n\n\n<li>Mod\u00fcler yap\u0131lar\u0131, ihtiyaca g\u00f6re yeniden d\u00fczenlenebilir ve profesyonel bir g\u00f6r\u00fcnt\u00fc sa\u011flar.<\/li>\n<\/ul>\n<\/li>\n\n\n\n<li><strong>\u00c7ok Ama\u00e7l\u0131 Sandalyeler<\/strong>:\n<ul class=\"wp-block-list\">\n<li>Ergonomik tasar\u0131mlara sahip olup, uzun s\u00fcreli kullan\u0131mlarda konforu art\u0131r\u0131r.<\/li>\n\n\n\n<li>Katlanabilir veya istiflenebilir sandalyeler, kullan\u0131lmad\u0131\u011f\u0131nda yer tasarrufu sa\u011flar.<\/li>\n<\/ul>\n<\/li>\n\n\n\n<li><strong>A\u00e7\u0131l\u0131r Kapan\u0131r Masa \u00dcst\u00fc Organizerler<\/strong>:\n<ul class=\"wp-block-list\">\n<li>\u00c7al\u0131\u015fma masas\u0131 \u00fcst\u00fcnde d\u00fczenli bir g\u00f6r\u00fcnt\u00fc sa\u011flar.<\/li>\n\n\n\n<li>Ofis malzemeleri i\u00e7in kolay eri\u015fim imkan\u0131 sunar ve alan\u0131 efektif kullanmaya yard\u0131mc\u0131 olur.<\/li>\n<\/ul>\n<\/li>\n\n\n\n<li><strong>Kompakt Dosya Dolaplar\u0131<\/strong>:\n<ul class=\"wp-block-list\">\n<li>K\u00fc\u00e7\u00fck alanlara s\u0131\u011fabilen, \u00e7ekmeceli veya rafl\u0131 dolaplar, evrak ve dosya d\u00fczenini sa\u011flar.<\/li>\n\n\n\n<li>Kilitli modeller, gizlilik ve g\u00fcvenlik ihtiyac\u0131n\u0131 kar\u015f\u0131lar.<\/li>\n<\/ul>\n<\/li>\n\n\n\n<li><strong>Duvar Raflar\u0131 ve Asma Sistemler<\/strong>:\n<ul class=\"wp-block-list\">\n<li>Yer kaplamadan depolama ve dekoratif alan yarat\u0131r.<\/li>\n\n\n\n<li>\u00c7e\u015fitli boyut ve \u015fekillerdeki raflar, ofisin tarz\u0131na uyum sa\u011flar ve duvar alan\u0131n\u0131 etkili kullan\u0131r.<\/li>\n<\/ul>\n<\/li>\n\n\n\n<li><strong>Mobil Cihaz \u015earj \u0130stasyonlar\u0131<\/strong>:\n<ul class=\"wp-block-list\">\n<li>Masa alt\u0131na yerle\u015ftirilebilen veya duvara monte edilebilen \u015farj cihazlar\u0131, kablo karma\u015fas\u0131n\u0131 \u00f6nler.<\/li>\n\n\n\n<li>\u00c7oklu cihaz deste\u011fi ile \u00e7al\u0131\u015fanlar\u0131n ihtiya\u00e7lar\u0131na h\u0131zl\u0131 \u00e7\u00f6z\u00fcm sunar.<\/li>\n<\/ul>\n<\/li>\n\n\n\n<li><strong>Katlanabilir veya Ta\u015f\u0131nabilir Beyaz Tahtalar<\/strong>:\n<ul class=\"wp-block-list\">\n<li>Toplant\u0131 alanlar\u0131 ve bireysel \u00e7al\u0131\u015fma k\u00f6\u015feleri i\u00e7in ideal \u00e7\u00f6z\u00fcmler sunar.<\/li>\n\n\n\n<li>Kullan\u0131m sonras\u0131 kolayca saklanabilir ve alan\u0131 serbest b\u0131rak\u0131r.<\/li>\n<\/ul>\n<\/li>\n<\/ol>\n\n\n\n<blockquote class=\"wp-block-quote is-layout-flow wp-block-quote-is-layout-flow\">\n<p>K\u00fc\u00e7\u00fck ofisler i\u00e7in do\u011fru mobilya se\u00e7imi, \u00e7al\u0131\u015fma alanlar\u0131n\u0131n daha i\u015flevsel ve organize olmas\u0131na yard\u0131mc\u0131 olur. 2024\u2019te, esneklik ve verimlili\u011fi art\u0131ran bu pratik mobilyalar, k\u00fc\u00e7\u00fck ofis sahiplerine farkl\u0131 ve yenilik\u00e7i \u00e7\u00f6z\u00fcmler sunar.<\/p>\n<\/blockquote>\n\n\n\n<p>Bu mobilyalar\u0131 se\u00e7erken ofisin ihtiya\u00e7lar\u0131n\u0131 ve kullan\u0131m al\u0131\u015fkanl\u0131klar\u0131n\u0131 g\u00f6z \u00f6n\u00fcnde bulundurmak, en uygun \u00e7\u00f6z\u00fcmleri bulmak ad\u0131na \u00f6nemlidir. 2024 trendleri, yer tasarrufu yapan ve stil sahibi mobilyalar ile \u00e7al\u0131\u015fma alanlar\u0131n\u0131 optimize etmeye odaklanmaktad\u0131r.<\/p>\n\n\n\n<h2 class=\"wp-block-heading\">Renk ve Malzeme Tercihleri<\/h2>\n\n\n\n<p>2024 y\u0131l\u0131nda ofis mobilyalar\u0131 trendlerinde renk ve malzeme tercihleri \u00f6zellikle dikkat \u00e7ekici bir rol oynamaktad\u0131r. Kullan\u0131c\u0131lar\u0131n fonksiyonellik ve estetik dengesini kurmalar\u0131na yard\u0131mc\u0131 olacak se\u00e7imler, \u00e7al\u0131\u015fma ortamlar\u0131n\u0131n daha ferah ve ilham verici olmas\u0131n\u0131 sa\u011flamaktad\u0131r.<\/p>\n\n\n\n<h4 class=\"wp-block-heading\">Renk Tercihleri<\/h4>\n\n\n\n<p>Ofis mobilyalar\u0131nda tercih edilen renkler, genel ofis atmosferini belirleyen \u00f6nemli unsurlardan biridir. 2024 y\u0131l\u0131nda, a\u015fa\u011f\u0131daki renk trendleri \u00f6n plandad\u0131r:<\/p>\n\n\n\n<ul class=\"wp-block-list\">\n<li><strong>Do\u011fal ve N\u00f6tr Tonlar:<\/strong>\u00a0Bej, krem, a\u00e7\u0131k gri ve beyaz gibi renkler, sakinle\u015ftirici bir ortam yaratmaktad\u0131r.<\/li>\n\n\n\n<li><strong>Canl\u0131 Renkler:<\/strong>\u00a0Enerjik ve yarat\u0131c\u0131 bir atmosfer i\u00e7in sar\u0131, turuncu ve mavi gibi cesur renkler tercih edilmektedir.<\/li>\n\n\n\n<li><strong>Mat ve Metalik Renkler:<\/strong>\u00a0Siyah, koyu gri veya metalik tonlar, modern bir g\u00f6r\u00fcn\u00fcm sunmakta ve profesyonellik alg\u0131s\u0131n\u0131 g\u00fc\u00e7lendirmektedir.<\/li>\n<\/ul>\n\n\n\n<h4 class=\"wp-block-heading\">Malzeme Tercihleri<\/h4>\n\n\n\n<p>Mobilya se\u00e7iminde kullan\u0131lan malzemeler, hem g\u00f6rsel \u00e7ekicilik hem de dayan\u0131kl\u0131l\u0131k a\u00e7\u0131s\u0131ndan \u00f6nem ta\u015f\u0131maktad\u0131r. 2024 trendlerinde \u00f6ne \u00e7\u0131kan malzemeler \u015funlard\u0131r:<\/p>\n\n\n\n<ul class=\"wp-block-list\">\n<li><strong>Do\u011fal Ah\u015fap:<\/strong>\u00a0Me\u015fe, ceviz gibi dayan\u0131kl\u0131 ve do\u011fal ah\u015fap malzemeler, s\u0131cak bir hava katarken \u00e7evre dostu se\u00e7enekler sunmaktad\u0131r.<\/li>\n\n\n\n<li><strong>Metalik Y\u00fczeyler:<\/strong>\u00a0Al\u00fcminyum, \u00e7elik ve di\u011fer metal y\u00fczeyler, mobilyalara modern ve end\u00fcstriyel bir g\u00f6r\u00fcn\u00fcm kazand\u0131rmaktad\u0131r.<\/li>\n\n\n\n<li><strong>S\u00fcrd\u00fcr\u00fclebilir Malzemeler:<\/strong>\u00a0Geri d\u00f6n\u00fc\u015ft\u00fcr\u00fclm\u00fc\u015f ve \u00e7evre dostu malzemeler, s\u00fcrd\u00fcr\u00fclebilirlik bilincine sahip olanlar i\u00e7in pop\u00fcler se\u00e7eneklerdir.<\/li>\n<\/ul>\n\n\n\n<h4 class=\"wp-block-heading\">Kombinasyonlar<\/h4>\n\n\n\n<p>2024 trendlerinde renk ve malzeme kombinasyonlar\u0131 da dikkat \u00e7ekmektedir. Genel olarak \u015fu kombinasyonlar tercih edilmektedir:<\/p>\n\n\n\n<ol class=\"wp-block-list\">\n<li><strong>Ah\u015fap ve Beyaz:<\/strong>\u00a0Do\u011fal ah\u015fap tonlar\u0131 ile beyaz rengin kombinasyonu, taze ve ferah bir atmosfer yaratmaktad\u0131r.<\/li>\n\n\n\n<li><strong>Metalik ve N\u00f6tr Tonlar:<\/strong>\u00a0Metalik y\u00fczeylerin n\u00f6tr renklerle birle\u015fimi, sofistike bir g\u00f6r\u00fcn\u00fcm sa\u011flamaktad\u0131r.<\/li>\n\n\n\n<li><strong>Canl\u0131 Renkler ve Sade Malzemeler:<\/strong>\u00a0Cesur renklerin sade ve do\u011fal malzemelerle kullan\u0131lmas\u0131, dengeleyici ve yarat\u0131c\u0131 bir ortam olu\u015fturmaktad\u0131r.<\/li>\n<\/ol>\n\n\n\n<h2 class=\"wp-block-heading\">Ofis Dekorasyonunda Minimalist Yakla\u015f\u0131mlar<\/h2>\n\n\n\n<p>Minimalist dekorasyon, ofis ortamlar\u0131nda sadeli\u011fi ve i\u015flevselli\u011fi \u00f6n plana \u00e7\u0131kar\u0131r. Bu yakla\u015f\u0131m, da\u011f\u0131n\u0131kl\u0131\u011f\u0131 azaltarak \u00e7al\u0131\u015fanlar\u0131n daha verimli bir \u015fekilde \u00e7al\u0131\u015fmas\u0131na olanak tan\u0131r ve genellikle modern, temiz bir estetik sunar. 2024 y\u0131l\u0131nda minimalist ofis dekorasyonunda \u00f6ne \u00e7\u0131kan yakla\u015f\u0131mlar \u015funlard\u0131r:<\/p>\n\n\n\n<ul class=\"wp-block-list\">\n<li><strong>Az ve \u00d6z Mobilya Se\u00e7imi:<\/strong>\u00a0Minimalist yakla\u015f\u0131mlar, gereksiz mobilyalardan ka\u00e7\u0131nmay\u0131 i\u00e7erir. Temel ihtiya\u00e7lar\u0131 kar\u015f\u0131layan, \u00e7ok ama\u00e7l\u0131 ve mod\u00fcler mobilya tercih edilmelidir.<\/li>\n\n\n\n<li><strong>N\u00f6tr Renk Paleti:<\/strong>\u00a0Beyaz, gri, bej gibi n\u00f6tr renkler, sakin ve dingin bir \u00e7al\u0131\u015fma atmosferi yaratmada etkilidir. Bu renkler hem g\u00f6z yormaz hem de mekana ferahl\u0131k katar.<\/li>\n\n\n\n<li><strong>Fonksiyonel Depolama \u00c7\u00f6z\u00fcmleri:<\/strong>\u00a0Depolama alanlar\u0131, minimal dekorasyonun anahtar\u0131d\u0131r. Gizli raf sistemleri, yer kazanmak ve d\u00fczenli bir g\u00f6r\u00fcn\u00fcm sa\u011flamak a\u00e7\u0131s\u0131ndan tercih edilmelidir.<\/li>\n\n\n\n<li><strong>Do\u011fal I\u015f\u0131k Kullan\u0131m\u0131:<\/strong>\u00a0Do\u011fal \u0131\u015f\u0131k, minimalist ofislerde \u00f6nemli bir rol oynar. B\u00fcy\u00fck pencereler ve a\u00e7\u0131k alanlar, g\u00fcn \u0131\u015f\u0131\u011f\u0131ndan en iyi \u015fekilde yararlanmay\u0131 sa\u011flar.<\/li>\n\n\n\n<li><strong>Sade Aksesuarlar:<\/strong>\u00a0Minimalist ofislerde aksesuar se\u00e7imi \u00e7ok \u00f6nemlidir. Fazla dikkat \u00e7ekmeyen, ancak i\u015flevselli\u011fi olan dekoratif elemanlar kullan\u0131lmal\u0131d\u0131r. \u00d6rne\u011fin, sade masa lambalar\u0131 veya bitkiler, ortama s\u0131cakl\u0131k katar.<\/li>\n\n\n\n<li><strong>Ergonomik Mobilyalar:<\/strong>\u00a0\u00c7al\u0131\u015fanlar\u0131n konforu ve sa\u011fl\u0131klar\u0131 d\u00fc\u015f\u00fcn\u00fclerek ergonomik mobilyalar tercih edilmelidir. Bu, uzun vadede verimlili\u011fi art\u0131r\u0131r.<\/li>\n<\/ul>\n\n\n\n<blockquote class=\"wp-block-quote is-layout-flow wp-block-quote-is-layout-flow\">\n<p>&#8220;Az, \u00e7oktur&#8221; felsefesi, minimalist dekorasyonun temel prensibidir. Bu yakla\u015f\u0131m, ofis ortamlar\u0131n\u0131n hem estetik g\u00f6r\u00fcn\u00fcm\u00fcn\u00fc iyile\u015ftirir hem de \u00e7al\u0131\u015fma performans\u0131n\u0131 art\u0131r\u0131r.<\/p>\n<\/blockquote>\n\n\n\n<ul class=\"wp-block-list\">\n<li><strong>A\u00e7\u0131k Plan Tasar\u0131m\u0131:<\/strong>\u00a0Ofis alanlar\u0131nda a\u00e7\u0131k plan tasar\u0131m\u0131, etkile\u015fimi ve i\u015fbirli\u011fini te\u015fvik eder. Bu, daha esnek ve dinamik \u00e7al\u0131\u015fma ortamlar\u0131 yarat\u0131r.<\/li>\n\n\n\n<li><strong>Temiz Hatlar ve Geometrik Formen:<\/strong>\u00a0Mobilya ve dekorasyonda net ve temiz hatlar, g\u00f6rsel karma\u015fay\u0131 \u00f6nler. Geometrik \u015fekiller, minimalist esteti\u011fi destekler.<\/li>\n\n\n\n<li><strong>Teknolojik Entegrasyon:<\/strong>\u00a0Minimalist dekorasyon, kablo karma\u015fas\u0131n\u0131 \u00f6nlemek i\u00e7in teknoloji entegrasyonunu da kapsar. G\u00f6m\u00fcl\u00fc prizler ve kablosuz \u015farj \u00fcniteleri, daha d\u00fczenli bir g\u00f6r\u00fcn\u00fcm sa\u011flar.<\/li>\n<\/ul>\n\n\n\n<p>Minimalist yakla\u015f\u0131mlar, 2024 y\u0131l\u0131 ofis dekorasyonunda \u00f6ne \u00e7\u0131kan trendlerden biridir. Bu yakla\u015f\u0131m\u0131n en b\u00fcy\u00fck avantaj\u0131, \u00e7al\u0131\u015fanlar\u0131n huzurlu, d\u00fczenli ve i\u015flevsel bir ortamda \u00e7al\u0131\u015fmalar\u0131n\u0131 sa\u011flamas\u0131d\u0131r.<\/p>\n\n\n\n<h2 class=\"wp-block-heading\">Gelece\u011fe Y\u00f6nelik Ofis Mobilyas\u0131 Tasar\u0131mlar\u0131<\/h2>\n\n\n\n<p>Ofis mobilyalar\u0131, de\u011fi\u015fen \u00e7al\u0131\u015fma ko\u015fullar\u0131 ve teknolojik geli\u015fmelerle evriliyor. 2024 y\u0131l\u0131nda trend olmas\u0131 beklenen gelece\u011fe y\u00f6nelik ofis mobilyas\u0131 tasar\u0131mlar\u0131nda, i\u015flevsellik ve ergonomi \u00f6n planda tutuluyor. Bu tasar\u0131mlar, \u00e7al\u0131\u015fanlar\u0131n verimlili\u011fini art\u0131rmay\u0131 ve ayn\u0131 zamanda \u00e7al\u0131\u015fma ortam\u0131n\u0131 daha konforlu hale getirmeyi hedefliyor.<\/p>\n\n\n\n<h3 class=\"wp-block-heading\">1. Ak\u0131ll\u0131 Mobilyalar<\/h3>\n\n\n\n<p>Teknolojinin ofis mobilyalar\u0131na entegrasyonu, ak\u0131ll\u0131 mobilyalar\u0131n pop\u00fclaritesini art\u0131r\u0131yor.<\/p>\n\n\n\n<ul class=\"wp-block-list\">\n<li><strong>G\u00f6m\u00fcl\u00fc \u015earj \u0130stasyonlar\u0131<\/strong>: Masalar ve sandalyeler, g\u00f6m\u00fcl\u00fc kablosuz \u015farj istasyonlar\u0131 ile donat\u0131l\u0131yor.<\/li>\n\n\n\n<li><strong>Ayarlanabilir Masalar<\/strong>: Elektronik olarak y\u00fcksekli\u011fi ayarlanabilen masalar, farkl\u0131 \u00e7al\u0131\u015fma pozisyonlar\u0131na uyum sa\u011fl\u0131yor.<\/li>\n\n\n\n<li><strong>Sens\u00f6rler ve Otomasyon<\/strong>: Ofis mobilyalar\u0131na entegre edilen sens\u00f6rler, kullan\u0131m al\u0131\u015fkanl\u0131klar\u0131n\u0131 takip ederek enerji t\u00fcketimini optimize ediyor.<\/li>\n<\/ul>\n\n\n\n<h3 class=\"wp-block-heading\">2. Mod\u00fcler Sistemler<\/h3>\n\n\n\n<p>Esnek ve \u00e7ok fonksiyonlu \u00e7al\u0131\u015fma alanlar\u0131 yaratmak i\u00e7in mod\u00fcler mobilya sistemleri b\u00fcy\u00fck \u00f6nem ta\u015f\u0131yor.<\/p>\n\n\n\n<ul class=\"wp-block-list\">\n<li><strong>Kolay Ta\u015f\u0131nabilirlik<\/strong>: Hafif ve ta\u015f\u0131nabilir par\u00e7alardan olu\u015fan mod\u00fcler mobilyalar, ofis i\u00e7inde kolayca yeniden d\u00fczenlenebiliyor.<\/li>\n\n\n\n<li><strong>\u00c7ok Ama\u00e7l\u0131 Kullan\u0131m<\/strong>: Farkl\u0131 i\u015flevleri bir arada sunan mobilyalar, hem toplant\u0131 odalar\u0131nda hem de bireysel \u00e7al\u0131\u015fma alanlar\u0131nda kullan\u0131labiliyor.<\/li>\n\n\n\n<li><strong>Ki\u015fiselle\u015ftirilebilir Tasar\u0131mlar<\/strong>: \u00c7al\u0131\u015fanlar\u0131n kendi ihtiya\u00e7lar\u0131na g\u00f6re uyarlayabilecekleri, ki\u015fiselle\u015ftirilebilir mobilya \u00e7\u00f6z\u00fcmleri sunuluyor.<\/li>\n<\/ul>\n\n\n\n<h3 class=\"wp-block-heading\">3. S\u00fcrd\u00fcr\u00fclebilir Malzemeler<\/h3>\n\n\n\n<p>\u00c7evre dostu tasar\u0131mlar, 2024 y\u0131l\u0131nda ofis mobilyas\u0131 trendlerinin vazge\u00e7ilmez bir par\u00e7as\u0131 olacak.<\/p>\n\n\n\n<ul class=\"wp-block-list\">\n<li><strong>Geri D\u00f6n\u00fc\u015ft\u00fcr\u00fclm\u00fc\u015f Malzemeler<\/strong>: %100 geri d\u00f6n\u00fc\u015ft\u00fcr\u00fclm\u00fc\u015f malzemelerden \u00fcretilen mobilyalar, \u00e7evresel etkileri minimize ediyor.<\/li>\n\n\n\n<li><strong>Do\u011fal ve Organik Malzemeler<\/strong>: Ah\u015fap, bambu gibi do\u011fal ve organik malzemeler, hem estetik hem de s\u00fcrd\u00fcr\u00fclebilirlik a\u00e7\u0131s\u0131ndan tercih ediliyor.<\/li>\n\n\n\n<li><strong>Azalt\u0131lm\u0131\u015f Karbon Ayak \u0130zi<\/strong>: \u00dcretim s\u00fcre\u00e7lerinde karbon sal\u0131n\u0131m\u0131n\u0131 minimize eden y\u00f6ntemler kullan\u0131larak, \u00e7evresel s\u00fcrd\u00fcr\u00fclebilirlik destekleniyor.<\/li>\n<\/ul>\n\n\n\n<h3 class=\"wp-block-heading\">4. Ergonomik Tasar\u0131mlar<\/h3>\n\n\n\n<p>\u00c7al\u0131\u015fan sa\u011fl\u0131\u011f\u0131 ve konforu, ergonomik mobilya tasar\u0131mlar\u0131 ile korunuyor.<\/p>\n\n\n\n<ul class=\"wp-block-list\">\n<li><strong>Destekleyici Sandalyeler<\/strong>: Bel, s\u0131rt ve boyun deste\u011fi sunan, ayarlanabilir sandalyeler.<\/li>\n\n\n\n<li><strong>Ayakta \u00c7al\u0131\u015fma Masalar\u0131<\/strong>: Uzun s\u00fcre ayn\u0131 pozisyonda oturman\u0131n zararlar\u0131n\u0131 azaltmak i\u00e7in ayakta \u00e7al\u0131\u015fma masalar\u0131.<\/li>\n\n\n\n<li><strong>Dinlenme K\u00f6\u015feleri<\/strong>: \u00c7al\u0131\u015fanlar\u0131n rahatlayabilece\u011fi dinlenme k\u00f6\u015feleri, ergonomik koltuklar ve uzanma alanlar\u0131 i\u00e7eriyor.<\/li>\n<\/ul>\n\n\n\n<h3 class=\"wp-block-heading\">5. Akustik \u00c7\u00f6z\u00fcmler<\/h3>\n\n\n\n<p>A\u00e7\u0131k ofis d\u00fczenlerinde ses ve g\u00fcr\u00fclt\u00fcy\u00fc minimize etmek amac\u0131yla kullan\u0131lan akustik \u00e7\u00f6z\u00fcmler.<\/p>\n\n\n\n<ul class=\"wp-block-list\">\n<li><strong>Akustik Paneller<\/strong>: Ses yal\u0131t\u0131m\u0131 sa\u011flayan akustik paneller, \u00e7al\u0131\u015fma alanlar\u0131nda konsantrasyonu art\u0131r\u0131yor.<\/li>\n\n\n\n<li><strong>Sessiz Kabinler<\/strong>: Bireysel \u00e7al\u0131\u015fmalar ve toplant\u0131lar i\u00e7in sessiz kabinler olu\u015fturuluyor.<\/li>\n\n\n\n<li><strong>Akustik Perdeler<\/strong>: G\u00fcr\u00fclt\u00fcy\u00fc engelleyen akustik perdeler, estetik ve fonksiyonelli\u011fi bir araya getiriyor.<\/li>\n<\/ul>\n\n\n\n<h2 class=\"wp-block-heading\">Sonu\u00e7: 2024 Y\u0131l\u0131nda Ofislerde Neleri Beklemeliyiz<\/h2>\n\n\n\n<p>2024 y\u0131l\u0131nda ofislerde g\u00f6r\u00fclecek mobilya trendleri, \u00e7al\u0131\u015fanlar\u0131n verimlili\u011fini ve konforunu art\u0131rmaya odaklan\u0131yor. Teknolojinin g\u00fcnl\u00fck ya\u015famda ve i\u015f ortam\u0131nda daha da entegre hale gelmesi nedeniyle, ofis mobilyalar\u0131 da bu de\u011fi\u015fime ayak uyduracak \u015fekilde yeniden tasarlan\u0131yor.<\/p>\n\n\n\n<h3 class=\"wp-block-heading\">Ergonomi ve Esneklik<\/h3>\n\n\n\n<ul class=\"wp-block-list\">\n<li><strong>Ergonomik Tasar\u0131mlar:<\/strong>\u00a0Ofis sandalyeleri, masa ve di\u011fer mobilyalar ergonomik prensiplerle uyumlu olacak \u015fekilde dizayn edilecek. \u00c7al\u0131\u015fanlar\u0131n sa\u011fl\u0131\u011f\u0131n\u0131 koruyacak ve uzun saatler s\u00fcren oturma s\u00fcre\u00e7lerinde konfor sa\u011flayacak \u00e7\u00f6z\u00fcmler sunulacak.<\/li>\n\n\n\n<li><strong>Esnek \u00c7al\u0131\u015fma Alanlar\u0131:<\/strong>\u00a0Mod\u00fcler mobilyalar, farkl\u0131 \u00e7al\u0131\u015fma tarzlar\u0131na ve ihtiya\u00e7lara kolayca uyum sa\u011flayacak. Katlanabilir masalar, ayarlanabilir y\u00fckseklik \u00f6zelliklerine sahip sandalyeler ve hareket edebilen b\u00f6l\u00fcc\u00fcler bu kapsamda \u00f6nem ta\u015f\u0131yacak.<\/li>\n<\/ul>\n\n\n\n<h3 class=\"wp-block-heading\">Teknolojiyle B\u00fct\u00fcnle\u015fme<\/h3>\n\n\n\n<ul class=\"wp-block-list\">\n<li><strong>Ak\u0131ll\u0131 Mobilyalar:<\/strong>\u00a0Entegre \u015farj istasyonlar\u0131, kablosuz \u015farj se\u00e7enekleri ve cihaz ba\u011flant\u0131 noktalar\u0131 gibi teknolojik \u00e7\u00f6z\u00fcmler ofis mobilyalar\u0131na entegre edilecek.<\/li>\n\n\n\n<li><strong>\u0130nteraktif Paneller:<\/strong>\u00a0Toplant\u0131 odalar\u0131 ve a\u00e7\u0131k \u00e7al\u0131\u015fma alanlar\u0131 i\u00e7in interaktif dokunmatik paneller kullan\u0131lacak. Bu paneller, ekip toplant\u0131lar\u0131 s\u0131ras\u0131nda h\u0131zl\u0131 not alma ve veri payla\u015f\u0131m\u0131n\u0131 kolayla\u015ft\u0131racak.<\/li>\n<\/ul>\n\n\n\n<h3 class=\"wp-block-heading\">S\u00fcrd\u00fcr\u00fclebilirlik<\/h3>\n\n\n\n<ul class=\"wp-block-list\">\n<li><strong>\u00c7evre Dostu Malzemeler:<\/strong>\u00a0S\u00fcrd\u00fcr\u00fclebilirlik trendi, ofis mobilyalar\u0131n\u0131n \u00fcretiminde de etkili olacak. Geri d\u00f6n\u00fc\u015ft\u00fcr\u00fclebilir ve d\u00fc\u015f\u00fck maliyetli malzemeler kullan\u0131m \u00f6n planda olacak.<\/li>\n\n\n\n<li><strong>Enerji Verimlili\u011fi:<\/strong>\u00a0Ak\u0131ll\u0131 ayd\u0131nlatma sistemleri ve enerji verimli cihazlar, enerji t\u00fcketimini azaltacak \u015fekilde dizayn edilecek.<\/li>\n<\/ul>\n\n\n\n<h3 class=\"wp-block-heading\">Yaratic\u0131 ve Yenilik\u00e7i Tasar\u0131mlar<\/h3>\n\n\n\n<ul class=\"wp-block-list\">\n<li><strong>Canl\u0131 Renkler ve \u015eekiller:<\/strong>\u00a0Ruh hali ve motivasyonu art\u0131rmak i\u00e7in ofis mobilyalar\u0131nda cesur renkler ve yarat\u0131c\u0131 tasar\u0131mlar kullan\u0131lacak.<\/li>\n\n\n\n<li><strong>Ki\u015fiselle\u015ftirilebilir Alanlar:<\/strong>\u00a0\u00c7al\u0131\u015fanlar\u0131n ki\u015fisel alanlar\u0131n\u0131 kendilerine g\u00f6re d\u00fczenleyebilmelerine olanak tan\u0131yan mobilyalar pop\u00fcler olacak.<\/li>\n<\/ul>\n\n\n\n<h3 class=\"wp-block-heading\">Konfor ve Estetik<\/h3>\n\n\n\n<ul class=\"wp-block-list\">\n<li><strong>Yumu\u015fak Dokulu Malzemeler:<\/strong>\u00a0Koltuklar, minderler ve di\u011fer yumu\u015fak mobilyalar konforu art\u0131racak \u015fekilde tasarlanacak.<\/li>\n\n\n\n<li><strong>Minimalist ve \u015e\u0131k G\u00f6r\u00fcn\u00fcmler:<\/strong>\u00a0Temiz \u00e7izgiler ve minimalist tasar\u0131mlar ofislerde estetik bir g\u00f6r\u00fcn\u00fcm sa\u011flayacak.<\/li>\n<\/ul>\n\n\n\n<blockquote class=\"wp-block-quote is-layout-flow wp-block-quote-is-layout-flow\">\n<p>\u201d\u00c7al\u0131\u015fan memnuniyeti ve verimlili\u011fi artarsa, i\u015f sonu\u00e7lar\u0131 da olumlu y\u00f6nde etkilenir.\u201d \u2013 John Doe. Bu ifade, 2024 y\u0131l\u0131n\u0131n ofis mobilyalar\u0131ndaki d\u00f6n\u00fc\u015f\u00fcm\u00fcn neden \u00f6nemli oldu\u011funu \u00f6ne \u00e7\u0131karmaktad\u0131r. Ofislerde bu yeni trendler ve inovasyonlar g\u00f6z \u00f6n\u00fcnde bulundurularak, i\u015f yerlerinin daha \u00e7a\u011fda\u015f, verimli ve \u00e7ekici hale getirilece\u011fi beklenmektedir.<\/p>\n<\/blockquote>\n\n\n\n<p>Sonu\u00e7 olarak, gelecek y\u0131l ofislerde bu trendlerin \u0131\u015f\u0131\u011f\u0131nda yenilik\u00e7i ve ergonomik mobilyalar\u0131n kullan\u0131m\u0131n\u0131n yayg\u0131nla\u015faca\u011f\u0131 \u00f6ng\u00f6r\u00fclmektedir. teknolojik entegrasyon, \u00e7al\u0131\u015fma alanlar\u0131n\u0131 daha da ki\u015fiselle\u015ftirecek ve i\u015f verimlili\u011fini maksimize edecektir. Ayr\u0131ca, s\u00fcrd\u00fcr\u00fclebilirlik ve sa\u011fl\u0131k gibi unsurlar, ofis tasar\u0131mlar\u0131nda daha b\u00fcy\u00fck bir rol oynamaya ba\u015flayacak ve \u00e7oklu \u00e7al\u0131\u015fma masas\u0131 \u00e7\u00f6z\u00fcmleri bu yeni gerekliliklere uygun olarak geli\u015fecektir.<\/p>","protected":false},"excerpt":{"rendered":"<p>Pellentesque feugiat, sem id interdum molestie, libero nibh imperdiet velit, sodales elementum enim sem sed lectus. Vivamus viverra diam congue tristique pellentesque. Proin efficitur est vel lectus ultrices rhoncus eu ut lacus. In gravida leo at justo lobortis, vitae aliquet justo vehicula. Maecenas at facilisis ex. Curabitur cursus, ex id efficitur ultrices, sapien mauris sodales<\/p>","protected":false},"author":10,"featured_media":28691,"comment_status":"closed","ping_status":"closed","sticky":false,"template":"","format":"standard","meta":{"_monsterinsights_skip_tracking":false,"_monsterinsights_sitenote_active":false,"_monsterinsights_sitenote_note":"","_monsterinsights_sitenote_category":0,"footnotes":""},"categories":[404,406,408],"tags":[],"class_list":["post-28689","post","type-post","status-publish","format-standard","has-post-thumbnail","hentry","category-is-dunyasi","category-ofis-dekorasyonu","category-ofis-mobilyalari"],"_links":{"self":[{"href":"https:\/\/kuansofis.com\/en\/wp-json\/wp\/v2\/posts\/28689","targetHints":{"allow":["GET"]}}],"collection":[{"href":"https:\/\/kuansofis.com\/en\/wp-json\/wp\/v2\/posts"}],"about":[{"href":"https:\/\/kuansofis.com\/en\/wp-json\/wp\/v2\/types\/post"}],"author":[{"embeddable":true,"href":"https:\/\/kuansofis.com\/en\/wp-json\/wp\/v2\/users\/10"}],"replies":[{"embeddable":true,"href":"https:\/\/kuansofis.com\/en\/wp-json\/wp\/v2\/comments?post=28689"}],"version-history":[{"count":1,"href":"https:\/\/kuansofis.com\/en\/wp-json\/wp\/v2\/posts\/28689\/revisions"}],"predecessor-version":[{"id":137791,"href":"https:\/\/kuansofis.com\/en\/wp-json\/wp\/v2\/posts\/28689\/revisions\/137791"}],"wp:featuredmedia":[{"embeddable":true,"href":"https:\/\/kuansofis.com\/en\/wp-json\/wp\/v2\/media\/28691"}],"wp:attachment":[{"href":"https:\/\/kuansofis.com\/en\/wp-json\/wp\/v2\/media?parent=28689"}],"wp:term":[{"taxonomy":"category","embeddable":true,"href":"https:\/\/kuansofis.com\/en\/wp-json\/wp\/v2\/categories?post=28689"},{"taxonomy":"post_tag","embeddable":true,"href":"https:\/\/kuansofis.com\/en\/wp-json\/wp\/v2\/tags?post=28689"}],"curies":[{"name":"wp","href":"https:\/\/api.w.org\/{rel}","templated":true}]}}