{"id":28684,"date":"2025-07-08T17:05:21","date_gmt":"2025-07-08T14:05:21","guid":{"rendered":"https:\/\/kuansofis.com\/?p=28684"},"modified":"2026-01-13T15:00:51","modified_gmt":"2026-01-13T12:00:51","slug":"yenilikci-ofisler-icin-coklu-calisma-masasi-nasil-bir-atmosfer-sunar","status":"publish","type":"post","link":"https:\/\/kuansofis.com\/en\/yenilikci-ofisler-icin-coklu-calisma-masasi-nasil-bir-atmosfer-sunar\/","title":{"rendered":"Yenilik\u00e7i Ofisler \u0130\u00e7in: \u00c7oklu \u00c7al\u0131\u015fma Masas\u0131 Nas\u0131l Bir Atmosfer Sunar?"},"content":{"rendered":"<h2 class=\"wp-block-heading\">Ofis Tasar\u0131m\u0131nda Yenilik\u00e7ilik<\/h2>\n\n\n\n<p>Ofis tasar\u0131m\u0131, yaln\u0131zca bir \u00e7al\u0131\u015fma mekan\u0131n\u0131n estetik d\u00fczenini yans\u0131tmakla kalmaz, ayn\u0131 zamanda o mek\u00e2nda ger\u00e7ekle\u015ftirilen i\u015fin niteli\u011fini ve verimlili\u011fini do\u011frudan etkileyen \u00f6nemli bir fakt\u00f6rd\u00fcr. Yenilik\u00e7ilik, bilgi \u00e7a\u011f\u0131n\u0131n h\u0131zla de\u011fi\u015fen i\u015f d\u00fcnyas\u0131 gerekliliklerine cevap veren ofis tasar\u0131mlar\u0131nda anahtar bir rol oynamaktad\u0131r. Bu yenilik\u00e7ilik anlay\u0131\u015f\u0131, \u00e7al\u0131\u015fma alanlar\u0131n\u0131n fiziksel \u00f6zelliklerinden \u00e7ok, \u00e7al\u0131\u015fanlar\u0131n i\u015f birli\u011fi, motivasyon ve esneklik ihtiya\u00e7lar\u0131n\u0131 kar\u015f\u0131lamak \u00fczere evrilmi\u015ftir.<\/p>\n\n\n\n<p>\u00c7oklu \u00e7al\u0131\u015fma masas\u0131 konsepti de bu yenilik\u00e7i yakla\u015f\u0131mlardan biri olarak kar\u015f\u0131m\u0131za \u00e7\u0131kar. Geleneksel bireysel ofis masalar\u0131n\u0131n aksine, \u00e7oklu masa d\u00fczenleri, ekip \u00e7al\u0131\u015fmas\u0131n\u0131 ve etkile\u015fimi te\u015fvik ederek \u015firket k\u00fclt\u00fcr\u00fcn\u00fc ve topluluk hissini g\u00fc\u00e7lendirir. Modern ofis tasar\u0131mlar\u0131nda a\u015fa\u011f\u0131daki \u00f6zellikler \u00f6n plana \u00e7\u0131kar:<\/p>\n\n\n\n<ul class=\"wp-block-list\">\n<li>Esneklik:\u00a0\u00c7al\u0131\u015fanlar\u0131n ihtiya\u00e7lar\u0131na ba\u011fl\u0131 olarak de\u011fi\u015ftirilebilir ve uyarlanabilir alanlar.<\/li>\n\n\n\n<li>Smart Ofis Teknolojileri:\u00a0M\u00fc\u015fteriler ve meslekta\u015flar aras\u0131nda kesintisiz ileti\u015fim i\u00e7in teknolojik alt yap\u0131lar.<\/li>\n\n\n\n<li>A\u00e7\u0131k Alanlar ve Ortak Kullan\u0131m Alanlar\u0131:\u00a0Sosyal etkile\u015fim ve yarat\u0131c\u0131 fikir al\u0131\u015fveri\u015fini destekleyen ortamlar.<\/li>\n\n\n\n<li>Ergonomi:\u00a0\u0130\u015f\u00e7i sa\u011fl\u0131\u011f\u0131n\u0131 \u00f6n planda tutan, uzun \u00e7al\u0131\u015fma saatlerinde rahatl\u0131k ve verimlili\u011fi art\u0131ran mobilya ve ekipmanlar.<\/li>\n\n\n\n<li>S\u00fcrd\u00fcr\u00fclebilir Tasar\u0131m:\u00a0\u00c7evreye duyarl\u0131 malzeme se\u00e7imi ve enerji tasarrufu sa\u011flayan tasar\u0131m \u00f6zellikleri.<\/li>\n<\/ul>\n\n\n\n<p>\u00c7oklu \u00e7al\u0131\u015fma masas\u0131 d\u00fczeni, bu yenilik\u00e7i \u00f6zelliklerin bir kombinasyonunu sunarak, \u00e7al\u0131\u015fanlar\u0131n daha dinamik ve kat\u0131l\u0131mc\u0131 bir \u00e7al\u0131\u015fma ortam\u0131na sahip olmalar\u0131n\u0131 sa\u011flar. B\u00f6yle bir atmosfer yaratmak i\u00e7in tasar\u0131mc\u0131lar, ofis yerle\u015fiminden ayd\u0131nlatmas\u0131, renk se\u00e7imlerinden ses izolasyonuna kadar bir dizi fakt\u00f6r\u00fc titizlikle ele al\u0131rlar. Bu holistik yakla\u015f\u0131m, i\u015f ak\u0131\u015f\u0131n\u0131 optimize etmek ve \u00e7al\u0131\u015fma deneyimini iyile\u015ftirmek i\u00e7in gereklidir.<\/p>\n\n\n\n<h2 class=\"wp-block-heading\" id=\"\u00e7oklu-\u00e7al\u0131\u015fma-masas\u0131-nedir-ve-avantajlar\u0131-nelerdir\">\u00c7oklu \u00c7al\u0131\u015fma Masas\u0131 Nedir ve Avantajlar\u0131 Nelerdir?<\/h2>\n\n\n\n<p>\u00c7oklu \u00e7al\u0131\u015fma masas\u0131, birden fazla ki\u015finin ayn\u0131 anda kullanabilece\u011fi, genellikle mod\u00fcler ve payla\u015f\u0131ml\u0131 \u00e7al\u0131\u015fma alanlar\u0131 \u015feklinde tasarlanan ofis mobilyalar\u0131na verilen isimdir. Bu \u00e7al\u0131\u015fma istasyonlar\u0131, performans ve i\u015f birli\u011fini art\u0131racak \u015fekilde d\u00fc\u015f\u00fcn\u00fclerek olu\u015fturulmu\u015ftur ve zaman\u0131m\u0131z\u0131n yenilik\u00e7i ofis anlay\u0131\u015f\u0131n\u0131n bir par\u00e7as\u0131n\u0131 olu\u015fturur.<\/p>\n\n\n\n<ul class=\"wp-block-list\">\n<li>Alan Verimlili\u011fi:\u00a0\u00c7oklu \u00e7al\u0131\u015fma masalar\u0131, s\u0131n\u0131rl\u0131 ofis alan\u0131n\u0131 daha verimli kullanma imk\u00e2n\u0131 sa\u011flar. Birden fazla ki\u015fiyi ayn\u0131 masa etraf\u0131nda toplama avantaj\u0131 sunan bu sistem, ofis i\u00e7inde daha d\u00fczenli bir g\u00f6r\u00fcn\u00fcm ve daha az mobilya gereklili\u011fi anlam\u0131na gelir.<\/li>\n\n\n\n<li>\u0130\u015fbirli\u011fini Te\u015fvik Eder:\u00a0Ekip \u00fcyeleri aras\u0131nda do\u011fal bir i\u015f birli\u011fi ve etkile\u015fim ortam\u0131 yarat\u0131r. Ortak \u00e7al\u0131\u015fma alanlar\u0131, fikir al\u0131\u015fveri\u015fini ve ileti\u015fimi kolayla\u015ft\u0131r\u0131r, bu da projeler \u00fczerinde daha h\u0131zl\u0131 ve verimli \u00e7al\u0131\u015f\u0131lmas\u0131na olanak tan\u0131r.<\/li>\n\n\n\n<li>Esneklik Sunar:\u00a0Mod\u00fcler tasar\u0131mlar sayesinde, \u00e7oklu \u00e7al\u0131\u015fma masalar\u0131 istenildi\u011fi zaman yeniden konumland\u0131r\u0131labilir veya de\u011fi\u015ftirilebilir. Bu da de\u011fi\u015fen proje ihtiya\u00e7lar\u0131na ve tak\u0131m b\u00fcy\u00fckl\u00fcklerine g\u00f6re esneklik sa\u011flar.<\/li>\n\n\n\n<li>Maliyet Etkilidir:\u00a0Ayr\u0131 bireysel \u00e7al\u0131\u015fma istasyonlar\u0131na g\u00f6re daha ekonomiktir. Az say\u0131da masa ve koltuk al\u0131narak maliyetler d\u00fc\u015f\u00fcr\u00fclebilir.<\/li>\n\n\n\n<li>Ergonomik Faydalar:\u00a0Modern \u00e7oklu \u00e7al\u0131\u015fma masalar\u0131, \u00e7al\u0131\u015fanlar\u0131n rahat\u0131 d\u00fc\u015f\u00fcn\u00fclerek tasarlanm\u0131\u015ft\u0131r. Ayarlanabilir y\u00fckseklik gibi \u00f6zellikler, uzun s\u00fcreli kullan\u0131mda da i\u015f verimlili\u011fini ve konforunu art\u0131r\u0131r.<\/li>\n\n\n\n<li>Estetik ve Modern Bir G\u00f6r\u00fcn\u00fcm:\u00a0Yenilik\u00e7i tasar\u0131mlar\u0131 ile ofis ortam\u0131na modern ve estetik bir hava katar. Se\u00e7ilen renk ve malzemeler \u015firket kimli\u011fi ile uyum sa\u011flayarak kurumsal bir imaj olu\u015fturur.<\/li>\n<\/ul>\n\n\n\n<p>\u00c7oklu \u00e7al\u0131\u015fma masalar\u0131, hem fonksiyonel hem de g\u00f6rsel anlamda yenilik\u00e7i ofislerin vazge\u00e7ilmez bir unsuru haline gelmi\u015ftir. Verimlili\u011fi, i\u015fbirli\u011fini ve esnekli\u011fi art\u0131rarak \u00e7al\u0131\u015fma ortam\u0131n\u0131 iyile\u015ftiren bu sistemler, modern i\u015f d\u00fcnyas\u0131n\u0131n dinamiklerine uygun \u00e7\u00f6z\u00fcmler sunmaktad\u0131r.<\/p>\n\n\n\n<h2 class=\"wp-block-heading\" id=\"yenilik\u00e7i-ofisler-ve-\u00e7al\u0131\u015fma-masas\u0131-tasar\u0131mlar\u0131nda-son-trendler\">Yenilik\u00e7i Ofisler ve \u00c7al\u0131\u015fma Masas\u0131 Tasar\u0131mlar\u0131nda Son Trendler<\/h2>\n\n\n\n<p>G\u00fcn\u00fcm\u00fczde ofisler, \u00e7al\u0131\u015fanlar\u0131n verimlili\u011fini art\u0131rma ve daha dinamik bir \u00e7al\u0131\u015fma ortam\u0131 olu\u015fturma hedefiyle yenilik\u00e7i tasar\u0131mlara y\u00f6nelmektedir. \u00c7al\u0131\u015fma masas\u0131 tasar\u0131mlar\u0131ndaki son trendler, hem estetik hem de fonksiyonellik a\u00e7\u0131s\u0131ndan dikkat \u00e7ekmektedir.<\/p>\n\n\n\n<ul class=\"wp-block-list\">\n<li>Ergonomik Tasar\u0131m:\u00a0Sa\u011fl\u0131\u011f\u0131 destekleyen \u00e7al\u0131\u015fma masalar\u0131, \u00f6zellikle uzun saatler boyunca oturarak \u00e7al\u0131\u015fan bireyler i\u00e7in \u00f6nem kazanm\u0131\u015ft\u0131r. Ayarlanabilir y\u00fckseklik, v\u00fccut duru\u015funu destekleyen \u00f6zellikler ve hareketli par\u00e7alar, g\u00fcn\u00fcm\u00fcz \u00e7al\u0131\u015fma masas\u0131 tasar\u0131mlar\u0131nda olmazsa olmazlardand\u0131r.<\/li>\n\n\n\n<li>Mod\u00fcler Yap\u0131:\u00a0Mod\u00fcler \u00e7al\u0131\u015fma masalar\u0131, farkl\u0131 \u00e7al\u0131\u015fma bi\u00e7imlerine ve ki\u015fisel tercihlere kolayca adapte olabilen, de\u011fi\u015ftirilebilir par\u00e7alara sahip tasar\u0131mlar\u0131 ifade eder. Bu sayede ofislerin mek\u00e2nsal ihtiyac\u0131na g\u00f6re \u015fekillendirilebilmektedir.<\/li>\n\n\n\n<li>Teknoloji Entegrasyonu:\u00a0Ak\u0131ll\u0131 ofis ara\u00e7lar\u0131, kablosuz \u015farj \u00fcniteleri, USB portlar\u0131 ve g\u00f6m\u00fcl\u00fc ekranlar gibi teknolojik entegrasyonlar, \u00e7al\u0131\u015fma masalar\u0131n\u0131 \u00e7ok i\u015flevsel ekipmanlara d\u00f6n\u00fc\u015ft\u00fcrm\u00fc\u015ft\u00fcr.<\/li>\n\n\n\n<li>S\u00fcrd\u00fcr\u00fclebilir Malzemeler:\u00a0\u00c7evre dostu malzemeler kullanarak \u00fcretilen \u00e7al\u0131\u015fma masalar\u0131, ye\u015fil ofis anlay\u0131\u015f\u0131n\u0131n bir par\u00e7as\u0131 olmu\u015ftur. Geri d\u00f6n\u00fc\u015ft\u00fcr\u00fclebilir ya da yenilenebilir kaynaklardan elde edilen malzemeler tercih edilmektedir.<\/li>\n\n\n\n<li>Ki\u015fiselle\u015ftirilebilir Alanlar:\u00a0\u00c7al\u0131\u015fanlar\u0131n ki\u015fisel zevklerine g\u00f6re d\u00fczenleyebilecekleri aksesuar raylar\u0131, bitki tutucular ve dekoratif elemanlar, \u00e7al\u0131\u015fma ortam\u0131na renk katmaktad\u0131r.<\/li>\n<\/ul>\n\n\n\n<p>Bu trendler, \u00e7al\u0131\u015fanlar\u0131n memnuniyetini, ofis i\u00e7i etkile\u015fimi ve genel verimlili\u011fi art\u0131rma amac\u0131na hizmet ederken, ayn\u0131 zamanda \u015firketlerin marka imaj\u0131n\u0131 ve kurumsal kimli\u011fini de g\u00fc\u00e7lendirmektedir. Yenilik\u00e7i ofis ve \u00e7al\u0131\u015fma masas\u0131 tasar\u0131mlar\u0131, fonksiyonel ve estetik bir atmosfer sunarak modern i\u015f d\u00fcnyas\u0131n\u0131n gerekliliklerine cevap vermektedir.<\/p>\n\n\n\n<h2 class=\"wp-block-heading\" id=\"\u00e7oklu-\u00e7al\u0131\u015fma-masas\u0131n\u0131n-i\u0307\u015fbirli\u011fi-ve-i\u0307leti\u015fimi-art\u0131rma-rol\u00fc\">\u00c7oklu \u00c7al\u0131\u015fma Masas\u0131n\u0131n \u0130\u015fbirli\u011fi ve \u0130leti\u015fimi Art\u0131rma Rol\u00fc<\/h2>\n\n\n\n<p>\u00c7oklu \u00e7al\u0131\u015fma masalar\u0131, bireyler ve ekipler aras\u0131nda dinamik bir i\u015fbirli\u011fi ve ileti\u015fim k\u00fclt\u00fcr\u00fc olu\u015fturman\u0131n \u00f6nemli ara\u00e7lar\u0131ndan biridir. Bu t\u00fcr \u00e7al\u0131\u015fma ortamlar\u0131, genellikle a\u00e7\u0131k kat planlar\u0131 ile uyumlu olacak \u015fekilde tasarlan\u0131r ve ekip \u00fcyelerinin farkl\u0131 g\u00f6revler \u00fczerinde kolayca bir araya gelmelerine olanak tan\u0131r. \u00c7oklu \u00e7al\u0131\u015fma masas\u0131n\u0131n i\u015fbirli\u011fi ve ileti\u015fimi art\u0131rma rol\u00fc \u015fu y\u00f6nlerle \u00f6n plana \u00e7\u0131kar:<\/p>\n\n\n\n<ul class=\"wp-block-list\">\n<li>Etkile\u015fimi Kolayla\u015ft\u0131rma:\u00a0\u00c7oklu \u00e7al\u0131\u015fma masalar\u0131, \u00e7al\u0131\u015fanlar\u0131n birbiriyle g\u00f6z temas\u0131 kurmas\u0131n\u0131 ve b\u00f6ylece do\u011fal ileti\u015fimin artmas\u0131n\u0131 sa\u011flar.<\/li>\n\n\n\n<li>Esnek Alan Kullan\u0131m\u0131:\u00a0Farkl\u0131 projeler ve g\u00f6revler i\u00e7in de\u011fi\u015fken ekip konstellasyonlar\u0131na uyum sa\u011flayarak esnek bir \u00e7al\u0131\u015fma ortam\u0131 sunar.<\/li>\n\n\n\n<li>Fikir Al\u0131\u015fveri\u015fini Te\u015fvik Etme:\u00a0Ortak bir \u00e7al\u0131\u015fma alan\u0131 i\u00e7erisinde bireyler aras\u0131 d\u00fc\u015f\u00fcnce payla\u015f\u0131m\u0131n\u0131 ve yarat\u0131c\u0131 fikirlerin serbest\u00e7e akmas\u0131n\u0131 te\u015fvik eder.<\/li>\n\n\n\n<li>A\u00e7\u0131k \u0130leti\u015fim Kanallar\u0131:\u00a0Duvarlar ve kap\u0131lar yerine a\u00e7\u0131k bir d\u00fczen, ileti\u015fim kanallar\u0131n\u0131 a\u00e7\u0131k tutar ve bilgi ak\u0131\u015f\u0131n\u0131 h\u0131zland\u0131r\u0131r.<\/li>\n\n\n\n<li>Ekip \u00c7al\u0131\u015fmas\u0131n\u0131 G\u00fc\u00e7lendirme:\u00a0Ortak hedeflere ula\u015fmay\u0131 hedefleyen ekipler i\u00e7in \u00e7oklu \u00e7al\u0131\u015fma masalar\u0131, ekip \u00e7al\u0131\u015fmas\u0131n\u0131 g\u00fc\u00e7lendiren bir atmosfer yarat\u0131r.<\/li>\n\n\n\n<li>Yak\u0131nl\u0131k ve Dayan\u0131\u015fma Olu\u015fturma:\u00a0\u00c7al\u0131\u015fanlar aras\u0131 yak\u0131nl\u0131\u011f\u0131n ve topluluk hissinin g\u00fc\u00e7lendirmesi, ortak ama\u00e7lar etraf\u0131nda kenetlenmi\u015f bir tak\u0131m ruhu geli\u015ftirir.<\/li>\n<\/ul>\n\n\n\n<p>\u00c7oklu \u00e7al\u0131\u015fma masas\u0131 kullanmak, modern ofis ortamlar\u0131nda verimlili\u011fi ve i\u015fbirli\u011fini artt\u0131rmak i\u00e7in bir strateji olarak dikkate al\u0131n\u0131r. Ancak, bu t\u00fcr bir d\u00fczenin ba\u015far\u0131l\u0131 olmas\u0131 i\u00e7in iyi bir akustik planlama, yeterli ki\u015fisel depolama alanlar\u0131 ve \u00e7al\u0131\u015fanlar\u0131n gizlilik ihtiya\u00e7lar\u0131n\u0131 dengelenmesi gibi destekleyici fakt\u00f6rlerin de g\u00f6z \u00f6n\u00fcnde bulundurulmas\u0131 gerekir.<\/p>\n\n\n\n<h2 class=\"wp-block-heading\" id=\"esneklik-ve-verimlili\u011fi-te\u015fvik-eden-ofis-ortamlar\u0131\">Esneklik ve Verimlili\u011fi Te\u015fvik Eden Ofis Ortamlar\u0131<\/h2>\n\n\n\n<p>G\u00fcn\u00fcm\u00fcz i\u015f d\u00fcnyas\u0131nda esnek ve verimli ofis ortamlar\u0131, \u00e7al\u0131\u015fanlar\u0131n motivasyonunu ve \u00fcretkenli\u011fini art\u0131rma potansiyeli ile \u00f6ne \u00e7\u0131kar. Bir \u00e7oklu \u00e7al\u0131\u015fma masas\u0131 atmosferi sunan yenilik\u00e7i ofisler, bu iki \u00f6nemli unsur \u00fczerinde yo\u011funla\u015f\u0131r. Esnek ofis d\u00fczenlemeleri, \u00e7al\u0131\u015fanlara kendi tercihlerine g\u00f6re \u00e7al\u0131\u015fma alanlar\u0131n\u0131 se\u00e7me \u00f6zg\u00fcrl\u00fc\u011f\u00fc sunar. Bu, \u00e7al\u0131\u015fanlar\u0131n ihtiya\u00e7 duyduklar\u0131 anda sessiz bir alan bulabilmelerine veya i\u015fbirli\u011fi yapmak i\u00e7in daha interaktif ortamlara ge\u00e7i\u015f yapabilmelerine imkan tan\u0131r.<\/p>\n\n\n\n<ul class=\"wp-block-list\">\n<li>\u00c7al\u0131\u015fanlar\u0131n tercihine g\u00f6re de\u011fi\u015fik \u00e7al\u0131\u015fma alanlar\u0131 se\u00e7ebilmeleri<\/li>\n\n\n\n<li>Sessiz \u00e7al\u0131\u015fma odalar\u0131, beyin f\u0131rt\u0131nas\u0131 alanlar\u0131 ve rahat sohbet k\u00f6\u015feleri gibi \u00e7e\u015fitli fonksiyona sahip mekanlar<\/li>\n\n\n\n<li>Hareketlilik ve ergonomiye uygun mobilyalar ile dinamik bir \u00e7al\u0131\u015fma ortam\u0131 yarat\u0131lmas\u0131<\/li>\n<\/ul>\n\n\n\n<p>Verimlilik odakl\u0131 tasar\u0131m\u0131n bir di\u011fer y\u00f6n\u00fc, teknolojinin entegrasyonudur. \u00c7oklu \u00e7al\u0131\u015fma masas\u0131 d\u00fczenlemesi, uygun teknolojik ara\u00e7lar\u0131 ve ba\u011flant\u0131lar\u0131 sa\u011flayarak kusursuz bir i\u015f ak\u0131\u015f\u0131 olu\u015fturmay\u0131 hedefler.<\/p>\n\n\n\n<ul class=\"wp-block-list\">\n<li>Kablosuz \u015farj istasyonlar\u0131, \u00e7oklu ekran ba\u011flant\u0131 noktalar\u0131 ve h\u0131zl\u0131 internet eri\u015fimi<\/li>\n\n\n\n<li>Teknolojiyle entegre edilmi\u015f ak\u0131ll\u0131 mobilyalar<\/li>\n<\/ul>\n\n\n\n<p>Esneklik ve verimlilik, \u00e7al\u0131\u015fanlar\u0131n kendilerini ofis ortam\u0131nda rahat hissetmeleri ve i\u015flerine odaklanabilmeleri anlam\u0131na gelir. Tasar\u0131mda insan odakl\u0131 yakla\u015f\u0131m, \u00e7al\u0131\u015fma alan\u0131n\u0131n her bireyin ihtiyac\u0131na g\u00f6re uyarlanabilir olmas\u0131n\u0131 ve b\u00f6ylece en y\u00fcksek verimlili\u011fi sa\u011flamas\u0131n\u0131 vurgular.<\/p>\n\n\n\n<ul class=\"wp-block-list\">\n<li>Ergonomik \u00e7al\u0131\u015fma yerle\u015fimleri ve g\u00fcr\u00fclt\u00fcy\u00fc azalt\u0131c\u0131 tasar\u0131m unsurlar\u0131<\/li>\n\n\n\n<li>Do\u011fal \u0131\u015f\u0131k ve havaland\u0131rman\u0131n bol oldu\u011fu, temiz hava kalitesini destekleyen \u00e7al\u0131\u015fma alanlar\u0131<\/li>\n<\/ul>\n\n\n\n<p>Ek olarak, \u00e7oklu \u00e7al\u0131\u015fma masas\u0131 konsepti, ekip i\u00e7i etkile\u015fimi destekleyen ve \u00e7al\u0131\u015fanlar aras\u0131nda sosyal ba\u011flar\u0131 g\u00fc\u00e7lendirerek i\u015fbirli\u011fini ve tak\u0131m ruhunu te\u015fvik eden bir atmosfer sunar.<\/p>\n\n\n\n<h2 class=\"wp-block-heading\" id=\"farkl\u0131-sekt\u00f6rlerde-\u00e7oklu-\u00e7al\u0131\u015fma-masas\u0131-uygulamalar\u0131\">Farkl\u0131 Sekt\u00f6rlerde \u00c7oklu \u00c7al\u0131\u015fma Masas\u0131 Uygulamalar\u0131<\/h2>\n\n\n\n<p>\u00c7oklu \u00e7al\u0131\u015fma masas\u0131 uygulamalar\u0131, bir\u00e7ok sekt\u00f6rde i\u015f ak\u0131\u015f\u0131n\u0131 optimize etmek ve \u00e7al\u0131\u015fanlar\u0131n potansiyelini art\u0131rmak i\u00e7in benimsenmektedir.<\/p>\n\n\n\n<ul class=\"wp-block-list\">\n<li>Teknoloji ve Yaz\u0131l\u0131m Sekt\u00f6r\u00fc:\u00a0Bu alanda \u00e7al\u0131\u015fan ekipler proje bazl\u0131 g\u00f6revlerde aktif i\u015f birli\u011fi gerektirdi\u011finden, \u00e7oklu \u00e7al\u0131\u015fma masalar\u0131 fikir al\u0131\u015fveri\u015fi ve e\u015f zamanl\u0131 kodlama i\u00e7in elveri\u015fli ortamlar sa\u011flar. Agile ve Scrum gibi metodolojilerin uygulanmas\u0131 i\u00e7in de ideal bir yap\u0131 sunar.<\/li>\n\n\n\n<li>Reklamc\u0131l\u0131k ve Medya:\u00a0Yarat\u0131c\u0131l\u0131\u011f\u0131n \u00f6n planda oldu\u011fu bu sekt\u00f6rlerde, tasar\u0131mc\u0131lar, yazarlar ve stratejistler \u00e7oklu \u00e7al\u0131\u015fma masalar\u0131nda bir araya gelerek esinlenmeyi ve yarat\u0131c\u0131 s\u00fcre\u00e7leri kolayla\u015ft\u0131rabilir. Ortak \u00e7al\u0131\u015fma alanlar\u0131, kampanyalar \u00fczerinde entegre bir \u015fekilde \u00e7al\u0131\u015fma imkan\u0131 sunar.<\/li>\n\n\n\n<li>Finans ve Dan\u0131\u015fmanl\u0131k:\u00a0Veri analizinden m\u00fc\u015fteri ili\u015fkilerine kadar geni\u015f bir spektrumda hizmet veren bu sekt\u00f6rde, \u00e7oklu \u00e7al\u0131\u015fma masalar\u0131 ekiplerin birbiriyle kolayca etkile\u015fimde bulunmas\u0131n\u0131 ve bilgi payla\u015f\u0131m\u0131n\u0131 te\u015fvik etmektedir. \u00d6zellikle karma\u015f\u0131k finansal modeller ve stratejilerin m\u00fczakere edildi\u011fi ofis ortamlar\u0131nda \u00e7oklu \u00e7al\u0131\u015fma masalar\u0131 verimli bir se\u00e7enek olu\u015fturabilir.<\/li>\n\n\n\n<li>E\u011fitim ve Ara\u015ft\u0131rma:\u00a0Akademik ve bilimsel \u00e7al\u0131\u015fma gruplar\u0131 i\u00e7in \u00e7oklu \u00e7al\u0131\u015fma masalar\u0131, ortak ara\u015ft\u0131rma projeleri ve ders haz\u0131rl\u0131klar\u0131 i\u00e7in i\u015fbirlik\u00e7i bir \u00e7al\u0131\u015fma alan\u0131 yarat\u0131r. Bu sayede, \u00f6\u011fretim g\u00f6revlileri ve ara\u015ft\u0131rmac\u0131lar bilgi ve kaynak payla\u015f\u0131m\u0131n\u0131 kolayla\u015ft\u0131r\u0131r.<\/li>\n\n\n\n<li>Hukuk B\u00fcrolar\u0131:\u00a0Avukatlar\u0131n ve paralegallerin ortak dosyalara eri\u015fimi ve hukuki g\u00f6r\u00fc\u015flerin payla\u015f\u0131lmas\u0131 \u00e7oklu \u00e7al\u0131\u015fma masalar\u0131nda verimli bir \u015fekilde ger\u00e7ekle\u015fir. Ayr\u0131ca, e\u015f zamanl\u0131 dava takibi ve belge haz\u0131rlamak i\u00e7in de uygun bir \u00e7al\u0131\u015fma ortam\u0131 sa\u011flar.<\/li>\n<\/ul>\n\n\n\n<p>Her sekt\u00f6r\u00fcn \u00f6zg\u00fcnl\u00fc\u011f\u00fcn\u00fc koruyarak, \u00e7oklu \u00e7al\u0131\u015fma masas\u0131 uygulamalar\u0131n\u0131 adapte etmek, i\u015f s\u00fcre\u00e7lerine yenilik\u00e7i bir ivme kazand\u0131r\u0131r ve farkl\u0131 disiplinlerin etkile\u015fimini destekleyerek performans\u0131 art\u0131r\u0131r.<\/p>\n\n\n\n<h2 class=\"wp-block-heading\" id=\"ergonomi-ve-konfor-\u00e7al\u0131\u015fma-masalar\u0131n\u0131n-sa\u011fl\u0131k-\u00fczerindeki-etkisi\">Ergonomi ve Konfor: \u00c7al\u0131\u015fma Masalar\u0131n\u0131n Sa\u011fl\u0131k \u00dczerindeki Etkisi<\/h2>\n\n\n\n<p>Ergonomi, i\u015f yerindeki verimlili\u011fi ve konforu maksimize etme bilimidir. \u00c7al\u0131\u015fma masalar\u0131 ve ofis d\u00fczenleri a\u00e7\u0131s\u0131ndan ergonomik yenilikler, \u00e7al\u0131\u015fanlar\u0131n sa\u011fl\u0131\u011f\u0131 \u00fczerinde b\u00fcy\u00fck etkilere sahiptir. Yenilik\u00e7i ofislerde \u00e7oklu \u00e7al\u0131\u015fma masas\u0131 kullan\u0131m\u0131, bu ergonomi anlay\u0131\u015f\u0131n\u0131n bir par\u00e7as\u0131d\u0131r ve kullan\u0131c\u0131lara \u00e7e\u015fitli faydalar sunar.<\/p>\n\n\n\n<ul class=\"wp-block-list\">\n<li>V\u00fccut Duru\u015funu \u0130yile\u015ftirir:\u00a0\u00d6zellikle ayarlanabilir masa ve sandalyeler, \u00e7al\u0131\u015fan\u0131n boyuna ve oturma \u015fekline uygun hizalanmas\u0131n\u0131 sa\u011flar. Bu, omurga sa\u011fl\u0131\u011f\u0131n\u0131 koruyarak s\u0131rt ve boyun a\u011fr\u0131lar\u0131n\u0131n \u00f6n\u00fcne ge\u00e7er.<\/li>\n\n\n\n<li>Dola\u015f\u0131m\u0131 Art\u0131r\u0131r:\u00a0Y\u00fckseklik ayarl\u0131 masalar, \u00e7al\u0131\u015fanlar\u0131n oturarak ge\u00e7irdi\u011fi zaman\u0131n d\u0131\u015f\u0131nda, ayakta daha aktif \u00e7al\u0131\u015fmas\u0131na imkan verir. Bu da kan dola\u015f\u0131m\u0131n\u0131 iyile\u015ftirerek, uzun s\u00fcre oturmaya ba\u011fl\u0131 sa\u011fl\u0131k sorunlar\u0131 riskini azalt\u0131r.<\/li>\n\n\n\n<li>Enerji Seviyelerini Y\u00fckseltir:\u00a0Dinamik \u00e7al\u0131\u015fma pozisyonlar\u0131, kullan\u0131c\u0131lar\u0131n enerji seviyelerinin ve konsantrasyonunun artmas\u0131n\u0131 sa\u011flar. Bu da \u00e7al\u0131\u015fma verimlili\u011fini art\u0131r\u0131r.<\/li>\n\n\n\n<li>Fiziksel Yorgunlu\u011fu Azalt\u0131r:\u00a0Ergonomik tasar\u0131m, v\u00fccuttaki gereksiz gerilimi ve yorgunlu\u011fu \u00f6nleyerek, g\u00fcn boyunca enerji seviyelerinin dengelenmesine yard\u0131mc\u0131 olur.<\/li>\n<\/ul>\n\n\n\n<p>\u00c7oklu masa konseptleri genellikle, \u00e7al\u0131\u015fanlar\u0131n ihtiya\u00e7lar\u0131na g\u00f6re ki\u015fiselle\u015ftirilebilir se\u00e7enekler sunar. Mod\u00fcler tasar\u0131mlar ve hareketli bile\u015fenler, \u00e7al\u0131\u015fma ortam\u0131n\u0131n kolayca yeniden d\u00fczenlenmesini sa\u011flayarak, her \u00e7al\u0131\u015fan\u0131n kendi optimal \u00e7al\u0131\u015fma \u015fartlar\u0131n\u0131 yaratabilmesine imkan tan\u0131r.<\/p>\n\n\n\n<p>Sonu\u00e7 olarak, ergonomi ve konfor, \u00e7al\u0131\u015fanlar\u0131n sa\u011fl\u0131\u011f\u0131 ve verimlili\u011fi ile do\u011frudan ili\u015fkilidir. \u00c7oklu \u00e7al\u0131\u015fma masas\u0131 kullan\u0131m\u0131n\u0131n yaratt\u0131\u011f\u0131 atmosfer, bu iki unsuru merkezine alarak yenilik\u00e7i ofislerin temel ta\u015flar\u0131n\u0131 olu\u015fturur. Bu da \u00e7al\u0131\u015fma alan\u0131n\u0131n sadece bir i\u015f yerinden \u00e7ok daha fazlas\u0131 oldu\u011funu, ayn\u0131 zamanda \u00e7al\u0131\u015fanlar\u0131n sa\u011fl\u0131\u011f\u0131n\u0131 ve esenli\u011fini destekleyen bir ya\u015fam alan\u0131 oldu\u011funu vurgular.<\/p>\n\n\n\n<h2 class=\"wp-block-heading\" id=\"teknolojiyle-entegrasyon-ak\u0131ll\u0131-ofis-\u00e7\u00f6z\u00fcmleri\">Teknolojiyle Entegrasyon: Ak\u0131ll\u0131 Ofis \u00c7\u00f6z\u00fcmleri<\/h2>\n\n\n\n<p>Yenilik\u00e7i ofisler, \u00f6zellikle \u00e7oklu \u00e7al\u0131\u015fma masalar\u0131 sayesinde, \u00e7al\u0131\u015fma atmosferini optimize ederek verimlili\u011fi art\u0131rmak i\u00e7in teknolojiyle entegrasyonda \u00f6nemli ad\u0131mlar atmaktad\u0131r. Ak\u0131ll\u0131 ofis \u00e7\u00f6z\u00fcmleri; ayd\u0131nlatmadan iklim kontrol\u00fcne, g\u00fcvenlik sistemlerinden veri y\u00f6netimine kadar pek \u00e7ok alan\u0131 kapsar ve bu entegrasyon \u00e7al\u0131\u015fma masas\u0131 d\u00fczeninde kendini g\u00f6sterir.<\/p>\n\n\n\n<ul class=\"wp-block-list\">\n<li>Otomasyon ve Uzaktan Kontrol:\u00a0Ak\u0131ll\u0131 ofisler, \u00e7al\u0131\u015fma masalar\u0131 ve ofis ekipmanlar\u0131 \u00fczerinde otomasyon \u00f6zelliklerine sahiptir. I\u015f\u0131kland\u0131rma, klima ve hatta pencere perdeleri bile sens\u00f6rler ve zamanlay\u0131c\u0131lar vas\u0131tas\u0131yla uygun seviyeye ayarlanabilir. \u00c7al\u0131\u015fanlar, ak\u0131ll\u0131 telefonlar\u0131 veya di\u011fer cihazlar \u00fczerinden bu sistemleri uzaktan kontrol edebilirler.<\/li>\n\n\n\n<li>Ki\u015fisel Konfor Alanlar\u0131:\u00a0\u00c7oklu \u00e7al\u0131\u015fma masalar\u0131, bireysel konfor ihtiya\u00e7lar\u0131n\u0131 kar\u015f\u0131lamak \u00fczere ki\u015fiselle\u015ftirilebilir. \u00d6rne\u011fin, bir \u00e7al\u0131\u015fan\u0131n masas\u0131 oturdu\u011fu ki\u015fiye \u00f6zel s\u0131cakl\u0131k veya ayd\u0131nlatma seviyesine ayarlanabilir. Bu, her \u00e7al\u0131\u015fan\u0131n kendini rahat ve verimli hissetmesini sa\u011flar.<\/li>\n\n\n\n<li>Verimlilik ve \u0130\u015f Ak\u0131\u015f\u0131 Entegrasyonu:\u00a0\u00c7oklu \u00e7al\u0131\u015fma masas\u0131 d\u00fczenleri, yaz\u0131l\u0131mlarla b\u00fct\u00fcnle\u015febilir. Proje y\u00f6netim ara\u00e7lar\u0131 ve zaman takip sistemleri, masalarla senkronize edilebilir ki bu, g\u00f6revlerin ve projelerin ak\u0131c\u0131 bir \u015fekilde y\u00f6netilmesine katk\u0131da bulunur.<\/li>\n\n\n\n<li>Geli\u015fmi\u015f Veri Y\u00f6netimi:\u00a0\u00c7al\u0131\u015fma masalar\u0131na entegre edilmi\u015f sens\u00f6rler ve ak\u0131ll\u0131 cihazlar, kullan\u0131m verilerini toplayabilir. Bu veriler, ofis kaynaklar\u0131n\u0131n daha etkin kullan\u0131m\u0131 i\u00e7in analiz edilebilir.<\/li>\n\n\n\n<li>G\u00fcvenlik ve Eri\u015fim:\u00a0Ak\u0131ll\u0131 kilitler ve giri\u015f sistemleri, yetkilendirilmi\u015f ki\u015filere masalar\u0131n ve \u00f6zel \u00e7al\u0131\u015fma alanlar\u0131n\u0131n kontrol\u00fcn\u00fc sunar. Bu da gizlili\u011fin ve g\u00fcvenli\u011fin sa\u011flanmas\u0131na yard\u0131mc\u0131 olur.<\/li>\n<\/ul>\n\n\n\n<p>Sonu\u00e7 olarak, \u00e7oklu \u00e7al\u0131\u015fma masas\u0131 d\u00fczenleriyle entegre ak\u0131ll\u0131 ofis teknolojileri, i\u015f yerlerinde daha dinamik, konforlu ve verimli bir \u00e7al\u0131\u015fma ortam\u0131 yaratma potansiyeline sahiptir. Teknoloji ilerledik\u00e7e, bu entegrasyon daha da derinle\u015fecek ve ofis ya\u015fam\u0131n\u0131 k\u00f6k\u00fcnden de\u011fi\u015ftirecektir.<\/p>\n\n\n\n<h2 class=\"wp-block-heading\" id=\"\u00e7al\u0131\u015fan-memnuniyeti-ve-ofis-tasar\u0131m\u0131n\u0131n-i\u0307\u015fveren-markas\u0131-\u00fczerindeki-etkisi\">\u00c7al\u0131\u015fan Memnuniyeti ve Ofis Tasar\u0131m\u0131n\u0131n \u0130\u015fveren Markas\u0131 \u00dczerindeki Etkisi<\/h2>\n\n\n\n<p>\u0130\u015fveren markas\u0131, bir \u015firketin mevcut ve potansiyel \u00e7al\u0131\u015fanlar g\u00f6z\u00fcnde nas\u0131l alg\u0131land\u0131\u011f\u0131n\u0131 ifade eder. \u00c7al\u0131\u015fan memnuniyeti bu alg\u0131n\u0131n geli\u015ftirilmesinde critik bir rol oynar. \u00c7al\u0131\u015fanlar i\u00e7in fiziksel \u00e7al\u0131\u015fma ortam\u0131n\u0131n niteli\u011fi, memnuniyet ve ba\u011fl\u0131l\u0131klar\u0131n\u0131 \u00f6nemli \u00f6l\u00e7\u00fcde etkileyebilir. Ofis tasar\u0131m\u0131na yap\u0131lan yat\u0131r\u0131mlar, bu \u00e7er\u00e7evede de\u011ferlendirildi\u011finde, verimlili\u011fi ve \u00e7al\u0131\u015fan sadakatini art\u0131rman\u0131n anahtar unsurlar\u0131ndan biri haline gelir.<\/p>\n\n\n\n<ul class=\"wp-block-list\">\n<li>\u00c7al\u0131\u015fan Memnuniyeti:\u00a0\u0130leri d\u00fczey ofis tasar\u0131mlar\u0131, \u00e7al\u0131\u015fanlar\u0131n ihtiya\u00e7lar\u0131n\u0131 kar\u015f\u0131layarak memnuniyetlerini art\u0131r\u0131r. \u00c7oklu \u00e7al\u0131\u015fma masas\u0131 uygulamalar\u0131, \u00e7al\u0131\u015fanlara esneklik sa\u011flamakta ve b\u00f6ylece \u00e7al\u0131\u015fanlar\u0131n ofis ortam\u0131na olan ba\u011fl\u0131l\u0131\u011f\u0131n\u0131 peki\u015ftirmektedir.\n<ul class=\"wp-block-list\">\n<li>Esnek \u00e7al\u0131\u015fma alanlar\u0131 sayesinde \u00e7al\u0131\u015fanlar farkl\u0131 g\u00f6revler i\u00e7in en uygun ortam\u0131 se\u00e7ebilirler.<\/li>\n\n\n\n<li>Sosyal etkile\u015fimi ve i\u015fbirli\u011fini te\u015fvik eden tasar\u0131mlar, tak\u0131m ruhunu g\u00fc\u00e7lendirir.<\/li>\n\n\n\n<li>\u00c7al\u0131\u015fanlar\u0131n konforunu ve sa\u011fl\u0131\u011f\u0131n\u0131 destekleyen tasar\u0131m unsurlar\u0131, i\u015fe devam oranlar\u0131n\u0131 olumlu y\u00f6nde etkiler.<\/li>\n<\/ul>\n<\/li>\n\n\n\n<li>\u0130\u015fveren Markas\u0131 Etkisi:\u00a0Modern ve i\u015flevsel ofis tasar\u0131mlar\u0131 ile \u015firketler, i\u015fveren markas\u0131n\u0131 g\u00fc\u00e7lendirebilir. Bu, yetenek \u00e7ekme ve tutma konusunda \u015firketlerin rekabet avantaj\u0131n\u0131 art\u0131racakt\u0131r.\n<ul class=\"wp-block-list\">\n<li>\u0130yi tasarlanm\u0131\u015f ofisler, \u015firketin yenilik\u00e7i ve \u00e7al\u0131\u015fan odakl\u0131 yakla\u015f\u0131m\u0131n\u0131 yans\u0131t\u0131r.<\/li>\n\n\n\n<li>Olumlu \u00e7al\u0131\u015fma ortam\u0131, d\u0131\u015far\u0131ya \u015firketin ba\u015far\u0131s\u0131n\u0131 ve stabilitesini g\u00f6sterir.<\/li>\n\n\n\n<li>\u00c7ekici ofis tasar\u0131mlar\u0131, i\u015fveren markas\u0131n\u0131n end\u00fcstri i\u00e7inde ve d\u0131\u015f\u0131nda tan\u0131nabilirli\u011fini art\u0131r\u0131r.<\/li>\n<\/ul>\n<\/li>\n<\/ul>\n\n\n\n<p>\u00c7al\u0131\u015fan memnuniyetinin, \u015firketin d\u0131\u015fa a\u00e7\u0131lan y\u00fcz\u00fc olan i\u015fveren markas\u0131 \u00fczerinde dolayl\u0131 ama g\u00fc\u00e7l\u00fc bir etkisi vard\u0131r. Yenilik\u00e7i ofis tasar\u0131mlar\u0131, bu memnuniyeti art\u0131rarak \u015firketin piyasadaki imaj\u0131n\u0131 ve itibar\u0131n\u0131 iyile\u015ftirmeye yard\u0131mc\u0131 olur. Bu iyile\u015ftirme, hem i\u015fe al\u0131m s\u00fcre\u00e7lerinde \u00fcst\u00fcn bir konuma ge\u00e7mekte hem de mevcut \u00e7al\u0131\u015fanlar\u0131n \u015firket i\u00e7indeki geli\u015fimini ve sadakatini desteklemekte kesintisiz bir i\u015flev g\u00f6r\u00fcr.<\/p>\n\n\n\n<h2 class=\"wp-block-heading\" id=\"\u00e7oklu-\u00e7al\u0131\u015fma-masa-modelleri-ve-fiyat-kar\u015f\u0131la\u015ft\u0131rmas\u0131\">\u00c7oklu \u00c7al\u0131\u015fma Masa Modelleri ve Fiyat Kar\u015f\u0131la\u015ft\u0131rmas\u0131<\/h2>\n\n\n\n<p>\u0130novatif ofis tasar\u0131m\u0131n\u0131n temel par\u00e7alar\u0131ndan biri olan \u00e7oklu \u00e7al\u0131\u015fma masalar\u0131, i\u015f birli\u011fini ve verimlili\u011fi art\u0131rma amac\u0131 g\u00fcder. Farkl\u0131 \u00e7oklu \u00e7al\u0131\u015fma masa modelleri tasar\u0131m, boyut ve i\u015flevsellik a\u00e7\u0131s\u0131ndan \u00e7e\u015fitlilik g\u00f6sterir. Bu nedenle piyasadaki fiyatlar\u0131 da geni\u015f bir yelpazede de\u011ferlendirilmelidir.<\/p>\n\n\n\n<ul class=\"wp-block-list\">\n<li>Mod\u00fcler \u00c7al\u0131\u015fma Masalar\u0131: Genellikle birbirine eklenerek b\u00fcy\u00fct\u00fclebilir \u00f6zellikte olan mod\u00fcler masalar, esnek \u00e7al\u0131\u015fma alanlar\u0131na olanak sa\u011flar. Fiyatlar\u0131, malzeme kalitesi ve mod\u00fcl say\u0131s\u0131na g\u00f6re de\u011fi\u015fir.<\/li>\n\n\n\n<li>Tek Par\u00e7a \u00c7al\u0131\u015fma Istasyonlar\u0131: Birden fazla ki\u015finin ayn\u0131 masa etraf\u0131nda \u00e7al\u0131\u015fmas\u0131na imkan tan\u0131yan b\u00fcy\u00fck boyutlu masalard\u0131r. Geni\u015f y\u00fczey alan\u0131 ve sa\u011flam yap\u0131lar\u0131 sebebiyle fiyatlar\u0131 biraz daha y\u00fcksek olabilir.<\/li>\n\n\n\n<li>Ayarlanabilir \u00c7al\u0131\u015fma Masalar\u0131: Oturarak ve ayakta \u00e7al\u0131\u015fmay\u0131 destekleyen bu masalar, sa\u011fl\u0131k ve ergonomiye odaklan\u0131r. Motorlu ve manuel ayarlanabilir se\u00e7enekleri mevcuttur, motorlu olanlar\u0131n fiyat\u0131 daha y\u00fcksektir.<\/li>\n<\/ul>\n\n\n\n<p>Fiyat kar\u015f\u0131la\u015ft\u0131r\u0131lmas\u0131 yaparken kullan\u0131c\u0131 ihtiya\u00e7lar\u0131 \u00f6n planda tutulmal\u0131d\u0131r. A\u015fa\u011f\u0131da baz\u0131 fakt\u00f6rler yer almaktad\u0131r:<\/p>\n\n\n\n<ul class=\"wp-block-list\">\n<li>Malzeme Kalitesi: Dayan\u0131kl\u0131 malzemelerden yap\u0131lan masalar genellikle daha pahal\u0131d\u0131r.<\/li>\n\n\n\n<li>Tasar\u0131m ve Ergonomi: Ergonomik tasar\u0131m, kullan\u0131c\u0131 konforunu art\u0131r\u0131r ve uzun vadede sa\u011fl\u0131k faydalar\u0131 sa\u011flar.<\/li>\n\n\n\n<li>\u0130lave \u00d6zellikler: Elektrik prizleri, USB portlar\u0131 ve kablo y\u00f6netimi gibi ek \u00f6zellikler fiyat\u0131 etkileyebilir.<\/li>\n\n\n\n<li>Marka ve \u00dcretici: \u00dcnl\u00fc bir markan\u0131n \u00fcr\u00fcn\u00fc olmak veya \u00fclkede \u00fcretiliyor olmak fiyat\u0131 art\u0131rabilir.<\/li>\n<\/ul>\n\n\n\n<p>Bu fakt\u00f6rler g\u00f6z \u00f6n\u00fcnde bulunduruldu\u011funda, i\u015flevsel ve b\u00fct\u00e7eye uygun bir \u00e7al\u0131\u015fma masas\u0131 se\u00e7imi yapmak m\u00fcmk\u00fcnd\u00fcr. Yat\u0131r\u0131m maliyeti, i\u015f yerinin verimlili\u011fi ve \u00e7al\u0131\u015fan memnuniyeti ile dengelenmelidir.<\/p>\n\n\n\n<h2 class=\"wp-block-heading\" id=\"s\u00fcrd\u00fcr\u00fclebilirlik-ve-\u00e7evre-dostu-ofis-tasar\u0131mlar\u0131\">S\u00fcrd\u00fcr\u00fclebilirlik ve \u00c7evre Dostu Ofis Tasar\u0131mlar\u0131<\/h2>\n\n\n\n<p>\u00c7oklu \u00e7al\u0131\u015fma masas\u0131 konseptleri, yenilik\u00e7i ofis tasar\u0131m\u0131n\u0131n \u00f6nc\u00fcleri aras\u0131nda yer al\u0131yor. S\u00fcrd\u00fcr\u00fclebilirlik ve \u00e7evre dostu yakla\u015f\u0131mlar, bu tasar\u0131mlar\u0131n hayata ge\u00e7irilmesinde \u00f6nemli bir rol oynuyor. \u00c7\u00fcnk\u00fc g\u00fcn\u00fcm\u00fczde \u015firketler, ekolojik ayak izlerini azaltma konusunda daha bilin\u00e7li ve sorumluluk sahibi hareket ediyorlar.<\/p>\n\n\n\n<ul class=\"wp-block-list\">\n<li>\u00c7evre dostu ofis tasar\u0131mlar\u0131, do\u011fal \u0131\u015f\u0131k kullan\u0131m\u0131n\u0131 maksimize eden, enerji tasarrufu sa\u011flayan ayd\u0131nlatma sistemleri ve d\u00fc\u015f\u00fck ak\u0131\u015fl\u0131 su armat\u00fcrleri gibi \u00f6zellikler i\u00e7erir.<\/li>\n\n\n\n<li>Yeniden kullan\u0131labilir, geri d\u00f6n\u00fc\u015ft\u00fcr\u00fclebilir veya s\u00fcrd\u00fcr\u00fclebilir kaynaklardan elde edilen malzemeler, \u00e7oklu \u00e7al\u0131\u015fma masas\u0131 \u00fcretiminde tercih edilir.<\/li>\n\n\n\n<li>Bitki entegrasyonu, ofis atmosferini canland\u0131r\u0131rken, ayn\u0131 zamanda, hava kalitesini iyile\u015ftirmeye yard\u0131mc\u0131 olur.<\/li>\n\n\n\n<li>Mod\u00fcler ve esnek mobil ofis mobilyalar\u0131, uzun \u00f6m\u00fcrl\u00fc kullan\u0131m\u0131 te\u015fvik eder ve gereksiz israf\u0131 \u00f6nler.<\/li>\n<\/ul>\n\n\n\n<p>S\u00fcrd\u00fcr\u00fclebilir ofis tasar\u0131mlar\u0131, i\u015fverenin \u00e7evresel sorumluluk bilincini yans\u0131t\u0131rken, \u00e7al\u0131\u015fanlar\u0131n verimlili\u011fini ve motivasyonunu da art\u0131r\u0131r. \u00c7oklu \u00e7al\u0131\u015fma masas\u0131 tasar\u0131mlar\u0131, hem bireysel hem de ekip \u00e7al\u0131\u015fmas\u0131na uygun, fonksiyonel ve estetik alanlar yarat\u0131r. \u00c7evre dostu malzemelerle \u00fcretim yaparak ve enerji verimlili\u011fine \u00f6zen g\u00f6stererek, i\u015f yerleri gelecek nesiller i\u00e7in daha ya\u015fanabilir bir d\u00fcnya b\u0131rakma konusunda da \u00f6nemli bir ad\u0131m atm\u0131\u015f olurlar.<\/p>\n\n\n\n<h2 class=\"wp-block-heading\" id=\"sonu\u00e7-ve-gelecek-perspektifi-\u00e7al\u0131\u015fma-alanlar\u0131n\u0131n-evrimi\">Gelecek Perspektifi: \u00c7al\u0131\u015fma Alanlar\u0131n\u0131n Evrimi<\/h2>\n\n\n\n<p>\u00c7oklu \u00e7al\u0131\u015fma masas\u0131 uygulamalar\u0131, ofis ortamlar\u0131n\u0131n gelece\u011finin ve \u00e7al\u0131\u015fma alanlar\u0131n\u0131n evriminin ayr\u0131lmaz bir par\u00e7as\u0131 haline gelmi\u015ftir. Yenilik\u00e7i ofis kavramlar\u0131, i\u015f yap\u0131\u015f \u015fekillerimizi ve tak\u0131m etkile\u015fimlerini yeniden tan\u0131mlarken, \u00e7oklu \u00e7al\u0131\u015fma masalar\u0131 da bu kavramlar\u0131n somut \u00f6rnekleri olarak \u00f6n plana \u00e7\u0131k\u0131yor. \u0130\u015fte, \u00e7oklu \u00e7al\u0131\u015fma masalar\u0131n\u0131n gelecekte \u00e7al\u0131\u015fma alanlar\u0131n\u0131 nas\u0131l etkileyebilece\u011fine dair baz\u0131 \u00f6ng\u00f6r\u00fcler:<\/p>\n\n\n\n<ul class=\"wp-block-list\">\n<li>Esneklik: \u00c7oklu \u00e7al\u0131\u015fma masalar\u0131, hem bireysel hem de grup \u00e7al\u0131\u015fmalar\u0131 i\u00e7in esnek alanlar yaratarak adaptasyonu kolayla\u015ft\u0131r\u0131r. Bu sayede, \u00e7al\u0131\u015fanlar farkl\u0131 g\u00f6revler i\u00e7in h\u0131zla uyum sa\u011flayabilirler.<\/li>\n\n\n\n<li>\u0130\u015f Birli\u011fi: Ortak \u00e7al\u0131\u015fma alanlar\u0131, ekip \u00fcyeleri aras\u0131ndaki ileti\u015fimi ve i\u015f birli\u011fini art\u0131rmay\u0131 ama\u00e7lar. Bu t\u00fcr masalar, ortak projeler \u00fczerinde verimli bir \u015fekilde \u00e7al\u0131\u015fmay\u0131 m\u00fcmk\u00fcn k\u0131lar.<\/li>\n\n\n\n<li>Verimlilik: \u00c7al\u0131\u015fanlar\u0131n ihtiya\u00e7 duydu\u011fu ara\u00e7lara kolay eri\u015fim sa\u011flar ve kesintisiz bir \u00e7al\u0131\u015fma ak\u0131\u015f\u0131n\u0131 te\u015fvik eder.<\/li>\n\n\n\n<li>Motivasyon ve Moralleme: \u0130yi tasarlanm\u0131\u015f bir \u00e7al\u0131\u015fma ortam\u0131, \u00e7al\u0131\u015fanlar\u0131n motivasyonunu ve genel moralini art\u0131racakt\u0131r.<\/li>\n<\/ul>\n\n\n\n<p>Gelecekte, \u00e7oklu \u00e7al\u0131\u015fma masalar\u0131 ve bunlarla b\u00fct\u00fcnle\u015fen teknolojik entegrasyon, \u00e7al\u0131\u015fma alanlar\u0131n\u0131 daha da ki\u015fiselle\u015ftirecek ve i\u015f verimlili\u011fini maksimize edecektir. Ayr\u0131ca, s\u00fcrd\u00fcr\u00fclebilirlik ve sa\u011fl\u0131k gibi unsurlar, ofis tasar\u0131mlar\u0131nda daha b\u00fcy\u00fck bir rol oynamaya ba\u015flayacak ve \u00e7oklu \u00e7al\u0131\u015fma masas\u0131 \u00e7\u00f6z\u00fcmleri bu yeni gerekliliklere uygun olarak geli\u015fecektir.<\/p>","protected":false},"excerpt":{"rendered":"<p>Pellentesque feugiat, sem id interdum molestie, libero nibh imperdiet velit, sodales elementum enim sem sed lectus. Vivamus viverra diam congue tristique pellentesque. Proin efficitur est vel lectus ultrices rhoncus eu ut lacus. In gravida leo at justo lobortis, vitae aliquet justo vehicula. Maecenas at facilisis ex. Curabitur cursus, ex id efficitur ultrices, sapien mauris sodales<\/p>","protected":false},"author":10,"featured_media":28687,"comment_status":"closed","ping_status":"closed","sticky":false,"template":"","format":"standard","meta":{"_monsterinsights_skip_tracking":false,"_monsterinsights_sitenote_active":false,"_monsterinsights_sitenote_note":"","_monsterinsights_sitenote_category":0,"footnotes":""},"categories":[404,406,408],"tags":[],"class_list":["post-28684","post","type-post","status-publish","format-standard","has-post-thumbnail","hentry","category-is-dunyasi","category-ofis-dekorasyonu","category-ofis-mobilyalari"],"_links":{"self":[{"href":"https:\/\/kuansofis.com\/en\/wp-json\/wp\/v2\/posts\/28684","targetHints":{"allow":["GET"]}}],"collection":[{"href":"https:\/\/kuansofis.com\/en\/wp-json\/wp\/v2\/posts"}],"about":[{"href":"https:\/\/kuansofis.com\/en\/wp-json\/wp\/v2\/types\/post"}],"author":[{"embeddable":true,"href":"https:\/\/kuansofis.com\/en\/wp-json\/wp\/v2\/users\/10"}],"replies":[{"embeddable":true,"href":"https:\/\/kuansofis.com\/en\/wp-json\/wp\/v2\/comments?post=28684"}],"version-history":[{"count":1,"href":"https:\/\/kuansofis.com\/en\/wp-json\/wp\/v2\/posts\/28684\/revisions"}],"predecessor-version":[{"id":137792,"href":"https:\/\/kuansofis.com\/en\/wp-json\/wp\/v2\/posts\/28684\/revisions\/137792"}],"wp:featuredmedia":[{"embeddable":true,"href":"https:\/\/kuansofis.com\/en\/wp-json\/wp\/v2\/media\/28687"}],"wp:attachment":[{"href":"https:\/\/kuansofis.com\/en\/wp-json\/wp\/v2\/media?parent=28684"}],"wp:term":[{"taxonomy":"category","embeddable":true,"href":"https:\/\/kuansofis.com\/en\/wp-json\/wp\/v2\/categories?post=28684"},{"taxonomy":"post_tag","embeddable":true,"href":"https:\/\/kuansofis.com\/en\/wp-json\/wp\/v2\/tags?post=28684"}],"curies":[{"name":"wp","href":"https:\/\/api.w.org\/{rel}","templated":true}]}}