{"id":28679,"date":"2025-07-08T17:03:42","date_gmt":"2025-07-08T14:03:42","guid":{"rendered":"https:\/\/kuansofis.com\/?p=28679"},"modified":"2026-01-13T15:00:57","modified_gmt":"2026-01-13T12:00:57","slug":"makam-masasi-modelleri-ve-ofis-dekorasyonuna-etkileri","status":"publish","type":"post","link":"https:\/\/kuansofis.com\/en\/makam-masasi-modelleri-ve-ofis-dekorasyonuna-etkileri\/","title":{"rendered":"Makam Masas\u0131 Modelleri ve Ofis Dekorasyonuna Etkileri"},"content":{"rendered":"<h2 class=\"wp-block-heading\">Makam Masas\u0131 Se\u00e7iminin \u00d6nemi<\/h2>\n\n\n\n<p>Makam masas\u0131 se\u00e7imi, bir ofis dekorasyonunun en kritik unsurlar\u0131ndan biridir. Bir yandan i\u015flevsel ihtiya\u00e7lar\u0131 kar\u015f\u0131larken, di\u011fer yandan da \u015firketin imaj\u0131n\u0131 ve y\u00f6neticinin kimli\u011fini yans\u0131tan bir mobilya par\u00e7as\u0131 olarak \u00f6n plana \u00e7\u0131kar. Bu sebeple, se\u00e7imin detayl\u0131 bir \u015fekilde yap\u0131lmas\u0131 gerekmektedir. \u0130\u015fte se\u00e7imin \u00f6nemini detayland\u0131ran baz\u0131 noktalar:<\/p>\n\n\n\n<ul class=\"wp-block-list\">\n<li>Profesyonel \u0130maj: Makam masas\u0131, bir \u015firketin profesyonel imaj\u0131n\u0131n en \u00f6nemli yans\u0131malar\u0131ndan biridir. \u015e\u0131k ve kaliteli bir masa, \u015firketin ba\u015far\u0131 ve ciddiyetini g\u00f6sterir.<\/li>\n\n\n\n<li>Ergonomi: Y\u00f6netici, g\u00fcn\u00fcn b\u00fcy\u00fck bir k\u0131sm\u0131n\u0131 masas\u0131nda ge\u00e7irdi\u011finden, ergonomik bir masa se\u00e7imi yapmak, uzun vadede sa\u011fl\u0131k sorunlar\u0131n\u0131n \u00f6nlenmesine yard\u0131mc\u0131 olur.<\/li>\n\n\n\n<li>Fonksiyonellik: Masa, depolama alanlar\u0131na, rahat bir \u00e7al\u0131\u015fma y\u00fczeyine ve teknoloji entegrasyonuna sahip olmal\u0131d\u0131r ki y\u00f6neticinin verimlili\u011fi art\u0131r\u0131ls\u0131n.<\/li>\n\n\n\n<li>Dayan\u0131kl\u0131l\u0131k: Y\u00fcksek kaliteli malzemelerden \u00fcretilen masalar, uzun \u00f6m\u00fcrl\u00fc ve dayan\u0131kl\u0131 olmal\u0131d\u0131r ki, s\u0131k de\u011fi\u015ftirilmesine gerek kalmaz.<\/li>\n\n\n\n<li>Uyumluluk: Makam masas\u0131n\u0131n, ofis dekorasyonu ile uyumlu olmas\u0131, estetik bir b\u00fct\u00fcnl\u00fck sa\u011flar ve ofisin genel ambiyans\u0131n\u0131 y\u00fckseltir.<\/li>\n\n\n\n<li>Ki\u015fisel Tarz: Y\u00f6neticinin ki\u015fisel tarz\u0131n\u0131 ve zevklerini yans\u0131tan bir masa, motivasyon ve \u00f6zg\u00fcveni olumlu y\u00f6nde etkileyebilir.<\/li>\n<\/ul>\n\n\n\n<p>Makam masas\u0131 se\u00e7erken bir envestisman olarak d\u00fc\u015f\u00fcnmek gerekir. Do\u011fru se\u00e7im, hem mevcut \u00e7al\u0131\u015fma ortam\u0131n\u0131n kalitesini hem de y\u00f6netici ve ziyaret\u00e7iler \u00fczerinde b\u0131rak\u0131lan izlenimi b\u00fcy\u00fck \u00f6l\u00e7\u00fcde iyile\u015ftirecektir.<\/p>\n\n\n\n<h2 class=\"wp-block-heading\" id=\"ergonomiye-odaklanmak-sa\u011fl\u0131k-ve-rahatl\u0131k\">Ergonomiye Odaklanmak: Sa\u011fl\u0131k ve Rahatl\u0131k<\/h2>\n\n\n\n<p>Makam masas\u0131 modelleri se\u00e7iminde ergonominin \u00f6nemi, \u00e7al\u0131\u015fanlar\u0131n\u0131n sa\u011fl\u0131\u011f\u0131 ve verimlili\u011fi a\u00e7\u0131s\u0131ndan i\u015fverenler taraf\u0131ndan giderek daha fazla dikkate al\u0131nan bir fakt\u00f6rd\u00fcr. Ergonomik ofis mobilyalar\u0131, uzun saatler boyunca masaba\u015f\u0131 \u00e7al\u0131\u015fman\u0131n yol a\u00e7t\u0131\u011f\u0131 olas\u0131 sa\u011fl\u0131k sorunlar\u0131n\u0131n \u00f6nlenmesine katk\u0131da bulunur.<\/p>\n\n\n\n<ul class=\"wp-block-list\">\n<li>Duru\u015f D\u00fczeltme:\u00a0Ergonomik makam masalar\u0131, kullan\u0131c\u0131lar\u0131n do\u011fru oturma pozisyonunu korumas\u0131na yard\u0131mc\u0131 olarak s\u0131rt ve boyun a\u011fr\u0131lar\u0131n\u0131 en aza indirger. Ayarlanabilir y\u00fckseklik ve e\u011fim \u00f6zellikleri sayesinde, bireyler masa ve sandalyelerini kendi v\u00fccut \u00f6l\u00e7\u00fclerine g\u00f6re d\u00fczenleyebilir.<\/li>\n\n\n\n<li>Hareket \u00d6zg\u00fcrl\u00fc\u011f\u00fc:\u00a0Yeterli \u00e7al\u0131\u015fma alan\u0131 ve masan\u0131n d\u00fczeni, kolay bir \u015fekilde hareket edebilme ve gerekli malzemelere ula\u015fabilme imk\u00e2n\u0131 sa\u011flar. Bu da \u00e7al\u0131\u015fma s\u0131ras\u0131nda gerginli\u011fi azalt\u0131r ve enerji seviyesini korur.<\/li>\n\n\n\n<li>A\u011fr\u0131 ve Yaralanma Riskinin Azalt\u0131lmas\u0131:\u00a0Uzun s\u00fcreli oturman\u0131n neden oldu\u011fu kas gerginli\u011fi ve eklem a\u011fr\u0131lar\u0131na kar\u015f\u0131 koruma sa\u011flayan ergonomik masalar, b\u00f6ylece kronik sa\u011fl\u0131k problemlerinin \u00f6n\u00fcne ge\u00e7ebilir.<\/li>\n\n\n\n<li>Verimlili\u011fi Art\u0131rma:\u00a0\u00d6zelle\u015ftirilebilir \u00f6zellikleri sayesinde, \u00e7al\u0131\u015fanlar gereksiz ula\u015f\u0131m ve arama s\u00fcrelerinden kurtularak, daha odaklanm\u0131\u015f ve etkin bir \u015fekilde \u00e7al\u0131\u015fabilir. Bu durum i\u015f performans\u0131n\u0131 art\u0131r\u0131rken, yorgunluk ve dikkat da\u011f\u0131n\u0131kl\u0131\u011f\u0131n\u0131 azalt\u0131r.<\/li>\n\n\n\n<li>Psikolojik Yararlar:\u00a0Ergonomik bir \u00e7al\u0131\u015fma ortam\u0131, \u00e7al\u0131\u015fanlar\u0131n kendilerini daha de\u011ferli hissetmelerine ve i\u015f yerleriyle daha fazla \u00f6zde\u015fle\u015fmelerine olanak tan\u0131r. Ayr\u0131ca, rahat ve sa\u011fl\u0131kl\u0131 bir \u00e7al\u0131\u015fma ortam\u0131, i\u015f memnuniyetini ve dolay\u0131s\u0131yla sadakati art\u0131r\u0131r.<\/li>\n<\/ul>\n\n\n\n<p>Ergonomiye odaklanan makam masas\u0131 modelleri, sadece fiziksel sa\u011fl\u0131\u011f\u0131 de\u011fil ayn\u0131 zamanda genel i\u015f tatmini ve etkinli\u011fini de iyile\u015ftiren kritik bir yat\u0131r\u0131md\u0131r. Bu nedenle, ofis dekorasyonu ve mobilya se\u00e7iminde ergonomi, ba\u015far\u0131ya ula\u015fman\u0131n temel unsurlar\u0131ndan biri olarak kabul edilmelidir.<\/p>\n\n\n\n<h2 class=\"wp-block-heading\" id=\"makam-masas\u0131-boyutlar\u0131-ofis-alan\u0131na-uyum-sa\u011flamak\">Makam Masas\u0131 Boyutlar\u0131: Ofis Alan\u0131na Uyum Sa\u011flamak<\/h2>\n\n\n\n<p>Makam masas\u0131 se\u00e7iminde boyut, estetik ve i\u015flevsellik kadar \u00f6nemli bir fakt\u00f6rd\u00fcr. Do\u011fru masan\u0131n se\u00e7ilmesi, ofis alan\u0131n\u0131n verimli kullan\u0131m\u0131n\u0131 ve rahat bir \u00e7al\u0131\u015fma ortam\u0131n\u0131 do\u011frudan etkiler. \u0130\u015fte ofis alan\u0131na uyum sa\u011flamak i\u00e7in dikkate al\u0131nmas\u0131 gereken makam masas\u0131 boyutlar\u0131na ili\u015fkin baz\u0131 pratik bilgiler:<\/p>\n\n\n\n<ul class=\"wp-block-list\">\n<li>Standart Makam Masas\u0131 \u00d6l\u00e7\u00fcleri:\u00a0Genellikle, makam masalar\u0131 standart boyutlarda bulunur. Bu boyutlar yakla\u015f\u0131k olarak 160-180 cm geni\u015flik, 80-100 cm derinlik ve 75 cm y\u00fckseklikte olabilir. Ancak, y\u00f6netici ve \u00e7al\u0131\u015fanlar\u0131n ihtiya\u00e7lar\u0131n\u0131 kar\u015f\u0131lamak amac\u0131yla bu standart d\u0131\u015f\u0131nda \u00f6l\u00e7\u00fcler de tercih edilebilir.<\/li>\n\n\n\n<li>Ofis Alan\u0131n\u0131n \u00d6l\u00e7\u00fclmesi:\u00a0Ofis alan\u0131n\u0131z\u0131n boyutlar\u0131 masan\u0131n se\u00e7iminde belirleyici olacakt\u0131r. B\u00fcy\u00fck bir ofiste daha geni\u015f ve etkileyici bir makam masas\u0131, k\u00fc\u00e7\u00fck bir alanda ise alan\u0131 en iyi \u015fekilde kullanacak kompakt bir model tercih edilmelidir.<\/li>\n\n\n\n<li>Ge\u00e7i\u015f Alanlar\u0131n\u0131n G\u00f6z \u00d6n\u00fcnde Bulundurulmas\u0131:\u00a0Masan\u0131n etraf\u0131nda yeterli ge\u00e7i\u015f alan\u0131 b\u0131rakmak, hareket kolayl\u0131\u011f\u0131 ve konfor a\u00e7\u0131s\u0131ndan \u00f6nemlidir. Bu, hem masan\u0131n etraf\u0131nda rahat bir \u015fekilde dola\u015fabilmenizi sa\u011flar hem de ofisinizdeki di\u011fer mobilya ve ekipmanlarla uyumlu bir d\u00fczen olu\u015fturman\u0131za yard\u0131mc\u0131 olur.<\/li>\n\n\n\n<li>Fonksiyonellik ve Mekan Kullan\u0131m\u0131:\u00a0Makam masas\u0131 se\u00e7imi yap\u0131l\u0131rken, masan\u0131n kullan\u0131m amac\u0131n\u0131 ve ofiste ger\u00e7ekle\u015fecek faaliyetlerin do\u011fas\u0131n\u0131 g\u00f6z \u00f6n\u00fcnde bulundurmak gerekir. \u00d6rne\u011fin; toplant\u0131lar ve sunumlar i\u00e7in b\u00fcy\u00fck bir masa y\u00fczey alan\u0131 tercih edilebilirken, daha \u00e7ok bilgisayar i\u015fleri i\u00e7in kompakt ve \u00e7ok g\u00f6zl\u00fc bir masa i\u015flevsel olabilir.<\/li>\n\n\n\n<li>Ki\u015fisel Tercihler:\u00a0Masan\u0131n boyutu ayn\u0131 zamanda ki\u015fisel konfor ve tercihlere ba\u011fl\u0131 olarak de\u011fi\u015febilir. Y\u00f6neticinin \u00e7al\u0131\u015fma tarz\u0131 ve masay\u0131 kullanma \u015fekli, masan\u0131n boyutu \u00fczerinde etkili olabilecek unsurlardan baz\u0131lar\u0131d\u0131r.<\/li>\n<\/ul>\n\n\n\n<p>Bu fakt\u00f6rler g\u00f6z \u00f6n\u00fcnde bulundurularak yap\u0131lan do\u011fru makam masas\u0131 se\u00e7imi, ofisin genel dekorasyonuna ve \u00e7al\u0131\u015fma verimlili\u011fine olumlu katk\u0131lar sa\u011flayacakt\u0131r.<\/p>\n\n\n\n<h2 class=\"wp-block-heading\" id=\"malzeme-kalitesi-ve-dayan\u0131kl\u0131l\u0131k\">Malzeme Kalitesi ve Dayan\u0131kl\u0131l\u0131k<\/h2>\n\n\n\n<p>Makam masas\u0131 se\u00e7iminde malzeme kalitesi ve dayan\u0131kl\u0131l\u0131k kritik \u00f6nem ta\u015f\u0131r. Ofis dekorasyonunun \u015f\u0131kl\u0131\u011f\u0131 ve profesyonelli\u011fi do\u011frudan kullan\u0131lan mobilyalar\u0131n kalitesi ile ili\u015fkilidir. \u0130yi bir makam masas\u0131n\u0131n uzun s\u00fcre ilk g\u00fcnk\u00fc esteti\u011fini ve i\u015flevselli\u011fini koruyabilmesi i\u00e7in kaliteli materyallerden \u00fcretilmi\u015f olmas\u0131 gerekmektedir.<\/p>\n\n\n\n<ul class=\"wp-block-list\">\n<li>Y\u00f6netici masalar\u0131nda genellikle masif ah\u015fap, MDF veya yonga levha gibi malzemeler tercih edilir. Masif ah\u015fap, do\u011fal g\u00f6r\u00fcn\u00fcm\u00fcn\u00fcn yan\u0131 s\u0131ra dayan\u0131kl\u0131l\u0131\u011f\u0131 ile bilinir fakat masif ah\u015fap masalar a\u011f\u0131r olabilir ve y\u00fcksek maliyete sahip olabilir.<\/li>\n\n\n\n<li>MDF (Orta yo\u011funlukta lif levha), d\u00fczg\u00fcn y\u00fczeyi ve m\u00fckemmel boyama kabiliyeti nedeniyle pop\u00fclerdir, ancak suya ve a\u015f\u0131r\u0131 neme kar\u015f\u0131 yeterince dayan\u0131kl\u0131 olmayabilir.<\/li>\n\n\n\n<li>Yonga levha daha uygun fiyatl\u0131 bir alternatiftir ve \u00fczerine laminat kaplama ile g\u00fc\u00e7lendirilebilir ancak darbelere ve a\u015f\u0131nmaya kar\u015f\u0131 daha az dayan\u0131kl\u0131 olabilir.<\/li>\n<\/ul>\n\n\n\n<p>Masa y\u00fczeyinin kaplamalar\u0131 da \u00f6nemlidir. Laminat ve melamin gibi kaplamalar, masan\u0131n suya, \u00e7izilmelere ve lekelere kar\u015f\u0131 direncini art\u0131rabilir. Bu t\u00fcr kaplamalar ayr\u0131ca bak\u0131m\u0131 kolayla\u015ft\u0131r\u0131rken, masan\u0131n estetik \u00e7ekicili\u011fi ve genel dayan\u0131kl\u0131l\u0131\u011f\u0131n\u0131 da art\u0131r\u0131r.<\/p>\n\n\n\n<p>Kaliteli malzemelerle \u00fcretilmi\u015f bir makam masas\u0131, a\u011f\u0131rl\u0131\u011f\u0131 ta\u015f\u0131yabilecek dayan\u0131kl\u0131l\u0131\u011fa sahip olmal\u0131 ve \u00fczerindeki ekipmanlar\u0131n a\u011f\u0131rl\u0131\u011f\u0131na dayanabilir olmal\u0131d\u0131r. Mente\u015fe ve ray sistemleri gibi metal aksamlar\u0131n paslanmaz veya oksitlenmez malzemelerden imal edilmi\u015f olmas\u0131, uzun vadeli kullan\u0131mda sorunsuz bir deneyim sa\u011flar.<\/p>\n\n\n\n<p>Sonu\u00e7 olarak, makam masas\u0131 modellerinde malzeme kalitesi ve dayan\u0131kl\u0131l\u0131k, ofis dekorasyonunun esteti\u011fi, prestiji ve fonksiyonelli\u011fi i\u00e7in vazge\u00e7ilmez unsurlard\u0131r. Y\u00fcksek kaliteli materyallerle \u00fcretilmi\u015f masalar, sadece uzun \u00f6m\u00fcrl\u00fc de\u011fil, ayn\u0131 zamanda g\u00fcnl\u00fck kullan\u0131mda kar\u015f\u0131la\u015f\u0131lacak streslere de diren\u00e7 g\u00f6sterir, b\u00f6ylece yat\u0131r\u0131m\u0131n de\u011ferini korur.<\/p>\n\n\n\n<h2 class=\"wp-block-heading\" id=\"tasar\u0131m-ve-estetik-ofisinize-uygun-stiller\">Tasar\u0131m ve Estetik: Ofisinize Uygun Stiller<\/h2>\n\n\n\n<p>Ofis ortamlar\u0131, kurumun kimli\u011fini ve i\u015f eti\u011fi anlay\u0131\u015f\u0131n\u0131 yans\u0131tt\u0131\u011f\u0131 i\u00e7in, makam masas\u0131 se\u00e7imi b\u00fcy\u00fck \u00f6nem ta\u015f\u0131r. Ayr\u0131ca, estetik a\u00e7\u0131dan \u00e7a\u011fda\u015f ve profesyonel bir \u015f\u0131kl\u0131k kazand\u0131r\u0131rken fonksiyonelli\u011fi de \u00f6n planda tutmak gerekmektedir. \u0130\u015fte ofisinize uygun tarzlar\u0131 yans\u0131tan birka\u00e7 stil \u00f6nerisi:<\/p>\n\n\n\n<ul class=\"wp-block-list\">\n<li>Modern Stil:\u00a0Temiz \u00e7izgileri ve minimalist tasar\u0131mlar\u0131 tercih eden y\u00f6neticiler i\u00e7in, metal ya da cam gibi malzemelerle \u00fcretilmi\u015f, sade renklerin hakim oldu\u011fu makam masalar\u0131 idealdir. Ayd\u0131nl\u0131k ve ferah bir \u00e7al\u0131\u015fma alan\u0131 yaratmak i\u00e7in a\u00e7\u0131k renk tonlar\u0131na sahip modelleri se\u00e7ebilirsiniz.<\/li>\n\n\n\n<li>Klasik Stil:\u00a0Masif ah\u015fap kullan\u0131larak \u00fcretilmi\u015f, oymalar ve detayl\u0131 i\u015f\u00e7ilik gerektiren makam masalar\u0131, otoriter ve ciddi bir \u00e7al\u0131\u015fma atmosferi olu\u015fturur. Koyu renk tonlar\u0131 ve kal\u0131n yap\u0131lar, geleneksel bir ofis dekorasyonu i\u00e7in uygun se\u00e7imlerdir.<\/li>\n\n\n\n<li>End\u00fcstriyel Stil:\u00a0Hammadde g\u00fczelli\u011fini \u00f6n plana \u00e7\u0131karan, genellikle demir, \u00e7elik gibi malzemelerle ve sade hatlarla tasarlanm\u0131\u015f makam masalar\u0131 end\u00fcstriyel tasar\u0131ma ilgi duyan y\u00f6neticilere hitap eder. Beton, tu\u011fla veya metalden olu\u015fan duvarlarla uyum sa\u011flayabilir.<\/li>\n\n\n\n<li>Eko-Dost Stil:\u00a0S\u00fcrd\u00fcr\u00fclebilirlik ve \u00e7evre dostu malzemeleri tercih edenler i\u00e7in, geri d\u00f6n\u00fc\u015ft\u00fcr\u00fclm\u00fc\u015f malzemelerden yap\u0131lm\u0131\u015f veya do\u011fal ah\u015fap gibi organik materyalleri kullanarak \u00fcretilmi\u015f masalar uygundur. Do\u011fay\u0131 ofisin i\u00e7ine ta\u015f\u0131mak i\u00e7in bitkilerle desteklenmi\u015f tasar\u0131mlar dikkat \u00e7eker.<\/li>\n<\/ul>\n\n\n\n<p>Makam masas\u0131 ve ofis dekorasyonu, \u00e7al\u0131\u015fanlar\u0131n motivasyonu ve i\u015f verimlili\u011fi \u00fczerinde do\u011frudan etkiye sahiptir. Bu nedenle, tercih edilen stilin, ofisin genel atmosferiyle uyumlu olmas\u0131 ve i\u015flevselli\u011fiyle \u00e7al\u0131\u015fma ortam\u0131n\u0131 desteklemesi \u00f6nerilir.<\/p>\n\n\n\n<h2 class=\"wp-block-heading\" id=\"fonksiyonellik-depolama-ve-d\u00fczenleme-\u00f6zellikleri\">Fonksiyonellik: Depolama ve D\u00fczenleme \u00d6zellikleri<\/h2>\n\n\n\n<p>Makam masas\u0131, bir ofis dekorasyonunun en \u00f6nemli par\u00e7alar\u0131ndan biridir ve i\u015flevselli\u011fi \u00f6zellikle \u00f6nem ta\u015f\u0131r. Depolama ve d\u00fczenleme \u00f6zellikleri, \u00e7al\u0131\u015fma alan\u0131n\u0131n verimlili\u011fini ve pratikli\u011fini art\u0131r\u0131r. \u0130yi tasarlanm\u0131\u015f bir makam masas\u0131, gerekli belgelerin, k\u0131rtasiye malzemelerinin ve di\u011fer ofis ara\u00e7 gere\u00e7lerinin kolayca saklanabilece\u011fi ve eri\u015filebilece\u011fi yerle\u015fik \u00e7ekmece ve dolaplar sunar.<\/p>\n\n\n\n<ul class=\"wp-block-list\">\n<li>Geni\u015f \u00c7ekmeceler:\u00a0Geni\u015f \u00e7ekmece tasar\u0131mlar\u0131, dosyalar\u0131n ve evraklar\u0131n d\u00fczenli bir \u015fekilde s\u0131ralanmas\u0131n\u0131 sa\u011flar. Bu, \u00e7al\u0131\u015fanlar\u0131n \u00f6nemli dok\u00fcmanlara h\u0131zl\u0131 ve kolay bir \u015fekilde eri\u015fimini m\u00fcmk\u00fcn k\u0131lar.<\/li>\n\n\n\n<li>Kilitli B\u00f6lmeler:\u00a0\u00d6zellikle hassas veya gizli bilgilerin saklanmas\u0131 gereken durumlarda, kilitli b\u00f6lmeler ekstra g\u00fcvenlik sa\u011flar. Bu, \u015firket bilgilerinin korunmas\u0131nda kritik rol oynar.<\/li>\n\n\n\n<li>Ayarlanabilir Raflar:\u00a0Farkl\u0131 boyutlardaki malzemelerin depolanmas\u0131 i\u00e7in ayarlanabilir raf sistemleri olduk\u00e7a kullan\u0131\u015fl\u0131d\u0131r. Ayarlanabilir raflar sayesinde, her t\u00fcrl\u00fc depolama ihtiyac\u0131na uygun bir alan yarat\u0131labilir.<\/li>\n\n\n\n<li>Kablo Y\u00f6netimi:\u00a0Modern makam masalar\u0131, kablo kar\u0131\u015f\u0131kl\u0131\u011f\u0131n\u0131 \u00f6nleyecek kablo y\u00f6netim sistemlerine sahiptir. Bu, temiz ve d\u00fczenli bir \u00e7al\u0131\u015fma alan\u0131 sa\u011flarken ayn\u0131 zamanda elektronik cihazlar\u0131n daha verimli kullan\u0131m\u0131na olanak tan\u0131r.<\/li>\n\n\n\n<li>Ki\u015fisel E\u015fyalar i\u00e7in B\u00f6lmeler:\u00a0Masan\u0131n tasar\u0131m\u0131nda, \u00e7al\u0131\u015fanlar\u0131n ki\u015fisel e\u015fyalar\u0131n\u0131 saklayabilecekleri \u00f6zel b\u00f6lmeler de d\u00fc\u015f\u00fcn\u00fclm\u00fc\u015ft\u00fcr. Bu, \u00e7al\u0131\u015fma masas\u0131n\u0131n \u00fczerini da\u011f\u0131n\u0131kl\u0131ktan ar\u0131nd\u0131r\u0131r ve daha odaklanm\u0131\u015f bir \u00e7al\u0131\u015fma ortam\u0131 olu\u015fturur.<\/li>\n<\/ul>\n\n\n\n<p>Her bir makam masas\u0131 modeli, farkl\u0131 ihtiya\u00e7lar\u0131 kar\u015f\u0131layacak \u015fekilde tasarlanm\u0131\u015ft\u0131r. Se\u00e7im yap\u0131l\u0131rken, \u00f6zellikle fonksiyonellik a\u00e7\u0131s\u0131ndan, ofisin genel d\u00fczenine ve \u00e7al\u0131\u015fma tarz\u0131na uygun olan depolama ve d\u00fczenleme \u00f6zelliklerine sahip bir modelin tercih edilmesi b\u00fcy\u00fck \u00f6nem ta\u015f\u0131r.<\/p>\n\n\n\n<h2 class=\"wp-block-heading\" id=\"makam-masas\u0131-y\u00fczeyleri-ve-i\u0307\u015flevselli\u011fi\">Makam Masas\u0131 Y\u00fczeyleri ve \u0130\u015flevselli\u011fi<\/h2>\n\n\n\n<p>Makam masas\u0131 se\u00e7imi yaparken dikkate al\u0131nacak \u00f6nemli unsurlardan biri, kullan\u0131lacak y\u00fczeylerin malzeme kalitesi ve i\u015flevselliktir. Masan\u0131n y\u00fczeyi, g\u00fcnl\u00fck \u00e7al\u0131\u015fma rutinlerini etkileyen \u00f6nemli bir fakt\u00f6rd\u00fcr ve direkt olarak ofisin verimlili\u011fini ve profesyonel imaj\u0131n\u0131 etkiler.<\/p>\n\n\n\n<ul class=\"wp-block-list\">\n<li>Malzeme Kalitesi:\u00a0Makam masalar\u0131nda genellikle y\u00fcksek kaliteli, dayan\u0131kl\u0131 ve estetik a\u00e7\u0131dan ho\u015f g\u00f6r\u00fcn\u00fcml\u00fc malzemeler tercih edilir. Do\u011fal ah\u015fap, y\u00fcksek bas\u0131n\u00e7l\u0131 laminatlar (HPL), sunta veya MDF ve cam gibi malzemeler, zengin bir g\u00f6r\u00fcn\u00fcm sa\u011flad\u0131\u011f\u0131 gibi uzun s\u00fcreli kullan\u0131m i\u00e7in idealdir. Ah\u015fap y\u00fczeyler s\u0131cakl\u0131k ve prestij, cam y\u00fczeyler \u00e7a\u011fda\u015f bir \u015f\u0131kl\u0131k yans\u0131t\u0131r.<\/li>\n\n\n\n<li>\u0130\u015flevsellik:\u00a0Bir makam masas\u0131n\u0131n y\u00fczeyi, kullan\u0131c\u0131n\u0131n i\u015f y\u00fck\u00fcne ve ihtiya\u00e7lar\u0131na uygun olmal\u0131d\u0131r. Geni\u015f y\u00fczey alan\u0131, evraklar\u0131n, bilgisayar ve di\u011fer ofis gere\u00e7lerinin d\u00fczenli bir \u015fekilde yerle\u015ftirilmesine olanak tan\u0131r. Kablo y\u00f6netim sistemleri, gizli ge\u00e7i\u015f noktalar\u0131 ve entegre \u00e7ekmeceler gibi ek \u00f6zellikler, \u00e7al\u0131\u015fma alan\u0131n\u0131 daha etkin kullanmay\u0131 sa\u011flar.<\/li>\n\n\n\n<li>Dayan\u0131kl\u0131l\u0131k ve Temizlik:\u00a0Y\u00fcksek kullan\u0131m oran\u0131na sahip makam masalar\u0131n\u0131n, \u00e7izilme, a\u015f\u0131nma ve lekelere kar\u015f\u0131 diren\u00e7li malzemelerden \u00fcretilmi\u015f olmas\u0131 beklenir. Kolay temizlenebilir ve bak\u0131m\u0131 az gerektiren y\u00fczeyler, masan\u0131n yeni ve profesyonel g\u00f6r\u00fcn\u00fcm\u00fcn\u00fc korumaya yard\u0131mc\u0131 olur.<\/li>\n\n\n\n<li>Ergonomi ve Konfor:\u00a0Masan\u0131n y\u00fczey y\u00fcksekli\u011fi, \u00e7al\u0131\u015fan\u0131n boyu ve oturdu\u011fu koltu\u011fa g\u00f6re ayarlanmal\u0131d\u0131r. Ergonomik y\u00fczey y\u00fcksekli\u011fi, uzun saatler boyunca \u00e7al\u0131\u015f\u0131rken bile rahat bir duru\u015f sa\u011flar ve b\u00f6ylece verimlili\u011fi art\u0131r\u0131r.<\/li>\n<\/ul>\n\n\n\n<p>Bir makam masas\u0131n\u0131n y\u00fczeyi, ofisin genel dekorasyonuyla uyumlu olmal\u0131 ve y\u00f6neticinin ki\u015fisel tarz\u0131n\u0131 yans\u0131tmal\u0131d\u0131r. Bu y\u00fczeylerin i\u015flevselli\u011fi ve esteti\u011fi, kurumsal kimlik ve \u00e7al\u0131\u015fma performans\u0131 \u00fczerinde \u00f6nemli bir etkiye sahiptir.<\/p>\n\n\n\n<h2 class=\"wp-block-heading\" id=\"renk-ve-doku-ofis-atmosferine-katk\u0131da-bulunmak\">Renk ve Doku: Ofis Atmosferine Katk\u0131da Bulunmak<\/h2>\n\n\n\n<p>Ofis dekorasyonunda renk ve doku se\u00e7imleri, \u00e7al\u0131\u015fma ortam\u0131n\u0131n atmosferini b\u00fcy\u00fck \u00f6l\u00e7\u00fcde etkiler. \u0130yi d\u00fc\u015f\u00fcn\u00fclm\u00fc\u015f bir renk paleti ve doku kombinasyonu, ofisin genel havas\u0131n\u0131 iyile\u015ftirebilir ve \u00e7al\u0131\u015fanlar\u0131n moralini art\u0131rabilir.<\/p>\n\n\n\n<ul class=\"wp-block-list\">\n<li>Renk Psikolojisi:\u00a0Renkler, insan psikolojisi \u00fczerinde farkl\u0131 etkilere sahiptir. Mavi, sakinlik ve verimlili\u011fi art\u0131r\u0131rken; ye\u015fil, huzur ve denge hissi verir. Makam masas\u0131 ve \u00e7evresine bu renkleri entegre etmek, odaklanma ve \u00fcretkenli\u011fi destekler.<\/li>\n\n\n\n<li>Doku \u00c7e\u015fitlili\u011fi:\u00a0Parlat\u0131lm\u0131\u015f ah\u015fap, metal aksanlar ya da dokulu kuma\u015flar gibi farkl\u0131 dokular, ofis ortam\u0131na s\u0131cakl\u0131k ve derinlik katar. \u00d6zellikle makam masas\u0131 se\u00e7iminde kullan\u0131lan malzeme, oda i\u00e7inde belirleyici bir rol oynar.<\/li>\n<\/ul>\n\n\n\n<p>Renklerin ve dokular\u0131n uyumlu bir \u015fekilde kar\u0131\u015ft\u0131r\u0131lmas\u0131, ofis dekorasyonunda profesyonel ve davetkar bir atmosfer yaratmada \u00f6nemli bir fakt\u00f6rd\u00fcr. Makam masas\u0131n\u0131n rengi ve dokusu, ofis i\u00e7indeki di\u011fer mobilya ve aksesuarlarla b\u00fct\u00fcnle\u015fmelidir.<\/p>\n\n\n\n<ul class=\"wp-block-list\">\n<li>Do\u011fal I\u015f\u0131k ve Renk:\u00a0Ofiste kullan\u0131lan renkler, do\u011fal \u0131\u015f\u0131\u011f\u0131n etkisi alt\u0131nda farkl\u0131 g\u00f6r\u00fcnebilir. Bu nedenle, makam masas\u0131n\u0131n pozisyonunu ve ofisin genel ayd\u0131nlatmas\u0131n\u0131 bu fakt\u00f6r\u00fc g\u00f6z \u00f6n\u00fcnde bulundurarak d\u00fczenlemek gerekir.<\/li>\n<\/ul>\n\n\n\n<p>Makam masas\u0131 modeli ve renk se\u00e7imi, marka imaj\u0131n\u0131 ve \u015firketin profesyonel kimli\u011fini de yans\u0131t\u0131r. Bu y\u00fczden, renk ve doku se\u00e7imleri sadece estetik a\u00e7\u0131dan de\u011fil, ayn\u0131 zamanda kurumsal kimlik a\u00e7\u0131s\u0131ndan da \u00f6nem te\u015fkil eder. Uygun renk ve doku kullan\u0131m\u0131yla zenginle\u015ftirilmi\u015f bir ofis dekorasyonu, hem m\u00fc\u015fteriler hem de \u00e7al\u0131\u015fanlar i\u00e7in olumlu ve motive edici bir ortam sa\u011flar.<\/p>\n\n\n\n<h2 class=\"wp-block-heading\" id=\"montaj-ve-bak\u0131m-kolayl\u0131\u011f\u0131\">Montaj ve Bak\u0131m Kolayl\u0131\u011f\u0131<\/h2>\n\n\n\n<p>Ofis mobilyalar\u0131nda, \u00f6zellikle de makam masas\u0131 modellerinde, kullan\u0131m kolayl\u0131\u011f\u0131 kadar montaj ve bak\u0131m kolayl\u0131\u011f\u0131 da \u00f6nem ta\u015f\u0131r. Modern makam masalar\u0131, genellikle mod\u00fcler yap\u0131da tasarlanarak kullan\u0131c\u0131lar\u0131n hayat\u0131n\u0131 kolayla\u015ft\u0131rmaktad\u0131r. Montaj kolayl\u0131\u011f\u0131, ofiste yap\u0131lan yeniden d\u00fczenlemelerde veya ta\u015f\u0131nmalar s\u0131ras\u0131nda b\u00fcy\u00fck avantaj sa\u011flar. Bak\u0131m kolayl\u0131\u011f\u0131 ise, masalar\u0131n daha uzun s\u00fcre yeni gibi kalmas\u0131n\u0131 ve ofis dekorasyonunun estetik b\u00fct\u00fcnl\u00fc\u011f\u00fcn\u00fc korumas\u0131n\u0131 sa\u011flar.<\/p>\n\n\n\n<ul class=\"wp-block-list\">\n<li>Mod\u00fcler Tasar\u0131m:\u00a0Mod\u00fcler makam masalar\u0131, kolayca s\u00f6k\u00fcl\u00fcp tak\u0131labilen par\u00e7alar\u0131 sayesinde montaj\u0131 ve s\u00f6k\u00fcm\u00fc basitle\u015ftirir. Bu, zaman ve maliyet tasarrufu anlam\u0131na gelir.<\/li>\n\n\n\n<li>Kullan\u0131lan Malzemeler:\u00a0Laminat, melamin gibi leke tutmayan y\u00fczeyler, masalar\u0131n temizli\u011fini kolayla\u015ft\u0131r\u0131r. Ayr\u0131ca \u00e7izilme ve a\u015f\u0131nmalara kar\u015f\u0131 dayan\u0131kl\u0131 malzemeler, masan\u0131n bak\u0131m\u0131n\u0131 ve korunmas\u0131n\u0131 kolayla\u015ft\u0131r\u0131r.<\/li>\n\n\n\n<li>Tasar\u0131m Detaylar\u0131:\u00a0Kablo y\u00f6netimi gibi \u00f6zellikler, masalar\u0131n d\u00fczenli g\u00f6r\u00fcnmesini ve kolay temizlenmesini sa\u011flar. Entegre \u00e7ekmece ve dolaplar, masalar\u0131n fonksiyonelli\u011fini art\u0131r\u0131rken, ayn\u0131 zamanda toz birikmesini \u00f6nler.<\/li>\n\n\n\n<li>Montaj K\u0131lavuzu ve Destek:\u00a0Kaliteli makam masas\u0131 \u00fcreticileri, detayl\u0131 montaj k\u0131lavuzlar\u0131 ve \u00e7evrimi\u00e7i destek sa\u011flayarak montaj s\u00fcrecini kolayla\u015ft\u0131r\u0131r.<\/li>\n\n\n\n<li>Garanti ve Servis:\u00a0Uzun s\u00fcreli garantiler ve kolay ula\u015f\u0131labilir m\u00fc\u015fteri servisleri, olas\u0131 ar\u0131zalar\u0131n \u00e7abuk ve etkili bir \u015fekilde giderilmesine olanak tan\u0131r.<\/li>\n<\/ul>\n\n\n\n<p>Montaj ve bak\u0131m kolayl\u0131\u011f\u0131 sunan makam masalar\u0131, ofis dekorasyonunun i\u015flevselli\u011fini ve esteti\u011fini uzun vadede koruman\u0131n yan\u0131 s\u0131ra, i\u015f verimlili\u011fine de olumlu katk\u0131lar sa\u011flar. Bu nedenle, ofis mobilyas\u0131 se\u00e7erken bu \u00f6zelliklere dikkat edilmesi, ak\u0131lc\u0131 bir yat\u0131r\u0131m olarak de\u011ferlendirilmelidir.<\/p>\n\n\n\n<h2 class=\"wp-block-heading\" id=\"fiyat-ve-b\u00fct\u00e7e-maliyet-etkin-se\u00e7imler-yapmak\">Fiyat ve B\u00fct\u00e7e: Maliyet Etkin Se\u00e7imler Yapmak<\/h2>\n\n\n\n<p>Ofis mobilyalar\u0131n\u0131 se\u00e7erken, \u00f6zellikle makam masas\u0131 gibi \u00f6nemli unsurlar\u0131n maliyetleri g\u00f6z \u00f6n\u00fcnde bulundurulmal\u0131d\u0131r. Makam masas\u0131 se\u00e7erken fiyat ve b\u00fct\u00e7e dengesi, \u015firket kaynaklar\u0131n\u0131n etkin kullan\u0131m\u0131 a\u00e7\u0131s\u0131ndan kritik bir rol oynar. Maliyet etkin se\u00e7imler yapmak, uzun vadede ofis dekorasyonunuzu olumlu y\u00f6nde etkileyebilir ve i\u015fletmenizin mali sa\u011fl\u0131\u011f\u0131n\u0131 korumaya yard\u0131mc\u0131 olur.<\/p>\n\n\n\n<ul class=\"wp-block-list\">\n<li>\u0130lk olarak, belirlenen b\u00fct\u00e7e dahilinde kalacak \u015fekilde bir fiyat aral\u0131\u011f\u0131 belirleyin. B\u00f6ylece ara\u015ft\u0131rmalar\u0131n\u0131z\u0131 ve se\u00e7enekleri bu \u00e7er\u00e7evede de\u011ferlendirebilirsiniz.<\/li>\n\n\n\n<li>Kalite ve fiyat dengesini g\u00f6zetin. Ucuz masalar ba\u015flang\u0131\u00e7ta cazip gelebilir ancak kalitesiz malzeme ve i\u015f\u00e7ilik, s\u0131k de\u011fi\u015ftirme ihtiyac\u0131 do\u011furarak ek maliyetlere yol a\u00e7abilir.<\/li>\n\n\n\n<li>Fonksiyonellik ve gereksinimlerinizi kar\u015f\u0131layacak makam masas\u0131 modellerini tercih edin. Gereksiz \u00f6zellikler i\u00e7in fazladan \u00f6deme yapmaktan ka\u00e7\u0131n\u0131n.<\/li>\n\n\n\n<li>Uzun vadeli kullan\u0131m ve dayan\u0131kl\u0131l\u0131\u011f\u0131 g\u00f6z \u00f6n\u00fcnde bulundurun. Biraz daha y\u00fcksek bir ba\u015flang\u0131\u00e7 yat\u0131r\u0131m\u0131, masan\u0131n \u00f6mr\u00fcn\u00fc uzatacak ve uzun vadede maliyet tasarrufu sa\u011flayacakt\u0131r.<\/li>\n\n\n\n<li>Marka ve \u00fcreticilerin sundu\u011fu garantileri inceleyin. G\u00fcvenilir markalar genellikle uzun s\u00fcreli garantiler ve servis hizmeti ile desteklenen \u00fcr\u00fcnler sunar.<\/li>\n\n\n\n<li>Ofis dekorasyonunu yeniden yapmak yerine, mevcut ofis dekorasyonu ile uyumlu makam masas\u0131 modellerini se\u00e7mek ek maliyetleri \u00f6nleyebilir.<\/li>\n<\/ul>\n\n\n\n<p>Makam masas\u0131 al\u0131m\u0131nda fiyat ve b\u00fct\u00e7e konusunda bilin\u00e7li se\u00e7imler yapmak, i\u015fletme kaynaklar\u0131n\u0131 optimal \u015fekilde kullanman\u0131n yan\u0131 s\u0131ra ofis dekorasyonunuza de\u011fer katar ve \u00e7al\u0131\u015fma ortam\u0131n\u0131z\u0131 profesyonel bir g\u00f6r\u00fcn\u00fcme kavu\u015fturur.<\/p>\n\n\n\n<h2 class=\"wp-block-heading\" id=\"garanti-ve-servis-hizmetlerinin-\u00f6nemi\">Garanti ve Servis Hizmetlerinin \u00d6nemi<\/h2>\n\n\n\n<p>Makam masas\u0131 modelleri, ofis dekorasyonunun vazge\u00e7ilmez unsurlar\u0131ndan biridir. Bu mobilyalar, y\u00f6neticinin i\u015flevselli\u011fi ve \u015firketin prestiji a\u00e7\u0131s\u0131ndan b\u00fcy\u00fck \u00f6nem ta\u015f\u0131r. Bu y\u00fczden makam masas\u0131 se\u00e7erken garanti ve servis hizmetlerinin \u00f6nemi g\u00f6z ard\u0131 edilmemelidir.<\/p>\n\n\n\n<ul class=\"wp-block-list\">\n<li>Uzun Vadeli Yat\u0131r\u0131m: Kaliteli bir makam masas\u0131, uzun vadeli bir yat\u0131r\u0131md\u0131r. Garanti, \u00fcr\u00fcn\u00fcn uzun s\u00fcre g\u00fcvenilir olaca\u011f\u0131n\u0131n ve olas\u0131 problemlere kar\u015f\u0131 korunaca\u011f\u0131n\u0131n bir g\u00f6stergesidir.<\/li>\n\n\n\n<li>\u00dcr\u00fcn G\u00fcvenilirli\u011fi: Garanti, \u00fcr\u00fcn\u00fcn kalite ve dayan\u0131kl\u0131l\u0131k standartlar\u0131n\u0131 kar\u015f\u0131lad\u0131\u011f\u0131n\u0131n bir i\u015faretidir. Bu g\u00fcven, y\u00f6neticinin \u00e7al\u0131\u015fma ortam\u0131na duydu\u011fu memnuniyeti art\u0131r\u0131r ve olumlu bir i\u015f ortam\u0131na katk\u0131da bulunur.<\/li>\n\n\n\n<li>Servis ve Bak\u0131m Kolayl\u0131\u011f\u0131: Makam masas\u0131nda ya\u015fanabilecek herhangi bir sorun ya da ar\u0131za durumunda, kaliteli servis hizmeti, sorunun h\u0131zl\u0131 ve etkili bir \u015fekilde \u00e7\u00f6z\u00fclmesini sa\u011flar. Bak\u0131m kolayl\u0131\u011f\u0131, ofis dekorasyonunun estetik g\u00f6r\u00fcn\u00fcm\u00fcn\u00fcn korunmas\u0131na yard\u0131mc\u0131 olur.<\/li>\n\n\n\n<li>Maliyet Etkinli\u011fi: Garantili \u00fcr\u00fcnler, olas\u0131 ar\u0131zalar kar\u015f\u0131s\u0131nda ek maliyet yaratmaz. Bu durum, ofis y\u00f6netiminin b\u00fct\u00e7e planlamas\u0131n\u0131 da olumlu y\u00f6nde etkiler.<\/li>\n\n\n\n<li>M\u00fc\u015fteri Memnuniyeti: Kusursuz bir garanti ve servis hizmeti, m\u00fc\u015fteri memnuniyetini art\u0131ran kritik bir fakt\u00f6rd\u00fcr. Bu memnuniyet, marka sadakatini g\u00fc\u00e7lendirir ve uzun s\u00fcreli m\u00fc\u015fteri ili\u015fkilerini olu\u015fturur.<\/li>\n<\/ul>\n\n\n\n<p>Garanti ve servis hizmetleri, makam masas\u0131 al\u0131m\u0131nda \u00f6nemli kriterlerdir ve do\u011fru se\u00e7im, ofis dekorasyonunu olumlu bir \u015fekilde etkileyece\u011fi gibi, i\u015fletmenin operasyonel s\u00fcre\u00e7lerine de katk\u0131da bulunur.<\/p>\n\n\n\n<h2 class=\"wp-block-heading\" id=\"tedarik\u00e7i-ve-marka-g\u00fcvenilirli\u011fi\">Tedarik\u00e7i ve Marka G\u00fcvenilirli\u011fi<\/h2>\n\n\n\n<p>Profesyonel bir ofis ortam\u0131n\u0131n vazge\u00e7ilmez unsurlar\u0131ndan biri olan makam masalar\u0131, hem i\u015flevsel hem de estetik a\u00e7\u0131dan \u00f6nemli bir rol oynar. Bu nedenle, makam masas\u0131 se\u00e7iminde tedarik\u00e7i ve marka g\u00fcvenilirli\u011fi kritik \u00f6neme sahiptir. G\u00fcvenilir bir tedarik\u00e7i veya markadan al\u0131nan makam masalar\u0131, uzun vadede ofis dekorasyonunuza katk\u0131da bulunacak ve olas\u0131 sorunlar\u0131 en aza indirecektir.<\/p>\n\n\n\n<h3 class=\"wp-block-heading\" id=\"se\u00e7im-yaparken-dikkat-edilecek-hususlar\">Se\u00e7im Yaparken Dikkat Edilecek Hususlar:<\/h3>\n\n\n\n<ul class=\"wp-block-list\">\n<li>Referanslar ve \u0130tibar:\u00a0Tedarik\u00e7i veya markan\u0131n \u00f6nceki m\u00fc\u015fterilerinden al\u0131nan geri bildirimler, kalitesi ve hizmet standard\u0131 hakk\u0131nda bilgi sa\u011flar.<\/li>\n\n\n\n<li>Kalite Sertifikalar\u0131:\u00a0ISO gibi uluslararas\u0131 standartlara ve kalite belgelerine sahip olmas\u0131, \u00fcr\u00fcn\u00fcn g\u00fcvenilirli\u011fini artt\u0131r\u0131r.<\/li>\n\n\n\n<li>Garanti S\u00fcresi:\u00a0Uzun garanti s\u00fcreleri, tedarik\u00e7inin \u00fcr\u00fcn\u00fcne olan g\u00fcvenini ve arkas\u0131nda durdu\u011funu g\u00f6sterir.<\/li>\n\n\n\n<li>M\u00fc\u015fteri Hizmetleri:\u00a0Etkili bir m\u00fc\u015fteri hizmetleri deste\u011fi, olas\u0131 sorunlarda h\u0131zl\u0131 ve pratik \u00e7\u00f6z\u00fcmler sunar.<\/li>\n\n\n\n<li>Malzeme Kalitesi:\u00a0Kullan\u0131lan malzemelerin kalitesi, masan\u0131n dayan\u0131kl\u0131l\u0131\u011f\u0131 ve esteti\u011fini do\u011frudan etkiler.<\/li>\n\n\n\n<li>Tasar\u0131m ve Yenilik\u00e7ilik:\u00a0Trendlere ayak uyduran ve yenilik\u00e7i tasar\u0131mlar sunan markalar, modern ofis dekorasyonuna katk\u0131 sa\u011flar.<\/li>\n<\/ul>\n\n\n\n<p>G\u00fcvenilir bir tedarik\u00e7i, b\u00fcy\u00fck bir yat\u0131r\u0131m olan makam masas\u0131 al\u0131m\u0131 i\u00e7in her zaman \u00f6nemlidir. Bu yat\u0131r\u0131m\u0131n verimini maksimize etmek ve ofisinizin \u015f\u0131kl\u0131\u011f\u0131n\u0131 ve profesyonelli\u011fini art\u0131rmak i\u00e7in marka ve tedarik\u00e7i se\u00e7imi titizlikle yap\u0131lmal\u0131d\u0131r. Kaliteli bir makam masas\u0131, sadece i\u015flevsel bir ihtiyac\u0131 kar\u015f\u0131lamakla kalmaz, ayn\u0131 zamanda ofis atmosferinizi de y\u00fckselten bir fakt\u00f6rd\u00fcr.<\/p>\n\n\n\n<h2 class=\"wp-block-heading\" id=\"sekt\u00f6rel-trendler-ve-yenilik\u00e7i-makam-masas\u0131-\u00f6zellikleri\">Sekt\u00f6rel Trendler ve Yenilik\u00e7i Makam Masas\u0131 \u00d6zellikleri<\/h2>\n\n\n\n<p>Ofis mobilyalar\u0131, \u00f6zellikle de makam masalar\u0131, son y\u0131llarda bir dizi yenilik ve trendin etkisi alt\u0131nda evrimle\u015fmi\u015ftir. G\u00fcn\u00fcm\u00fczde y\u00f6netici masalar\u0131, sadece fonksiyonellikleriyle de\u011fil, ayn\u0131 zamanda estetik ve teknolojik \u00f6zellikleriyle de \u00f6n plana \u00e7\u0131kmaktad\u0131r. \u0130\u015f d\u00fcnyas\u0131ndaki en son sekt\u00f6rel trendler ve yenilik\u00e7i \u00f6zelliklere bir g\u00f6z atal\u0131m:<\/p>\n\n\n\n<ul class=\"wp-block-list\">\n<li>Ergonomi: Y\u00f6netici masalar\u0131, kullan\u0131c\u0131n\u0131n konforunu ve sa\u011fl\u0131\u011f\u0131n\u0131 destekleyecek \u015fekilde tasarlan\u0131r. Ayarlanabilir y\u00fckseklik ve e\u011fim \u00f6zellikleri, uzun saatler boyunca \u00e7al\u0131\u015fmak zorunda olan y\u00f6neticiler i\u00e7in olduk\u00e7a \u00f6nemlidir.<\/li>\n\n\n\n<li>Ak\u0131ll\u0131 Saklama \u00c7\u00f6z\u00fcmleri: Modern makam masalar\u0131, gizli b\u00f6lmeler ve ak\u0131ll\u0131 saklama \u00fcniteleri ile geli\u015fmi\u015f depolama \u00e7\u00f6z\u00fcmleri sunar. B\u00f6ylece masan\u0131n \u00fczeri daha d\u00fczenli ve \u015f\u0131k bir g\u00f6r\u00fcn\u00fcm kazan\u0131r.<\/li>\n\n\n\n<li>Entegre Teknoloji: USB \u015farj noktalar\u0131, kablosuz \u015farj \u00fcniteleri ve veri portlar\u0131 masaya entegre edilerek, i\u015flevsellik art\u0131r\u0131l\u0131r ve masa\u00fcst\u00fc da\u011f\u0131n\u0131kl\u0131\u011f\u0131n\u0131 \u00f6nler.<\/li>\n\n\n\n<li>S\u00fcrd\u00fcr\u00fclebilir Malzemeler: \u00c7evreci ofis trendinin bir par\u00e7as\u0131 olarak, y\u00f6netici masalar\u0131nda s\u00fcrd\u00fcr\u00fclebilir kaynaklardan elde edilen malzemeler kullan\u0131lmaya ba\u015flanm\u0131\u015ft\u0131r. Bu malzemeler, do\u011fal ah\u015fap kaplamalar veya geri d\u00f6n\u00fc\u015ft\u00fcr\u00fclm\u00fc\u015f metaller olabilir.<\/li>\n\n\n\n<li>Mod\u00fcler Tasar\u0131m: \u0130\u015flevselli\u011fin ve esnekli\u011fin \u00f6nem kazand\u0131\u011f\u0131 g\u00fcn\u00fcm\u00fczde, mod\u00fcler yap\u0131daki makam masalar\u0131 giderek pop\u00fclerle\u015fmektedir. Mod\u00fcler masalar, ofis ortam\u0131ndaki de\u011fi\u015fikliklere kolayca uyum sa\u011flar ve farkl\u0131 \u00e7al\u0131\u015fma tarzlar\u0131na cevap verir.<\/li>\n\n\n\n<li>Ki\u015fiselle\u015ftirme: Ki\u015fiselle\u015ftirilebilir makam masalar\u0131, renginden malzemesine, \u015feklinden fonksiyonel \u00f6zelliklerine kadar her y\u00f6n\u00fcyle y\u00f6neticinin zevkine ve ihtiya\u00e7lar\u0131na g\u00f6re d\u00fczenlenebilir.<\/li>\n<\/ul>\n\n\n\n<p>Bu yenilikler, ofis dekorasyonuna dinamizm ve modernizm katmakla kalmaz, ayn\u0131 zamanda kullan\u0131c\u0131n\u0131n verimlili\u011fini ve ofis i\u00e7indeki konforunu da maksimize eder.<\/p>\n\n\n\n<h2 class=\"wp-block-heading\" id=\"s\u00fcrd\u00fcr\u00fclebilirlik-ve-\u00e7evre-dostu-malzemeler\">S\u00fcrd\u00fcr\u00fclebilirlik ve \u00c7evre Dostu Malzemeler<\/h2>\n\n\n\n<p>Makam masas\u0131 modelleri, ofis dekorasyonunun temel ta\u015flar\u0131ndan biri olarak kabul edilirken, g\u00fcn\u00fcm\u00fczde s\u00fcrd\u00fcr\u00fclebilirlik ve \u00e7evre dostu malzemeler kullan\u0131m\u0131 giderek daha fazla \u00f6nem kazanmaktad\u0131r. S\u00fcrd\u00fcr\u00fclebilir ofis mobilyalar\u0131, kaynaklar\u0131n verimli kullan\u0131m\u0131n\u0131 te\u015fvik ederken, \u00e7evresel etkiyi de azaltmay\u0131 hedefler.<\/p>\n\n\n\n<ul class=\"wp-block-list\">\n<li>Yenilenebilir Kaynaklardan \u00dcretilmi\u015f Mobilyalar:\u00a0Makam masalar\u0131 i\u00e7in kullan\u0131lan ah\u015fap malzemelerin sertifikal\u0131 ormanlardan elde edilmesi, do\u011fal habitatlar\u0131n korunmas\u0131na ve ormans\u0131zla\u015fma ile m\u00fccadeleye katk\u0131 sa\u011flar. FSC (Forest Stewardship Council) gibi kurulu\u015flar taraf\u0131ndan sertifikal\u0131 ah\u015fap \u00fcr\u00fcnler, sorumlu orman y\u00f6netiminin bir g\u00f6stergesidir.<\/li>\n\n\n\n<li>Gerid\u00f6n\u00fc\u015ft\u00fcr\u00fclm\u00fc\u015f ve Gerid\u00f6n\u00fc\u015ft\u00fcr\u00fclebilir Malzemeler:\u00a0Cam, metal ve plastik gibi malzemelerin geri d\u00f6n\u00fc\u015ft\u00fcr\u00fclm\u00fc\u015f versiyonlar\u0131ndan yap\u0131lan ofis mobilyalar\u0131, at\u0131k azaltmay\u0131 destekleyerek \u00e7evresel ayak izini d\u00fc\u015f\u00fcr\u00fcr. Ayr\u0131ca, masan\u0131n \u00f6mr\u00fcn\u00fcn sonunda malzemelerin tekrar geri d\u00f6n\u00fc\u015ft\u00fcr\u00fclmesi m\u00fcmk\u00fcnd\u00fcr.<\/li>\n\n\n\n<li>D\u00fc\u015f\u00fck Zararl\u0131 Emisyonlar:\u00a0Mobilya \u00fcretim s\u00fcre\u00e7lerinde kullan\u0131lan yap\u0131\u015ft\u0131r\u0131c\u0131lar ve boya malzemeleri, i\u00e7 mekan hava kalitesini olumsuz etkileyebilir. Bu nedenle, d\u00fc\u015f\u00fck VOC (U\u00e7ucu Organik Bile\u015fenler) emisyonlar\u0131na sahip malzemelerin kullan\u0131m\u0131, hem \u00e7al\u0131\u015fan sa\u011fl\u0131\u011f\u0131n\u0131 korur hem de \u00e7evreye olan etkiyi azalt\u0131r.<\/li>\n\n\n\n<li>Enerji Verimlili\u011fi ve At\u0131k Minimizasyonu:\u00a0\u00dcretim s\u0131ras\u0131nda enerji verimlili\u011fi ve at\u0131k minimizasyonu prensiplerini benimseyen firmalar, s\u00fcrd\u00fcr\u00fclebilir makam masas\u0131 \u00fcretiminde \u00f6nc\u00fc olabilirler. Enerji t\u00fcketimini d\u00fc\u015f\u00fcrmek ve \u00fcretim at\u0131klar\u0131n\u0131 azaltmak, t\u00fcm ekosistemi olumlu y\u00f6nde etkiler.<\/li>\n<\/ul>\n\n\n\n<p>Ofis dekorasyonu planlarken, s\u00fcrd\u00fcr\u00fclebilir makam masas\u0131 modellerini tercih etmek, kurumlar\u0131n \u00e7evre konusunda sorumluluk almas\u0131 ve korporatif s\u00fcrd\u00fcr\u00fclebilirlik vizyonunu desteklemesi anlam\u0131na gelir. Kurumlar, bu \u015fekilde hem tasar\u0131m esteti\u011fini hem de \u00e7evre dostu yakla\u015f\u0131mlar\u0131n\u0131 yans\u0131tabilirler.<\/p>","protected":false},"excerpt":{"rendered":"<p>Pellentesque feugiat, sem id interdum molestie, libero nibh imperdiet velit, sodales elementum enim sem sed lectus. Vivamus viverra diam congue tristique pellentesque. Proin efficitur est vel lectus ultrices rhoncus eu ut lacus. In gravida leo at justo lobortis, vitae aliquet justo vehicula. Maecenas at facilisis ex. Curabitur cursus, ex id efficitur ultrices, sapien mauris sodales<\/p>","protected":false},"author":10,"featured_media":28682,"comment_status":"closed","ping_status":"closed","sticky":false,"template":"","format":"standard","meta":{"_monsterinsights_skip_tracking":false,"_monsterinsights_sitenote_active":false,"_monsterinsights_sitenote_note":"","_monsterinsights_sitenote_category":0,"footnotes":""},"categories":[404,406,408],"tags":[],"class_list":["post-28679","post","type-post","status-publish","format-standard","has-post-thumbnail","hentry","category-is-dunyasi","category-ofis-dekorasyonu","category-ofis-mobilyalari"],"_links":{"self":[{"href":"https:\/\/kuansofis.com\/en\/wp-json\/wp\/v2\/posts\/28679","targetHints":{"allow":["GET"]}}],"collection":[{"href":"https:\/\/kuansofis.com\/en\/wp-json\/wp\/v2\/posts"}],"about":[{"href":"https:\/\/kuansofis.com\/en\/wp-json\/wp\/v2\/types\/post"}],"author":[{"embeddable":true,"href":"https:\/\/kuansofis.com\/en\/wp-json\/wp\/v2\/users\/10"}],"replies":[{"embeddable":true,"href":"https:\/\/kuansofis.com\/en\/wp-json\/wp\/v2\/comments?post=28679"}],"version-history":[{"count":1,"href":"https:\/\/kuansofis.com\/en\/wp-json\/wp\/v2\/posts\/28679\/revisions"}],"predecessor-version":[{"id":137793,"href":"https:\/\/kuansofis.com\/en\/wp-json\/wp\/v2\/posts\/28679\/revisions\/137793"}],"wp:featuredmedia":[{"embeddable":true,"href":"https:\/\/kuansofis.com\/en\/wp-json\/wp\/v2\/media\/28682"}],"wp:attachment":[{"href":"https:\/\/kuansofis.com\/en\/wp-json\/wp\/v2\/media?parent=28679"}],"wp:term":[{"taxonomy":"category","embeddable":true,"href":"https:\/\/kuansofis.com\/en\/wp-json\/wp\/v2\/categories?post=28679"},{"taxonomy":"post_tag","embeddable":true,"href":"https:\/\/kuansofis.com\/en\/wp-json\/wp\/v2\/tags?post=28679"}],"curies":[{"name":"wp","href":"https:\/\/api.w.org\/{rel}","templated":true}]}}