{"id":28675,"date":"2025-07-08T17:02:42","date_gmt":"2025-07-08T14:02:42","guid":{"rendered":"https:\/\/kuansofis.com\/?p=28675"},"modified":"2026-01-13T15:01:36","modified_gmt":"2026-01-13T12:01:36","slug":"modern-ve-fonksiyonel-calisma-masasi-tasarim-fikirleri","status":"publish","type":"post","link":"https:\/\/kuansofis.com\/en\/modern-ve-fonksiyonel-calisma-masasi-tasarim-fikirleri\/","title":{"rendered":"Modern ve Fonksiyonel \u00c7al\u0131\u015fma Masas\u0131 Tasar\u0131m Fikirleri"},"content":{"rendered":"<h2 class=\"wp-block-heading\">Ev Ofisi \u0130\u00e7in \u0130deal \u00c7al\u0131\u015fma Masas\u0131 \u00d6zellikleri<\/h2>\n\n\n\n<p>Ev ofisi i\u00e7in ideal bir \u00e7al\u0131\u015fma masas\u0131, hem ergonomi hem de fonksiyonellik a\u00e7\u0131s\u0131ndan belirli \u00f6zelliklere sahip olmal\u0131d\u0131r. \u0130\u015fte bu \u00f6zelliklerden baz\u0131lar\u0131:<\/p>\n\n\n\n<ul class=\"wp-block-list\">\n<li>Ergonomik Tasar\u0131m:\u00a0Uzun saatler boyunca konfor sa\u011flamak i\u00e7in ayarlanabilir y\u00fckseklik ve e\u011fim \u00f6zellikleri.<\/li>\n\n\n\n<li>Yeterli \u00c7al\u0131\u015fma Alan\u0131:\u00a0\u00c7e\u015fitli ofis ara\u00e7lar\u0131na ve belgelere ev sahipli\u011fi yapabilecek geni\u015f y\u00fczey alan\u0131.<\/li>\n\n\n\n<li>Sa\u011flam Yap\u0131:\u00a0Dayan\u0131kl\u0131 malzemelerden \u00fcretilmi\u015f, uzun s\u00fcreli kullan\u0131ma uygun sa\u011flaml\u0131k.<\/li>\n\n\n\n<li>Depolama \u00c7\u00f6z\u00fcmleri:\u00a0Kitaplar, k\u0131rtasiye malzemeleri ve di\u011fer ofis gere\u00e7leri i\u00e7in yerle\u015fik raflar veya \u00e7ekmeceler.<\/li>\n\n\n\n<li>Kablolar \u0130\u00e7in Y\u00f6netim Sistemi:\u00a0Masan\u0131n d\u00fczenli kalmas\u0131n\u0131 sa\u011flayan kablo delikleri veya kanallar\u0131.<\/li>\n\n\n\n<li>Estetik G\u00f6r\u00fcn\u00fcm:\u00a0Ev ofisinizin genel dekorasyonuna uyum sa\u011flayacak tasar\u0131m ve renk se\u00e7enekleri.<\/li>\n<\/ul>\n\n\n\n<p>Etkili bir \u00e7al\u0131\u015fma alan\u0131 i\u00e7in bu \u00f6zelliklerin masan\u0131zda bulunmas\u0131 i\u015f verimlili\u011finizi art\u0131racakt\u0131r.<\/p>\n\n\n\n<h2 class=\"wp-block-heading\" id=\"\u00e7al\u0131\u015fma-alan\u0131n\u0131za-g\u00f6re-masa-se\u00e7im-fakt\u00f6rleri\">\u00c7al\u0131\u015fma Alan\u0131n\u0131za G\u00f6re Masa Se\u00e7im Fakt\u00f6rleri<\/h2>\n\n\n\n<ul class=\"wp-block-list\">\n<li>Alan\u0131n B\u00fcy\u00fckl\u00fc\u011f\u00fc: Masa, \u00e7al\u0131\u015fma alan\u0131n\u0131za s\u0131\u011facak b\u00fcy\u00fckl\u00fckte olmal\u0131d\u0131r; \u00e7ok b\u00fcy\u00fck veya \u00e7ok k\u00fc\u00e7\u00fck olmamal\u0131d\u0131r.<\/li>\n\n\n\n<li>Ergonomi: Uzun saatler \u00e7al\u0131\u015fmay\u0131 gerektiren i\u015fler i\u00e7in ergonomik masalar tercih edilmelidir. Y\u00fckseklik ayarlanabilirlik \u00f6zelli\u011fi, v\u00fccut duru\u015funu destekleyen tasar\u0131mlar \u00f6nemlidir.<\/li>\n\n\n\n<li>Depolama \u0130htiyac\u0131: G\u00f6mme raflar, \u00e7ekmeceler ve dolaplar gibi depolama birimleri, gerekli belge ve ofis malzemelerinin d\u00fczenli bir \u015fekilde saklanabilmesi i\u00e7in d\u00fc\u015f\u00fcn\u00fclmelidir.<\/li>\n\n\n\n<li>Tasar\u0131m ve Estetik: \u00c7al\u0131\u015fma alan\u0131n\u0131n genel dekorasyonuna uyum sa\u011flayacak tasar\u0131m, renk ve materyal se\u00e7imi psikolojik rahatl\u0131k sa\u011flar.<\/li>\n\n\n\n<li>Teknoloji Entegrasyonu: Masa, kablo y\u00f6netimi i\u00e7in \u00f6zel b\u00f6lmeler i\u00e7ermeli ve gerekti\u011finde elektronik cihazlar\u0131 kolayca entegre edebilmelidir.<\/li>\n\n\n\n<li>Dayan\u0131kl\u0131l\u0131k ve Malzeme Kalitesi: Uzun \u00f6m\u00fcrl\u00fc kullan\u0131m i\u00e7in kaliteli malzemeden yap\u0131lm\u0131\u015f masalar tercih edilmelidir.<\/li>\n<\/ul>\n\n\n\n<p>Bu fakt\u00f6rler g\u00f6z \u00f6n\u00fcnde bulundurularak se\u00e7ilen \u00e7al\u0131\u015fma masas\u0131, hem i\u015flevsellik hem de estetik a\u00e7\u0131dan memnuniyet sa\u011flayacakt\u0131r.<\/p>\n\n\n\n<h2 class=\"wp-block-heading\" id=\"modern-\u00e7al\u0131\u015fma-masas\u0131-modelleri-ve-avantajlar\u0131\">Modern \u00c7al\u0131\u015fma Masas\u0131 Modelleri ve Avantajlar\u0131<\/h2>\n\n\n\n<p>Modern \u00e7al\u0131\u015fma masas\u0131 modelleri, ergonomik yap\u0131lar\u0131 ve \u015f\u0131k tasar\u0131mlar\u0131yla \u00f6ne \u00e7\u0131kar. Bu masalar, genellikle \u00e7ok fonksiyonlu \u00f6zellikler sunarak kullan\u0131c\u0131lar\u0131n ihtiya\u00e7lar\u0131na cevap verir. A\u015fa\u011f\u0131da, modern \u00e7al\u0131\u015fma masalar\u0131n\u0131n avantajlar\u0131ndan baz\u0131lar\u0131 s\u0131ralanm\u0131\u015ft\u0131r:<\/p>\n\n\n\n<ul class=\"wp-block-list\">\n<li>Ergonomik Tasar\u0131m: Uzun s\u00fcreli kullan\u0131m i\u00e7in uygun, v\u00fccut duru\u015funu destekleyen ve yorgunlu\u011fu minimuma indiren tasar\u0131mlar.<\/li>\n\n\n\n<li>\u00c7ok Fonksiyonlu B\u00f6l\u00fcmler: \u00c7e\u015fitli g\u00f6zler, raflar ve \u00e7ekmeceler ile kullan\u0131c\u0131n\u0131n t\u00fcm ara\u00e7lar\u0131na kolay eri\u015fim sa\u011flar.<\/li>\n\n\n\n<li>Ak\u0131ll\u0131 Kablolama Sistemleri: Kablo kar\u0131\u015f\u0131kl\u0131\u011f\u0131n\u0131 \u00f6nleyerek masan\u0131n d\u00fczenli kalmas\u0131na yard\u0131mc\u0131 olur.<\/li>\n\n\n\n<li>Esnek ve Yeniden D\u00fczenlenebilir Yap\u0131lar: Kullan\u0131m al\u0131\u015fkanl\u0131klar\u0131na g\u00f6re ayarlanabilen mod\u00fcler par\u00e7alar.<\/li>\n\n\n\n<li>\u015e\u0131k ve Modern G\u00f6r\u00fcn\u00fcm: Ofis veya ev \u00e7al\u0131\u015fma alan\u0131n\u0131 estetik anlamda zenginle\u015ftiren \u00e7e\u015fitli renk ve materyal se\u00e7enekleri.<\/li>\n<\/ul>\n\n\n\n<p>B\u00f6ylece, kullan\u0131c\u0131lar hem rahat bir \u00e7al\u0131\u015fma deneyimi ya\u015far hem de \u00e7al\u0131\u015fma alanlar\u0131n\u0131 modern bir g\u00f6r\u00fcn\u00fcme kavu\u015ftururlar.<\/p>\n\n\n\n<h2 class=\"wp-block-heading\" id=\"ergonomik-\u00e7al\u0131\u015fma-masas\u0131-modelleri-ve-sa\u011fl\u0131k-\u00fczerindeki-etkileri\">Ergonomik \u00c7al\u0131\u015fma Masas\u0131 Modelleri ve Sa\u011fl\u0131k \u00dczerindeki Etkileri<\/h2>\n\n\n\n<p>Ergonomik \u00e7al\u0131\u015fma masalar\u0131, uzun s\u00fcreli oturumlar s\u0131ras\u0131nda yorgunluk ve zararl\u0131 duru\u015f bi\u00e7imlerini azaltmak \u00fczere tasarlanm\u0131\u015ft\u0131r. Bu masalar, kullan\u0131c\u0131lar\u0131na uyum sa\u011flayabilen ayarlanabilir \u00f6zelliklere sahiptir. Ergonomik masa modelleri aras\u0131nda ayakta \u00e7al\u0131\u015fma imk\u00e2n\u0131 sa\u011flayan y\u00fckseklik ayarl\u0131 masalar ve e\u011fim ayarl\u0131 y\u00fczeyleri bulunan modeller dikkat \u00e7eker.<\/p>\n\n\n\n<ul class=\"wp-block-list\">\n<li>Ayarlanabilir \u00f6zellikler, farkl\u0131 v\u00fccut tiplerine uyum sa\u011flayarak omurga sa\u011fl\u0131\u011f\u0131n\u0131 korur.<\/li>\n\n\n\n<li>Bel ve boyun deste\u011fi sayesinde kas gerginli\u011fi ve a\u011fr\u0131lar\u0131 azal\u0131r.<\/li>\n\n\n\n<li>Duru\u015fun d\u00fczelmesi, konsantrasyon ve verimlili\u011fi art\u0131r\u0131r.<\/li>\n\n\n\n<li>Dinamik \u00e7al\u0131\u015fma ortamlar\u0131, hareketlili\u011fi te\u015fvik edip, dola\u015f\u0131m\u0131 iyile\u015ftirir.<\/li>\n<\/ul>\n\n\n\n<p>Sa\u011fl\u0131kl\u0131 bir \u00e7al\u0131\u015fma alan\u0131 i\u00e7in ergonomik masa kullan\u0131m\u0131, fiziksel rahatl\u0131kla birlikte zihinsel sa\u011fl\u0131\u011fa da katk\u0131 sa\u011flar. Bu, i\u015f ya\u015fam kalitesini \u00f6nemli \u00f6l\u00e7\u00fcde iyile\u015ftirir.<\/p>\n\n\n\n<h2 class=\"wp-block-heading\" id=\"k\u00fc\u00e7\u00fck-alanlar-i\u0307\u00e7in-pratik-\u00e7al\u0131\u015fma-masas\u0131-\u00e7\u00f6z\u00fcmleri\">K\u00fc\u00e7\u00fck Alanlar \u0130\u00e7in Pratik \u00c7al\u0131\u015fma Masas\u0131 \u00c7\u00f6z\u00fcmleri<\/h2>\n\n\n\n<p>K\u00fc\u00e7\u00fck mekanlarda \u00e7al\u0131\u015fma alan\u0131 olu\u015fturmak, yarat\u0131c\u0131l\u0131k ve ak\u0131ll\u0131 tasar\u0131m\u0131 gerektirir. A\u015fa\u011f\u0131daki \u00e7\u00f6z\u00fcmler, s\u0131n\u0131rl\u0131 alanlarda maksimum verimlilik sa\u011flamaya yard\u0131mc\u0131 olabilir:<\/p>\n\n\n\n<ul class=\"wp-block-list\">\n<li>Katlanabilir veya A\u00e7\u0131l\u0131r Masalar:\u00a0Duvara monte edilen katlanabilir masalar, kullan\u0131lmad\u0131\u011f\u0131nda yer kaplamaz ve ihtiya\u00e7 halinde kolayca a\u00e7\u0131labilir.<\/li>\n\n\n\n<li>K\u00f6\u015fe Masalar\u0131:\u00a0K\u00f6\u015feler genellikle at\u0131l kal\u0131r. K\u00f6\u015fe \u00e7al\u0131\u015fma istasyonlar\u0131, bu alanlar\u0131 etkili bir \u015fekilde de\u011ferlendirmenize olanak tan\u0131r.<\/li>\n\n\n\n<li>Rafl\u0131 Masalar:\u00a0Dikey depolama alanlar\u0131na sahip masa tasar\u0131mlar\u0131, s\u0131n\u0131rl\u0131 zemin alan\u0131n\u0131 daha verimli kullanman\u0131z\u0131 sa\u011flar.<\/li>\n\n\n\n<li>\u00c7ok Ama\u00e7l\u0131 Mobilyalar:\u00a0Yata\u011f\u0131n alt\u0131nda saklanabilen veya ba\u015fka bir mobilya par\u00e7as\u0131n\u0131n i\u00e7ine yerle\u015ftirilebilen masalar, \u00e7ok i\u015flevliliktir.<\/li>\n<\/ul>\n\n\n\n<p>Bu ak\u0131ll\u0131 tasar\u0131m \u00e7\u00f6z\u00fcmleri, k\u00fc\u00e7\u00fck alanlar\u0131n rahat ve \u00fcretken \u00e7al\u0131\u015fma ortamlar\u0131na d\u00f6n\u00fc\u015fmesini sa\u011flar.<\/p>\n\n\n\n<h2 class=\"wp-block-heading\" id=\"\u00e7al\u0131\u015fma-masas\u0131-se\u00e7erken-yap\u0131lan-yayg\u0131n-hatalar\">\u00c7al\u0131\u015fma Masas\u0131 Se\u00e7erken Yap\u0131lan Yayg\u0131n Hatalar<\/h2>\n\n\n\n<ul class=\"wp-block-list\">\n<li>Yeterince ara\u015ft\u0131rma yapmamak ve acele bir se\u00e7im yapmak. Kullan\u0131c\u0131lar\u0131n ihtiya\u00e7lar\u0131 g\u00f6z \u00f6n\u00fcnde bulundurulmadan yap\u0131lan kararlar sonradan pi\u015fmanl\u0131k yaratabilir.<\/li>\n\n\n\n<li>Fiyat odakl\u0131 d\u00fc\u015f\u00fcnmek ve kaliteden \u00f6d\u00fcn vermek. Ucuz se\u00e7enekler ba\u015fta \u00e7ekici g\u00f6r\u00fcnse de, kalitesiz malzemeler i\u015flevsellik ve dayan\u0131kl\u0131l\u0131k sorunlar\u0131na yol a\u00e7abilir.<\/li>\n\n\n\n<li>Ergonomiye yeterince \u00f6nem vermemek. Uzun saatler boyunca kullan\u0131lan \u00e7al\u0131\u015fma masalar\u0131n\u0131n v\u00fccut post\u00fcr\u00fcn\u00fc desteklemesi gerekmekte, aksi halde sa\u011fl\u0131k sorunlar\u0131 olu\u015fabilir.<\/li>\n\n\n\n<li>Mekan boyutlar\u0131n\u0131 hesaba katmamak. \u00c7al\u0131\u015fma alan\u0131na b\u00fcy\u00fck ya da k\u00fc\u00e7\u00fck gelen masalar, verimli bir \u00e7al\u0131\u015fma ortam\u0131n\u0131 engelleyebilir.<\/li>\n\n\n\n<li>Depolama alanlar\u0131 ve d\u00fczenleme olanaklar\u0131n\u0131 g\u00f6z ard\u0131 etmek. Yeterli depolama alan\u0131 olmayan masalar da\u011f\u0131n\u0131kl\u0131\u011fa ve verim d\u00fc\u015f\u00fckl\u00fc\u011f\u00fcne yol a\u00e7ar.<\/li>\n<\/ul>\n\n\n\n<h2 class=\"wp-block-heading\" id=\"\u00e7al\u0131\u015fma-masan\u0131z\u0131-ki\u015fiselle\u015ftirmek-i\u00e7in-aksesuar-\u00f6nerileri\">\u00c7al\u0131\u015fma Masan\u0131z\u0131 Ki\u015fiselle\u015ftirmek i\u00e7in Aksesuar \u00d6nerileri<\/h2>\n\n\n\n<p>\u00c7al\u0131\u015fma masan\u0131z\u0131 hem fonksiyonel hem de ki\u015fisel bir alan haline getirmek i\u00e7in \u00e7e\u015fitli aksesuarlar kullanabilirsiniz. \u0130\u015fte baz\u0131 \u00f6neriler:<\/p>\n\n\n\n<p>Ki\u015fisel S\u00fcslemeler:\u00a0Foto\u011fraflar, \u00f6d\u00fcller ve ki\u015fisel ilgi alanlar\u0131n\u0131z\u0131 yans\u0131tan k\u00fc\u00e7\u00fck fig\u00fcrler masan\u0131za \u00f6zg\u00fcnl\u00fck katar.<\/p>\n\n\n\n<p>Bitkiler:\u00a0K\u00fc\u00e7\u00fck saks\u0131 bitkileri hem dekoratif hem de hava temizleyici \u00f6zellikleriyle ortama canl\u0131l\u0131k katar.<\/p>\n\n\n\n<p>Yaz\u0131 Tahtas\u0131:\u00a0Notlar\u0131n\u0131z\u0131 ve yap\u0131lacaklar listenizi yazabilece\u011finiz manyetik bir yaz\u0131 tahtas\u0131, i\u015flevsellik sa\u011flar.<\/p>\n\n\n\n<p>Organizat\u00f6rler:\u00a0Kalemlikler, dosya d\u00fczenleyiciler ve kablo toplay\u0131c\u0131lar masan\u0131z\u0131n d\u00fczenli kalmas\u0131na yard\u0131mc\u0131 olur.<\/p>\n\n\n\n<p>Ayd\u0131nlatma:\u00a0G\u00f6z yormayan, ayarlanabilir bir masa lambas\u0131, odaklanman\u0131z\u0131 art\u0131r\u0131r ve verimlili\u011fi destekler.<\/p>","protected":false},"excerpt":{"rendered":"<p>Pellentesque feugiat, sem id interdum molestie, libero nibh imperdiet velit, sodales elementum enim sem sed lectus. Vivamus viverra diam congue tristique pellentesque. Proin efficitur est vel lectus ultrices rhoncus eu ut lacus. In gravida leo at justo lobortis, vitae aliquet justo vehicula. Maecenas at facilisis ex. Curabitur cursus, ex id efficitur ultrices, sapien mauris sodales<\/p>","protected":false},"author":10,"featured_media":28677,"comment_status":"closed","ping_status":"closed","sticky":false,"template":"","format":"standard","meta":{"_monsterinsights_skip_tracking":false,"_monsterinsights_sitenote_active":false,"_monsterinsights_sitenote_note":"","_monsterinsights_sitenote_category":0,"footnotes":""},"categories":[404,406,408],"tags":[],"class_list":["post-28675","post","type-post","status-publish","format-standard","has-post-thumbnail","hentry","category-is-dunyasi","category-ofis-dekorasyonu","category-ofis-mobilyalari"],"_links":{"self":[{"href":"https:\/\/kuansofis.com\/en\/wp-json\/wp\/v2\/posts\/28675","targetHints":{"allow":["GET"]}}],"collection":[{"href":"https:\/\/kuansofis.com\/en\/wp-json\/wp\/v2\/posts"}],"about":[{"href":"https:\/\/kuansofis.com\/en\/wp-json\/wp\/v2\/types\/post"}],"author":[{"embeddable":true,"href":"https:\/\/kuansofis.com\/en\/wp-json\/wp\/v2\/users\/10"}],"replies":[{"embeddable":true,"href":"https:\/\/kuansofis.com\/en\/wp-json\/wp\/v2\/comments?post=28675"}],"version-history":[{"count":1,"href":"https:\/\/kuansofis.com\/en\/wp-json\/wp\/v2\/posts\/28675\/revisions"}],"predecessor-version":[{"id":137794,"href":"https:\/\/kuansofis.com\/en\/wp-json\/wp\/v2\/posts\/28675\/revisions\/137794"}],"wp:featuredmedia":[{"embeddable":true,"href":"https:\/\/kuansofis.com\/en\/wp-json\/wp\/v2\/media\/28677"}],"wp:attachment":[{"href":"https:\/\/kuansofis.com\/en\/wp-json\/wp\/v2\/media?parent=28675"}],"wp:term":[{"taxonomy":"category","embeddable":true,"href":"https:\/\/kuansofis.com\/en\/wp-json\/wp\/v2\/categories?post=28675"},{"taxonomy":"post_tag","embeddable":true,"href":"https:\/\/kuansofis.com\/en\/wp-json\/wp\/v2\/tags?post=28675"}],"curies":[{"name":"wp","href":"https:\/\/api.w.org\/{rel}","templated":true}]}}