{"id":28642,"date":"2025-07-08T16:08:23","date_gmt":"2025-07-08T13:08:23","guid":{"rendered":"https:\/\/kuansofis.com\/?p=28642"},"modified":"2026-01-13T15:02:47","modified_gmt":"2026-01-13T12:02:47","slug":"is-yerinizi-donusturecek-modern-ve-estetik-buro-mobilyasi-onerileri","status":"publish","type":"post","link":"https:\/\/kuansofis.com\/en\/is-yerinizi-donusturecek-modern-ve-estetik-buro-mobilyasi-onerileri\/","title":{"rendered":"\u0130\u015f Yerinizi D\u00f6n\u00fc\u015ft\u00fcrecek Modern ve Estetik B\u00fcro Mobilyas\u0131 \u00d6nerileri"},"content":{"rendered":"<h2 class=\"wp-block-heading\"><strong>B\u00fcro Mobilyas\u0131n\u0131n \u00d6nemi<\/strong><\/h2>\n\n\n\n<p>Biz insanlar olarak b\u00fcy\u00fck bir zaman dilimimizi i\u015f yerlerinde ge\u00e7iriyoruz. Bu sebeple, i\u015f ortam\u0131m\u0131z\u0131n hem rahat hem de i\u015f verimlili\u011fimizi art\u0131racak \u015fekilde d\u00fczenlenmi\u015f olmas\u0131 b\u00fcy\u00fck \u00f6nem ta\u015f\u0131r. Kullan\u0131lan b\u00fcro mobilyalar\u0131, \u00e7al\u0131\u015fanlar\u0131n konforunu ve memnuniyetini do\u011frudan etkileyerek, onlar\u0131n motivasyonunu ve dolay\u0131s\u0131yla i\u015f performans\u0131n\u0131 \u00f6nemli \u00f6l\u00e7\u00fcde iyile\u015ftirebilir. Ayn\u0131 zamanda, estetik a\u00e7\u0131dan \u00e7ekici bir ofis alan\u0131 kurumsal kimli\u011fi yans\u0131t\u0131r ve m\u00fc\u015fteriler \u00fczerinde olumlu bir izlenim b\u0131rak\u0131r.<\/p>\n\n\n\n<ul class=\"wp-block-list\">\n<li>\u0130\u015f verimlili\u011fi<\/li>\n\n\n\n<li>\u00c7al\u0131\u015fan konforu ve memnuniyeti<\/li>\n\n\n\n<li>Motivasyon art\u0131\u015f\u0131<\/li>\n\n\n\n<li>Pozitif kurumsal imaj<\/li>\n<\/ul>\n\n\n\n<p>Estetik ve fonksiyonelli\u011fi bir arada bar\u0131nd\u0131ran modern b\u00fcro mobilyas\u0131 se\u00e7imleri, i\u015f yerinizi d\u00f6n\u00fc\u015ft\u00fcrmenin anahtar\u0131d\u0131r.<\/p>\n\n\n\n<h2 class=\"wp-block-heading\"><strong>Modern B\u00fcro Mobilyalar\u0131nda Tasar\u0131m Trendleri<\/strong><\/h2>\n\n\n\n<p>Modern b\u00fcro mobilyalar\u0131 tasar\u0131m trendlerinde minimalizm \u00f6n planda. Fonksiyonellik ve estetik, mobilyalar\u0131n her y\u00f6n\u00fcn\u00fc \u015fekillendiriyor. Biz minimalist \u00e7izgiler, n\u00f6tr renkler ve do\u011fal malzemelerin birle\u015fiminden olu\u015fan bir tasar\u0131m anlay\u0131\u015f\u0131n\u0131 benimsiyoruz. Ak\u0131ll\u0131 depolama \u00e7\u00f6z\u00fcmleri ile d\u00fczenli ve ferah \u00e7al\u0131\u015fma alanlar\u0131 yaratmak da bug\u00fcn\u00fcn trendleri aras\u0131nda. Ayn\u0131 zamanda, mod\u00fcler par\u00e7alar ve esnek \u00e7al\u0131\u015fma istasyonlar\u0131 esneklik sa\u011flayarak i\u015f yerlerinin dinamik ihtiya\u00e7lar\u0131na cevap veriyor. Ergonomik tasar\u0131m, kullan\u0131c\u0131n\u0131n konforu ve sa\u011fl\u0131\u011f\u0131n\u0131 destekleyecek \u015fekilde geli\u015fmeye devam ediyor. Biz, s\u00fcrd\u00fcr\u00fclebilirlik ilkesiyle \u00fcretilmi\u015f, \u00e7evre dostu materyallerin tercih edildi\u011fi \u00fcr\u00fcnlerin pop\u00fclerli\u011finin artt\u0131\u011f\u0131n\u0131 g\u00f6zlemliyoruz.<\/p>\n\n\n\n<h2 class=\"wp-block-heading\"><strong>Fonksiyonellik ve Esteti\u011fin Birle\u015fimi<\/strong><\/h2>\n\n\n\n<p>\u00c7al\u0131\u015fma ortam\u0131n\u0131zda fonksiyonellik ve esteti\u011fi bir araya getirmek, verimlili\u011fi ve memnuniyeti art\u0131r\u0131r. Bizler, mobilya se\u00e7imlerinizde hem kullan\u0131\u015fl\u0131l\u0131k hem de g\u00f6rsel \u015f\u0131kl\u0131\u011f\u0131 \u00f6n planda tutuyoruz. \u0130\u015fte \u00f6nerilerimiz:<\/p>\n\n\n\n<ul class=\"wp-block-list\">\n<li>Ergonomik Ofis Koltuklar\u0131: Uzun saatler boyunca konforlu oturmay\u0131 sa\u011flayarak, \u00e7al\u0131\u015fanlar\u0131n sa\u011fl\u0131\u011f\u0131n\u0131 korur.<\/li>\n\n\n\n<li>Ayd\u0131nlatmal\u0131 \u00c7al\u0131\u015fma Masalar\u0131: G\u00f6z yorgunlu\u011funu \u00f6nler ve odaklanmay\u0131 art\u0131r\u0131r.<\/li>\n\n\n\n<li>Mod\u00fcler Dolaplar: Hem dekoratif hem de esnek depolama \u00e7\u00f6z\u00fcmleri sunar.<\/li>\n\n\n\n<li>Duvar Panelleri: Ses yal\u0131t\u0131m\u0131 sa\u011flar ve estetik bir atmosfer yarat\u0131r.<\/li>\n\n\n\n<li>Sade Tasar\u0131mlar: Minimalist yakla\u015f\u0131m, mekan\u0131 daha ferah g\u00f6sterir.<\/li>\n<\/ul>\n\n\n\n<p>Bu unsurlar, i\u015f yerinizde hem fonksiyonel hem de estetik bir harmoni olu\u015fturman\u0131za yard\u0131mc\u0131 olur.<\/p>\n\n\n\n<h2 class=\"wp-block-heading\"><strong>Renk ve Doku Se\u00e7iminde Dikkat Edilmesi Gerekenler<\/strong><\/h2>\n\n\n\n<p>Ofis mobilyas\u0131 se\u00e7erken renk ve dokusunun i\u015f yerinizin genel atmosferiyle uyum sa\u011flamas\u0131 \u00f6nemlidir. \u0130\u015fte bu se\u00e7imleri yaparken dikkat edilmesi gereken baz\u0131 noktalar:<\/p>\n\n\n\n<ul class=\"wp-block-list\">\n<li>Renk uyumu: Mobilyalar, ofisinizin mevcut renk \u015femas\u0131na uygun olmal\u0131d\u0131r. Canl\u0131 renkler enerji verirken, pastel tonlar sakin bir ortam sa\u011flayabilir.<\/li>\n\n\n\n<li>Doku: Mobilyan\u0131n dokusu, kullan\u0131m amac\u0131na ve ofisinizin stiline uygun olmal\u0131d\u0131r. \u00d6rne\u011fin, y\u00fcksek trafik alanlar i\u00e7in dayan\u0131kl\u0131 malzemeler tercih etmek faydal\u0131 olacakt\u0131r.<\/li>\n\n\n\n<li>Mood olu\u015fturma: Renkler, insan psikolojisi \u00fczerinde \u00f6nemli etkiler yaratabilir. Do\u011fru renk se\u00e7imi, \u00e7al\u0131\u015fanlar\u0131n moralini ve verimlili\u011fini art\u0131rabilir.<\/li>\n\n\n\n<li>I\u015f\u0131k ve renk ili\u015fkisi: Ofisinizin do\u011fal ve yapay \u0131\u015f\u0131kland\u0131rmas\u0131 renklerin alg\u0131lanmas\u0131nda rol oynar. I\u015f\u0131kland\u0131rma d\u00fczeyi mobilya renk se\u00e7imlerinizi etkileyebilir.<\/li>\n<\/ul>\n\n\n\n<p>Bu noktalar\u0131 g\u00f6z \u00f6n\u00fcnde bulundurarak i\u015f yerinize hem modern hem de i\u015flevsel bir dokunu\u015f katmak m\u00fcmk\u00fcn olacakt\u0131r.<\/p>\n\n\n\n<h2 class=\"wp-block-heading\"><strong>S\u00fcrd\u00fcr\u00fclebilir ve \u00c7evre Dostu Mobilya Se\u00e7enekleri<\/strong><\/h2>\n\n\n\n<p>S\u00fcrd\u00fcr\u00fclebilir b\u00fcro mobilyalar\u0131, i\u015f yerlerinin \u00e7evresel ayak izini azaltmaya yard\u0131mc\u0131 olur. Bizler, yenilenebilir materyallerden yap\u0131lm\u0131\u015f, uzun \u00f6m\u00fcrl\u00fc ve geri d\u00f6n\u00fc\u015ft\u00fcr\u00fclebilir \u00fcr\u00fcnleri tercih ediyoruz. Mobilya se\u00e7imlerimizde;<\/p>\n\n\n\n<ul class=\"wp-block-list\">\n<li>Sertifikal\u0131 Ah\u015fap: FSC gibi kurulu\u015flar taraf\u0131ndan sertifikal\u0131 s\u00fcrd\u00fcr\u00fclebilir ormanlardan elde edilen ah\u015fab\u0131 kullanmaya \u00f6zen g\u00f6steriyoruz.<\/li>\n\n\n\n<li>Do\u011fal Materyaller: Bambu ve keten gibi yenilenebilir ve biyolojik olarak par\u00e7alanabilir materyalleri i\u00e7eren mobilyalar se\u00e7iyoruz.<\/li>\n\n\n\n<li>Yeniden Kullan\u0131m: Eski mobilyalar\u0131 yeniden kullan\u0131m veya yeniden tasar\u0131m yoluyla de\u011ferlendiriyoruz, b\u00f6ylece \u00e7\u00f6pe gitmesini engelliyoruz.<\/li>\n\n\n\n<li>D\u00fc\u015f\u00fck Emisyon: Formaldehit gibi zararl\u0131 kimyasallar\u0131n kullan\u0131m\u0131ndan ka\u00e7\u0131narak, hava kalitesine katk\u0131s\u0131n\u0131 g\u00f6zetiyoruz.<\/li>\n<\/ul>\n\n\n\n<p>S\u00fcrd\u00fcr\u00fclebilir se\u00e7imler, sa\u011fl\u0131kl\u0131 ve do\u011fa dostu bir \u00e7al\u0131\u015fma ortam\u0131 yaratmam\u0131za olanak tan\u0131r.<\/p>\n\n\n\n<h2 class=\"wp-block-heading\"><strong>Ergonomi: Sa\u011fl\u0131k ve Verimlili\u011fi Art\u0131rma<\/strong><\/h2>\n\n\n\n<p>Bizler, sa\u011fl\u0131kl\u0131 ve \u00fcretken bir \u00e7al\u0131\u015fma ortam\u0131 olu\u015fturman\u0131n, i\u015f yerindeki verimlili\u011fi do\u011frudan etkileyebilece\u011finin fark\u0131nday\u0131z. Ergonomik b\u00fcro mobilyalar\u0131 kullanmak, bu amaca hizmet eder. \u0130yi tasarlanm\u0131\u015f ofis koltuklar\u0131 ve ayarlanabilir masa gibi mobilyalar, v\u00fccut duru\u015funu iyile\u015ftirir ve uzun vadede olas\u0131 sa\u011fl\u0131k sorunlar\u0131n\u0131 \u00f6nler. \u00dcstelik, bu tarz mobilyalar \u00e7al\u0131\u015fanlar\u0131n daha az yorulmas\u0131na ve daha odaklanm\u0131\u015f olmas\u0131na olanak sa\u011flar. Bu nedenle, \u015funlar\u0131 \u00f6neriyoruz:<\/p>\n\n\n\n<ul class=\"wp-block-list\">\n<li>Ayarlanabilir y\u00fckseklikte \u00e7al\u0131\u015fma masalar\u0131<\/li>\n\n\n\n<li>Bel destekli ofis koltuklar\u0131<\/li>\n\n\n\n<li>Monit\u00f6r seviyesini ayarlamak i\u00e7in standlar<\/li>\n\n\n\n<li>Ergonomik klavye ve fare padleri<\/li>\n<\/ul>\n\n\n\n<p>Ergonomi, hem bireysel sa\u011fl\u0131k hem de toplam ekip \u00fcretkenli\u011fi a\u00e7\u0131s\u0131ndan yat\u0131r\u0131m yapmam\u0131z gereken bir aland\u0131r.<\/p>\n\n\n\n<h2 class=\"wp-block-heading\"><strong>\u00c7al\u0131\u015fma Alan\u0131n\u0131z\u0131 Y\u00fckselten Ak\u0131ll\u0131 Mobilya \u00c7\u00f6z\u00fcmleri<\/strong><\/h2>\n\n\n\n<p>Ak\u0131ll\u0131 mobilyalar, i\u015f yerinizin verimlili\u011fini ve konforunu art\u0131rmak i\u00e7in harikalar yarat\u0131r. \u0130\u015fte \u00e7al\u0131\u015fma alan\u0131n\u0131z\u0131 y\u00fckseltecek ak\u0131ll\u0131 mobilya \u00f6nerilerimiz:<\/p>\n\n\n\n<ul class=\"wp-block-list\">\n<li>Y\u00fckseklik Ayarl\u0131 \u00c7al\u0131\u015fma Masalar\u0131: Sa\u011fl\u0131k ve ergonomi a\u00e7\u0131s\u0131ndan faydal\u0131d\u0131r. Oturma ve ayakta \u00e7al\u0131\u015fma dengesini sa\u011flayarak v\u00fccut duru\u015funu iyile\u015ftiren bu masalar, uzun \u00e7al\u0131\u015fma saatlerinde konfor sunar.<\/li>\n\n\n\n<li>Entegre Teknolojili Masalar: USB portlar\u0131, kablosuz \u015farj istasyonlar\u0131 gibi teknolojik entegrasyonlar sunan masalar, cihazlar\u0131n\u0131z\u0131 \u015farj etmek ve verileri kolayca aktarmak i\u00e7in idealdir.<\/li>\n\n\n\n<li>Mod\u00fcler Depolama \u00dcniteleri: Esnek ve geni\u015fleyebilen depolama \u00e7\u00f6z\u00fcmleri, ofis d\u00fczeninizi ihtiya\u00e7lar\u0131n\u0131za g\u00f6re \u00f6zelle\u015ftirmenizi sa\u011flar.<\/li>\n\n\n\n<li>Ak\u0131ll\u0131 Koltuklar: Post\u00fcr\u00fc destekleyen, hareket sens\u00f6rleri ve otomatik ayarlamalar ile donat\u0131lm\u0131\u015f koltuklar, g\u00fcn boyu konfor ve sa\u011fl\u0131k sa\u011flar.<\/li>\n<\/ul>\n\n\n\n<p>Bu yenilik\u00e7i mobilya \u00e7\u00f6z\u00fcmleri ile \u00e7al\u0131\u015fma ortam\u0131n\u0131z\u0131 daha i\u015flevsel ve dinamik bir hale getirebilirsiniz.<\/p>\n\n\n\n<h2 class=\"wp-block-heading\"><strong>B\u00fcro Mobilyas\u0131 Al\u0131rken B\u00fct\u00e7e Y\u00f6netimi<\/strong><\/h2>\n\n\n\n<p>Ofis mobilyas\u0131 se\u00e7iminde b\u00fct\u00e7emizi ak\u0131ll\u0131ca y\u00f6netmek, i\u015f yerimizin ihtiya\u00e7lar\u0131n\u0131 kar\u015f\u0131lay\u0131p finansal dengemizi korumam\u0131z a\u00e7\u0131s\u0131ndan \u00f6nemlidir. A\u015fa\u011f\u0131da b\u00fct\u00e7e y\u00f6netimi konusunda birka\u00e7 \u00f6nemli noktay\u0131 s\u0131ral\u0131yoruz:<\/p>\n\n\n\n<ul class=\"wp-block-list\">\n<li>\u00d6ncelikle, ofisimizin ihtiya\u00e7lar\u0131n\u0131 ve zorunlu harcamalar\u0131n\u0131 belirleyin.<\/li>\n\n\n\n<li>Kaliteli ve uzun \u00f6m\u00fcrl\u00fc \u00fcr\u00fcnleri tercih ederek uzun vadede maliyeti d\u00fc\u015f\u00fcr\u00fcn.<\/li>\n\n\n\n<li>Toptan al\u0131m yaparak veya kampanyalardan yararlanarak tasarruf edin.<\/li>\n\n\n\n<li>Mobilyalar\u0131n \u00e7ok fonksiyonlu olmas\u0131na \u00f6zen g\u00f6stererek ek mobilya ihtiya\u00e7lar\u0131n\u0131 minimize edin.<\/li>\n\n\n\n<li>Finansman ve \u00f6deme planlar\u0131n\u0131 inceleyerek nakit ak\u0131\u015f\u0131n\u0131z\u0131 d\u00fczenleyin.<\/li>\n<\/ul>\n\n\n\n<p>B\u00fct\u00e7enizi do\u011fru bir \u015fekilde y\u00f6neterek, i\u015f yerinizin verimlili\u011fini art\u0131r\u0131rken finansal s\u0131k\u0131nt\u0131lardan ka\u00e7\u0131nabilirsiniz.<\/p>\n\n\n\n<h2 class=\"wp-block-heading\"><strong>K\u00fc\u00e7\u00fck Ofisler \u0130\u00e7in Alan Kazand\u0131ran Mobilya Fikirleri<\/strong><\/h2>\n\n\n\n<p>K\u00fc\u00e7\u00fck ofislerde nas\u0131l daha fazla alan yaratabilece\u011finizi biliyoruz. \u0130\u015fte baz\u0131 mobilya \u00f6nerileri:<\/p>\n\n\n\n<ul class=\"wp-block-list\">\n<li>\u00c7ok Ama\u00e7l\u0131 Mobilyalar: Yatak olabilen kanepe veya katlanabilir masalar tercih edin.<\/li>\n\n\n\n<li>Asma Raflar: Duvara monte edilen raflar, ofisinizde yerden tasarruf etmenizi sa\u011flar.<\/li>\n\n\n\n<li>Dikey Dolaplar: Dar ve uzun dolaplar, s\u0131n\u0131rl\u0131 yerlerde bile e\u015fyalar\u0131n\u0131z\u0131 d\u00fczg\u00fcnce saklaman\u0131za olanak tan\u0131r.<\/li>\n\n\n\n<li>K\u00f6\u015fe Tak\u0131mlar\u0131: K\u00f6\u015feleri verimli kullanarak daha fazla \u00e7al\u0131\u015fma alan\u0131 yarat\u0131n\u0131z.<\/li>\n\n\n\n<li>G\u00f6mme Dolaplar: Duvar i\u00e7ine yerle\u015ftirilen g\u00f6mme dolaplar, kullan\u0131lmayan alanlar\u0131 de\u011ferlendirir.<\/li>\n<\/ul>\n\n\n\n<p>Bu fikirlerle k\u00fc\u00e7\u00fck ofisinizi geni\u015f ve ferah bir \u00e7al\u0131\u015fma alan\u0131na \u00e7evirebilirsiniz.<\/p>\n\n\n\n<h2 class=\"wp-block-heading\"><strong>Zevkinizi Yans\u0131tan Aksesuar ve Detay \u00d6nerileri<\/strong><\/h2>\n\n\n\n<p>Ofisinizde benli\u011finizi yans\u0131tan aksesuarlar ve detaylar kullanarak ortama ki\u015fisel bir dokunu\u015f katabilirsiniz. \u0130\u015fte bu konuda baz\u0131 \u00f6neriler:<\/p>\n\n\n\n<ul class=\"wp-block-list\">\n<li>Bitkiler: Hem hava kalitesini art\u0131r\u0131r hem de mekana canl\u0131l\u0131k katar. Succulentler ve k\u00fc\u00e7\u00fck i\u00e7 mekan bitkileri bak\u0131m\u0131 kolay se\u00e7eneklerdendir.<\/li>\n\n\n\n<li>Sanat Eserleri: Duvarlar\u0131n\u0131z\u0131 favori tablolar\u0131n\u0131zla veya ilham verici bask\u0131larla s\u00fcsleyerek mekana karakter katabilirsiniz.<\/li>\n\n\n\n<li>Ki\u015fisel Foto\u011fraflar: Masa \u00fczerine aile foto\u011fraflar\u0131 veya \u00f6zel an\u0131lar\u0131n\u0131z\u0131 sergileyerek \u00e7al\u0131\u015fma alan\u0131n\u0131za s\u0131cakl\u0131k katabilirsiniz.<\/li>\n\n\n\n<li>Ayd\u0131nlatma: Masan\u0131z\u0131n \u00fczerine \u015f\u0131k bir masa lambas\u0131 ekleyerek ortam \u0131\u015f\u0131\u011f\u0131n\u0131 iyile\u015ftirebilir ve \u00e7al\u0131\u015fma verimlili\u011finizi art\u0131rabilirsiniz.<\/li>\n\n\n\n<li>Organizasyon Ara\u00e7lar\u0131: Renkli dosyalama sistemleri ve \u015f\u0131k kalemlikler gibi organizasyon ara\u00e7lar\u0131 hem fonksiyonel hem de etkileyici bir g\u00f6r\u00fcn\u00fcm sunar.<\/li>\n\n\n\n<li>Ki\u015fisel Koleksiyonlar: Minyat\u00fcr heykelcikler veya marka koleksiyonlar\u0131n\u0131z gibi k\u00fc\u00e7\u00fck hobi \u00fcr\u00fcnleriyle raf ve dolaplar\u0131n\u0131z\u0131 \u00f6zelle\u015ftirebilirsiniz.<\/li>\n<\/ul>\n\n\n\n<p>Bu detaylar ile mekan\u0131n\u0131z\u0131 sadece i\u015flevsel de\u011fil, ayn\u0131 zamanda sizi yans\u0131tan bir alan olarak kurgulayabilirsiniz.<\/p>\n\n\n\n<h2 class=\"wp-block-heading\"><strong>Ofis Mobilyas\u0131 Temini: Ma\u011faza m\u0131, Online m\u0131?<\/strong><\/h2>\n\n\n\n<p>B\u00fcro mobilyas\u0131 al\u0131\u015fveri\u015finde iki temel se\u00e7enek bulunmaktad\u0131r: fiziksel ma\u011fazalar ve online al\u0131\u015fveri\u015f platformlar\u0131. \u0130\u015fte her birinin avantajlar\u0131:<\/p>\n\n\n\n<ul class=\"wp-block-list\">\n<li>Fiziksel Ma\u011fazalar:\n<ul class=\"wp-block-list\">\n<li>Mobilyalar\u0131 do\u011frudan g\u00f6rebilir ve kalitesini kontrol edebiliriz.<\/li>\n\n\n\n<li>Sat\u0131\u015f dan\u0131\u015fmanlar\u0131ndan an\u0131nda yard\u0131m alabiliriz.<\/li>\n\n\n\n<li>Teslimat ve montajda h\u0131zl\u0131 ve yerinde \u00e7\u00f6z\u00fcmler sunulabilir.<\/li>\n<\/ul>\n<\/li>\n\n\n\n<li>Online Al\u0131\u015fveri\u015f:\n<ul class=\"wp-block-list\">\n<li>Daha geni\u015f bir \u00fcr\u00fcn yelpazesine kolayca eri\u015febiliriz.<\/li>\n\n\n\n<li>Zaman ve mekan s\u0131n\u0131rlamas\u0131 olmadan, ihtiyac\u0131m\u0131z olan her an al\u0131\u015fveri\u015f yapabiliriz.<\/li>\n\n\n\n<li>Genellikle daha rekabet\u00e7i fiyatlar ve indirimler bulabiliriz.<\/li>\n<\/ul>\n<\/li>\n<\/ul>\n\n\n\n<p>Her iki y\u00f6ntemin de avantajlar\u0131 g\u00f6z \u00f6n\u00fcne al\u0131narak, ihtiya\u00e7 ve \u00f6nceliklerimize en uygun se\u00e7ene\u011fi tercih etmeliyiz.<\/p>\n\n\n\n<h2 class=\"wp-block-heading\"><strong>Montaj ve Bak\u0131m \u0130pu\u00e7lar\u0131<\/strong><\/h2>\n\n\n\n<p>B\u00fcro mobilyalar\u0131n\u0131n montaj\u0131 ve bak\u0131m\u0131, uzun \u00f6m\u00fcrleri i\u00e7in \u00f6nemlidir. Bizler a\u015fa\u011f\u0131daki ipu\u00e7lar\u0131n\u0131 dikkate alman\u0131z\u0131 \u00f6neririz:<\/p>\n\n\n\n<ul class=\"wp-block-list\">\n<li>K\u0131lavuzlar\u0131 Takip Edin: Mobilya montaj\u0131 s\u0131ras\u0131nda \u00fcreticinin talimatlar\u0131na s\u0131k\u0131 s\u0131k\u0131ya uyun.<\/li>\n\n\n\n<li>Uygun Ara\u00e7lar Kullan\u0131n: Mobilyalar\u0131n montaj\u0131 i\u00e7in gerekli olan vidalama, \u00e7akma gibi i\u015flemler i\u00e7in do\u011fru aletleri kullan\u0131n.<\/li>\n\n\n\n<li>D\u00fczenli Temizlik Yap\u0131n: Mobilyalar\u0131n tozunu almak ve leke temizli\u011fi yapmak i\u00e7in, \u00fcreticinin \u00f6nerdi\u011fi temizlik \u00fcr\u00fcnlerini kullan\u0131n.<\/li>\n\n\n\n<li>Koruyucu Malzemeler Kullan\u0131n: G\u00fcne\u015f \u0131\u015f\u0131\u011f\u0131 ve su gibi d\u0131\u015f etmenlerden mobilyalar\u0131 korumak i\u00e7in pencere perdeleri ve su ge\u00e7irmez \u00f6rt\u00fcler kullan\u0131n.<\/li>\n\n\n\n<li>A\u015f\u0131r\u0131 Y\u00fckten Ka\u00e7\u0131n\u0131n: Raflar\u0131n\u0131z\u0131 ve \u00e7ekmecelerinizi a\u015f\u0131r\u0131 y\u00fcklememeye \u00f6zen g\u00f6sterin, mobilyalar\u0131n dayan\u0131kl\u0131l\u0131\u011f\u0131n\u0131 koruyun.<\/li>\n<\/ul>\n\n\n\n<p>Montaj ve bak\u0131m a\u015famalar\u0131n\u0131 do\u011fru y\u00fcr\u00fctmek, mobilyalar\u0131n\u0131z\u0131n esteti\u011fini ve i\u015flevselli\u011fini korur.<\/p>\n\n\n\n<h2 class=\"wp-block-heading\"><strong>\u00c7al\u0131\u015fanlar\u0131n Moralini Y\u00fckselten Ofis Dizayn Fikirleri<\/strong><\/h2>\n\n\n\n<ul class=\"wp-block-list\">\n<li>Do\u011fal I\u015f\u0131k Vurgusu: \u00c7al\u0131\u015fanlar\u0131m\u0131z\u0131n enerjik ve odaklanm\u0131\u015f kalmas\u0131n\u0131 sa\u011flamak i\u00e7in, ofis alan\u0131m\u0131zda maksimum do\u011fal \u0131\u015f\u0131\u011f\u0131 kullanmaya \u00f6nem veriyoruz. B\u00fcy\u00fck pencereler ve yerle\u015fim plan\u0131, g\u00fcne\u015f \u0131\u015f\u0131\u011f\u0131n\u0131n geni\u015f bir alana yay\u0131lmas\u0131n\u0131 sa\u011fl\u0131yor.<\/li>\n\n\n\n<li>Ye\u015fil Alanlar: Ofisimize bitkiler yerle\u015ftirerek, temiz havan\u0131n yan\u0131 s\u0131ra rahatlat\u0131c\u0131 bir atmosfer olu\u015fturuyoruz. Bah\u00e7e masalar\u0131 ve saks\u0131larla, \u00e7al\u0131\u015fma alanlar\u0131nda do\u011fay\u0131 hissetmek i\u015f motivasyonunu art\u0131r\u0131yor.<\/li>\n\n\n\n<li>Dinlenme Noktalar\u0131: Yarat\u0131c\u0131 ve rahat dinlenme alanlar\u0131 tasarlayarak \u00e7al\u0131\u015fanlar\u0131m\u0131z\u0131n k\u0131sa molalarda enerji toplamalar\u0131na imkan tan\u0131yoruz. Rahat koltuklar ve renkli dekorasyonla bu alanlar ofis hayat\u0131na keyif kat\u0131yor.<\/li>\n\n\n\n<li>Sanatsal Dokunu\u015flar: Duvarlardaki sanat eserleri ve estetik objelerle, ilham veren bir ofis ortam\u0131 yarat\u0131yoruz. Sanatsal dokunu\u015flar, \u00e7al\u0131\u015fanlar\u0131n yarat\u0131c\u0131l\u0131\u011f\u0131n\u0131 tetikleyerek moral ve motivasyon sa\u011fl\u0131yor.<\/li>\n<\/ul>\n\n\n\n<h2 class=\"wp-block-heading\"><strong>Mod\u00fcler Sistemlerin Avantajlar\u0131<\/strong><\/h2>\n\n\n\n<p>Mod\u00fcler sistemlerin kullan\u0131m\u0131, i\u015f yerinizi d\u00f6n\u00fc\u015ft\u00fcr\u00fcrken size bir\u00e7ok avantaj sunar:<\/p>\n\n\n\n<ul class=\"wp-block-list\">\n<li>Esneklik: Mod\u00fcler mobilyalar, ihtiyaca g\u00f6re kolayca yeniden konumland\u0131r\u0131labilir veya de\u011fi\u015ftirilebilir. B\u00f6ylece i\u015f b\u00fcy\u00fckl\u00fc\u011f\u00fc ve \u00e7al\u0131\u015fma \u015fekline uyum sa\u011flar.<\/li>\n\n\n\n<li>Yenilik\u00e7i Tasar\u0131m: Modern estetik ile tasarlanan mod\u00fcler par\u00e7alar, \u00e7al\u0131\u015fma alan\u0131na taze bir g\u00f6r\u00fcn\u00fcm kazand\u0131r\u0131r.<\/li>\n\n\n\n<li>Maliyet Etkinli\u011fi: Tek par\u00e7a b\u00fcro mobilyalar\u0131na k\u0131yasla, mod\u00fcler mobilyalar uzun vadede daha ekonomiktir ve de\u011fi\u015fen ihtiya\u00e7lar\u0131n\u0131za g\u00f6re yeniden yap\u0131land\u0131r\u0131labilir.<\/li>\n\n\n\n<li>S\u00fcrd\u00fcr\u00fclebilirlik: Mod\u00fcler mobilyalar, ihtiyac\u0131n\u0131z olmad\u0131\u011f\u0131nda par\u00e7alar\u0131n saklanmas\u0131na izin vererek at\u0131k miktar\u0131n\u0131 azalt\u0131r ve \u00e7evreye olan etkiyi minimize eder.<\/li>\n<\/ul>\n\n\n\n<p>Biz, i\u015f yerinizi hem fonksiyonel hem de estetik a\u00e7\u0131dan geli\u015ftirecek mod\u00fcler sistemleri \u00f6neriyoruz.<\/p>\n\n\n\n<h2 class=\"wp-block-heading\"><strong>B\u00fcro Mobilyas\u0131 Sat\u0131n Al\u0131rken Garanti ve Servis Olanaklar\u0131<\/strong><\/h2>\n\n\n\n<p>B\u00fcro mobilyas\u0131 se\u00e7erken garanti ve servis hizmetlerine \u00f6nem veriyoruz. Kaliteli mobilyalar\u0131n uzun s\u00fcreli kullan\u0131m\u0131 i\u00e7in:<\/p>\n\n\n\n<ul class=\"wp-block-list\">\n<li>Sat\u0131n ald\u0131\u011f\u0131n\u0131z \u00fcr\u00fcnlerin garanti s\u00fcrelerini kontrol edin, uzun garanti s\u00fcresi avantaj sa\u011flar.<\/li>\n\n\n\n<li>Garanti kapsam\u0131nda hangi problemlerin giderilece\u011fini \u00f6\u011frenin. Detayl\u0131 garanti ko\u015fullar\u0131n\u0131 anlamak gereklidir.<\/li>\n\n\n\n<li>Servis a\u011f\u0131n\u0131n geni\u015fli\u011fi kritik \u00f6neme sahip. Olas\u0131 bir sorunda, h\u0131zl\u0131 ve etkin servis deste\u011fi alabilmek i\u00e7in yetkili servislerin konumlar\u0131n\u0131 belirleyin.<\/li>\n\n\n\n<li>Montaj ve kurulum hizmetleri, sorunsuz bir deneyim i\u00e7in \u00f6nem ta\u015f\u0131yor. \u00dccretsiz veya \u00fccretli olduklar\u0131n\u0131 \u00f6\u011frenin.<\/li>\n\n\n\n<li>Sat\u0131n ald\u0131\u011f\u0131n\u0131z b\u00fcro mobilyalar\u0131n\u0131n yedek par\u00e7a temini kolay m\u0131, bu hizmetleri sunan firmalara ula\u015fabiliyor musunuz, kontrol edin.<\/li>\n<\/ul>\n\n\n\n<p>Bu detaylar, b\u00fcro mobilyas\u0131 se\u00e7imlerinizde uzun vadede memnuniyetinizi art\u0131racakt\u0131r.<\/p>\n\n\n\n<h2 class=\"wp-block-heading\"><strong>Ofis Mobilyas\u0131 Trendleri: Y\u0131l\u0131n Pop\u00fcler \u00dcr\u00fcnleri<\/strong><\/h2>\n\n\n\n<p>Bu y\u0131l ofis mobilyalar\u0131nda minimalizm r\u00fczgarlar\u0131 esiyor. Gerek i\u015flevsellik gerekse estetik a\u00e7\u0131dan minimalist tasar\u0131mlar \u00f6ne \u00e7\u0131k\u0131yor. Ayr\u0131ca pandemiyle birlikte evden ofise d\u00f6nenlerin say\u0131s\u0131n\u0131n artmas\u0131yla, ev konforunu aratmayan ofis mobilyalar\u0131na talep artt\u0131. \u0130\u015fte pop\u00fcler \u00fcr\u00fcnlerden baz\u0131lar\u0131:<\/p>\n\n\n\n<ul class=\"wp-block-list\">\n<li>Ergonomik Ofis Sandalyeleri: Uzun saatler boyunca oturarak \u00e7al\u0131\u015fmak sa\u011fl\u0131k sorunlar\u0131na yol a\u00e7abilir. Bu nedenle, destekleyici ve konforlu ergonomik ofis sandalyeleri bu y\u0131l\u0131n vazge\u00e7ilmezleri aras\u0131nda.<\/li>\n\n\n\n<li>Ayarlanabilir \u00c7al\u0131\u015fma Masalar\u0131: Hem oturarak hem de ayakta \u00e7al\u0131\u015fmaya imkan veren y\u00fcksekli\u011fi ayarlanabilir masalar, \u00e7al\u0131\u015fanlar\u0131n tercihi olmaya devam ediyor.<\/li>\n\n\n\n<li>Akustik Panel Sistemleri: A\u00e7\u0131k ofis ortamlar\u0131nda ses yal\u0131t\u0131m\u0131 sa\u011flamak amac\u0131yla kullan\u0131lan akustik paneller, bu y\u0131l daha \u00e7ok tercih ediliyor.<\/li>\n\n\n\n<li>Mod\u00fcler Depolama \u00dcniteleri: Esnek \u00e7al\u0131\u015fma alanlar\u0131n\u0131n vazge\u00e7ilmezi olan mod\u00fcler depolama \u00e7\u00f6z\u00fcmleri, kendi ihtiya\u00e7lar\u0131n\u0131za g\u00f6re \u015fekillendirme imkan\u0131 sunuyor.<\/li>\n\n\n\n<li>Bitki ve Do\u011fa Temalar\u0131: Ofis alanlar\u0131n\u0131 canland\u0131rmak ve daha rahatlat\u0131c\u0131 bir ortam yaratmak i\u00e7in do\u011fal bitki motifleri ve renkleri pop\u00fclerli\u011fini koruyor.<\/li>\n<\/ul>\n\n\n\n<h2 class=\"wp-block-heading\"><strong>\u0130\u015f Yerinizin Atmosferini Yeniden Canland\u0131rmak<\/strong><\/h2>\n\n\n\n<p>\u0130\u015f yerimizin atmosferini yeniden canland\u0131rmak bizim en b\u00fcy\u00fck amac\u0131m\u0131z. Modern ve estetik b\u00fcro mobilyalar\u0131yla, \u00e7al\u0131\u015fma ortam\u0131m\u0131z\u0131n daha davetkar ve ilham verici bir hale gelmesini sa\u011fl\u0131yoruz. Se\u00e7ti\u011fimiz mobilyalar:<\/p>\n\n\n\n<ul class=\"wp-block-list\">\n<li>\u0130\u015flevselli\u011fi ve konforu art\u0131r\u0131yor.<\/li>\n\n\n\n<li>\u00c7al\u0131\u015fanlar\u0131n verimlili\u011fini ve moralini y\u00fckseltiyor.<\/li>\n\n\n\n<li>M\u00fc\u015fteriler ve i\u015f ortaklar\u0131m\u0131z \u00fczerinde olumlu bir izlenim b\u0131rak\u0131yor.<\/li>\n<\/ul>\n\n\n\n<p>K\u0131sacas\u0131, do\u011fru mobilya ve tasar\u0131m kararlar\u0131yla, i\u015f yerimizi bir verimlilik ve yarat\u0131c\u0131l\u0131k merkezine d\u00f6n\u00fc\u015ft\u00fcrebiliriz.<\/p>","protected":false},"excerpt":{"rendered":"<p>Pellentesque feugiat, sem id interdum molestie, libero nibh imperdiet velit, sodales elementum enim sem sed lectus. Vivamus viverra diam congue tristique pellentesque. Proin efficitur est vel lectus ultrices rhoncus eu ut lacus. In gravida leo at justo lobortis, vitae aliquet justo vehicula. Maecenas at facilisis ex. Curabitur cursus, ex id efficitur ultrices, sapien mauris sodales<\/p>","protected":false},"author":10,"featured_media":28644,"comment_status":"closed","ping_status":"closed","sticky":false,"template":"","format":"standard","meta":{"_monsterinsights_skip_tracking":false,"_monsterinsights_sitenote_active":false,"_monsterinsights_sitenote_note":"","_monsterinsights_sitenote_category":0,"footnotes":""},"categories":[404,406,408],"tags":[],"class_list":["post-28642","post","type-post","status-publish","format-standard","has-post-thumbnail","hentry","category-is-dunyasi","category-ofis-dekorasyonu","category-ofis-mobilyalari"],"_links":{"self":[{"href":"https:\/\/kuansofis.com\/en\/wp-json\/wp\/v2\/posts\/28642","targetHints":{"allow":["GET"]}}],"collection":[{"href":"https:\/\/kuansofis.com\/en\/wp-json\/wp\/v2\/posts"}],"about":[{"href":"https:\/\/kuansofis.com\/en\/wp-json\/wp\/v2\/types\/post"}],"author":[{"embeddable":true,"href":"https:\/\/kuansofis.com\/en\/wp-json\/wp\/v2\/users\/10"}],"replies":[{"embeddable":true,"href":"https:\/\/kuansofis.com\/en\/wp-json\/wp\/v2\/comments?post=28642"}],"version-history":[{"count":1,"href":"https:\/\/kuansofis.com\/en\/wp-json\/wp\/v2\/posts\/28642\/revisions"}],"predecessor-version":[{"id":137802,"href":"https:\/\/kuansofis.com\/en\/wp-json\/wp\/v2\/posts\/28642\/revisions\/137802"}],"wp:featuredmedia":[{"embeddable":true,"href":"https:\/\/kuansofis.com\/en\/wp-json\/wp\/v2\/media\/28644"}],"wp:attachment":[{"href":"https:\/\/kuansofis.com\/en\/wp-json\/wp\/v2\/media?parent=28642"}],"wp:term":[{"taxonomy":"category","embeddable":true,"href":"https:\/\/kuansofis.com\/en\/wp-json\/wp\/v2\/categories?post=28642"},{"taxonomy":"post_tag","embeddable":true,"href":"https:\/\/kuansofis.com\/en\/wp-json\/wp\/v2\/tags?post=28642"}],"curies":[{"name":"wp","href":"https:\/\/api.w.org\/{rel}","templated":true}]}}