{"id":28587,"date":"2025-07-08T15:24:15","date_gmt":"2025-07-08T12:24:15","guid":{"rendered":"https:\/\/kuansofis.com\/?p=28587"},"modified":"2026-01-13T15:18:10","modified_gmt":"2026-01-13T12:18:10","slug":"calisma-verimliligini-artiran-ergonomik-ofis-koltugu-secimi-nasil-yapilmali","status":"publish","type":"post","link":"https:\/\/kuansofis.com\/en\/calisma-verimliligini-artiran-ergonomik-ofis-koltugu-secimi-nasil-yapilmali\/","title":{"rendered":"\u00c7al\u0131\u015fma Verimlili\u011fini Art\u0131ran Ergonomik Ofis Koltu\u011fu Se\u00e7imi Nas\u0131l Yap\u0131lmal\u0131?"},"content":{"rendered":"<p>Modern \u00e7al\u0131\u015fma hayat\u0131nda g\u00fcn\u00fcn b\u00fcy\u00fck bir b\u00f6l\u00fcm\u00fcn\u00fc ofiste ge\u00e7iriyoruz ve bu s\u00fcrenin \u00e7o\u011funu bir sandalyede oturarak harc\u0131yoruz. Do\u011fru olmayan oturma pozisyonu ve uygun olmayan ofis koltu\u011fu se\u00e7imi, hem sa\u011fl\u0131\u011f\u0131m\u0131z\u0131 olumsuz etkiler hem de \u00e7al\u0131\u015fma verimlili\u011fimizi d\u00fc\u015f\u00fcr\u00fcr. Ergonomik ofis koltu\u011fu se\u00e7imi, sadece konfor meselesi de\u011fil, ayn\u0131 zamanda uzun vadeli sa\u011fl\u0131k yat\u0131r\u0131m\u0131d\u0131r.<\/p>\n\n\n\n<h2 class=\"wp-block-heading\"><strong>Ergonomik Ofis Koltu\u011funun \u00d6nemi<\/strong><\/h2>\n\n\n\n<p>Ergonomi, insan\u0131n \u00e7al\u0131\u015ft\u0131\u011f\u0131 ortam\u0131n insan anatomisine ve fizyolojisine uygun \u015fekilde d\u00fczenlenmesi anlam\u0131na gelir. Ergonomik olmayan bir \u00e7al\u0131\u015fma ortam\u0131, \u00e7e\u015fitli sa\u011fl\u0131k sorunlar\u0131na yol a\u00e7abilir. Bel a\u011fr\u0131s\u0131, boyun a\u011fr\u0131s\u0131, karpal t\u00fcnel sendromu, kas yorgunlu\u011fu ve daha bir\u00e7ok rahats\u0131zl\u0131k, yanl\u0131\u015f oturma pozisyonu ve uygunsuz ofis mobilyas\u0131 kullan\u0131m\u0131ndan kaynaklanabilir.<\/p>\n\n\n\n<p>Yap\u0131lan ara\u015ft\u0131rmalar g\u00f6steriyor ki, ergonomik olmayan \u00e7al\u0131\u015fma ko\u015fullar\u0131 nedeniyle \u00e7al\u0131\u015fanlar\u0131n %60&#8217;\u0131ndan fazlas\u0131 kas-iskelet sistemi rahats\u0131zl\u0131klar\u0131 ya\u015f\u0131yor. Bu durum sadece \u00e7al\u0131\u015fan sa\u011fl\u0131\u011f\u0131n\u0131 de\u011fil, \u015firketlerin verimlili\u011fini de olumsuz etkiliyor. Ergonomik ofis koltu\u011fu kullan\u0131m\u0131, bu sorunlar\u0131n b\u00fcy\u00fck bir k\u0131sm\u0131n\u0131 \u00f6nleyebilir ve \u00e7al\u0131\u015fma kalitesini \u00f6nemli \u00f6l\u00e7\u00fcde art\u0131rabilir.<\/p>\n\n\n\n<h2 class=\"wp-block-heading\"><strong>\u0130deal Ergonomik Ofis Koltu\u011funun \u00d6zellikleri<\/strong><\/h2>\n\n\n\n<h3 class=\"wp-block-heading\"><strong>Ayarlanabilir Y\u00fckseklik<\/strong><\/h3>\n\n\n\n<p>Ergonomik bir ofis koltu\u011funun en temel \u00f6zelli\u011fi, y\u00fckseklik ayar\u0131n\u0131n yap\u0131labilmesidir. Ayaklar yere tam basar durumda, dizler 90 derece a\u00e7\u0131da olmal\u0131 ve uyluklarla alt bacaklar aras\u0131nda rahat bir a\u00e7\u0131 olu\u015fmal\u0131d\u0131r. Koltu\u011fun y\u00fcksekli\u011fi, masa y\u00fcksekli\u011fiyle uyumlu olacak \u015fekilde ayarlanabilmelidir.<\/p>\n\n\n\n<p>Do\u011fru y\u00fckseklik ayar\u0131 i\u00e7in \u015fu noktalara dikkat edilmelidir:<\/p>\n\n\n\n<ul class=\"wp-block-list\">\n<li>Ayaklar yere tam de\u011fmeli ve ayak tabanlar\u0131 tamamen zeminde durmal\u0131<\/li>\n\n\n\n<li>Diz arkas\u0131 ile koltuk kenar\u0131 aras\u0131nda yakla\u015f\u0131k 5 cm mesafe olmal\u0131<\/li>\n\n\n\n<li>Kal\u00e7alar dizlerden biraz y\u00fcksekte konumlanmal\u0131<\/li>\n\n\n\n<li>Kol ve dirsekler masa seviyesinde olmal\u0131<\/li>\n<\/ul>\n\n\n\n<h3 class=\"wp-block-heading\"><strong>S\u0131rt Deste\u011fi ve Lumbar Destek<\/strong><\/h3>\n\n\n\n<p>Omurgan\u0131n do\u011fal S e\u011frisini destekleyen s\u0131rt deste\u011fi, ergonomik koltu\u011fun en kritik par\u00e7alar\u0131ndan biridir. \u00d6zellikle bel b\u00f6lgesindeki lordoz e\u011frisini destekleyen lumbar destek, uzun s\u00fcreli oturma s\u0131ras\u0131nda bel a\u011fr\u0131s\u0131n\u0131 \u00f6nler ve do\u011fru duru\u015f sa\u011flar.<\/p>\n\n\n\n<p>Kaliteli bir s\u0131rt deste\u011fi:<\/p>\n\n\n\n<ul class=\"wp-block-list\">\n<li>Omurgan\u0131n do\u011fal e\u011frisine uygun \u015fekilde tasarlanm\u0131\u015f olmal\u0131<\/li>\n\n\n\n<li>Ayarlanabilir lumbar destek i\u00e7ermeli<\/li>\n\n\n\n<li>Farkl\u0131 v\u00fccut tiplerinde uygun destek sa\u011flamal\u0131<\/li>\n\n\n\n<li>Nefes alabilir malzemeden \u00fcretilmi\u015f olmal\u0131<\/li>\n<\/ul>\n\n\n\n<h3 class=\"wp-block-heading\"><strong>Kol Dayama ve Ayarlanabilirlik<\/strong><\/h3>\n\n\n\n<p>Ergonomik kol dayamalar, omuzlarda ve boyunda olu\u015fan gerilimi azalt\u0131r. Ayarlanabilir kol dayamalar, farkl\u0131 v\u00fccut \u00f6l\u00e7\u00fclerine sahip kullan\u0131c\u0131lar i\u00e7in \u00f6nemlidir. Kol dayamalar hem y\u00fckseklik hem de geni\u015flik olarak ayarlanabilir olmal\u0131d\u0131r.<\/p>\n\n\n\n<p>\u0130deal kol dayama \u00f6zellikleri:<\/p>\n\n\n\n<ul class=\"wp-block-list\">\n<li>Y\u00fckseklik ayar\u0131 yap\u0131labilmeli<\/li>\n\n\n\n<li>\u0130\u00e7e ve d\u0131\u015fa do\u011fru hareket ettirilebilmeli<\/li>\n\n\n\n<li>Yumu\u015fak ve rahat y\u00fczey kaplama olmal\u0131<\/li>\n\n\n\n<li>Dirsekleri 90 derece a\u00e7\u0131da desteklemeli<\/li>\n<\/ul>\n\n\n\n<h3 class=\"wp-block-heading\"><strong>Oturma Y\u00fczeyi ve Malzeme Kalitesi<\/strong><\/h3>\n\n\n\n<p>Oturma y\u00fczeyi, v\u00fccut a\u011f\u0131rl\u0131\u011f\u0131n\u0131 e\u015fit \u015fekilde da\u011f\u0131tabilecek kalitede olmal\u0131d\u0131r. \u00c7ok sert veya \u00e7ok yumu\u015fak olmayan, orta sertlikte bir oturma y\u00fczeyi tercih edilmelidir. Ayr\u0131ca malzeme, nefes alabilir \u00f6zellikte olmal\u0131 ve ter absorbsiyonu sa\u011flamal\u0131d\u0131r.<\/p>\n\n\n\n<p>Kaliteli oturma y\u00fczeyi kriterleri:<\/p>\n\n\n\n<ul class=\"wp-block-list\">\n<li>Yo\u011funlu\u011fu uygun k\u00f6p\u00fck dolgusu<\/li>\n\n\n\n<li>Nefes alabilir kuma\u015f veya deri kaplama<\/li>\n\n\n\n<li>Kolay temizlenebilir y\u00fczey<\/li>\n\n\n\n<li>Uzun s\u00fcreli kullan\u0131mda \u015feklini koruyabilmesi<\/li>\n<\/ul>\n\n\n\n<h2 class=\"wp-block-heading\"><strong>Koltuk Se\u00e7iminde Dikkat Edilmesi Gereken Fakt\u00f6rler<\/strong><\/h2>\n\n\n\n<h3 class=\"wp-block-heading\"><strong>V\u00fccut \u00d6l\u00e7\u00fcleri ve Antropometrik Uyum<\/strong><\/h3>\n\n\n\n<p>Her insan\u0131n v\u00fccut \u00f6l\u00e7\u00fcleri farkl\u0131d\u0131r ve bu nedenle koltuk se\u00e7imi ki\u015fiselle\u015ftirilmelidir. Boy, kilo, bacak uzunlu\u011fu, tors geni\u015fli\u011fi gibi fakt\u00f6rler g\u00f6z \u00f6n\u00fcnde bulundurulmal\u0131d\u0131r. Koltu\u011fun bu \u00f6l\u00e7\u00fclere uygun ayarlanabilir \u00f6zellikler sunmas\u0131 gerekir.<\/p>\n\n\n\n<p>\u00d6l\u00e7\u00fc alma rehberi:<\/p>\n\n\n\n<ul class=\"wp-block-list\">\n<li>Oturma y\u00fcksekli\u011fi (diz arkas\u0131ndan yere kadar olan mesafe)<\/li>\n\n\n\n<li>S\u0131rt geni\u015fli\u011fi ve uzunlu\u011fu<\/li>\n\n\n\n<li>Kol uzunlu\u011fu ve omuz geni\u015fli\u011fi<\/li>\n\n\n\n<li>Uylu\u011fun uzunlu\u011fu<\/li>\n<\/ul>\n\n\n\n<h3 class=\"wp-block-heading\"><strong>\u00c7al\u0131\u015fma S\u00fcresi ve Kullan\u0131m Yo\u011funlu\u011fu<\/strong><\/h3>\n\n\n\n<p>G\u00fcnl\u00fck \u00e7al\u0131\u015fma s\u00fcresi, koltuk se\u00e7iminde \u00f6nemli bir kriterdir. 8 saat ve \u00fczeri \u00e7al\u0131\u015fan ki\u015filer i\u00e7in daha kaliteli ve dayan\u0131kl\u0131 koltuklar tercih edilmelidir. K\u0131sa s\u00fcreli kullan\u0131m i\u00e7in ise daha basit \u00f6zellikli koltuklar yeterli olabilir.<\/p>\n\n\n\n<p>Kullan\u0131m s\u00fcresine g\u00f6re \u00f6neriler:<\/p>\n\n\n\n<ul class=\"wp-block-list\">\n<li>4 saatten az: Temel ergonomik \u00f6zellikler yeterli<\/li>\n\n\n\n<li>4-8 saat aras\u0131: Orta seviye ergonomik koltuk<\/li>\n\n\n\n<li>8 saatten fazla: Y\u00fcksek kaliteli, tam \u00f6zellikli ergonomik koltuk<\/li>\n<\/ul>\n\n\n\n<h3 class=\"wp-block-heading\"><strong>\u00c7al\u0131\u015fma Alan\u0131 ve Masa Uyumu<\/strong><\/h3>\n\n\n\n<p>Koltu\u011fun kullan\u0131laca\u011f\u0131 masa ve \u00e7al\u0131\u015fma alan\u0131yla uyumlu olmas\u0131 gerekir. Masa y\u00fcksekli\u011fi, \u00e7al\u0131\u015fma alan\u0131n\u0131n geni\u015fli\u011fi ve di\u011fer ofis mobilyalar\u0131yla uyum sa\u011flanmal\u0131d\u0131r.<\/p>\n\n\n\n<h2 class=\"wp-block-heading\"><strong>Ergonomik Koltuk \u00c7e\u015fitleri<\/strong><\/h2>\n\n\n\n<h3 class=\"wp-block-heading\"><strong>Y\u00f6netici Koltu\u011fu<\/strong><\/h3>\n\n\n\n<p>Y\u00fcksek s\u0131rtl\u0131, geni\u015f oturma y\u00fczeyine sahip ve genellikle deri kaplama ile \u00fcretilen koltuk t\u00fcr\u00fcd\u00fcr. Prestij ve konfor \u00f6n plandad\u0131r, ancak her zaman en ergonomik se\u00e7enek olmayabilir.<\/p>\n\n\n\n<h3 class=\"wp-block-heading\"><strong>\u00c7al\u0131\u015fan Koltu\u011fu<\/strong><\/h3>\n\n\n\n<p>Orta boy s\u0131rt deste\u011fine sahip, fonksiyonel ve ergonomik \u00f6zellikleri \u00f6n planda olan koltuk t\u00fcr\u00fcd\u00fcr. G\u00fcnl\u00fck kullan\u0131m i\u00e7in optimize edilmi\u015ftir.<\/p>\n\n\n\n<h3 class=\"wp-block-heading\"><strong>Mesh Koltuk<\/strong><\/h3>\n\n\n\n<p>A\u011f \u00f6rg\u00fc malzemeden \u00fcretilen, y\u00fcksek hava ge\u00e7irgenli\u011fi sa\u011flayan koltuk t\u00fcr\u00fcd\u00fcr. \u00d6zellikle s\u0131cak iklimlerde tercih edilir.<\/p>\n\n\n\n<h3 class=\"wp-block-heading\"><strong>Gayming Koltu\u011fu<\/strong><\/h3>\n\n\n\n<p>Uzun s\u00fcreli bilgisayar kullan\u0131m\u0131 i\u00e7in tasarlanan, genellikle spor araba koltu\u011fu tasar\u0131m\u0131ndan ilham alan koltuk t\u00fcr\u00fcd\u00fcr.<\/p>\n\n\n\n<h2 class=\"wp-block-heading\"><strong>Koltuk Se\u00e7im S\u00fcreci<\/strong><\/h2>\n\n\n\n<h3 class=\"wp-block-heading\"><strong>\u0130htiya\u00e7 Analizi<\/strong><\/h3>\n\n\n\n<p>Koltuk se\u00e7imi yapmadan \u00f6nce detayl\u0131 bir ihtiya\u00e7 analizi yap\u0131lmal\u0131d\u0131r. Kullan\u0131c\u0131n\u0131n \u00e7al\u0131\u015fma al\u0131\u015fkanl\u0131klar\u0131, sa\u011fl\u0131k durumu, v\u00fccut \u00f6l\u00e7\u00fcleri ve beklentileri de\u011ferlendirilmelidir.<\/p>\n\n\n\n<h3 class=\"wp-block-heading\"><strong>Test ve Deneme<\/strong><\/h3>\n\n\n\n<p>M\u00fcmk\u00fcn oldu\u011funca koltu\u011fu sat\u0131n almadan \u00f6nce deneme f\u0131rsat\u0131 aranmal\u0131d\u0131r. En az 15-20 dakika oturarak koltu\u011fun konforunu test etmek \u00f6nemlidir.<\/p>\n\n\n\n<h3 class=\"wp-block-heading\"><strong>B\u00fct\u00e7e Planlama<\/strong><\/h3>\n\n\n\n<p>Ergonomik koltuk, sa\u011fl\u0131k yat\u0131r\u0131m\u0131 olarak g\u00f6r\u00fclmelidir. Kaliteli bir koltuk ilk ba\u015fta pahal\u0131 g\u00f6r\u00fcnse de, uzun vadede sa\u011fl\u0131k masraflar\u0131n\u0131 \u00f6nleyerek ekonomik fayda sa\u011flar.<\/p>\n\n\n\n<h2 class=\"wp-block-heading\"><strong>Do\u011fru Kullan\u0131m ve Ayarlama<\/strong><\/h2>\n\n\n\n<h3 class=\"wp-block-heading\"><strong>\u0130lk Kurulum<\/strong><\/h3>\n\n\n\n<p>Koltu\u011fu ald\u0131ktan sonra do\u011fru kurulum yapmak kritiktir. T\u00fcm ayarlar\u0131 ki\u015fisel \u00f6l\u00e7\u00fclere g\u00f6re yapmak ve d\u00fczenli olarak kontrol etmek gerekir.<\/p>\n\n\n\n<h3 class=\"wp-block-heading\"><strong>G\u00fcnl\u00fck Kullan\u0131m Al\u0131\u015fkanl\u0131klar\u0131<\/strong><\/h3>\n\n\n\n<p>En ergonomik koltuk bile yanl\u0131\u015f kullan\u0131l\u0131rsa fayda sa\u011flamaz. Do\u011fru oturma pozisyonu al\u0131\u015fkanl\u0131\u011f\u0131 kazanmak ve d\u00fczenli mola vermek \u00f6nemlidir.<\/p>\n\n\n\n<h3 class=\"wp-block-heading\"><strong>Bak\u0131m ve Temizlik<\/strong><\/h3>\n\n\n\n<p>Koltu\u011fun uzun \u00f6m\u00fcrl\u00fc olmas\u0131 i\u00e7in d\u00fczenli bak\u0131m ve temizlik yap\u0131lmal\u0131d\u0131r. Mekanizmalar\u0131n ya\u011flanmas\u0131, kuma\u015f temizli\u011fi ve genel kontroller ihmal edilmemelidir.<\/p>\n\n\n\n<h2 class=\"wp-block-heading\"><strong>Sa\u011fl\u0131k \u00dczerindeki Etkileri<\/strong><\/h2>\n\n\n\n<h3 class=\"wp-block-heading\"><strong>Kas-\u0130skelet Sistemi<\/strong><\/h3>\n\n\n\n<p>Do\u011fru ergonomik koltuk kullan\u0131m\u0131, kas-iskelet sistemi rahats\u0131zl\u0131klar\u0131n\u0131 %40&#8217;a kadar azaltabilir. \u00d6zellikle bel, boyun ve omuz b\u00f6lgelerindeki a\u011fr\u0131lar \u00f6nemli \u00f6l\u00e7\u00fcde azal\u0131r.<\/p>\n\n\n\n<h3 class=\"wp-block-heading\"><strong>Kan Dola\u015f\u0131m\u0131<\/strong><\/h3>\n\n\n\n<p>Uygun oturma pozisyonu, bacaklarda kan dola\u015f\u0131m\u0131n\u0131 iyile\u015ftirir ve varisli damar olu\u015fumunu \u00f6nler.<\/p>\n\n\n\n<h3 class=\"wp-block-heading\"><strong>Zihinsel Performans<\/strong><\/h3>\n\n\n\n<p>Fiziksel konfor, zihinsel performans\u0131 da olumlu etkiler. A\u011fr\u0131 ve rahats\u0131zl\u0131k olmad\u0131\u011f\u0131nda odaklanma kapasitesi artar.<\/p>\n\n\n\n<h2 class=\"wp-block-heading\"><strong>Verimlilik \u00dczerindeki Etkileri<\/strong><\/h2>\n\n\n\n<h3 class=\"wp-block-heading\"><strong>Odaklanma Kapasitesi<\/strong><\/h3>\n\n\n\n<p>Ergonomik koltuk kullan\u0131m\u0131, dikkat da\u011f\u0131n\u0131kl\u0131\u011f\u0131n\u0131 azalt\u0131r ve uzun s\u00fcreli odaklanmay\u0131 m\u00fcmk\u00fcn k\u0131lar.<\/p>\n\n\n\n<h3 class=\"wp-block-heading\"><strong>Enerji Seviyesi<\/strong><\/h3>\n\n\n\n<p>Do\u011fru oturma pozisyonu, enerji kayb\u0131n\u0131 azalt\u0131r ve g\u00fcn\u00fcn sonunda daha az yorgunluk hissettirir.<\/p>\n\n\n\n<h3 class=\"wp-block-heading\"><strong>\u0130\u015f Kalitesi<\/strong><\/h3>\n\n\n\n<p>Konforlu \u00e7al\u0131\u015fma ortam\u0131, i\u015f kalitesini ve yarat\u0131c\u0131l\u0131\u011f\u0131 art\u0131r\u0131r.<\/p>\n\n\n\n<h2 class=\"wp-block-heading\"><strong>Sonu\u00e7 ve \u00d6neriler<\/strong><\/h2>\n\n\n\n<p>Ergonomik ofis koltu\u011fu se\u00e7imi, modern \u00e7al\u0131\u015fma hayat\u0131n\u0131n vazge\u00e7ilmez bir par\u00e7as\u0131d\u0131r. Do\u011fru se\u00e7im yapmak i\u00e7in ki\u015fisel ihtiya\u00e7lar\u0131 analiz etmek, kaliteli \u00fcr\u00fcnleri ara\u015ft\u0131rmak ve uzun vadeli d\u00fc\u015f\u00fcnmek gerekir.<\/p>\n\n\n\n<p>Koltuk se\u00e7iminde en \u00f6nemli fakt\u00f6rler; ayarlanabilirlik, lumbar destek, kaliteli malzemeler ve ki\u015fisel \u00f6l\u00e7\u00fclere uyumluluktur. Ayr\u0131ca, en iyi koltuk bile do\u011fru kullan\u0131lmazsa etkili olmayaca\u011f\u0131n\u0131 unutmamak gerekir.<\/p>\n\n\n\n<p>Sa\u011fl\u0131\u011f\u0131n\u0131z ve verimlili\u011finiz i\u00e7in yapaca\u011f\u0131n\u0131z bu yat\u0131r\u0131m, uzun vadede hem fiziksel hem de ekonomik a\u00e7\u0131dan size fayda sa\u011flayacakt\u0131r. Unutmay\u0131n ki, \u00e7al\u0131\u015fma verimlili\u011finizin temeli, do\u011fru ergonomik ko\u015fullarla ba\u015flar.<\/p>","protected":false},"excerpt":{"rendered":"<p>Pellentesque feugiat, sem id interdum molestie, libero nibh imperdiet velit, sodales elementum enim sem sed lectus. Vivamus viverra diam congue tristique pellentesque. Proin efficitur est vel lectus ultrices rhoncus eu ut lacus. In gravida leo at justo lobortis, vitae aliquet justo vehicula. Maecenas at facilisis ex. Curabitur cursus, ex id efficitur ultrices, sapien mauris sodales<\/p>","protected":false},"author":10,"featured_media":28589,"comment_status":"closed","ping_status":"closed","sticky":false,"template":"","format":"standard","meta":{"_monsterinsights_skip_tracking":false,"_monsterinsights_sitenote_active":false,"_monsterinsights_sitenote_note":"","_monsterinsights_sitenote_category":0,"footnotes":""},"categories":[404,406,408],"tags":[],"class_list":["post-28587","post","type-post","status-publish","format-standard","has-post-thumbnail","hentry","category-is-dunyasi","category-ofis-dekorasyonu","category-ofis-mobilyalari"],"_links":{"self":[{"href":"https:\/\/kuansofis.com\/en\/wp-json\/wp\/v2\/posts\/28587","targetHints":{"allow":["GET"]}}],"collection":[{"href":"https:\/\/kuansofis.com\/en\/wp-json\/wp\/v2\/posts"}],"about":[{"href":"https:\/\/kuansofis.com\/en\/wp-json\/wp\/v2\/types\/post"}],"author":[{"embeddable":true,"href":"https:\/\/kuansofis.com\/en\/wp-json\/wp\/v2\/users\/10"}],"replies":[{"embeddable":true,"href":"https:\/\/kuansofis.com\/en\/wp-json\/wp\/v2\/comments?post=28587"}],"version-history":[{"count":1,"href":"https:\/\/kuansofis.com\/en\/wp-json\/wp\/v2\/posts\/28587\/revisions"}],"predecessor-version":[{"id":137815,"href":"https:\/\/kuansofis.com\/en\/wp-json\/wp\/v2\/posts\/28587\/revisions\/137815"}],"wp:featuredmedia":[{"embeddable":true,"href":"https:\/\/kuansofis.com\/en\/wp-json\/wp\/v2\/media\/28589"}],"wp:attachment":[{"href":"https:\/\/kuansofis.com\/en\/wp-json\/wp\/v2\/media?parent=28587"}],"wp:term":[{"taxonomy":"category","embeddable":true,"href":"https:\/\/kuansofis.com\/en\/wp-json\/wp\/v2\/categories?post=28587"},{"taxonomy":"post_tag","embeddable":true,"href":"https:\/\/kuansofis.com\/en\/wp-json\/wp\/v2\/tags?post=28587"}],"curies":[{"name":"wp","href":"https:\/\/api.w.org\/{rel}","templated":true}]}}