{"id":28583,"date":"2025-07-08T15:23:00","date_gmt":"2025-07-08T12:23:00","guid":{"rendered":"https:\/\/kuansofis.com\/?p=28583"},"modified":"2026-01-13T15:18:20","modified_gmt":"2026-01-13T12:18:20","slug":"2025te-ofis-mobilyasi-secerken-dikkat-edilmesi-gereken-5-onemli-kriter","status":"publish","type":"post","link":"https:\/\/kuansofis.com\/en\/2025te-ofis-mobilyasi-secerken-dikkat-edilmesi-gereken-5-onemli-kriter\/","title":{"rendered":"2025&#8217;te Ofis Mobilyas\u0131 Se\u00e7erken Dikkat Edilmesi Gereken 5 \u00d6nemli Kriter"},"content":{"rendered":"<p>Modern i\u015f d\u00fcnyas\u0131 h\u0131zla de\u011fi\u015firken, \u00e7al\u0131\u015fma alanlar\u0131 da bu d\u00f6n\u00fc\u015f\u00fcmden pay\u0131n\u0131 al\u0131yor. 2025 y\u0131l\u0131nda ofis mobilyas\u0131 se\u00e7imi art\u0131k sadece estetik kayg\u0131larla yap\u0131lan bir tercih de\u011fil; \u00e7al\u0131\u015fan verimlili\u011fi, s\u00fcrd\u00fcr\u00fclebilirlik, teknoloji entegrasyonu ve hibrit \u00e7al\u0131\u015fma modellerine uyum gibi fakt\u00f6rlerin bir arada de\u011ferlendirilmesi gereken stratejik bir karar haline geldi. \u0130\u015fte 2025&#8217;te ofis mobilyas\u0131 se\u00e7erken mutlaka dikkate alman\u0131z gereken 5 kritik fakt\u00f6r:<\/p>\n\n\n\n<h2 class=\"wp-block-heading\"><strong>1. S\u00fcrd\u00fcr\u00fclebilirlik ve \u00c7evre Dostu Malzeme Se\u00e7imi<\/strong><\/h2>\n\n\n\n<h3 class=\"wp-block-heading\"><strong>\u00c7evre Bilincinin \u0130\u015f D\u00fcnyas\u0131ndaki Y\u00fckseli\u015fi<\/strong><\/h3>\n\n\n\n<p>2025&#8217;te i\u015fletmeler art\u0131k sadece k\u00e2rl\u0131l\u0131\u011f\u0131 de\u011fil, ayn\u0131 zamanda \u00e7evresel sorumluluklar\u0131n\u0131 da g\u00f6z \u00f6n\u00fcnde bulunduruyor. S\u00fcrd\u00fcr\u00fclebilir ofis mobilyas\u0131 se\u00e7imi, hem \u015firketinizin \u00e7evre dostu imaj\u0131n\u0131 g\u00fc\u00e7lendirirken hem de uzun vadede maliyet avantaj\u0131 sa\u011fl\u0131yor.<\/p>\n\n\n\n<p>Geri d\u00f6n\u00fc\u015ft\u00fcr\u00fclm\u00fc\u015f ah\u015fap, bambu, j\u00fct ve keten gibi do\u011fal malzemelerle \u00fcretilen mobilyalar 2025&#8217;in en dikkat \u00e7eken trendleri aras\u0131nda yer al\u0131yor. Bu malzemeler sadece estetik a\u00e7\u0131dan \u00e7ekici olmakla kalm\u0131yor, ayn\u0131 zamanda karbon ayak izinizi azaltarak gelecek nesillere daha ya\u015fanabilir bir d\u00fcnya b\u0131rakman\u0131za katk\u0131 sa\u011fl\u0131yor.<\/p>\n\n\n\n<h3 class=\"wp-block-heading\"><strong>S\u00fcrd\u00fcr\u00fclebilir Malzeme Se\u00e7iminde Dikkat Edilmesi Gerekenler<\/strong><\/h3>\n\n\n\n<p>Ofis mobilyas\u0131 al\u0131rken FSC (Forest Stewardship Council) sertifikal\u0131 ah\u015fap \u00fcr\u00fcnleri tercih etmek, ormanlar\u0131n s\u00fcrd\u00fcr\u00fclebilir y\u00f6netimini destekler. Ayr\u0131ca, VOC (U\u00e7ucu Organik Bile\u015fik) i\u00e7eri\u011fi d\u00fc\u015f\u00fck vernikler ve yap\u0131\u015ft\u0131r\u0131c\u0131larla \u00fcretilen mobilyalar, i\u00e7 hava kalitesini iyile\u015ftirerek \u00e7al\u0131\u015fan sa\u011fl\u0131\u011f\u0131n\u0131 korur.<\/p>\n\n\n\n<p>Metal mobilyalarda geri d\u00f6n\u00fc\u015ft\u00fcr\u00fclm\u00fc\u015f \u00e7elik ve al\u00fcminyum kullan\u0131m\u0131, hem \u00e7evreye hem de b\u00fct\u00e7enize olumlu katk\u0131 sa\u011flar. Bu malzemeler dayan\u0131kl\u0131l\u0131k a\u00e7\u0131s\u0131ndan da \u00fcst\u00fcn performans g\u00f6stererek uzun y\u0131llar boyunca kullan\u0131labilir.<\/p>\n\n\n\n<h3 class=\"wp-block-heading\"><strong>Enerji Verimlili\u011fi ve \u00c7evreci Ofis Ekosistemi<\/strong><\/h3>\n\n\n\n<p>Modern ofis mobilyalar\u0131 sadece malzeme se\u00e7imiyle de\u011fil, \u00fcretim s\u00fcre\u00e7leriyle de \u00e7evreye olan etkilerini azalt\u0131yor. Enerji verimli \u00fcretim y\u00f6ntemleriyle \u00fcretilen mobilyalar, genel \u00e7evre etkisini minimize ederken, kaliteden \u00f6d\u00fcn vermiyor.<\/p>\n\n\n\n<h2 class=\"wp-block-heading\"><strong>2. Ergonomi ve \u00c7al\u0131\u015fan Sa\u011fl\u0131\u011f\u0131na Odaklanma<\/strong><\/h2>\n\n\n\n<h3 class=\"wp-block-heading\"><strong>2025&#8217;te Ergonominin Kritik \u00d6nemi<\/strong><\/h3>\n\n\n\n<p>Hibrit \u00e7al\u0131\u015fma modellerinin yayg\u0131nla\u015fmas\u0131yla birlikte, \u00e7al\u0131\u015fanlar g\u00fcnlerinin \u00f6nemli bir b\u00f6l\u00fcm\u00fcn\u00fc ofiste ge\u00e7irmeye devam ediyor. Bu durum, ergonomik mobilya se\u00e7imini her zamankinden daha kritik hale getiriyor. Yanl\u0131\u015f post\u00fcrden kaynaklanan sa\u011fl\u0131k sorunlar\u0131, hem \u00e7al\u0131\u015fan refah\u0131n\u0131 olumsuz etkiliyor hem de \u015firketlere ekstra maliyetler getiriyor.<\/p>\n\n\n\n<h3 class=\"wp-block-heading\"><strong>Ergonomik Masa ve Sandalye Se\u00e7imi<\/strong><\/h3>\n\n\n\n<p>\u00c7al\u0131\u015fma masalar\u0131n\u0131n y\u00fckseklik ayarl\u0131 olmas\u0131, farkl\u0131 boy ve \u00e7al\u0131\u015fma tarzlar\u0131na sahip personelin konforunu art\u0131r\u0131r. \u00d6zellikle oturma-kalkma masalar\u0131 (sit-stand desk), uzun s\u00fcre oturman\u0131n zararl\u0131 etkilerini azaltarak \u00e7al\u0131\u015fan sa\u011fl\u0131\u011f\u0131n\u0131 destekler.<\/p>\n\n\n\n<p>Ergonomik ofis koltuklar\u0131 se\u00e7erken, lomber deste\u011fi, kol dayama ayarlar\u0131, oturma y\u00fczeyinin kalitesi ve nefes alabilen kuma\u015f yap\u0131s\u0131 gibi fakt\u00f6rler dikkate al\u0131nmal\u0131d\u0131r. Fileli ergonomik \u00e7al\u0131\u015fma koltuklar\u0131, hava sirk\u00fclasyonu sa\u011flayarak uzun s\u00fcreli kul\u0131mda konfor sunar.<\/p>\n\n\n\n<h3 class=\"wp-block-heading\"><strong>\u00c7al\u0131\u015fan Verimlili\u011fine Etkisi<\/strong><\/h3>\n\n\n\n<p>Ergonomik mobilyalar, \u00e7al\u0131\u015fanlar\u0131n g\u00fcnl\u00fck performans\u0131n\u0131 do\u011frudan etkiler. Do\u011fru post\u00fcr deste\u011fi sa\u011flayan mobilyalar, yorgunluk ve kas gerginli\u011fini azaltarak odaklanma s\u00fcresini art\u0131r\u0131r. Bu da do\u011frudan \u015firket verimlili\u011fine yans\u0131r.<\/p>\n\n\n\n<h3 class=\"wp-block-heading\"><strong>Sa\u011fl\u0131k ve G\u00fcvenlik Standartlar\u0131<\/strong><\/h3>\n\n\n\n<p>2025&#8217;te ofis mobilyas\u0131 se\u00e7iminde, ulusal ve uluslararas\u0131 sa\u011fl\u0131k standartlar\u0131na uygunluk mutlaka kontrol edilmelidir. CE i\u015faretli ve TSE belgeli \u00fcr\u00fcnler, g\u00fcvenlik a\u00e7\u0131s\u0131ndan minimum gereksinimleri kar\u015f\u0131lar.<\/p>\n\n\n\n<h2 class=\"wp-block-heading\"><strong>3. Esneklik ve \u00c7ok Ama\u00e7l\u0131 Kullan\u0131m \u00d6zellikleri<\/strong><\/h2>\n\n\n\n<h3 class=\"wp-block-heading\"><strong>Hibrit \u00c7al\u0131\u015fma Modellerine Uyum<\/strong><\/h3>\n\n\n\n<p>2025&#8217;in en belirgin i\u015f d\u00fcnyas\u0131 trendlerinden biri, hibrit \u00e7al\u0131\u015fma modellerinin kal\u0131c\u0131 hale gelmesi. Bu durum, ofis alanlar\u0131n\u0131n daha esnek ve \u00e7ok ama\u00e7l\u0131 kullan\u0131labilir olmas\u0131n\u0131 gerektiriyor. Mod\u00fcler mobilyalar, de\u011fi\u015fen ihtiya\u00e7lara h\u0131zla adapte olabilme kabiliyeti sunuyor.<\/p>\n\n\n\n<h3 class=\"wp-block-heading\"><strong>Mod\u00fcler ve Esnek Mobilya Sistemleri<\/strong><\/h3>\n\n\n\n<p>Mod\u00fcler masa sistemleri, tak\u0131m \u00e7al\u0131\u015fmas\u0131 gerekti\u011finde birle\u015ftirilebilir, bireysel \u00e7al\u0131\u015fma i\u00e7in ayr\u0131labilir. Bu esneklik, ofis alan\u0131n\u0131n maksimum verimlilikle kullan\u0131lmas\u0131n\u0131 sa\u011flar. \u00d6zellikle k\u00fc\u00e7\u00fck ofislerde, alan\u0131n \u00e7oklu kullan\u0131m\u0131 maliyet avantaj\u0131 yarat\u0131r.<\/p>\n\n\n\n<p>A\u00e7\u0131labilir toplant\u0131 masalar\u0131, depolama \u00f6zellikli \u00e7al\u0131\u015fma masalar\u0131 ve de\u011fi\u015febilir par\u00e7alarla desteklenen mod\u00fcler koltuklar gibi \u00e7ok i\u015flevli mobilyalar, hem pratiklik hem de estetik a\u00e7\u0131dan de\u011fer kat\u0131yor.<\/p>\n\n\n\n<h3 class=\"wp-block-heading\"><strong>Teknoloji Entegrasyonu ve Gelecek Haz\u0131rl\u0131\u011f\u0131<\/strong><\/h3>\n\n\n\n<p>Modern ofis mobilyalar\u0131, teknolojik ihtiya\u00e7lar\u0131 da g\u00f6z \u00f6n\u00fcnde bulundurarak tasarlan\u0131yor. Entegre kablo y\u00f6netimi sistemleri, USB ve wireless \u015farj \u00fcniteleri, gizli priz sistemleri gibi \u00f6zellikler, g\u00fcn\u00fcm\u00fcz ofis ihtiya\u00e7lar\u0131n\u0131 kar\u015f\u0131l\u0131yor.<\/p>\n\n\n\n<h3 class=\"wp-block-heading\"><strong>Alan Optimizasyonu<\/strong><\/h3>\n\n\n\n<p>\u00c7ok ama\u00e7l\u0131 mobilyalar, s\u0131n\u0131rl\u0131 ofis alanlar\u0131n\u0131n daha etkin kullan\u0131lmas\u0131n\u0131 sa\u011flar. Depolama alan\u0131 entegre edilmi\u015f workstation&#8217;lar, duvar monte raflar ve katlanabilir \u00e7al\u0131\u015fma alanlar\u0131, k\u00fc\u00e7\u00fck ofislerde alan kazand\u0131r\u0131r.<\/p>\n\n\n\n<h2 class=\"wp-block-heading\"><strong>4. Teknoloji Entegrasyonu ve Ak\u0131ll\u0131 Ofis \u00c7\u00f6z\u00fcmleri<\/strong><\/h2>\n\n\n\n<h3 class=\"wp-block-heading\"><strong>Dijital D\u00f6n\u00fc\u015f\u00fcm\u00fcn Mobilyaya Yans\u0131mas\u0131<\/strong><\/h3>\n\n\n\n<p>2025&#8217;te teknoloji entegrasyonu, ofis mobilyas\u0131 se\u00e7iminde art\u0131k opsiyonel de\u011fil, zorunlu bir kriter haline geldi. Ak\u0131ll\u0131 ofis sistemleri, \u00e7al\u0131\u015fan konforunu art\u0131r\u0131rken enerji tasarrufu da sa\u011fl\u0131yor.<\/p>\n\n\n\n<h3 class=\"wp-block-heading\"><strong>Ak\u0131ll\u0131 Ayd\u0131nlatma ve \u0130klim Kontrol\u00fc<\/strong><\/h3>\n\n\n\n<p>\u00c7al\u0131\u015fma masalar\u0131na entegre ak\u0131ll\u0131 ayd\u0131nlatma sistemleri, g\u00f6z yorgunlu\u011funu azaltarak odaklanmay\u0131 art\u0131r\u0131r. Hareket sens\u00f6rl\u00fc ayd\u0131nlatmalar, enerji tasarrufu sa\u011flarken \u00e7al\u0131\u015fan konforunu destekler.<\/p>\n\n\n\n<h3 class=\"wp-block-heading\"><strong>Kablosuz Teknoloji Deste\u011fi<\/strong><\/h3>\n\n\n\n<p>Modern ofis mobilyalar\u0131nda wireless \u015farj pad&#8217;leri, Bluetooth hoparl\u00f6rler ve ak\u0131ll\u0131 ekran sistemleri standart hale geliyor. Bu \u00f6zellikler, masa\u00fcst\u00fc karma\u015fas\u0131n\u0131 azalt\u0131rken teknolojik ihtiya\u00e7lar\u0131 kar\u015f\u0131l\u0131yor.<\/p>\n\n\n\n<h3 class=\"wp-block-heading\"><strong>Toplant\u0131 Odalar\u0131 i\u00e7in Ak\u0131ll\u0131 \u00c7\u00f6z\u00fcmler<\/strong><\/h3>\n\n\n\n<p>Ak\u0131ll\u0131 toplant\u0131 masalar\u0131, entegre ekranlar, sesli asistan deste\u011fi ve otomatik rezervasyon sistemleri ile donat\u0131l\u0131yor. Bu teknolojiler, uzaktan kat\u0131l\u0131mc\u0131lar ile ofis i\u00e7i \u00e7al\u0131\u015fanlar aras\u0131nda sorunsuz ileti\u015fim sa\u011fl\u0131yor.<\/p>\n\n\n\n<h3 class=\"wp-block-heading\"><strong>Veri G\u00fcvenli\u011fi ve Gizlilik<\/strong><\/h3>\n\n\n\n<p>Teknoloji entegrasyonu yap\u0131l\u0131rken, veri g\u00fcvenli\u011fi mutlaka g\u00f6z \u00f6n\u00fcnde bulundurulmal\u0131d\u0131r. G\u00fcvenli ba\u011flant\u0131 protokolleri ve \u015fifreleme \u00f6zellikleri olan ak\u0131ll\u0131 mobilyalar tercih edilmelidir.<\/p>\n\n\n\n<h2 class=\"wp-block-heading\"><strong>5. Akustik Konfor ve G\u00fcr\u00fclt\u00fc Kontrol\u00fc<\/strong><\/h2>\n\n\n\n<h3 class=\"wp-block-heading\"><strong>Modern Ofislerin Akustik Zorluklar\u0131<\/strong><\/h3>\n\n\n\n<p>A\u00e7\u0131k ofis d\u00fczenlerinin yayg\u0131nla\u015fmas\u0131yla birlikte, g\u00fcr\u00fclt\u00fc kirlili\u011fi \u00e7al\u0131\u015fan verimlili\u011fini olumsuz etkileyen ba\u015fl\u0131ca fakt\u00f6rlerden biri haline geldi. 2025&#8217;te ofis mobilyas\u0131 se\u00e7iminde akustik \u00e7\u00f6z\u00fcmler kritik \u00f6nem ta\u015f\u0131yor.<\/p>\n\n\n\n<h3 class=\"wp-block-heading\"><strong>Ses Emici Malzemeler ve Tasar\u0131m<\/strong><\/h3>\n\n\n\n<p>Ses emici kuma\u015flar, akustik paneller ve \u00f6zel tasar\u0131m mobilyalar, ofis i\u00e7i g\u00fcr\u00fclt\u00fcy\u00fc \u00f6nemli \u00f6l\u00e7\u00fcde azalt\u0131r. Y\u00fcksek yo\u011funluklu k\u00f6p\u00fck dolgulu koltuklar ve duvar panelleri, hem estetik hem de i\u015flevsel \u00e7\u00f6z\u00fcmler sunar.<\/p>\n\n\n\n<h3 class=\"wp-block-heading\"><strong>\u00d6zel Odaklanma Alanlar\u0131<\/strong><\/h3>\n\n\n\n<p>K\u00fc\u00e7\u00fck, yar\u0131 izole \u00e7al\u0131\u015fma kabinleri (phone booth&#8217;lar), bireysel \u00e7al\u0131\u015fma i\u00e7in sessiz alanlar yarat\u0131r. Bu tip mobilyalar, \u00f6nemli g\u00f6r\u00fc\u015fmeler ve odaklanma gerektiren i\u015fler i\u00e7in ideal \u00e7\u00f6z\u00fcmler sunar.<\/p>\n\n\n\n<h3 class=\"wp-block-heading\"><strong>Akustik Mobilya Se\u00e7imi<\/strong><\/h3>\n\n\n\n<p>Yumu\u015fak y\u00fczeyler ve do\u011fal malzemeler, ses yans\u0131malar\u0131n\u0131 azaltarak akustik konforu art\u0131r\u0131r. Hal\u0131, per\u0434\u0435 ve tekstil kapl\u0131 mobilyalar, sert y\u00fczeylerin yank\u0131lanma etkisini minimize eder.<\/p>\n\n\n\n<h3 class=\"wp-block-heading\"><strong>A\u00e7\u0131k Alan D\u00fczenlemesi<\/strong><\/h3>\n\n\n\n<p>Mobilya yerle\u015fimi de akustik konforu etkiler. Y\u00fcksek dolaplar ve b\u00f6l\u00fcc\u00fc sistemler, farkl\u0131 \u00e7al\u0131\u015fma alanlar\u0131 aras\u0131nda ses bariyeri olu\u015fturarak kar\u015f\u0131l\u0131kl\u0131 g\u00fcr\u00fclt\u00fc problemini azalt\u0131r.<\/p>\n\n\n\n<h2 class=\"wp-block-heading\"><strong>Kalite ve Dayan\u0131kl\u0131l\u0131k Fakt\u00f6rleri<\/strong><\/h2>\n\n\n\n<h3 class=\"wp-block-heading\"><strong>Uzun Vadeli Yat\u0131r\u0131m Perspektifi<\/strong><\/h3>\n\n\n\n<p>2025&#8217;te ofis mobilyas\u0131 se\u00e7imi, k\u0131sa vadeli maliyet odakl\u0131 yakla\u015f\u0131mdan ziyade, uzun vadeli yat\u0131r\u0131m de\u011feri g\u00f6z \u00f6n\u00fcnde bulundurularak yap\u0131lmal\u0131d\u0131r. Kaliteli malzemeler ve \u00fcst\u00fcn i\u015f\u00e7ilik, uzun y\u0131llar boyunca sorunsuz kullan\u0131m garantisi verir.<\/p>\n\n\n\n<h3 class=\"wp-block-heading\"><strong>Garanti ve Servis Deste\u011fi<\/strong><\/h3>\n\n\n\n<p>Se\u00e7ece\u011finiz mobilya tedarik\u00e7isinin sundu\u011fu garanti s\u00fcresi ve servis kalitesi, uzun vadeli memnuniyetinizi etkiler. Kapsaml\u0131 garanti ve h\u0131zl\u0131 servis deste\u011fi, i\u015fletme devaml\u0131l\u0131\u011f\u0131 a\u00e7\u0131s\u0131ndan kritiktir.<\/p>\n\n\n\n<h3 class=\"wp-block-heading\"><strong>Bak\u0131m ve Temizlik Kolayl\u0131\u011f\u0131<\/strong><\/h3>\n\n\n\n<p>Hijyen standartlar\u0131n\u0131n y\u00fckseldi\u011fi g\u00fcn\u00fcm\u00fczde, kolay temizlenebilir y\u00fczeyler ve antimikrobiyal \u00f6zellikli malzemeler tercih edilmelidir. Bu \u00f6zellikler, hem sa\u011fl\u0131k hem de bak\u0131m maliyetleri a\u00e7\u0131s\u0131ndan avantaj sa\u011flar.<\/p>\n\n\n\n<h2 class=\"wp-block-heading\"><strong>Sonu\u00e7 ve \u00d6neriler<\/strong><\/h2>\n\n\n\n<p>2025&#8217;te ofis mobilyas\u0131 se\u00e7imi yaparken, geleneksel estetik ve maliyet kriterlerinin yan\u0131 s\u0131ra s\u00fcrd\u00fcr\u00fclebilirlik, teknoloji entegrasyonu, ergonomi, esneklik ve akustik konfor gibi fakt\u00f6rleri de de\u011ferlendirmek gerekiyor. Do\u011fru mobilya se\u00e7imi, sadece \u00e7al\u0131\u015fan memnuniyetini art\u0131rmakla kalm\u0131yor, ayn\u0131 zamanda \u015firketin rekabet g\u00fcc\u00fcn\u00fc de destekliyor.<\/p>\n\n\n\n<p>Gelecekte \u00e7al\u0131\u015fma alanlar\u0131 daha da ak\u0131ll\u0131, esnek ve \u00e7evre dostu hale gelmeye devam edecek. Bu trendlere uyum sa\u011flayan i\u015fletmeler, hem \u00e7al\u0131\u015fan ba\u011fl\u0131l\u0131\u011f\u0131n\u0131 art\u0131racak hem de s\u00fcrd\u00fcr\u00fclebilir b\u00fcy\u00fcme hedeflerine ula\u015facaklar.<\/p>\n\n\n\n<p>\u0130deal ofis mobilyas\u0131 se\u00e7imi i\u00e7in, t\u00fcm bu kriterleri dengeleyerek ihtiya\u00e7lar\u0131n\u0131za en uygun \u00e7\u00f6z\u00fcm\u00fc bulmak, 2025&#8217;te ba\u015far\u0131l\u0131 bir \u00e7al\u0131\u015fma ortam\u0131 yaratman\u0131n anahtar\u0131d\u0131r.<\/p>","protected":false},"excerpt":{"rendered":"<p>Pellentesque feugiat, sem id interdum molestie, libero nibh imperdiet velit, sodales elementum enim sem sed lectus. Vivamus viverra diam congue tristique pellentesque. Proin efficitur est vel lectus ultrices rhoncus eu ut lacus. In gravida leo at justo lobortis, vitae aliquet justo vehicula. Maecenas at facilisis ex. Curabitur cursus, ex id efficitur ultrices, sapien mauris sodales<\/p>","protected":false},"author":10,"featured_media":28586,"comment_status":"closed","ping_status":"closed","sticky":false,"template":"","format":"standard","meta":{"_monsterinsights_skip_tracking":false,"_monsterinsights_sitenote_active":false,"_monsterinsights_sitenote_note":"","_monsterinsights_sitenote_category":0,"footnotes":""},"categories":[404,406,408],"tags":[],"class_list":["post-28583","post","type-post","status-publish","format-standard","has-post-thumbnail","hentry","category-is-dunyasi","category-ofis-dekorasyonu","category-ofis-mobilyalari"],"_links":{"self":[{"href":"https:\/\/kuansofis.com\/en\/wp-json\/wp\/v2\/posts\/28583","targetHints":{"allow":["GET"]}}],"collection":[{"href":"https:\/\/kuansofis.com\/en\/wp-json\/wp\/v2\/posts"}],"about":[{"href":"https:\/\/kuansofis.com\/en\/wp-json\/wp\/v2\/types\/post"}],"author":[{"embeddable":true,"href":"https:\/\/kuansofis.com\/en\/wp-json\/wp\/v2\/users\/10"}],"replies":[{"embeddable":true,"href":"https:\/\/kuansofis.com\/en\/wp-json\/wp\/v2\/comments?post=28583"}],"version-history":[{"count":1,"href":"https:\/\/kuansofis.com\/en\/wp-json\/wp\/v2\/posts\/28583\/revisions"}],"predecessor-version":[{"id":137816,"href":"https:\/\/kuansofis.com\/en\/wp-json\/wp\/v2\/posts\/28583\/revisions\/137816"}],"wp:featuredmedia":[{"embeddable":true,"href":"https:\/\/kuansofis.com\/en\/wp-json\/wp\/v2\/media\/28586"}],"wp:attachment":[{"href":"https:\/\/kuansofis.com\/en\/wp-json\/wp\/v2\/media?parent=28583"}],"wp:term":[{"taxonomy":"category","embeddable":true,"href":"https:\/\/kuansofis.com\/en\/wp-json\/wp\/v2\/categories?post=28583"},{"taxonomy":"post_tag","embeddable":true,"href":"https:\/\/kuansofis.com\/en\/wp-json\/wp\/v2\/tags?post=28583"}],"curies":[{"name":"wp","href":"https:\/\/api.w.org\/{rel}","templated":true}]}}