{"id":28579,"date":"2025-07-08T14:58:04","date_gmt":"2025-07-08T11:58:04","guid":{"rendered":"https:\/\/kuansofis.com\/?p=28579"},"modified":"2026-01-13T15:18:25","modified_gmt":"2026-01-13T12:18:25","slug":"toplanti-kulturunu-yeniden-tasarlamak-verimliligi-artiran-toplanti-masasi-secimleri","status":"publish","type":"post","link":"https:\/\/kuansofis.com\/en\/toplanti-kulturunu-yeniden-tasarlamak-verimliligi-artiran-toplanti-masasi-secimleri\/","title":{"rendered":"Toplant\u0131 K\u00fclt\u00fcr\u00fcn\u00fc Yeniden Tasarlamak: Verimlili\u011fi Art\u0131ran Toplant\u0131 Masas\u0131 Se\u00e7imleri"},"content":{"rendered":"<p>G\u00fcn\u00fcm\u00fcz i\u015f d\u00fcnyas\u0131nda toplant\u0131lar, i\u015fbirli\u011fi, fikir al\u0131\u015fveri\u015fi ve karar alma s\u00fcre\u00e7lerinin merkezinde yer al\u0131yor. Ancak Harward Business Review&#8217;in ara\u015ft\u0131rmalar\u0131na g\u00f6re, y\u00f6neticilerin zamanlar\u0131n\u0131n yakla\u015f\u0131k %23&#8217;\u00fc ve \u00e7al\u0131\u015fanlar\u0131n da %12&#8217;si toplant\u0131larda ge\u00e7iyor. Bu denli \u00f6nemli ve zaman alan etkinliklerin ger\u00e7ekle\u015fti\u011fi mekan\u0131n tasar\u0131m\u0131 ve \u00f6zellikle toplant\u0131 masas\u0131n\u0131n se\u00e7imi, toplant\u0131 verimlili\u011fini do\u011frudan etkileyebilir. \u00d6zellikle bahar aylar\u0131yla birlikte ofis yenileme planlar\u0131 yapan \u015firketler i\u00e7in, do\u011fru toplant\u0131 masas\u0131 se\u00e7imi kritik bir karard\u0131r. Bu yaz\u0131m\u0131zda, toplant\u0131 k\u00fclt\u00fcr\u00fcn\u00fcz\u00fc iyile\u015ftirecek ve verimlili\u011fi art\u0131racak toplant\u0131 masas\u0131 se\u00e7imlerini detayl\u0131ca inceleyece\u011fiz.<\/p>\n\n\n\n<h2 class=\"wp-block-heading\">Toplant\u0131 Tarz\u0131n\u0131z\u0131 Belirleyin<\/h2>\n\n\n\n<p>Do\u011fru toplant\u0131 masas\u0131 se\u00e7iminden \u00f6nce, \u015firketinizin toplant\u0131 k\u00fclt\u00fcr\u00fcn\u00fc ve ihtiya\u00e7lar\u0131n\u0131 de\u011ferlendirmeniz gerekir. Her \u015firketin kendine \u00f6zg\u00fc bir toplant\u0131 rit\u00fceli vard\u0131r ve masa se\u00e7imi de bu k\u00fclt\u00fcre uygun olmal\u0131d\u0131r:<\/p>\n\n\n\n<h2 class=\"wp-block-heading\">Hiyerar\u015fik Toplant\u0131lar<\/h2>\n\n\n\n<p>Geleneksel ve hiyerar\u015fik yap\u0131daki \u015firketlerde, genellikle y\u00f6neticilerin ba\u015fkanl\u0131k etti\u011fi, bilgi aktar\u0131m\u0131na dayal\u0131 toplant\u0131lar yap\u0131l\u0131r. Bu t\u00fcr toplant\u0131lar i\u00e7in:<\/p>\n\n\n\n<ul class=\"wp-block-list\">\n<li>Dikd\u00f6rtgen veya oval bi\u00e7imli masalar idealdir<\/li>\n\n\n\n<li>Masan\u0131n bir ucunda ya da ortas\u0131nda liderlik pozisyonu belirgindir<\/li>\n\n\n\n<li>Kaliteli ah\u015fap kaplama gibi geleneksel ve prestijli malzemeler tercih edilebilir<\/li>\n\n\n\n<li>Otorite hissi yaratan koyu renk tonlar\u0131 etkilidir<\/li>\n<\/ul>\n\n\n\n<h2 class=\"wp-block-heading\">\u0130\u015fbirlik\u00e7i Toplant\u0131lar<\/h2>\n\n\n\n<p>Yatay organizasyon yap\u0131s\u0131na sahip, fikir al\u0131\u015fveri\u015fi ve beyin f\u0131rt\u0131nas\u0131na dayal\u0131 toplant\u0131lar yapan \u015firketler i\u00e7in:<\/p>\n\n\n\n<ul class=\"wp-block-list\">\n<li>Yuvarlak veya kare masalar e\u015fitlik hissi yarat\u0131r<\/li>\n\n\n\n<li>Herkesin birbirini g\u00f6rebilece\u011fi d\u00fczenlemeler \u00f6nemlidir<\/li>\n\n\n\n<li>Esnek, mod\u00fcler ve hareket ettirilebilir masalar avantaj sa\u011flar<\/li>\n\n\n\n<li>Daha canl\u0131 ve ilham verici renk se\u00e7imleri d\u00fc\u015f\u00fcn\u00fclebilir<\/li>\n<\/ul>\n\n\n\n<h2 class=\"wp-block-heading\">Hibrit Toplant\u0131lar<\/h2>\n\n\n\n<p>Pandemi sonras\u0131 i\u015f d\u00fcnyas\u0131n\u0131n yeni normali haline gelen, hem fiziksel hem de uzaktan kat\u0131l\u0131mc\u0131lar\u0131n oldu\u011fu toplant\u0131lar i\u00e7in:<\/p>\n\n\n\n<ul class=\"wp-block-list\">\n<li>Teknoloji entegrasyonu i\u00e7in haz\u0131r masa \u00e7\u00f6z\u00fcmleri gereklidir<\/li>\n\n\n\n<li>Kablo y\u00f6netim sistemleri ve elektrik eri\u015fimi \u00f6nemlidir<\/li>\n\n\n\n<li>Video konferans ekipman\u0131n\u0131 destekleyen tasar\u0131mlar tercih edilmelidir<\/li>\n\n\n\n<li>Akustik \u00f6zelliklere \u00f6zen g\u00f6sterilmelidir<\/li>\n<\/ul>\n\n\n\n<h2 class=\"wp-block-heading\">Toplant\u0131 Odas\u0131 B\u00fcy\u00fckl\u00fc\u011f\u00fc ve Masa \u00d6l\u00e7\u00fcleri<\/h2>\n\n\n\n<p>Toplant\u0131 masas\u0131 se\u00e7iminde en temel kriterlerden biri, elbette boyutlard\u0131r. Bu noktada dikkat edilmesi gereken fakt\u00f6rler \u015funlard\u0131r:<\/p>\n\n\n\n<h2 class=\"wp-block-heading\">Ki\u015fi Ba\u015f\u0131na Alan<\/h2>\n\n\n\n<p>Ergonomik a\u00e7\u0131dan, her kat\u0131l\u0131mc\u0131 i\u00e7in a\u015fa\u011f\u0131daki alanlar\u0131n ayr\u0131lmas\u0131 \u00f6nerilir:<\/p>\n\n\n\n<ul class=\"wp-block-list\">\n<li>Standart toplant\u0131lar i\u00e7in ki\u015fi ba\u015f\u0131 en az 60-75 cm geni\u015flik<\/li>\n\n\n\n<li>Diz\u00fcst\u00fc bilgisayar, not defteri gibi malzemelerin kullan\u0131laca\u011f\u0131 toplant\u0131larda ki\u015fi ba\u015f\u0131 75-90 cm<\/li>\n\n\n\n<li>\u00d6nemli dok\u00fcmanlar\u0131n incelenece\u011fi uzun toplant\u0131larda ki\u015fi ba\u015f\u0131 90-120 cm<\/li>\n<\/ul>\n\n\n\n<h2 class=\"wp-block-heading\">Oda Boyutlar\u0131 ile Uyum<\/h2>\n\n\n\n<p>Toplant\u0131 masas\u0131, oda boyutlar\u0131yla uyumlu olmal\u0131d\u0131r:<\/p>\n\n\n\n<ul class=\"wp-block-list\">\n<li>Masa \u00e7evresinde hareket edebilmek i\u00e7in her y\u00f6nde en az 90-120 cm bo\u015fluk b\u0131rak\u0131lmal\u0131d\u0131r<\/li>\n\n\n\n<li>Sandalyeler \u00e7ekildi\u011finde insanlar\u0131n rahat\u00e7a ge\u00e7ebilece\u011fi alan hesaplanmal\u0131d\u0131r<\/li>\n\n\n\n<li>Projeksiyon, ekran gibi ekipmanlar\u0131n yerle\u015fimi de g\u00f6z \u00f6n\u00fcnde bulundurulmal\u0131d\u0131r<\/li>\n<\/ul>\n\n\n\n<h2 class=\"wp-block-heading\">Standart \u00d6l\u00e7\u00fcler<\/h2>\n\n\n\n<p>Baz\u0131 standart toplant\u0131 masas\u0131 \u00f6l\u00e7\u00fcleri \u015f\u00f6yledir:<\/p>\n\n\n\n<ul class=\"wp-block-list\">\n<li>4-6 ki\u015filik toplant\u0131lar i\u00e7in: 180-240 cm x 90-120 cm<\/li>\n\n\n\n<li>8-10 ki\u015filik toplant\u0131lar i\u00e7in: 240-300 cm x 120-150 cm<\/li>\n\n\n\n<li>12-14 ki\u015filik toplant\u0131lar i\u00e7in: 360-420 cm x 120-150 cm<\/li>\n\n\n\n<li>B\u00fcy\u00fck konferans masalar\u0131: 480 cm ve \u00fczeri<\/li>\n<\/ul>\n\n\n\n<h2 class=\"wp-block-heading\">Masa \u015eekli ve \u0130leti\u015fime Etkisi<\/h2>\n\n\n\n<p>Toplant\u0131 masas\u0131n\u0131n \u015fekli, sadece estetik bir tercih de\u011fil, ayn\u0131 zamanda toplant\u0131daki ileti\u015fim dinamiklerini de etkileyen \u00f6nemli bir fakt\u00f6rd\u00fcr:<\/p>\n\n\n\n<h2 class=\"wp-block-heading\">Dikd\u00f6rtgen Masalar<\/h2>\n\n\n\n<p>En yayg\u0131n toplant\u0131 masas\u0131 \u015feklidir ve \u015fu \u00f6zelliklere sahiptir:<\/p>\n\n\n\n<ul class=\"wp-block-list\">\n<li>Net bir hiyerar\u015fi olu\u015fturur; masan\u0131n ba\u015f\u0131 ve sonunda oturanlar do\u011fal olarak otorite pozisyonundad\u0131r<\/li>\n\n\n\n<li>Daha fazla ki\u015fiyi daha az alan kullanarak oturtabilir<\/li>\n\n\n\n<li>Y\u00f6netim kurulu, m\u00fc\u015fteri g\u00f6r\u00fc\u015fmeleri ve formal toplant\u0131lar i\u00e7in uygundur<\/li>\n\n\n\n<li>Kar\u015f\u0131l\u0131kl\u0131 oturanlar aras\u0131nda daha do\u011frudan ileti\u015fim sa\u011flar<\/li>\n<\/ul>\n\n\n\n<h2 class=\"wp-block-heading\">Kare Masalar<\/h2>\n\n\n\n<p>Daha k\u00fc\u00e7\u00fck gruplar i\u00e7in ideal olan kare masalar \u015fu avantajlara sahiptir:<\/p>\n\n\n\n<ul class=\"wp-block-list\">\n<li>E\u015fitlik\u00e7i bir toplant\u0131 ortam\u0131 yarat\u0131r<\/li>\n\n\n\n<li>D\u00f6rt k\u00f6\u015fede oturan ki\u015filer e\u015fit konumdad\u0131r<\/li>\n\n\n\n<li>Y\u00fcz y\u00fcze ileti\u015fimi kolayla\u015ft\u0131r\u0131r<\/li>\n\n\n\n<li>4-8 ki\u015filik gruplar i\u00e7in idealdir<\/li>\n<\/ul>\n\n\n\n<h2 class=\"wp-block-heading\">Yuvarlak Masalar<\/h2>\n\n\n\n<p>Efsanevi Kral Arthur&#8217;un yuvarlak masa gelene\u011finden ilham alan bu tasar\u0131m:<\/p>\n\n\n\n<ul class=\"wp-block-list\">\n<li>T\u00fcm kat\u0131l\u0131mc\u0131lar\u0131n e\u015fit stat\u00fcde oldu\u011fu hissini yarat\u0131r<\/li>\n\n\n\n<li>Herkesin birbirini g\u00f6rebilmesini sa\u011flar<\/li>\n\n\n\n<li>\u0130\u015fbirli\u011fini ve kat\u0131l\u0131m\u0131 te\u015fvik eder<\/li>\n\n\n\n<li>Demokratik karar alma s\u00fcre\u00e7leri i\u00e7in idealdir<\/li>\n\n\n\n<li>Ancak \u00e7ok b\u00fcy\u00fck yuvarlak masalarda kar\u015f\u0131 taraftaki ki\u015filerle ileti\u015fim zorla\u015fabilir<\/li>\n<\/ul>\n\n\n\n<h2 class=\"wp-block-heading\">Oval Masalar<\/h2>\n\n\n\n<p>Dikd\u00f6rtgen ve yuvarlak masalar\u0131n avantajlar\u0131n\u0131 birle\u015ftiren oval masalar:<\/p>\n\n\n\n<ul class=\"wp-block-list\">\n<li>Hem hiyerar\u015fiyi destekler hem de daha yumu\u015fak bir etki yarat\u0131r<\/li>\n\n\n\n<li>K\u00f6\u015felerde oturanlar liderlik pozisyonunda olabilir<\/li>\n\n\n\n<li>Daha fazla ki\u015fiye daha az alan kullanarak yer sa\u011flar<\/li>\n\n\n\n<li>Herkesin birbirini g\u00f6rmesine olanak tan\u0131r<\/li>\n<\/ul>\n\n\n\n<h2 class=\"wp-block-heading\">U veya V \u015eeklindeki Masalar<\/h2>\n\n\n\n<p>E\u011fitim, sunum veya b\u00fcy\u00fck toplant\u0131lar i\u00e7in tercih edilen bu d\u00fczenlemeler:<\/p>\n\n\n\n<ul class=\"wp-block-list\">\n<li>Net bir odak noktas\u0131 (sunum yapan ki\u015fi veya ekran) olu\u015fturur<\/li>\n\n\n\n<li>Kat\u0131l\u0131mc\u0131lar aras\u0131nda g\u00f6z temas\u0131 sa\u011flar<\/li>\n\n\n\n<li>E\u011fitim ve workshop ortamlar\u0131 i\u00e7in idealdir<\/li>\n\n\n\n<li>Mod\u00fcler par\u00e7alarla olu\u015fturulabilir ve gerekti\u011finde yeniden d\u00fczenlenebilir<\/li>\n<\/ul>\n\n\n\n<h2 class=\"wp-block-heading\">Malzeme Se\u00e7imi ve Kurumsal \u0130maj<\/h2>\n\n\n\n<p>Toplant\u0131 masas\u0131n\u0131n yap\u0131ld\u0131\u011f\u0131 malzemeler, hem dayan\u0131kl\u0131l\u0131\u011f\u0131 hem de \u015firketin kurumsal imaj\u0131n\u0131 yans\u0131t\u0131r:<\/p>\n\n\n\n<h2 class=\"wp-block-heading\">Ah\u015fap ve Ah\u015fap Kaplamalar<\/h2>\n\n\n\n<p>S\u0131cak, do\u011fal ve prestijli bir g\u00f6r\u00fcn\u00fcm sunan ah\u015fap masalar:<\/p>\n\n\n\n<ul class=\"wp-block-list\">\n<li>Ceviz, me\u015fe, kiraz gibi sert a\u011fa\u00e7lar uzun \u00f6m\u00fcrl\u00fcd\u00fcr ve l\u00fcks g\u00f6r\u00fcn\u00fcm sa\u011flar<\/li>\n\n\n\n<li>Ah\u015fap kaplamalar, masif ah\u015faba g\u00f6re daha ekonomik bir se\u00e7enektir<\/li>\n\n\n\n<li>Geleneksel, g\u00fcven veren ve k\u00f6kl\u00fc bir kurumsal imaj yans\u0131t\u0131r<\/li>\n\n\n\n<li>Do\u011fal ah\u015fap veneer, her masaya benzersiz bir karakter katar<\/li>\n<\/ul>\n\n\n\n<h2 class=\"wp-block-heading\">Cam<\/h2>\n\n\n\n<p>Modern ve \u015feffaf bir etki yaratan cam masalar:<\/p>\n\n\n\n<ul class=\"wp-block-list\">\n<li>A\u00e7\u0131k ve d\u00fcr\u00fcst bir kurumsal k\u00fclt\u00fcr\u00fc sembolize eder<\/li>\n\n\n\n<li>Oday\u0131 daha geni\u015f ve ayd\u0131nl\u0131k g\u00f6sterir<\/li>\n\n\n\n<li>Genellikle metal veya ah\u015fap ayaklarla kombine edilir<\/li>\n\n\n\n<li>Temperli veya lamine g\u00fcvenlik cam\u0131 tercih edilmelidir<\/li>\n\n\n\n<li>Y\u00fczeyi kolayca temizlenebilir ancak parmak izleri g\u00f6sterebilir<\/li>\n<\/ul>\n\n\n\n<h2 class=\"wp-block-heading\">Metal<\/h2>\n\n\n\n<p>End\u00fcstriyel ve \u00e7a\u011fda\u015f bir g\u00f6r\u00fcn\u00fcm sunan metal masalar:<\/p>\n\n\n\n<ul class=\"wp-block-list\">\n<li>Paslanmaz \u00e7elik, al\u00fcminyum veya krom kaplama se\u00e7enekleri mevcuttur<\/li>\n\n\n\n<li>Son derece dayan\u0131kl\u0131 ve uzun \u00f6m\u00fcrl\u00fcd\u00fcr<\/li>\n\n\n\n<li>Teknoloji \u015firketleri ve end\u00fcstriyel sekt\u00f6rler i\u00e7in uygundur<\/li>\n\n\n\n<li>Genellikle ah\u015fap veya cam ile kombinasyon halinde kullan\u0131l\u0131r<\/li>\n<\/ul>\n\n\n\n<h2 class=\"wp-block-heading\">Kompozit Malzemeler<\/h2>\n\n\n\n<p>Dayan\u0131kl\u0131l\u0131k ve estetik a\u00e7\u0131dan avantajlar sunan kompozit malzemeler:<\/p>\n\n\n\n<ul class=\"wp-block-list\">\n<li>Y\u00fcksek bas\u0131n\u00e7l\u0131 laminatlar (HPL) \u00e7izilmeye ve lekelere kar\u015f\u0131 dayan\u0131kl\u0131d\u0131r<\/li>\n\n\n\n<li>Solid y\u00fczey malzemeleri (Corian gibi) diki\u015fsiz bir g\u00f6r\u00fcn\u00fcm sa\u011flar<\/li>\n\n\n\n<li>Akrilik ve polimer bazl\u0131 malzemeler farkl\u0131 renk ve doku se\u00e7enekleri sunar<\/li>\n\n\n\n<li>Bak\u0131m\u0131 kolay ve uzun \u00f6m\u00fcrl\u00fcd\u00fcr<\/li>\n<\/ul>\n\n\n\n<h2 class=\"wp-block-heading\">Teknoloji Entegrasyonu<\/h2>\n\n\n\n<p>Modern toplant\u0131 masalar\u0131, teknolojik ihtiya\u00e7lar\u0131 kar\u015f\u0131layacak \u015fekilde tasarlanmal\u0131d\u0131r:<\/p>\n\n\n\n<h2 class=\"wp-block-heading\">Elektrik ve Veri Ba\u011flant\u0131lar\u0131<\/h2>\n\n\n\n<ul class=\"wp-block-list\">\n<li>Masa \u00fczerinde veya i\u00e7inde gizlenmi\u015f elektrik prizleri<\/li>\n\n\n\n<li>USB \u015farj noktalar\u0131 ve h\u0131zl\u0131 \u015farj destekleri<\/li>\n\n\n\n<li>Kablolu internet ba\u011flant\u0131 noktalar\u0131<\/li>\n\n\n\n<li>Kablosuz \u015farj y\u00fczeyleri<\/li>\n<\/ul>\n\n\n\n<h2 class=\"wp-block-heading\">Kablo Y\u00f6netim Sistemleri<\/h2>\n\n\n\n<ul class=\"wp-block-list\">\n<li>Masa i\u00e7inde kablo kanallar\u0131 ve organizerleri<\/li>\n\n\n\n<li>Ayak k\u0131sm\u0131nda dikey kablo ta\u015f\u0131ma sistemleri<\/li>\n\n\n\n<li>Zemine ba\u011flant\u0131 i\u00e7in gerekli ge\u00e7i\u015fler<\/li>\n\n\n\n<li>G\u00f6r\u00fcn\u00fcr kablo karma\u015fas\u0131n\u0131 \u00f6nleyen \u00e7\u00f6z\u00fcmler<\/li>\n<\/ul>\n\n\n\n<h2 class=\"wp-block-heading\">G\u00f6r\u00fcnt\u00fc ve Ses Sistemleri<\/h2>\n\n\n\n<ul class=\"wp-block-list\">\n<li>Ekran veya projeksiyon sistemleri i\u00e7in haz\u0131r montaj noktalar\u0131<\/li>\n\n\n\n<li>G\u00f6mme hoparl\u00f6r sistemleri<\/li>\n\n\n\n<li>Video konferans ekipmanlar\u0131 i\u00e7in \u00f6zel b\u00f6lmeler<\/li>\n\n\n\n<li>Akustik paneller veya malzemeler<\/li>\n<\/ul>\n\n\n\n<h2 class=\"wp-block-heading\">Ak\u0131ll\u0131 Masa \u00c7\u00f6z\u00fcmleri<\/h2>\n\n\n\n<ul class=\"wp-block-list\">\n<li>Toplant\u0131 odas\u0131 rezervasyon sistemleriyle entegre sens\u00f6rler<\/li>\n\n\n\n<li>Dokunmatik kontrol panelleri<\/li>\n\n\n\n<li>IoT (Nesnelerin \u0130nterneti) cihazlar\u0131yla ileti\u015fim<\/li>\n\n\n\n<li>Ayd\u0131nlatma ve iklim kontrol\u00fc entegrasyonu<\/li>\n<\/ul>\n\n\n\n<h2 class=\"wp-block-heading\">Ergonomi ve Konfor<\/h2>\n\n\n\n<p>Verimli toplant\u0131lar i\u00e7in ergonomik fakt\u00f6rler g\u00f6z ard\u0131 edilmemelidir:<\/p>\n\n\n\n<h2 class=\"wp-block-heading\">Masa Y\u00fcksekli\u011fi<\/h2>\n\n\n\n<ul class=\"wp-block-list\">\n<li>Standart toplant\u0131 masalar\u0131 i\u00e7in ideal y\u00fckseklik 72-76 cm&#8217;dir<\/li>\n\n\n\n<li>Y\u00fcksekli\u011fi ayarlanabilir masalar, farkl\u0131 aktiviteler i\u00e7in esneklik sa\u011flar<\/li>\n\n\n\n<li>Ayakta toplant\u0131lar i\u00e7in y\u00fcksek masalar (90-110 cm) da tercih edilebilir<\/li>\n<\/ul>\n\n\n\n<h2 class=\"wp-block-heading\">Bacak Mesafesi<\/h2>\n\n\n\n<ul class=\"wp-block-list\">\n<li>Masa alt\u0131nda yeterli diz ve bacak mesafesi olmal\u0131d\u0131r (en az 30 cm derinlik)<\/li>\n\n\n\n<li>Masa ayaklar\u0131 veya destek yap\u0131lar\u0131 oturanlar\u0131n hareketini k\u0131s\u0131tlamamal\u0131d\u0131r<\/li>\n\n\n\n<li>Tekerlekli sandalyeler i\u00e7in uygun y\u00fckseklik ve a\u00e7\u0131kl\u0131k d\u00fc\u015f\u00fcn\u00fclmelidir<\/li>\n<\/ul>\n\n\n\n<h2 class=\"wp-block-heading\">Y\u00fczey \u00d6zellikleri<\/h2>\n\n\n\n<ul class=\"wp-block-list\">\n<li>Mat y\u00fczeyler g\u00f6z yorgunlu\u011funu azalt\u0131r ve yans\u0131malar\u0131 \u00f6nler<\/li>\n\n\n\n<li>Hafif dokulu y\u00fczeyler, ka\u011f\u0131tlar\u0131n kaymas\u0131n\u0131 engeller<\/li>\n\n\n\n<li>K\u00f6\u015felerin yuvarlat\u0131lm\u0131\u015f olmas\u0131 g\u00fcvenlik a\u00e7\u0131s\u0131ndan \u00f6nemlidir<\/li>\n\n\n\n<li>Kolay temizlenebilir y\u00fczeyler hijyen a\u00e7\u0131s\u0131ndan avantaj sa\u011flar<\/li>\n<\/ul>\n\n\n\n<h2 class=\"wp-block-heading\">S\u00fcrd\u00fcr\u00fclebilirlik ve \u00c7evresel Fakt\u00f6rler<\/h2>\n\n\n\n<p>Kurumsal sosyal sorumluluk bilincinin artmas\u0131yla, toplant\u0131 masalar\u0131nda da s\u00fcrd\u00fcr\u00fclebilirlik kriterleri \u00f6ne \u00e7\u0131kmaktad\u0131r:<\/p>\n\n\n\n<h2 class=\"wp-block-heading\">Sertifikal\u0131 Ah\u015fap<\/h2>\n\n\n\n<ul class=\"wp-block-list\">\n<li>FSC (Orman Y\u00f6netim Konseyi) sertifikal\u0131 ah\u015fap, s\u00fcrd\u00fcr\u00fclebilir orman y\u00f6netimini garantiler<\/li>\n\n\n\n<li>PEFC sertifikas\u0131, global s\u00fcrd\u00fcr\u00fclebilir ormanc\u0131l\u0131k standartlar\u0131na uygunlu\u011fu g\u00f6sterir<\/li>\n\n\n\n<li>Yerel kaynaklardan temin edilen ah\u015fap, karbon ayak izini azalt\u0131r<\/li>\n<\/ul>\n\n\n\n<h2 class=\"wp-block-heading\">Geri D\u00f6n\u00fc\u015ft\u00fcr\u00fclm\u00fc\u015f Malzemeler<\/h2>\n\n\n\n<ul class=\"wp-block-list\">\n<li>Geri d\u00f6n\u00fc\u015ft\u00fcr\u00fclm\u00fc\u015f ah\u015fap, metal veya plastik i\u00e7eren kompozit malzemeler<\/li>\n\n\n\n<li>\u00d6mr\u00fcn\u00fc tamamlam\u0131\u015f mobilyalardan elde edilen bile\u015fenler<\/li>\n\n\n\n<li>\u00dcretim s\u00fcrecinde ortaya \u00e7\u0131kan at\u0131klar\u0131n de\u011ferlendirilmesiyle \u00fcretilen malzemeler<\/li>\n<\/ul>\n\n\n\n<h2 class=\"wp-block-heading\">Emisyon Standartlar\u0131<\/h2>\n\n\n\n<ul class=\"wp-block-list\">\n<li>D\u00fc\u015f\u00fck VOC (U\u00e7ucu Organik Bile\u015fik) emisyonuna sahip malzemeler ve kaplamalar<\/li>\n\n\n\n<li>Formaldehit ve di\u011fer zararl\u0131 kimyasallardan ar\u0131nd\u0131r\u0131lm\u0131\u015f \u00fcr\u00fcnler<\/li>\n\n\n\n<li>GREENGUARD, BIFMA veya EU Ecolabel gibi \u00e7evre dostu \u00fcr\u00fcn sertifikalar\u0131<\/li>\n<\/ul>\n\n\n\n<h2 class=\"wp-block-heading\">Enerji Verimli \u00dcretim<\/h2>\n\n\n\n<ul class=\"wp-block-list\">\n<li>Enerji verimli \u00fcretim s\u00fcre\u00e7leri kullanan \u00fcreticiler<\/li>\n\n\n\n<li>Yenilenebilir enerji kaynaklar\u0131yla \u00fcretim yapan firmalar<\/li>\n\n\n\n<li>Karbon-n\u00f6tr operasyonlara sahip mobilya \u00fcreticileri<\/li>\n<\/ul>\n\n\n\n<h2 class=\"wp-block-heading\">Kurulu\u015funuza \u00d6zel Toplant\u0131 Masas\u0131 \u00c7\u00f6z\u00fcmleri<\/h2>\n\n\n\n<p>Her \u015firketin ihtiya\u00e7lar\u0131 ve kurumsal k\u00fclt\u00fcr\u00fc farkl\u0131d\u0131r. Bu nedenle, standart \u00e7\u00f6z\u00fcmler yerine \u00f6zelle\u015ftirilmi\u015f toplant\u0131 masas\u0131 se\u00e7imleri daha etkili olabilir:<\/p>\n\n\n\n<h2 class=\"wp-block-heading\">\u00d6zel Tasar\u0131m Avantajlar\u0131<\/h2>\n\n\n\n<ul class=\"wp-block-list\">\n<li>\u015eirketinizin kurumsal kimli\u011fine ve de\u011ferlerine uygun benzersiz tasar\u0131mlar<\/li>\n\n\n\n<li>Logonuzun veya kurumsal desenlerinizin masa tasar\u0131m\u0131na entegrasyonu<\/li>\n\n\n\n<li>Mevcut ofis mobilyalar\u0131n\u0131zla uyumlu \u00f6zel renk ve dokular<\/li>\n\n\n\n<li>Spesifik i\u015f s\u00fcre\u00e7lerinize uygun fonksiyonel \u00f6zellikler<\/li>\n<\/ul>\n\n\n\n<h2 class=\"wp-block-heading\">Mod\u00fcler ve Esnek \u00c7\u00f6z\u00fcmler<\/h2>\n\n\n\n<ul class=\"wp-block-list\">\n<li>Farkl\u0131 toplant\u0131 formatlar\u0131na uyum sa\u011flayabilen mod\u00fcler masa sistemleri<\/li>\n\n\n\n<li>B\u00fcy\u00fct\u00fcl\u00fcp k\u00fc\u00e7\u00fclt\u00fclebilen veya yeniden yap\u0131land\u0131r\u0131labilen esnek tasar\u0131mlar<\/li>\n\n\n\n<li>Farkl\u0131 ama\u00e7lar i\u00e7in d\u00f6n\u00fc\u015ft\u00fcr\u00fclebilen \u00e7ok fonksiyonlu masalar<\/li>\n\n\n\n<li>Depolama ve ta\u015f\u0131ma kolayl\u0131\u011f\u0131 sa\u011flayan katlanabilir veya s\u00f6k\u00fclebilir sistemler<\/li>\n<\/ul>\n\n\n\n<h2 class=\"wp-block-heading\">Marka De\u011ferinizi Yans\u0131tan Detaylar<\/h2>\n\n\n\n<ul class=\"wp-block-list\">\n<li>Kaliteli el i\u015f\u00e7ili\u011fi ve \u00f6zel detaylar<\/li>\n\n\n\n<li>Benzersiz kenar profilleri veya ba\u011flant\u0131 elemanlar\u0131<\/li>\n\n\n\n<li>\u00d6zel dokular veya kabartmal\u0131 y\u00fczeyler<\/li>\n\n\n\n<li>Ayd\u0131nlatma entegrasyonu veya LED detaylar<\/li>\n<\/ul>\n\n\n\n<p><strong>Sonu\u00e7: Do\u011fru Toplant\u0131 Masas\u0131, Verimli Toplant\u0131lar<\/strong> G\u00fcn\u00fcm\u00fcz i\u015f d\u00fcnyas\u0131nda toplant\u0131lar, i\u015fbirli\u011fi, fikir al\u0131\u015fveri\u015fi ve karar alma s\u00fcre\u00e7lerinin merkezinde yer al\u0131yor. Ancak Harward Business Review&#8217;in ara\u015ft\u0131rmalar\u0131na g\u00f6re, y\u00f6neticilerin zamanlar\u0131n\u0131n yakla\u015f\u0131k %23&#8217;\u00fc ve \u00e7al\u0131\u015fanlar\u0131n da %12&#8217;si toplant\u0131larda ge\u00e7iyor. Bu denli \u00f6nemli ve zaman alan etkinliklerin ger\u00e7ekle\u015fti\u011fi mekan\u0131n tasar\u0131m\u0131 ve \u00f6zellikle toplant\u0131 masas\u0131n\u0131n se\u00e7imi, toplant\u0131 verimlili\u011fini do\u011frudan etkileyebilir. \u00d6zellikle bahar aylar\u0131yla birlikte ofis yenileme planlar\u0131 yapan \u015firketler i\u00e7in, do\u011fru toplant\u0131 masas\u0131 se\u00e7imi kritik bir karard\u0131r. Bu yaz\u0131m\u0131zda, toplant\u0131 k\u00fclt\u00fcr\u00fcn\u00fcz\u00fc iyile\u015ftirecek ve verimlili\u011fi art\u0131racak toplant\u0131 masas\u0131 se\u00e7imlerini detayl\u0131ca inceleyece\u011fiz.<\/p>\n\n\n\n<h2 class=\"wp-block-heading\">Toplant\u0131 Tarz\u0131n\u0131z\u0131 Belirleyin<\/h2>\n\n\n\n<p>Do\u011fru toplant\u0131 masas\u0131 se\u00e7iminden \u00f6nce, \u015firketinizin toplant\u0131 k\u00fclt\u00fcr\u00fcn\u00fc ve ihtiya\u00e7lar\u0131n\u0131 de\u011ferlendirmeniz gerekir. Her \u015firketin kendine \u00f6zg\u00fc bir toplant\u0131 rit\u00fceli vard\u0131r ve masa se\u00e7imi de bu k\u00fclt\u00fcre uygun olmal\u0131d\u0131r:<\/p>\n\n\n\n<h2 class=\"wp-block-heading\">Hiyerar\u015fik Toplant\u0131lar<\/h2>\n\n\n\n<p>Geleneksel ve hiyerar\u015fik yap\u0131daki \u015firketlerde, genellikle y\u00f6neticilerin ba\u015fkanl\u0131k etti\u011fi, bilgi aktar\u0131m\u0131na dayal\u0131 toplant\u0131lar yap\u0131l\u0131r. Bu t\u00fcr toplant\u0131lar i\u00e7in:<\/p>\n\n\n\n<ul class=\"wp-block-list\">\n<li>Dikd\u00f6rtgen veya oval bi\u00e7imli masalar idealdir<\/li>\n\n\n\n<li>Masan\u0131n bir ucunda ya da ortas\u0131nda liderlik pozisyonu belirgindir<\/li>\n\n\n\n<li>Kaliteli ah\u015fap kaplama gibi geleneksel ve prestijli malzemeler tercih edilebilir<\/li>\n\n\n\n<li>Otorite hissi yaratan koyu renk tonlar\u0131 etkilidir<\/li>\n<\/ul>\n\n\n\n<h2 class=\"wp-block-heading\">\u0130\u015fbirlik\u00e7i Toplant\u0131lar<\/h2>\n\n\n\n<p>Yatay organizasyon yap\u0131s\u0131na sahip, fikir al\u0131\u015fveri\u015fi ve beyin f\u0131rt\u0131nas\u0131na dayal\u0131 toplant\u0131lar yapan \u015firketler i\u00e7in:<\/p>\n\n\n\n<ul class=\"wp-block-list\">\n<li>Yuvarlak veya kare masalar e\u015fitlik hissi yarat\u0131r<\/li>\n\n\n\n<li>Herkesin birbirini g\u00f6rebilece\u011fi d\u00fczenlemeler \u00f6nemlidir<\/li>\n\n\n\n<li>Esnek, mod\u00fcler ve hareket ettirilebilir masalar avantaj sa\u011flar<\/li>\n\n\n\n<li>Daha canl\u0131 ve ilham verici renk se\u00e7imleri d\u00fc\u015f\u00fcn\u00fclebilir<\/li>\n<\/ul>\n\n\n\n<h2 class=\"wp-block-heading\">Hibrit Toplant\u0131lar<\/h2>\n\n\n\n<p>Pandemi sonras\u0131 i\u015f d\u00fcnyas\u0131n\u0131n yeni normali haline gelen, hem fiziksel hem de uzaktan kat\u0131l\u0131mc\u0131lar\u0131n oldu\u011fu toplant\u0131lar i\u00e7in:<\/p>\n\n\n\n<ul class=\"wp-block-list\">\n<li>Teknoloji entegrasyonu i\u00e7in haz\u0131r masa \u00e7\u00f6z\u00fcmleri gereklidir<\/li>\n\n\n\n<li>Kablo y\u00f6netim sistemleri ve elektrik eri\u015fimi \u00f6nemlidir<\/li>\n\n\n\n<li>Video konferans ekipman\u0131n\u0131 destekleyen tasar\u0131mlar tercih edilmelidir<\/li>\n\n\n\n<li>Akustik \u00f6zelliklere \u00f6zen g\u00f6sterilmelidir<\/li>\n<\/ul>\n\n\n\n<h2 class=\"wp-block-heading\">Toplant\u0131 Odas\u0131 B\u00fcy\u00fckl\u00fc\u011f\u00fc ve Masa \u00d6l\u00e7\u00fcleri<\/h2>\n\n\n\n<p>Toplant\u0131 masas\u0131 se\u00e7iminde en temel kriterlerden biri, elbette boyutlard\u0131r. Bu noktada dikkat edilmesi gereken fakt\u00f6rler \u015funlard\u0131r:<\/p>\n\n\n\n<h2 class=\"wp-block-heading\">Ki\u015fi Ba\u015f\u0131na Alan<\/h2>\n\n\n\n<p>Ergonomik a\u00e7\u0131dan, her kat\u0131l\u0131mc\u0131 i\u00e7in a\u015fa\u011f\u0131daki alanlar\u0131n ayr\u0131lmas\u0131 \u00f6nerilir:<\/p>\n\n\n\n<ul class=\"wp-block-list\">\n<li>Standart toplant\u0131lar i\u00e7in ki\u015fi ba\u015f\u0131 en az 60-75 cm geni\u015flik<\/li>\n\n\n\n<li>Diz\u00fcst\u00fc bilgisayar, not defteri gibi malzemelerin kullan\u0131laca\u011f\u0131 toplant\u0131larda ki\u015fi ba\u015f\u0131 75-90 cm<\/li>\n\n\n\n<li>\u00d6nemli dok\u00fcmanlar\u0131n incelenece\u011fi uzun toplant\u0131larda ki\u015fi ba\u015f\u0131 90-120 cm<\/li>\n<\/ul>\n\n\n\n<h2 class=\"wp-block-heading\">Oda Boyutlar\u0131 ile Uyum<\/h2>\n\n\n\n<p>Toplant\u0131 masas\u0131, oda boyutlar\u0131yla uyumlu olmal\u0131d\u0131r:<\/p>\n\n\n\n<ul class=\"wp-block-list\">\n<li>Masa \u00e7evresinde hareket edebilmek i\u00e7in her y\u00f6nde en az 90-120 cm bo\u015fluk b\u0131rak\u0131lmal\u0131d\u0131r<\/li>\n\n\n\n<li>Sandalyeler \u00e7ekildi\u011finde insanlar\u0131n rahat\u00e7a ge\u00e7ebilece\u011fi alan hesaplanmal\u0131d\u0131r<\/li>\n\n\n\n<li>Projeksiyon, ekran gibi ekipmanlar\u0131n yerle\u015fimi de g\u00f6z \u00f6n\u00fcnde bulundurulmal\u0131d\u0131r<\/li>\n<\/ul>\n\n\n\n<h2 class=\"wp-block-heading\">Standart \u00d6l\u00e7\u00fcler<\/h2>\n\n\n\n<p>Baz\u0131 standart toplant\u0131 masas\u0131 \u00f6l\u00e7\u00fcleri \u015f\u00f6yledir:<\/p>\n\n\n\n<ul class=\"wp-block-list\">\n<li>4-6 ki\u015filik toplant\u0131lar i\u00e7in: 180-240 cm x 90-120 cm<\/li>\n\n\n\n<li>8-10 ki\u015filik toplant\u0131lar i\u00e7in: 240-300 cm x 120-150 cm<\/li>\n\n\n\n<li>12-14 ki\u015filik toplant\u0131lar i\u00e7in: 360-420 cm x 120-150 cm<\/li>\n\n\n\n<li>B\u00fcy\u00fck konferans masalar\u0131: 480 cm ve \u00fczeri<\/li>\n<\/ul>\n\n\n\n<h2 class=\"wp-block-heading\">Masa \u015eekli ve \u0130leti\u015fime Etkisi<\/h2>\n\n\n\n<p>Toplant\u0131 masas\u0131n\u0131n \u015fekli, sadece estetik bir tercih de\u011fil, ayn\u0131 zamanda toplant\u0131daki ileti\u015fim dinamiklerini de etkileyen \u00f6nemli bir fakt\u00f6rd\u00fcr:<\/p>\n\n\n\n<h2 class=\"wp-block-heading\">Dikd\u00f6rtgen Masalar<\/h2>\n\n\n\n<p>En yayg\u0131n toplant\u0131 masas\u0131 \u015feklidir ve \u015fu \u00f6zelliklere sahiptir:<\/p>\n\n\n\n<ul class=\"wp-block-list\">\n<li>Net bir hiyerar\u015fi olu\u015fturur; masan\u0131n ba\u015f\u0131 ve sonunda oturanlar do\u011fal olarak otorite pozisyonundad\u0131r<\/li>\n\n\n\n<li>Daha fazla ki\u015fiyi daha az alan kullanarak oturtabilir<\/li>\n\n\n\n<li>Y\u00f6netim kurulu, m\u00fc\u015fteri g\u00f6r\u00fc\u015fmeleri ve formal toplant\u0131lar i\u00e7in uygundur<\/li>\n\n\n\n<li>Kar\u015f\u0131l\u0131kl\u0131 oturanlar aras\u0131nda daha do\u011frudan ileti\u015fim sa\u011flar<\/li>\n<\/ul>\n\n\n\n<h2 class=\"wp-block-heading\">Kare Masalar<\/h2>\n\n\n\n<p>Daha k\u00fc\u00e7\u00fck gruplar i\u00e7in ideal olan kare masalar \u015fu avantajlara sahiptir:<\/p>\n\n\n\n<ul class=\"wp-block-list\">\n<li>E\u015fitlik\u00e7i bir toplant\u0131 ortam\u0131 yarat\u0131r<\/li>\n\n\n\n<li>D\u00f6rt k\u00f6\u015fede oturan ki\u015filer e\u015fit konumdad\u0131r<\/li>\n\n\n\n<li>Y\u00fcz y\u00fcze ileti\u015fimi kolayla\u015ft\u0131r\u0131r<\/li>\n\n\n\n<li>4-8 ki\u015filik gruplar i\u00e7in idealdir<\/li>\n<\/ul>\n\n\n\n<h2 class=\"wp-block-heading\">Yuvarlak Masalar<\/h2>\n\n\n\n<ul class=\"wp-block-list\">\n<li>T\u00fcm kat\u0131l\u0131mc\u0131lar\u0131n e\u015fit stat\u00fcde oldu\u011fu hissini yarat\u0131r<\/li>\n\n\n\n<li>Herkesin birbirini g\u00f6rebilmesini sa\u011flar<\/li>\n\n\n\n<li>\u0130\u015fbirli\u011fini ve kat\u0131l\u0131m\u0131 te\u015fvik eder<\/li>\n\n\n\n<li>Demokratik karar alma s\u00fcre\u00e7leri i\u00e7in idealdir<\/li>\n\n\n\n<li>Ancak \u00e7ok b\u00fcy\u00fck yuvarlak masalarda kar\u015f\u0131 taraftaki ki\u015filerle ileti\u015fim zorla\u015fabilir<\/li>\n<\/ul>\n\n\n\n<p>Efsanevi Kral Arthur&#8217;un yuvarlak masa gelene\u011finden ilham alan bu tasar\u0131m:<\/p>\n\n\n\n<h2 class=\"wp-block-heading\">Oval Masalar<\/h2>\n\n\n\n<p>Dikd\u00f6rtgen ve yuvarlak masalar\u0131n avantajlar\u0131n\u0131 birle\u015ftiren oval masalar:<\/p>\n\n\n\n<ul class=\"wp-block-list\">\n<li>Hem hiyerar\u015fiyi destekler hem de daha yumu\u015fak bir etki yarat\u0131r<\/li>\n\n\n\n<li>K\u00f6\u015felerde oturanlar liderlik pozisyonunda olabilir<\/li>\n\n\n\n<li>Daha fazla ki\u015fiye daha az alan kullanarak yer sa\u011flar<\/li>\n\n\n\n<li>Herkesin birbirini g\u00f6rmesine olanak tan\u0131r<\/li>\n<\/ul>\n\n\n\n<h2 class=\"wp-block-heading\">U veya V \u015eeklindeki Masalar<\/h2>\n\n\n\n<p>E\u011fitim, sunum veya b\u00fcy\u00fck toplant\u0131lar i\u00e7in tercih edilen bu d\u00fczenlemeler:<\/p>\n\n\n\n<ul class=\"wp-block-list\">\n<li>Net bir odak noktas\u0131 (sunum yapan ki\u015fi veya ekran) olu\u015fturur<\/li>\n\n\n\n<li>Kat\u0131l\u0131mc\u0131lar aras\u0131nda g\u00f6z temas\u0131 sa\u011flar<\/li>\n\n\n\n<li>E\u011fitim ve workshop ortamlar\u0131 i\u00e7in idealdir<\/li>\n\n\n\n<li>Mod\u00fcler par\u00e7alarla olu\u015fturulabilir ve gerekti\u011finde yeniden d\u00fczenlenebilir<\/li>\n<\/ul>\n\n\n\n<h2 class=\"wp-block-heading\">Malzeme Se\u00e7imi ve Kurumsal \u0130maj<\/h2>\n\n\n\n<p>Toplant\u0131 masas\u0131n\u0131n yap\u0131ld\u0131\u011f\u0131 malzemeler, hem dayan\u0131kl\u0131l\u0131\u011f\u0131 hem de \u015firketin kurumsal imaj\u0131n\u0131 yans\u0131t\u0131r:<\/p>\n\n\n\n<h2 class=\"wp-block-heading\">Ah\u015fap ve Ah\u015fap Kaplamalar<\/h2>\n\n\n\n<p>S\u0131cak, do\u011fal ve prestijli bir g\u00f6r\u00fcn\u00fcm sunan ah\u015fap masalar:<\/p>\n\n\n\n<ul class=\"wp-block-list\">\n<li>Ceviz, me\u015fe, kiraz gibi sert a\u011fa\u00e7lar uzun \u00f6m\u00fcrl\u00fcd\u00fcr ve l\u00fcks g\u00f6r\u00fcn\u00fcm sa\u011flar<\/li>\n\n\n\n<li>Ah\u015fap kaplamalar, masif ah\u015faba g\u00f6re daha ekonomik bir se\u00e7enektir<\/li>\n\n\n\n<li>Geleneksel, g\u00fcven veren ve k\u00f6kl\u00fc bir kurumsal imaj yans\u0131t\u0131r<\/li>\n\n\n\n<li>Do\u011fal ah\u015fap veneer, her masaya benzersiz bir karakter katar<\/li>\n<\/ul>\n\n\n\n<h2 class=\"wp-block-heading\">Cam<\/h2>\n\n\n\n<p>Modern ve \u015feffaf bir etki yaratan cam masalar:<\/p>\n\n\n\n<ul class=\"wp-block-list\">\n<li>A\u00e7\u0131k ve d\u00fcr\u00fcst bir kurumsal k\u00fclt\u00fcr\u00fc sembolize eder<\/li>\n\n\n\n<li>Oday\u0131 daha geni\u015f ve ayd\u0131nl\u0131k g\u00f6sterir<\/li>\n\n\n\n<li>Genellikle metal veya ah\u015fap ayaklarla kombine edilir<\/li>\n\n\n\n<li>Temperli veya lamine g\u00fcvenlik cam\u0131 tercih edilmelidir<\/li>\n\n\n\n<li>Y\u00fczeyi kolayca temizlenebilir ancak parmak izleri g\u00f6sterebilir<\/li>\n<\/ul>\n\n\n\n<h2 class=\"wp-block-heading\">Metal<\/h2>\n\n\n\n<p>End\u00fcstriyel ve \u00e7a\u011fda\u015f bir g\u00f6r\u00fcn\u00fcm sunan metal masalar:<\/p>\n\n\n\n<ul class=\"wp-block-list\">\n<li>Paslanmaz \u00e7elik, al\u00fcminyum veya krom kaplama se\u00e7enekleri mevcuttur<\/li>\n\n\n\n<li>Son derece dayan\u0131kl\u0131 ve uzun \u00f6m\u00fcrl\u00fcd\u00fcr<\/li>\n\n\n\n<li>Teknoloji \u015firketleri ve end\u00fcstriyel sekt\u00f6rler i\u00e7in uygundur<\/li>\n\n\n\n<li>Genellikle ah\u015fap veya cam ile kombinasyon halinde kullan\u0131l\u0131r<\/li>\n<\/ul>\n\n\n\n<h2 class=\"wp-block-heading\">Kompozit Malzemeler<\/h2>\n\n\n\n<p>Dayan\u0131kl\u0131l\u0131k ve estetik a\u00e7\u0131dan avantajlar sunan kompozit malzemeler:<\/p>\n\n\n\n<ul class=\"wp-block-list\">\n<li>Y\u00fcksek bas\u0131n\u00e7l\u0131 laminatlar (HPL) \u00e7izilmeye ve lekelere kar\u015f\u0131 dayan\u0131kl\u0131d\u0131r<\/li>\n\n\n\n<li>Solid y\u00fczey malzemeleri (Corian gibi) diki\u015fsiz bir g\u00f6r\u00fcn\u00fcm sa\u011flar<\/li>\n\n\n\n<li>Akrilik ve polimer bazl\u0131 malzemeler farkl\u0131 renk ve doku se\u00e7enekleri sunar<\/li>\n\n\n\n<li>Bak\u0131m\u0131 kolay ve uzun \u00f6m\u00fcrl\u00fcd\u00fcr<\/li>\n<\/ul>\n\n\n\n<h2 class=\"wp-block-heading\">Teknoloji Entegrasyonu<\/h2>\n\n\n\n<p>Modern toplant\u0131 masalar\u0131, teknolojik ihtiya\u00e7lar\u0131 kar\u015f\u0131layacak \u015fekilde tasarlanmal\u0131d\u0131r:<\/p>\n\n\n\n<h2 class=\"wp-block-heading\">Elektrik ve Veri Ba\u011flant\u0131lar\u0131<\/h2>\n\n\n\n<ul class=\"wp-block-list\">\n<li>Masa \u00fczerinde veya i\u00e7inde gizlenmi\u015f elektrik prizleri<\/li>\n\n\n\n<li>USB \u015farj noktalar\u0131 ve h\u0131zl\u0131 \u015farj destekleri<\/li>\n\n\n\n<li>Kablolu internet ba\u011flant\u0131 noktalar\u0131<\/li>\n\n\n\n<li>Kablosuz \u015farj y\u00fczeyleri<\/li>\n<\/ul>\n\n\n\n<h2 class=\"wp-block-heading\">Kablo Y\u00f6netim Sistemleri<\/h2>\n\n\n\n<ul class=\"wp-block-list\">\n<li>Masa i\u00e7inde kablo kanallar\u0131 ve organizerleri<\/li>\n\n\n\n<li>Ayak k\u0131sm\u0131nda dikey kablo ta\u015f\u0131ma sistemleri<\/li>\n\n\n\n<li>Zemine ba\u011flant\u0131 i\u00e7in gerekli ge\u00e7i\u015fler<\/li>\n\n\n\n<li>G\u00f6r\u00fcn\u00fcr kablo karma\u015fas\u0131n\u0131 \u00f6nleyen \u00e7\u00f6z\u00fcmler<\/li>\n<\/ul>\n\n\n\n<h2 class=\"wp-block-heading\">G\u00f6r\u00fcnt\u00fc ve Ses Sistemleri<\/h2>\n\n\n\n<ul class=\"wp-block-list\">\n<li>Ekran veya projeksiyon sistemleri i\u00e7in haz\u0131r montaj noktalar\u0131<\/li>\n\n\n\n<li>G\u00f6mme hoparl\u00f6r sistemleri<\/li>\n\n\n\n<li>Video konferans ekipmanlar\u0131 i\u00e7in \u00f6zel b\u00f6lmeler<\/li>\n\n\n\n<li>Akustik paneller veya malzemeler<\/li>\n<\/ul>\n\n\n\n<h2 class=\"wp-block-heading\">Ak\u0131ll\u0131 Masa \u00c7\u00f6z\u00fcmleri<\/h2>\n\n\n\n<ul class=\"wp-block-list\">\n<li>Toplant\u0131 odas\u0131 rezervasyon sistemleriyle entegre sens\u00f6rler<\/li>\n\n\n\n<li>Dokunmatik kontrol panelleri<\/li>\n\n\n\n<li>IoT (Nesnelerin \u0130nterneti) cihazlar\u0131yla ileti\u015fim<\/li>\n\n\n\n<li>Ayd\u0131nlatma ve iklim kontrol\u00fc entegrasyonu<\/li>\n<\/ul>\n\n\n\n<h2 class=\"wp-block-heading\">Ergonomi ve Konfor<\/h2>\n\n\n\n<p>Verimli toplant\u0131lar i\u00e7in ergonomik fakt\u00f6rler g\u00f6z ard\u0131 edilmemelidir:<\/p>\n\n\n\n<h2 class=\"wp-block-heading\">Masa Y\u00fcksekli\u011fi<\/h2>\n\n\n\n<ul class=\"wp-block-list\">\n<li>Standart toplant\u0131 masalar\u0131 i\u00e7in ideal y\u00fckseklik 72-76 cm&#8217;dir<\/li>\n\n\n\n<li>Y\u00fcksekli\u011fi ayarlanabilir masalar, farkl\u0131 aktiviteler i\u00e7in esneklik sa\u011flar<\/li>\n\n\n\n<li>Ayakta toplant\u0131lar i\u00e7in y\u00fcksek masalar (90-110 cm) da tercih edilebilir<\/li>\n<\/ul>\n\n\n\n<h2 class=\"wp-block-heading\">Bacak Mesafesi<\/h2>\n\n\n\n<ul class=\"wp-block-list\">\n<li>Masa alt\u0131nda yeterli diz ve bacak mesafesi olmal\u0131d\u0131r (en az 30 cm derinlik)<\/li>\n\n\n\n<li>Masa ayaklar\u0131 veya destek yap\u0131lar\u0131 oturanlar\u0131n hareketini k\u0131s\u0131tlamamal\u0131d\u0131r<\/li>\n\n\n\n<li>Tekerlekli sandalyeler i\u00e7in uygun y\u00fckseklik ve a\u00e7\u0131kl\u0131k d\u00fc\u015f\u00fcn\u00fclmelidir<\/li>\n<\/ul>\n\n\n\n<h2 class=\"wp-block-heading\">Y\u00fczey \u00d6zellikleri<\/h2>\n\n\n\n<ul class=\"wp-block-list\">\n<li>Mat y\u00fczeyler g\u00f6z yorgunlu\u011funu azalt\u0131r ve yans\u0131malar\u0131 \u00f6nler<\/li>\n\n\n\n<li>Hafif dokulu y\u00fczeyler, ka\u011f\u0131tlar\u0131n kaymas\u0131n\u0131 engeller<\/li>\n\n\n\n<li>K\u00f6\u015felerin yuvarlat\u0131lm\u0131\u015f olmas\u0131 g\u00fcvenlik a\u00e7\u0131s\u0131ndan \u00f6nemlidir<\/li>\n\n\n\n<li>Kolay temizlenebilir y\u00fczeyler hijyen a\u00e7\u0131s\u0131ndan avantaj sa\u011flar<\/li>\n<\/ul>\n\n\n\n<h2 class=\"wp-block-heading\">S\u00fcrd\u00fcr\u00fclebilirlik ve \u00c7evresel Fakt\u00f6rler<\/h2>\n\n\n\n<p>Kurumsal sosyal sorumluluk bilincinin artmas\u0131yla, toplant\u0131 masalar\u0131nda da s\u00fcrd\u00fcr\u00fclebilirlik kriterleri \u00f6ne \u00e7\u0131kmaktad\u0131r:<\/p>\n\n\n\n<h2 class=\"wp-block-heading\">Sertifikal\u0131 Ah\u015fap<\/h2>\n\n\n\n<ul class=\"wp-block-list\">\n<li>FSC (Orman Y\u00f6netim Konseyi) sertifikal\u0131 ah\u015fap, s\u00fcrd\u00fcr\u00fclebilir orman y\u00f6netimini garantiler<\/li>\n\n\n\n<li>PEFC sertifikas\u0131, global s\u00fcrd\u00fcr\u00fclebilir ormanc\u0131l\u0131k standartlar\u0131na uygunlu\u011fu g\u00f6sterir<\/li>\n\n\n\n<li>Yerel kaynaklardan temin edilen ah\u015fap, karbon ayak izini azalt\u0131r<\/li>\n<\/ul>\n\n\n\n<h2 class=\"wp-block-heading\">Geri D\u00f6n\u00fc\u015ft\u00fcr\u00fclm\u00fc\u015f Malzemeler<\/h2>\n\n\n\n<ul class=\"wp-block-list\">\n<li>Geri d\u00f6n\u00fc\u015ft\u00fcr\u00fclm\u00fc\u015f ah\u015fap, metal veya plastik i\u00e7eren kompozit malzemeler<\/li>\n\n\n\n<li>\u00d6mr\u00fcn\u00fc tamamlam\u0131\u015f mobilyalardan elde edilen bile\u015fenler<\/li>\n\n\n\n<li>\u00dcretim s\u00fcrecinde ortaya \u00e7\u0131kan at\u0131klar\u0131n de\u011ferlendirilmesiyle \u00fcretilen malzemeler<\/li>\n<\/ul>\n\n\n\n<h2 class=\"wp-block-heading\">Emisyon Standartlar\u0131<\/h2>\n\n\n\n<ul class=\"wp-block-list\">\n<li>D\u00fc\u015f\u00fck VOC (U\u00e7ucu Organik Bile\u015fik) emisyonuna sahip malzemeler ve kaplamalar<\/li>\n\n\n\n<li>Formaldehit ve di\u011fer zararl\u0131 kimyasallardan ar\u0131nd\u0131r\u0131lm\u0131\u015f \u00fcr\u00fcnler<\/li>\n\n\n\n<li>GREENGUARD, BIFMA veya EU Ecolabel gibi \u00e7evre dostu \u00fcr\u00fcn sertifikalar\u0131<\/li>\n<\/ul>\n\n\n\n<h2 class=\"wp-block-heading\">Enerji Verimli \u00dcretim<\/h2>\n\n\n\n<ul class=\"wp-block-list\">\n<li>Enerji verimli \u00fcretim s\u00fcre\u00e7leri kullanan \u00fcreticiler<\/li>\n\n\n\n<li>Yenilenebilir enerji kaynaklar\u0131yla \u00fcretim yapan firmalar<\/li>\n\n\n\n<li>Karbon-n\u00f6tr operasyonlara sahip mobilya \u00fcreticileri<\/li>\n<\/ul>\n\n\n\n<h2 class=\"wp-block-heading\">Kurulu\u015funuza \u00d6zel Toplant\u0131 Masas\u0131 \u00c7\u00f6z\u00fcmleri<\/h2>\n\n\n\n<p>Her \u015firketin ihtiya\u00e7lar\u0131 ve kurumsal k\u00fclt\u00fcr\u00fc farkl\u0131d\u0131r. Bu nedenle, standart \u00e7\u00f6z\u00fcmler yerine \u00f6zelle\u015ftirilmi\u015f toplant\u0131 masas\u0131 se\u00e7imleri daha etkili olabilir:<\/p>\n\n\n\n<h2 class=\"wp-block-heading\">\u00d6zel Tasar\u0131m Avantajlar\u0131<\/h2>\n\n\n\n<ul class=\"wp-block-list\">\n<li>\u015eirketinizin kurumsal kimli\u011fine ve de\u011ferlerine uygun benzersiz tasar\u0131mlar<\/li>\n\n\n\n<li>Logonuzun veya kurumsal desenlerinizin masa tasar\u0131m\u0131na entegrasyonu<\/li>\n\n\n\n<li>Mevcut ofis mobilyalar\u0131n\u0131zla uyumlu \u00f6zel renk ve dokular<\/li>\n\n\n\n<li>Spesifik i\u015f s\u00fcre\u00e7lerinize uygun fonksiyonel \u00f6zellikler<\/li>\n<\/ul>\n\n\n\n<h2 class=\"wp-block-heading\">Mod\u00fcler ve Esnek \u00c7\u00f6z\u00fcmler<\/h2>\n\n\n\n<ul class=\"wp-block-list\">\n<li>Farkl\u0131 toplant\u0131 formatlar\u0131na uyum sa\u011flayabilen mod\u00fcler masa sistemleri<\/li>\n\n\n\n<li>B\u00fcy\u00fct\u00fcl\u00fcp k\u00fc\u00e7\u00fclt\u00fclebilen veya yeniden yap\u0131land\u0131r\u0131labilen esnek tasar\u0131mlar<\/li>\n\n\n\n<li>Farkl\u0131 ama\u00e7lar i\u00e7in d\u00f6n\u00fc\u015ft\u00fcr\u00fclebilen \u00e7ok fonksiyonlu masalar<\/li>\n\n\n\n<li>Depolama ve ta\u015f\u0131ma kolayl\u0131\u011f\u0131 sa\u011flayan katlanabilir veya s\u00f6k\u00fclebilir sistemler<\/li>\n<\/ul>\n\n\n\n<h2 class=\"wp-block-heading\">Marka De\u011ferinizi Yans\u0131tan Detaylar<\/h2>\n\n\n\n<ul class=\"wp-block-list\">\n<li>Kaliteli el i\u015f\u00e7ili\u011fi ve \u00f6zel detaylar<\/li>\n\n\n\n<li>Benzersiz kenar profilleri veya ba\u011flant\u0131 elemanlar\u0131<\/li>\n\n\n\n<li>\u00d6zel dokular veya kabartmal\u0131 y\u00fczeyler<\/li>\n\n\n\n<li>Ayd\u0131nlatma entegrasyonu veya LED detaylar<\/li>\n<\/ul>\n\n\n\n<h2 class=\"wp-block-heading\">Sonu\u00e7: Do\u011fru Toplant\u0131 Masas\u0131, Verimli Toplant\u0131lar<\/h2>\n\n\n\n<p>Toplant\u0131 masas\u0131 se\u00e7imi, basit bir mobilya al\u0131m\u0131ndan \u00e7ok daha fazlas\u0131d\u0131r. Do\u011fru se\u00e7ilmi\u015f bir toplant\u0131 masas\u0131, \u015firketinizin toplant\u0131 k\u00fclt\u00fcr\u00fcn\u00fc olumlu y\u00f6nde d\u00f6n\u00fc\u015ft\u00fcrebilir, ileti\u015fimi g\u00fc\u00e7lendirebilir ve verimlili\u011fi art\u0131rabilir. \u015eirketinizin ihtiya\u00e7lar\u0131n\u0131, kurumsal kimli\u011finizi ve toplant\u0131 tarz\u0131n\u0131z\u0131 g\u00f6z \u00f6n\u00fcnde bulundurarak yapaca\u011f\u0131n\u0131z bilin\u00e7li bir se\u00e7im, uzun vadede \u00f6nemli avantajlar sa\u011flayacakt\u0131r.<\/p>\n\n\n\n<p>Kuansofis olarak, her \u015firketin benzersiz ihtiya\u00e7lar\u0131na uygun, y\u00fcksek kaliteli ve ergonomik toplant\u0131 masas\u0131 \u00e7\u00f6z\u00fcmleri sunuyoruz. Klasik ah\u015fap modellerden modern, teknoloji entegreli sistemlere kadar geni\u015f \u00fcr\u00fcn yelpazemizle, toplant\u0131 k\u00fclt\u00fcr\u00fcn\u00fcz\u00fc d\u00f6n\u00fc\u015ft\u00fcrecek ideal masay\u0131 birlikte tasarlayal\u0131m.<\/p>\n\n\n\n<p>May\u0131s ay\u0131na \u00f6zel kampanyam\u0131z kapsam\u0131nda, toplant\u0131 masas\u0131 sipari\u015flerinizde \u00fccretsiz tasar\u0131m dan\u0131\u015fmanl\u0131\u011f\u0131 hizmetimizden yararlanabilirsiniz. Detayl\u0131 bilgi i\u00e7in web sitemizi ziyaret edin veya showroom&#8217;umuza gelerek \u00fcr\u00fcnlerimizi yak\u0131ndan inceleyin.<\/p>\n\n\n\n<p>Toplant\u0131 masas\u0131 se\u00e7imi, basit bir mobilya al\u0131m\u0131ndan \u00e7ok daha fazlas\u0131d\u0131r. Do\u011fru se\u00e7ilmi\u015f bir toplant\u0131 masas\u0131, \u015firketinizin toplant\u0131 k\u00fclt\u00fcr\u00fcn\u00fc olumlu y\u00f6nde d\u00f6n\u00fc\u015ft\u00fcrebilir, ileti\u015fimi g\u00fc\u00e7lendirebilir ve verimlili\u011fi art\u0131rabilir. \u015eirketinizin ihtiya\u00e7lar\u0131n\u0131, kurumsal kimli\u011finizi ve toplant\u0131 tarz\u0131n\u0131z\u0131 g\u00f6z \u00f6n\u00fcnde bulundurarak yapaca\u011f\u0131n\u0131z bilin\u00e7li bir se\u00e7im, uzun vadede \u00f6nemli avantajlar sa\u011flayacakt\u0131r.<\/p>\n\n\n\n<p>Kuansofis olarak, her \u015firketin benzersiz ihtiya\u00e7lar\u0131na uygun, y\u00fcksek kaliteli ve ergonomik toplant\u0131 masas\u0131 \u00e7\u00f6z\u00fcmleri sunuyoruz. Klasik ah\u015fap modellerden modern, teknoloji entegreli sistemlere kadar geni\u015f \u00fcr\u00fcn yelpazemizle, toplant\u0131 k\u00fclt\u00fcr\u00fcn\u00fcz\u00fc d\u00f6n\u00fc\u015ft\u00fcrecek ideal masay\u0131 birlikte tasarlayal\u0131m.<\/p>\n\n\n\n<p>May\u0131s ay\u0131na \u00f6zel kampanyam\u0131z kapsam\u0131nda, toplant\u0131 masas\u0131 sipari\u015flerinizde \u00fccretsiz tasar\u0131m dan\u0131\u015fmanl\u0131\u011f\u0131 hizmetimizden yararlanabilirsiniz. Detayl\u0131 bilgi i\u00e7in web sitemizi ziyaret edin veya showroom&#8217;umuza gelerek \u00fcr\u00fcnlerimizi yak\u0131ndan inceleyin.<\/p>","protected":false},"excerpt":{"rendered":"<p>Pellentesque feugiat, sem id interdum molestie, libero nibh imperdiet velit, sodales elementum enim sem sed lectus. Vivamus viverra diam congue tristique pellentesque. Proin efficitur est vel lectus ultrices rhoncus eu ut lacus. In gravida leo at justo lobortis, vitae aliquet justo vehicula. Maecenas at facilisis ex. Curabitur cursus, ex id efficitur ultrices, sapien mauris sodales<\/p>","protected":false},"author":10,"featured_media":28578,"comment_status":"closed","ping_status":"closed","sticky":false,"template":"","format":"standard","meta":{"_monsterinsights_skip_tracking":false,"_monsterinsights_sitenote_active":false,"_monsterinsights_sitenote_note":"","_monsterinsights_sitenote_category":0,"footnotes":""},"categories":[404,406,408],"tags":[],"class_list":["post-28579","post","type-post","status-publish","format-standard","has-post-thumbnail","hentry","category-is-dunyasi","category-ofis-dekorasyonu","category-ofis-mobilyalari"],"_links":{"self":[{"href":"https:\/\/kuansofis.com\/en\/wp-json\/wp\/v2\/posts\/28579","targetHints":{"allow":["GET"]}}],"collection":[{"href":"https:\/\/kuansofis.com\/en\/wp-json\/wp\/v2\/posts"}],"about":[{"href":"https:\/\/kuansofis.com\/en\/wp-json\/wp\/v2\/types\/post"}],"author":[{"embeddable":true,"href":"https:\/\/kuansofis.com\/en\/wp-json\/wp\/v2\/users\/10"}],"replies":[{"embeddable":true,"href":"https:\/\/kuansofis.com\/en\/wp-json\/wp\/v2\/comments?post=28579"}],"version-history":[{"count":1,"href":"https:\/\/kuansofis.com\/en\/wp-json\/wp\/v2\/posts\/28579\/revisions"}],"predecessor-version":[{"id":137817,"href":"https:\/\/kuansofis.com\/en\/wp-json\/wp\/v2\/posts\/28579\/revisions\/137817"}],"wp:featuredmedia":[{"embeddable":true,"href":"https:\/\/kuansofis.com\/en\/wp-json\/wp\/v2\/media\/28578"}],"wp:attachment":[{"href":"https:\/\/kuansofis.com\/en\/wp-json\/wp\/v2\/media?parent=28579"}],"wp:term":[{"taxonomy":"category","embeddable":true,"href":"https:\/\/kuansofis.com\/en\/wp-json\/wp\/v2\/categories?post=28579"},{"taxonomy":"post_tag","embeddable":true,"href":"https:\/\/kuansofis.com\/en\/wp-json\/wp\/v2\/tags?post=28579"}],"curies":[{"name":"wp","href":"https:\/\/api.w.org\/{rel}","templated":true}]}}