{"id":28574,"date":"2025-07-08T14:44:24","date_gmt":"2025-07-08T11:44:24","guid":{"rendered":"https:\/\/kuansofis.com\/?p=28574"},"modified":"2026-01-13T15:18:36","modified_gmt":"2026-01-13T12:18:36","slug":"modern-toplanti-masalarinin-tasarim-ve-teknoloji-trendleri-isbirligini-tesvik-eden-cozumler","status":"publish","type":"post","link":"https:\/\/kuansofis.com\/en\/modern-toplanti-masalarinin-tasarim-ve-teknoloji-trendleri-isbirligini-tesvik-eden-cozumler\/","title":{"rendered":"Modern Toplant\u0131 Masalar\u0131n\u0131n Tasar\u0131m ve Teknoloji Trendleri: \u0130\u015fbirli\u011fini Te\u015fvik Eden \u00c7\u00f6z\u00fcmler"},"content":{"rendered":"<p>\u0130\u015f d\u00fcnyas\u0131n\u0131n de\u011fi\u015fen dinamikleri, toplant\u0131 k\u00fclt\u00fcr\u00fcn\u00fcn ve dolay\u0131s\u0131yla toplant\u0131 masalar\u0131n\u0131n da evrimle\u015fmesine yol a\u00e7\u0131yor. G\u00fcn\u00fcm\u00fczde toplant\u0131 masalar\u0131, sadece insanlar\u0131n bir araya gelip konu\u015ftu\u011fu y\u00fczeyler olmaktan \u00e7\u0131k\u0131p, ileti\u015fimi, yarat\u0131c\u0131l\u0131\u011f\u0131 ve i\u015fbirli\u011fini aktif olarak destekleyen, teknoloji entegrasyonu sa\u011flayan ve \u015firket k\u00fclt\u00fcr\u00fcn\u00fc yans\u0131tan stratejik mobilyalar haline geldi. Bu yaz\u0131m\u0131zda, modern toplant\u0131 masalar\u0131n\u0131n en son tasar\u0131m ve teknoloji trendlerini, farkl\u0131 toplant\u0131 tiplerine uygun \u00e7\u00f6z\u00fcmleri ve i\u015fbirli\u011fini te\u015fvik eden \u00f6zellikleri detayl\u0131ca inceleyece\u011fiz.<\/p>\n\n\n\n<h2 class=\"wp-block-heading\">Toplant\u0131 K\u00fclt\u00fcr\u00fcndeki D\u00f6n\u00fc\u015f\u00fcm ve Yans\u0131malar\u0131<\/h2>\n\n\n\n<p>G\u00fcn\u00fcm\u00fcz i\u015f ortam\u0131nda toplant\u0131lar\u0131n yap\u0131s\u0131 ve amac\u0131 b\u00fcy\u00fck bir d\u00f6n\u00fc\u015f\u00fcm ge\u00e7iriyor:<\/p>\n\n\n\n<h2 class=\"wp-block-heading\">Hiyerar\u015fiden \u0130\u015fbirli\u011fine<\/h2>\n\n\n\n<p>Geleneksel toplant\u0131 k\u00fclt\u00fcr\u00fc, genellikle bir liderin konu\u015ftu\u011fu ve di\u011ferlerinin dinledi\u011fi hiyerar\u015fik bir yap\u0131ya sahipti. G\u00fcn\u00fcm\u00fczde ise:<\/p>\n\n\n\n<ul class=\"wp-block-list\">\n<li>Daha yatay organizasyonlar ve demokratik karar alma s\u00fcre\u00e7leri yayg\u0131nla\u015f\u0131yor<\/li>\n\n\n\n<li>Fikir al\u0131\u015fveri\u015fi ve beyin f\u0131rt\u0131nas\u0131 toplant\u0131lar\u0131n merkezinde yer al\u0131yor<\/li>\n\n\n\n<li>Her seviyeden \u00e7al\u0131\u015fan\u0131n katk\u0131 sa\u011flamas\u0131 te\u015fvik ediliyor<\/li>\n\n\n\n<li>\u0130novasyon ve yarat\u0131c\u0131l\u0131k i\u00e7in \u00e7e\u015fitlili\u011fin g\u00fcc\u00fcnden faydalan\u0131l\u0131yor<\/li>\n<\/ul>\n\n\n\n<p>Bu d\u00f6n\u00fc\u015f\u00fcm, toplant\u0131 masalar\u0131n\u0131n \u015feklinden malzemesine, teknolojik entegrasyonundan yerle\u015fim d\u00fczenine kadar bir\u00e7ok alanda yans\u0131ma buluyor.<\/p>\n\n\n\n<h2 class=\"wp-block-heading\">Fiziksel ve Sanal Kat\u0131l\u0131m\u0131n Harmanlanmas\u0131<\/h2>\n\n\n\n<p>Pandemi sonras\u0131 d\u00f6nemde hibrit toplant\u0131lar yeni normal haline geldi:<\/p>\n\n\n\n<ul class=\"wp-block-list\">\n<li>Baz\u0131 kat\u0131l\u0131mc\u0131lar fiziksel olarak masada, baz\u0131lar\u0131 ise ekranlar arac\u0131l\u0131\u011f\u0131yla toplant\u0131lara kat\u0131l\u0131yor<\/li>\n\n\n\n<li>Video konferans sistemleri toplant\u0131 masalar\u0131n\u0131n ayr\u0131lmaz bir par\u00e7as\u0131 haline geliyor<\/li>\n\n\n\n<li>Fiziksel ve sanal kat\u0131l\u0131mc\u0131lar aras\u0131nda e\u015fit etkile\u015fim sa\u011flamak \u00f6nem kazan\u0131yor<\/li>\n\n\n\n<li>Toplant\u0131 \u00f6ncesi, s\u0131ras\u0131 ve sonras\u0131nda kesintisiz i\u015f ak\u0131\u015f\u0131 i\u00e7in dijital ara\u00e7lar entegre ediliyor<\/li>\n<\/ul>\n\n\n\n<h2 class=\"wp-block-heading\">Toplant\u0131 Tiplerinin \u00c7e\u015fitlenmesi<\/h2>\n\n\n\n<p>G\u00fcn\u00fcm\u00fczde tek tip toplant\u0131 anlay\u0131\u015f\u0131 yerini farkl\u0131 ama\u00e7lara hizmet eden \u00e7e\u015fitli toplant\u0131 formatlar\u0131na b\u0131rak\u0131yor:<\/p>\n\n\n\n<ul class=\"wp-block-list\">\n<li>H\u0131zl\u0131 Durum De\u011ferlendirme (Stand-up) Toplant\u0131lar\u0131: K\u0131sa s\u00fcreli, odakl\u0131 ve genellikle ayakta yap\u0131lan toplant\u0131lar<\/li>\n\n\n\n<li>Yarat\u0131c\u0131 Beyin F\u0131rt\u0131nas\u0131 Oturumlar\u0131: Resmi olmayan, rahat ve ilham verici ortamlarda ger\u00e7ekle\u015fen toplant\u0131lar<\/li>\n\n\n\n<li>Stratejik Planlama Toplant\u0131lar\u0131: Detayl\u0131 d\u00f6k\u00fcmanlar ve uzun s\u00fcreli odaklanma gerektiren toplant\u0131lar<\/li>\n\n\n\n<li>E\u011fitim ve Workshop&#8217;lar: Etkile\u015fimli \u00f6\u011frenme ve uygulama odakl\u0131 toplant\u0131lar<\/li>\n<\/ul>\n\n\n\n<p>Her toplant\u0131 t\u00fcr\u00fc, farkl\u0131 masa tasar\u0131mlar\u0131 ve \u00f6zellikler gerektirir.<\/p>\n\n\n\n<h2 class=\"wp-block-heading\">Modern Toplant\u0131 Masas\u0131 Tasar\u0131m Trendleri<\/h2>\n\n\n\n<p>De\u011fi\u015fen toplant\u0131 k\u00fclt\u00fcr\u00fcne paralel olarak, toplant\u0131 masas\u0131 tasar\u0131mlar\u0131 da b\u00fcy\u00fck bir d\u00f6n\u00fc\u015f\u00fcm ge\u00e7iriyor:<\/p>\n\n\n\n<h2 class=\"wp-block-heading\">\u015eekil ve Form Trendleri<\/h2>\n\n\n\n<p>Klasik dikd\u00f6rtgen toplant\u0131 masalar\u0131 yerini daha \u00e7e\u015fitli ve amaca \u00f6zel formlara b\u0131rak\u0131yor:<\/p>\n\n\n\n<ul class=\"wp-block-list\">\n<li>Elips ve Oval Masalar: Herkesin birbirini g\u00f6rmesini sa\u011flayan, hiyerar\u015fiyi azaltan formlar<\/li>\n\n\n\n<li>Yuvarlak Masalar: E\u015fit kat\u0131l\u0131m\u0131 te\u015fvik eden, Kral Arthur&#8217;un yuvarlak masa gelene\u011finden ilham alan tasar\u0131mlar<\/li>\n\n\n\n<li>Tekne Formlu Masalar (Boat-shaped): G\u00f6rsel temas ve etkile\u015fimi optimize eden, ortaya do\u011fru geni\u015fleyen tasar\u0131mlar<\/li>\n\n\n\n<li>Organik Formlar: Geleneksel geometriden uzakla\u015fan, dinamik ve ak\u0131\u015fkan \u00e7izgiler sunan modern tasar\u0131mlar<\/li>\n<\/ul>\n\n\n\n<p>Bu formlar, sadece estetik tercihler de\u011fil, ayn\u0131 zamanda ileti\u015fim dinamiklerini ve toplant\u0131 verimlili\u011fini etkileyen stratejik se\u00e7imlerdir.<\/p>\n\n\n\n<h2 class=\"wp-block-heading\">Malzeme ve Renk Trendleri<\/h2>\n\n\n\n<p>Modern toplant\u0131 masalar\u0131nda hem g\u00f6rsel etki hem de s\u00fcrd\u00fcr\u00fclebilirlik a\u00e7\u0131s\u0131ndan yenilik\u00e7i malzeme se\u00e7imleri \u00f6ne \u00e7\u0131k\u0131yor:<\/p>\n\n\n\n<ul class=\"wp-block-list\">\n<li>Do\u011fal Ah\u015fap: S\u0131cak, do\u011fal ve sa\u011fl\u0131kl\u0131 bir \u00e7al\u0131\u015fma ortam\u0131 sa\u011flayan masif ah\u015fap y\u00fczeyler<\/li>\n\n\n\n<li>Cam Y\u00fczeyler: \u015eeffafl\u0131k, a\u00e7\u0131kl\u0131k ve modernli\u011fi sembolize eden cam masa \u00fcstleri<\/li>\n\n\n\n<li>Kompozit Malzemeler: Dayan\u0131kl\u0131l\u0131k, bak\u0131m kolayl\u0131\u011f\u0131 ve renk \u00e7e\u015fitlili\u011fi sunan kompozit y\u00fczeyler<\/li>\n\n\n\n<li>S\u00fcrd\u00fcr\u00fclebilir Alternatifler: Bambu, geri d\u00f6n\u00fc\u015ft\u00fcr\u00fclm\u00fc\u015f malzemeler ve d\u00fc\u015f\u00fck \u00e7evresel etkiye sahip \u00fcr\u00fcnler<\/li>\n<\/ul>\n\n\n\n<p>Renk se\u00e7imleri de kurumsal k\u00fclt\u00fcr\u00fc ve toplant\u0131 ortam\u0131n\u0131n enerjisini belirler:<\/p>\n\n\n\n<ul class=\"wp-block-list\">\n<li>N\u00f6tr Tonlar: Odaklanmay\u0131 kolayla\u015ft\u0131ran ve uzun s\u00fcreli kullan\u0131mda g\u00f6rsel yorgunlu\u011fu azaltan tonlar<\/li>\n\n\n\n<li>Canl\u0131 Aksan Renkler: Yarat\u0131c\u0131l\u0131\u011f\u0131 te\u015fvik eden ve enerji veren renk detaylar\u0131<\/li>\n\n\n\n<li>Kurumsal Renkler: \u015eirketin kurumsal kimli\u011fini yans\u0131tan renk paletleri<\/li>\n\n\n\n<li>Do\u011fal Tonlar: Ah\u015fab\u0131n do\u011fal renk ve dokusunu \u00f6ne \u00e7\u0131karan i\u015flemler<\/li>\n<\/ul>\n\n\n\n<h2 class=\"wp-block-heading\">Mod\u00fclerlik ve Esneklik<\/h2>\n\n\n\n<p>Sabit ve de\u011fi\u015fmez toplant\u0131 masalar\u0131 yerini, farkl\u0131 toplant\u0131 tiplerini ve kat\u0131l\u0131mc\u0131 say\u0131lar\u0131n\u0131 destekleyen esnek \u00e7\u00f6z\u00fcmlere b\u0131rak\u0131yor:<\/p>\n\n\n\n<ul class=\"wp-block-list\">\n<li>Birle\u015ftirilebilir Mod\u00fcler Par\u00e7alar: Farkl\u0131 b\u00fcy\u00fckl\u00fckteki gruplar i\u00e7in ayarlanabilen sistemler<\/li>\n\n\n\n<li>Katlanabilir veya Tekerlekli Masalar: Mek\u00e2n de\u011fi\u015fikli\u011fine imk\u00e2n tan\u0131yan mobil \u00e7\u00f6z\u00fcmler<\/li>\n\n\n\n<li>D\u00f6n\u00fc\u015ft\u00fcr\u00fclebilir Tasar\u0131mlar: Toplant\u0131 masas\u0131ndan \u00e7al\u0131\u015fma istasyonuna d\u00f6n\u00fc\u015febilen \u00e7ok fonksiyonlu mobilyalar<\/li>\n\n\n\n<li>Y\u00fcksekli\u011fi Ayarlanabilen Masalar: Oturarak veya ayakta toplant\u0131 yapma esnekli\u011fi sunan sistemler<\/li>\n<\/ul>\n\n\n\n<p>Bu esneklik, ofis alanlar\u0131n\u0131n daha verimli kullan\u0131lmas\u0131n\u0131 sa\u011flarken, farkl\u0131 toplant\u0131 formatlar\u0131na h\u0131zla uyum sa\u011flama imk\u00e2n\u0131 tan\u0131r.<\/p>\n\n\n\n<h2 class=\"wp-block-heading\">Teknoloji Entegrasyonu ve Ak\u0131ll\u0131 Toplant\u0131 Masalar\u0131<\/h2>\n\n\n\n<p>Modern toplant\u0131 masalar\u0131, pasif y\u00fczeyler olmaktan \u00e7\u0131k\u0131p, aktif teknoloji platformlar\u0131 haline geliyor:<\/p>\n\n\n\n<h2 class=\"wp-block-heading\">Elektrik ve Veri Ba\u011flant\u0131lar\u0131<\/h2>\n\n\n\n<p>Kablo karma\u015fas\u0131n\u0131 ortadan kald\u0131ran entegre \u00e7\u00f6z\u00fcmler:<\/p>\n\n\n\n<ul class=\"wp-block-list\">\n<li>Pop-up Elektrik ve USB Prizleri: \u0130htiya\u00e7 halinde y\u00fczeyden y\u00fckselen, kullan\u0131lmad\u0131\u011f\u0131nda gizlenen ba\u011flant\u0131 noktalar\u0131<\/li>\n\n\n\n<li>Kablosuz \u015earj Y\u00fczeyleri: Uyumlu cihazlar i\u00e7in masa y\u00fczeyine entegre edilmi\u015f \u015farj teknolojisi<\/li>\n\n\n\n<li>Kolay Eri\u015filebilir Veri Portlar\u0131: HDMI, USB-C ve ethernet ba\u011flant\u0131lar\u0131<\/li>\n\n\n\n<li>\u015e\u0131k Kablo Y\u00f6netim Sistemleri: Masan\u0131n alt\u0131nda ve i\u00e7inde kablolar\u0131 d\u00fczenli tutan kanallar ve klipsler<\/li>\n<\/ul>\n\n\n\n<h2 class=\"wp-block-heading\">Video Konferans Optimizasyonu<\/h2>\n\n\n\n<p>Hibrit toplant\u0131lar\u0131 destekleyen teknolojik \u00e7\u00f6z\u00fcmler:<\/p>\n\n\n\n<ul class=\"wp-block-list\">\n<li>Entegre Kamera Sistemleri: T\u00fcm kat\u0131l\u0131mc\u0131lar\u0131 optimal a\u00e7\u0131lardan g\u00f6ren ak\u0131ll\u0131 kameralar<\/li>\n\n\n\n<li>G\u00f6mme Mikrofonlar: Masa y\u00fczeyine veya i\u00e7ine entegre edilmi\u015f y\u00fcksek kaliteli ses sistemleri<\/li>\n\n\n\n<li>Ekran Entegrasyonu: Masa tasar\u0131m\u0131n\u0131n bir par\u00e7as\u0131 olarak ekranlar veya kolay g\u00f6r\u00fc\u015f i\u00e7in optimize edilmi\u015f yerle\u015fim<\/li>\n\n\n\n<li>Akustik \u00d6zellikler: Ses yans\u0131malar\u0131n\u0131 azaltan ve ses kalitesini art\u0131ran y\u00fczey ve malzemeler<\/li>\n<\/ul>\n\n\n\n<h2 class=\"wp-block-heading\">Interaktif ve Ak\u0131ll\u0131 Y\u00fczeyler<\/h2>\n\n\n\n<p>\u0130\u015fbirli\u011fini aktif olarak destekleyen ileri teknoloji \u00e7\u00f6z\u00fcmleri:<\/p>\n\n\n\n<ul class=\"wp-block-list\">\n<li>Dokunmatik Ekran Y\u00fczeyler: Masa y\u00fczeyinin tamam\u0131 veya bir k\u0131sm\u0131n\u0131n interaktif ekran olarak kullan\u0131lmas\u0131<\/li>\n\n\n\n<li>Projeksiyon Uyumlu Y\u00fczeyler: Masa \u00fczerine i\u00e7erik projeksiyonuna imkan tan\u0131yan \u00f6zel kaplamalar<\/li>\n\n\n\n<li>G\u00f6mme Kontrol Sistemleri: Ayd\u0131nlatma, perde, iklimlendirme kontrol\u00fc i\u00e7in entegre paneller<\/li>\n\n\n\n<li>NFC\/RFID Teknolojisi: Toplant\u0131 ba\u015flatma, kat\u0131l\u0131mc\u0131 kayd\u0131 veya i\u00e7erik payla\u015f\u0131m\u0131 i\u00e7in temass\u0131z teknolojiler<\/li>\n<\/ul>\n\n\n\n<h2 class=\"wp-block-heading\">Yaz\u0131l\u0131m Entegrasyonu<\/h2>\n\n\n\n<p>Fiziksel masa ile dijital ara\u00e7lar aras\u0131nda kesintisiz ba\u011flant\u0131:<\/p>\n\n\n\n<ul class=\"wp-block-list\">\n<li>Toplant\u0131 Rezervasyon Sistemleri: Masan\u0131n kullan\u0131m durumunu g\u00f6steren ve rezervasyona imkan tan\u0131yan sistemler<\/li>\n\n\n\n<li>Toplant\u0131 Y\u00f6netim Yaz\u0131l\u0131mlar\u0131: Ajanda, not alma ve g\u00f6rev atama ara\u00e7lar\u0131yla entegrasyon<\/li>\n\n\n\n<li>\u0130\u00e7erik Payla\u015f\u0131m Sistemleri: Farkl\u0131 cihazlardan kablosuz i\u00e7erik payla\u015f\u0131m\u0131n\u0131 kolayla\u015ft\u0131ran \u00e7\u00f6z\u00fcmler<\/li>\n\n\n\n<li>Yapay Zeka Destekli \u00d6zellikler: Toplant\u0131 transkriptleri, otomatik g\u00f6rev atamas\u0131 ve toplant\u0131 analitikleri<\/li>\n<\/ul>\n\n\n\n<h2 class=\"wp-block-heading\">Farkl\u0131 Toplant\u0131 Tipleri \u0130\u00e7in Optimal \u00c7\u00f6z\u00fcmler<\/h2>\n\n\n\n<p>Her toplant\u0131 t\u00fcr\u00fc kendine \u00f6zg\u00fc ihtiya\u00e7lara sahiptir ve farkl\u0131 masa \u00e7\u00f6z\u00fcmleri gerektirir:<\/p>\n\n\n\n<h2 class=\"wp-block-heading\">Y\u00f6netim Kurulu Toplant\u0131lar\u0131<\/h2>\n\n\n\n<p>\u00dcst d\u00fczey strateji ve karar alma toplant\u0131lar\u0131 i\u00e7in:<\/p>\n\n\n\n<ul class=\"wp-block-list\">\n<li>Prestij ve Kalite: Premium malzemeler ve \u00fcst\u00fcn i\u015f\u00e7ilik<\/li>\n\n\n\n<li>Teknoloji Entegrasyonu: Gizli ve sofistike teknolojik \u00e7\u00f6z\u00fcmler<\/li>\n\n\n\n<li>Akustik Mahremiyet: Ses yal\u0131t\u0131m\u0131 ve gizlilik \u00f6zellikleri<\/li>\n\n\n\n<li>Konfor: Uzun toplant\u0131lar i\u00e7in ergonomik oturma d\u00fczeni<\/li>\n<\/ul>\n\n\n\n<p>\u0130deal Masa Formu: Tekne \u015fekilli (boat-shaped) veya oval masa, 8-14 ki\u015fi kapasiteli<\/p>\n\n\n\n<h2 class=\"wp-block-heading\">Yarat\u0131c\u0131 Beyin F\u0131rt\u0131nas\u0131 Oturumlar\u0131<\/h2>\n\n\n\n<p>\u0130novasyon ve fikir \u00fcretimi odakl\u0131 toplant\u0131lar i\u00e7in:<\/p>\n\n\n\n<ul class=\"wp-block-list\">\n<li>\u0130lham Verici Tasar\u0131m: Al\u0131\u015f\u0131lmad\u0131k formlar ve renkler<\/li>\n\n\n\n<li>Gayriresmi Atmosfer: Daha rahat ve hiyerar\u015fik olmayan d\u00fczen<\/li>\n\n\n\n<li>Aktif Kat\u0131l\u0131m: Herkesin katk\u0131 sa\u011flamas\u0131n\u0131 te\u015fvik eden yerle\u015fim<\/li>\n\n\n\n<li>G\u00f6rselle\u015ftirme \u0130mkanlar\u0131: \u00c7izim, yaz\u0131m ve i\u00e7erik payla\u015f\u0131m\u0131 i\u00e7in y\u00fczeyler<\/li>\n<\/ul>\n\n\n\n<p>\u0130deal Masa Formu: Yuvarlak veya organik formlu, 6-10 ki\u015fi kapasiteli<\/p>\n\n\n\n<h2 class=\"wp-block-heading\">Proje Toplant\u0131lar\u0131 ve \u00c7al\u0131\u015fma Oturumlar\u0131<\/h2>\n\n\n\n<p>Pratik, verimli ve odakl\u0131 \u00e7al\u0131\u015fma toplant\u0131lar\u0131 i\u00e7in:<\/p>\n\n\n\n<ul class=\"wp-block-list\">\n<li>Fonksiyonellik: Dok\u00fcmanlar ve ekipman i\u00e7in yeterli alan<\/li>\n\n\n\n<li>Mod\u00fclerlik: Ekip b\u00fcy\u00fckl\u00fc\u011f\u00fcne g\u00f6re ayarlanabilme<\/li>\n\n\n\n<li>Teknoloji Eri\u015fimi: Kolay ba\u011flant\u0131 ve \u015farj imkanlar\u0131<\/li>\n\n\n\n<li>Konforlu \u00c7al\u0131\u015fma: Uzun s\u00fcreli kullan\u0131ma uygun ergonomi<\/li>\n<\/ul>\n\n\n\n<p>\u0130deal Masa Formu: Dikd\u00f6rtgen veya kare mod\u00fcler masalar, 4-12 ki\u015fi kapasiteli<\/p>\n\n\n\n<h2 class=\"wp-block-heading\">E\u011fitim ve Workshop Toplant\u0131lar\u0131<\/h2>\n\n\n\n<p>\u00d6\u011frenme ve uygulama odakl\u0131 interaktif toplant\u0131lar i\u00e7in:<\/p>\n\n\n\n<ul class=\"wp-block-list\">\n<li>G\u00f6r\u00fc\u015f Hatt\u0131: E\u011fitmen ve g\u00f6rsel materyallere iyi g\u00f6r\u00fc\u015f a\u00e7\u0131s\u0131<\/li>\n\n\n\n<li>Grup \u00c7al\u0131\u015fmas\u0131 \u0130mkan\u0131: Alt gruplara b\u00f6l\u00fcnmeye uygun d\u00fczen<\/li>\n\n\n\n<li>Esnek Yerle\u015fim: Farkl\u0131 e\u011fitim aktivitelerine adapte olabilme<\/li>\n\n\n\n<li>Pratik \u00d6zellikler: Not alma, i\u00e7erik payla\u015f\u0131m\u0131 ve uygulama i\u00e7in uygun y\u00fczeyler<\/li>\n<\/ul>\n\n\n\n<p>\u0130deal Masa Formu: U-\u015fekli, s\u0131n\u0131f d\u00fczeni veya yuvadan ayr\u0131labilen mod\u00fcler masalar<\/p>\n\n\n\n<h2 class=\"wp-block-heading\">Ergonomi ve Kullan\u0131c\u0131 Konforu<\/h2>\n\n\n\n<p>Verimli toplant\u0131lar, kullan\u0131c\u0131 konforu ve ergonomik tasar\u0131mla do\u011frudan ili\u015fkilidir:<\/p>\n\n\n\n<h2 class=\"wp-block-heading\">Antropometrik \u00d6l\u00e7\u00fcler<\/h2>\n\n\n\n<p>\u0130nsan v\u00fccudunun \u00f6l\u00e7\u00fclerine uygun masa tasar\u0131m\u0131 kriterleri:<\/p>\n\n\n\n<ul class=\"wp-block-list\">\n<li>\u0130deal Masa Y\u00fcksekli\u011fi: Standart toplant\u0131 masalar\u0131 i\u00e7in 72-76 cm<\/li>\n\n\n\n<li>Ki\u015fi Ba\u015f\u0131 Geni\u015flik: Rahat \u00e7al\u0131\u015fma i\u00e7in minimum 60-75 cm<\/li>\n\n\n\n<li>Diz Mesafesi: Masa alt\u0131nda yeterli hareket alan\u0131 (minimum 45 cm derinlik)<\/li>\n\n\n\n<li>Masa Derinli\u011fi: Kar\u015f\u0131l\u0131kl\u0131 oturanlar i\u00e7in optimal mesafe (120-150 cm)<\/li>\n<\/ul>\n\n\n\n<h2 class=\"wp-block-heading\">Oturma D\u00fczeni ve Sandalye Se\u00e7imi<\/h2>\n\n\n\n<p>Toplant\u0131 masas\u0131n\u0131n sandalyelerle uyumu ve oturma konforu:<\/p>\n\n\n\n<ul class=\"wp-block-list\">\n<li>Sandalye-Masa Uyumu: Y\u00fckseklik ve ergonomik uyumluluk<\/li>\n\n\n\n<li>Uzun S\u00fcreli Konfor: 1-2 saatten uzun toplant\u0131lar i\u00e7in uygun destek<\/li>\n\n\n\n<li>Hareket Serbestli\u011fi: Kolay girip \u00e7\u0131kma ve pozisyon de\u011fi\u015ftirme imkan\u0131<\/li>\n\n\n\n<li>\u0130nkl\u00fczif Tasar\u0131m: Farkl\u0131 v\u00fccut tiplerine ve \u00f6zel ihtiya\u00e7lara uygunluk<\/li>\n<\/ul>\n\n\n\n<h2 class=\"wp-block-heading\">G\u00f6rsel ve \u0130\u015fitsel Ergonomi<\/h2>\n\n\n\n<p>Duyusal konfor ve verimli ileti\u015fim i\u00e7in:<\/p>\n\n\n\n<ul class=\"wp-block-list\">\n<li>G\u00f6r\u00fc\u015f Hatt\u0131: T\u00fcm kat\u0131l\u0131mc\u0131lar\u0131n birbirini ve payla\u015f\u0131lan i\u00e7eri\u011fi g\u00f6rebilmesi<\/li>\n\n\n\n<li>Akustik Kalite: Ses yank\u0131lanmas\u0131n\u0131 azaltan malzeme ve tasar\u0131mlar<\/li>\n\n\n\n<li>Ayd\u0131nlatma Optimizasyonu: Parlama ve g\u00f6lgeleri \u00f6nleyen yerle\u015fim<\/li>\n\n\n\n<li>Dikkat Da\u011f\u0131t\u0131c\u0131lar\u0131n Minimizasyonu: G\u00f6rsel ve i\u015fitsel g\u00fcr\u00fclt\u00fcy\u00fc azaltan \u00f6zellikler<\/li>\n<\/ul>\n\n\n\n<h2 class=\"wp-block-heading\">Toplant\u0131 Masas\u0131n\u0131n Mek\u00e2nsal Ba\u011flam\u0131<\/h2>\n\n\n\n<p>Toplant\u0131 masas\u0131, i\u00e7inde bulundu\u011fu mek\u00e2nla bir b\u00fct\u00fcn olarak d\u00fc\u015f\u00fcn\u00fclmelidir:<\/p>\n\n\n\n<h2 class=\"wp-block-heading\">Mek\u00e2n Planlama ve Yerle\u015fim<\/h2>\n\n\n\n<p>Toplant\u0131 odas\u0131n\u0131n genel d\u00fczeni ve masa yerle\u015fimi:<\/p>\n\n\n\n<ul class=\"wp-block-list\">\n<li>Oda Boyutlar\u0131yla Uyum: Masa etraf\u0131nda yeterli dola\u015f\u0131m alan\u0131 (minimum 90-120 cm)<\/li>\n\n\n\n<li>Kap\u0131 ve Pencere \u0130li\u015fkisi: Giri\u015f-\u00e7\u0131k\u0131\u015flar\u0131n kolay oldu\u011fu, do\u011fal \u0131\u015f\u0131ktan faydalanan yerle\u015fim<\/li>\n\n\n\n<li>Ekran ve Sunum Alan\u0131 G\u00f6r\u00fcn\u00fcrl\u00fc\u011f\u00fc: T\u00fcm oturma pozisyonlar\u0131ndan iyi g\u00f6r\u00fc\u015f a\u00e7\u0131s\u0131<\/li>\n\n\n\n<li>Mek\u00e2n Hissiyat\u0131: Dar ve s\u0131k\u0131\u015f\u0131k hissi vermeden alan optimizasyonu<\/li>\n<\/ul>\n\n\n\n<h2 class=\"wp-block-heading\">Tamamlay\u0131c\u0131 Mobilya ve Ekipmanlar<\/h2>\n\n\n\n<p>Toplant\u0131 masas\u0131yla uyumlu di\u011fer elemanlar:<\/p>\n\n\n\n<ul class=\"wp-block-list\">\n<li>Depolama \u00dcniteleri: Toplant\u0131 malzemeleri, ekipman ve ikramlar i\u00e7in dolaplar<\/li>\n\n\n\n<li>Yan Masa ve Servis \u00dcniteleri: \u0130kram ve materyaller i\u00e7in destek y\u00fczeyleri<\/li>\n\n\n\n<li>Sunum Ekipmanlar\u0131: Ekran, projeksiyon, yaz\u0131 tahtas\u0131 gibi g\u00f6rsel elementler<\/li>\n\n\n\n<li>Aksesuarlar: Kalemlik, kartvizitlik, isimlik gibi tamamlay\u0131c\u0131 \u00fcr\u00fcnler<\/li>\n<\/ul>\n\n\n\n<h2 class=\"wp-block-heading\">Atmosfer ve Ambiyans<\/h2>\n\n\n\n<p>Toplant\u0131 deneyimini etkileyen mek\u00e2nsal fakt\u00f6rler:<\/p>\n\n\n\n<ul class=\"wp-block-list\">\n<li>Ayd\u0131nlatma Dengesi: Do\u011fal ve yapay \u0131\u015f\u0131\u011f\u0131n optimal kullan\u0131m\u0131<\/li>\n\n\n\n<li>Renk Psikolojisi: Duvar, zemin ve mobilya renklerinin b\u00fct\u00fcnsel etkisi<\/li>\n\n\n\n<li>Akustik Konfor: Ses yal\u0131t\u0131m\u0131 ve oda akusti\u011fi optimizasyonu<\/li>\n\n\n\n<li>Biophilic Elementler: Bitkiler, do\u011fal malzemeler ve do\u011fa manzaras\u0131<\/li>\n<\/ul>\n\n\n\n<h2 class=\"wp-block-heading\">S\u00fcrd\u00fcr\u00fclebilirlik ve \u00c7evresel Sorumluluk<\/h2>\n\n\n\n<p>Modern toplant\u0131 masas\u0131 se\u00e7iminde s\u00fcrd\u00fcr\u00fclebilirlik kriterleri giderek daha \u00f6nemli hale geliyor:<\/p>\n\n\n\n<h2 class=\"wp-block-heading\">S\u00fcrd\u00fcr\u00fclebilir Malzeme Se\u00e7imleri<\/h2>\n\n\n\n<p>\u00c7evresel etkisi d\u00fc\u015f\u00fck malzeme alternatifleri:<\/p>\n\n\n\n<ul class=\"wp-block-list\">\n<li>FSC Sertifikal\u0131 Ah\u015fap: Sorumlu orman y\u00f6netiminden elde edilen ah\u015fap<\/li>\n\n\n\n<li>Geri D\u00f6n\u00fc\u015ft\u00fcr\u00fclm\u00fc\u015f Malzemeler: Plastik, metal ve kompozit geri d\u00f6n\u00fc\u015f\u00fcm \u00fcr\u00fcnleri<\/li>\n\n\n\n<li>D\u00fc\u015f\u00fck Emisyonlu \u00dcr\u00fcnler: VOC ve formaldehit gibi zararl\u0131 kimyasallar i\u00e7ermeyen malzemeler<\/li>\n\n\n\n<li>Yerel Kaynaklar: Nakliye kaynakl\u0131 karbon ayak izini azaltan yerel malzemeler<\/li>\n<\/ul>\n\n\n\n<h2 class=\"wp-block-heading\">Uzun \u00d6m\u00fcrl\u00fc Tasar\u0131m<\/h2>\n\n\n\n<p>At\u0131k olu\u015fumunu azaltan dayan\u0131kl\u0131 ve zamans\u0131z \u00e7\u00f6z\u00fcmler:<\/p>\n\n\n\n<ul class=\"wp-block-list\">\n<li>Mod\u00fcler ve Y\u00fckseltilebilir Sistemler: \u0130htiya\u00e7lar de\u011fi\u015ftik\u00e7e adapte edilebilen tasar\u0131mlar<\/li>\n\n\n\n<li>Tamir Edilebilirlik: Par\u00e7alar\u0131n kolayca de\u011fi\u015ftirilebildi\u011fi \u00fcr\u00fcnler<\/li>\n\n\n\n<li>Zamans\u0131z Estetik: Ge\u00e7ici trendlerden ziyade kal\u0131c\u0131 tasar\u0131m yakla\u015f\u0131m\u0131<\/li>\n\n\n\n<li>Kaliteli \u0130\u015f\u00e7ilik: Uzun y\u0131llar kullan\u0131labilecek sa\u011flam konstr\u00fcksiyon<\/li>\n<\/ul>\n\n\n\n<h2 class=\"wp-block-heading\">D\u00f6ng\u00fcsel Ekonomi Yakla\u015f\u0131m\u0131<\/h2>\n\n\n\n<p>Ya\u015fam d\u00f6ng\u00fcs\u00fc sonunda bile de\u011fer yaratan \u00fcr\u00fcnler:<\/p>\n\n\n\n<ul class=\"wp-block-list\">\n<li>Geri D\u00f6n\u00fc\u015ft\u00fcr\u00fclebilir Bile\u015fenler: Ya\u015fam sonu senaryolar\u0131nda malzemelerin ayr\u0131\u015ft\u0131r\u0131labilmesi<\/li>\n\n\n\n<li>\u00dcretici Geri Alma Programlar\u0131: Kullan\u0131m \u00f6mr\u00fc dolan mobilyalar\u0131n \u00fcretici taraf\u0131ndan de\u011ferlendirilmesi<\/li>\n\n\n\n<li>Yeniden Kullan\u0131m Potansiyeli: Farkl\u0131 ama\u00e7larla de\u011ferlendirilebilen tasar\u0131mlar<\/li>\n\n\n\n<li>\u00dcr\u00fcn-Hizmet Sistemleri: Sat\u0131n alma yerine kiralama veya abonelik modelleri<\/li>\n<\/ul>\n\n\n\n<h2 class=\"wp-block-heading\">Sonu\u00e7: Gelece\u011fin Toplant\u0131 Masas\u0131<\/h2>\n\n\n\n<p>Toplant\u0131 masalar\u0131, basit mobilya par\u00e7alar\u0131 olmaktan \u00e7\u0131k\u0131p, \u015firketlerin ileti\u015fim, i\u015fbirli\u011fi ve inovasyon stratejilerinin merkezinde yer alan ak\u0131ll\u0131 ara\u00e7lara d\u00f6n\u00fc\u015f\u00fcyor. Modern bir toplant\u0131 masas\u0131 se\u00e7erken, sadece bug\u00fcn\u00fcn ihtiya\u00e7lar\u0131n\u0131 de\u011fil, gelece\u011fin \u00e7al\u0131\u015fma trendlerini de g\u00f6z \u00f6n\u00fcnde bulundurmak gerekiyor.<\/p>\n\n\n\n<p>\u0130deal toplant\u0131 masas\u0131, \u015firketin kurumsal kimli\u011fini ve de\u011ferlerini yans\u0131t\u0131rken, farkl\u0131 toplant\u0131 tiplerine uyum sa\u011flayabilen esneklikte, teknoloji ile entegre, ergonomik ve s\u00fcrd\u00fcr\u00fclebilir olmal\u0131d\u0131r. Bu kriterleri kar\u015f\u0131layan bir toplant\u0131 masas\u0131, sadece bir mobilya de\u011fil, \u015firketin i\u015fbirli\u011fi k\u00fclt\u00fcr\u00fcn\u00fc destekleyen stratejik bir yat\u0131r\u0131md\u0131r.<\/p>\n\n\n\n<p>Kuansofis olarak, modern i\u015f d\u00fcnyas\u0131n\u0131n de\u011fi\u015fen dinamiklerine uygun, yenilik\u00e7i ve i\u015flevsel toplant\u0131 masas\u0131 \u00e7\u00f6z\u00fcmleri sunuyoruz. M\u00fc\u015fterilerimizin \u00f6zel ihtiya\u00e7lar\u0131n\u0131 analiz ederek, kurumsal kimliklerini ve \u00e7al\u0131\u015fma k\u00fclt\u00fcrlerini yans\u0131tan, teknoloji entegrasyonu ve s\u00fcrd\u00fcr\u00fclebilirli\u011fi \u00f6n planda tutan toplant\u0131 masalar\u0131 tasarl\u0131yor ve \u00fcretiyoruz.<\/p>\n\n\n\n<p>May\u0131s ay\u0131na \u00f6zel kampanyam\u0131z kapsam\u0131nda, toplant\u0131 masas\u0131 sipari\u015flerinizde \u00fccretsiz akustik analiz ve teknoloji entegrasyon dan\u0131\u015fmanl\u0131\u011f\u0131 hizmetimizden yararlanabilirsiniz. Gelece\u011fin toplant\u0131 deneyimini bug\u00fcnden ya\u015famak i\u00e7in Kuansofis \u00e7\u00f6z\u00fcmlerini ke\u015ffedin.<\/p>\n\n\n\n<p><\/p>","protected":false},"excerpt":{"rendered":"<p>Pellentesque feugiat, sem id interdum molestie, libero nibh imperdiet velit, sodales elementum enim sem sed lectus. Vivamus viverra diam congue tristique pellentesque. Proin efficitur est vel lectus ultrices rhoncus eu ut lacus. In gravida leo at justo lobortis, vitae aliquet justo vehicula. Maecenas at facilisis ex. Curabitur cursus, ex id efficitur ultrices, sapien mauris sodales<\/p>","protected":false},"author":10,"featured_media":28578,"comment_status":"closed","ping_status":"closed","sticky":false,"template":"","format":"standard","meta":{"_monsterinsights_skip_tracking":false,"_monsterinsights_sitenote_active":false,"_monsterinsights_sitenote_note":"","_monsterinsights_sitenote_category":0,"footnotes":""},"categories":[404,406,408],"tags":[],"class_list":["post-28574","post","type-post","status-publish","format-standard","has-post-thumbnail","hentry","category-is-dunyasi","category-ofis-dekorasyonu","category-ofis-mobilyalari"],"_links":{"self":[{"href":"https:\/\/kuansofis.com\/en\/wp-json\/wp\/v2\/posts\/28574","targetHints":{"allow":["GET"]}}],"collection":[{"href":"https:\/\/kuansofis.com\/en\/wp-json\/wp\/v2\/posts"}],"about":[{"href":"https:\/\/kuansofis.com\/en\/wp-json\/wp\/v2\/types\/post"}],"author":[{"embeddable":true,"href":"https:\/\/kuansofis.com\/en\/wp-json\/wp\/v2\/users\/10"}],"replies":[{"embeddable":true,"href":"https:\/\/kuansofis.com\/en\/wp-json\/wp\/v2\/comments?post=28574"}],"version-history":[{"count":2,"href":"https:\/\/kuansofis.com\/en\/wp-json\/wp\/v2\/posts\/28574\/revisions"}],"predecessor-version":[{"id":137944,"href":"https:\/\/kuansofis.com\/en\/wp-json\/wp\/v2\/posts\/28574\/revisions\/137944"}],"wp:featuredmedia":[{"embeddable":true,"href":"https:\/\/kuansofis.com\/en\/wp-json\/wp\/v2\/media\/28578"}],"wp:attachment":[{"href":"https:\/\/kuansofis.com\/en\/wp-json\/wp\/v2\/media?parent=28574"}],"wp:term":[{"taxonomy":"category","embeddable":true,"href":"https:\/\/kuansofis.com\/en\/wp-json\/wp\/v2\/categories?post=28574"},{"taxonomy":"post_tag","embeddable":true,"href":"https:\/\/kuansofis.com\/en\/wp-json\/wp\/v2\/tags?post=28574"}],"curies":[{"name":"wp","href":"https:\/\/api.w.org\/{rel}","templated":true}]}}