{"id":28569,"date":"2025-07-08T14:35:33","date_gmt":"2025-07-08T11:35:33","guid":{"rendered":"https:\/\/kuansofis.com\/?p=28569"},"modified":"2026-01-13T15:18:41","modified_gmt":"2026-01-13T12:18:41","slug":"modern-calisma-alanlarinda-verimlilik-coklu-calisma-masasi-sistemlerinin-avantajlari-ve-secim-kriterleri","status":"publish","type":"post","link":"https:\/\/kuansofis.com\/en\/modern-calisma-alanlarinda-verimlilik-coklu-calisma-masasi-sistemlerinin-avantajlari-ve-secim-kriterleri\/","title":{"rendered":"Modern \u00c7al\u0131\u015fma Alanlar\u0131nda Verimlilik: \u00c7oklu \u00c7al\u0131\u015fma Masas\u0131 Sistemlerinin Avantajlar\u0131 ve Se\u00e7im Kriterleri"},"content":{"rendered":"<p>\u0130\u015f d\u00fcnyas\u0131ndaki h\u0131zl\u0131 d\u00f6n\u00fc\u015f\u00fcm, \u00e7al\u0131\u015fma alanlar\u0131n\u0131n da yeniden yap\u0131lanmas\u0131n\u0131 gerektiriyor. \u00d6zellikle pandemi sonras\u0131 d\u00f6nemde hibrit \u00e7al\u0131\u015fma modellerinin yayg\u0131nla\u015fmas\u0131, ofis alanlar\u0131n\u0131n daha esnek, verimli ve i\u015fbirlik\u00e7i olmas\u0131 ihtiyac\u0131n\u0131 do\u011furdu. Bu noktada, \u00e7oklu \u00e7al\u0131\u015fma masas\u0131 sistemleri (workstation), modern ofislerin vazge\u00e7ilmez bir par\u00e7as\u0131 haline geldi. Global Workplace Analytics&#8217;in ara\u015ft\u0131rmas\u0131na g\u00f6re, esnek \u00e7al\u0131\u015fma alanlar\u0131yla donat\u0131lm\u0131\u015f ofislerde \u00e7al\u0131\u015fan verimlili\u011fi %20&#8217;ye kadar art\u0131\u015f g\u00f6sterebiliyor. Bu yaz\u0131m\u0131zda, \u00e7oklu \u00e7al\u0131\u015fma masas\u0131 sistemlerinin avantajlar\u0131n\u0131, \u00e7e\u015fitlerini ve do\u011fru se\u00e7im yapmak i\u00e7in dikkat edilmesi gereken kriterleri detayl\u0131ca ele alaca\u011f\u0131z.<\/p>\n\n\n\n<h2 class=\"wp-block-heading\">\u00c7oklu \u00c7al\u0131\u015fma Masas\u0131 Sistemlerinin Evrimi<\/h2>\n\n\n\n<p>Bug\u00fcn\u00fcn modern ofis d\u00fczenlemelerini anlamak i\u00e7in, \u00e7al\u0131\u015fma alanlar\u0131n\u0131n tarihsel geli\u015fimine k\u0131saca g\u00f6z atmakta fayda var:<\/p>\n\n\n\n<h2 class=\"wp-block-heading\">Geleneksel Kapal\u0131 Ofislerden A\u00e7\u0131k Plana<\/h2>\n\n\n\n<p>1950&#8217;lerden \u00f6nce, ofisler genellikle hiyerar\u015fik bir yap\u0131ya sahipti ve kapal\u0131, bireysel \u00e7al\u0131\u015fma odalar\u0131ndan olu\u015fuyordu. Bu d\u00fczen, mahremiyet sa\u011flarken ileti\u015fimi s\u0131n\u0131rl\u0131yor ve metrekare ba\u015f\u0131na maliyeti art\u0131r\u0131yordu.<\/p>\n\n\n\n<p>1950&#8217;lerden itibaren Alman Quickborner Grubu taraf\u0131ndan geli\u015ftirilen &#8220;B\u00fcrolandschaft&#8221; (ofis peyzaj\u0131) konsepti ile a\u00e7\u0131k plan ofisler ortaya \u00e7\u0131kt\u0131. Bu yakla\u015f\u0131m, t\u00fcm \u00e7al\u0131\u015fanlar\u0131n tek bir geni\u015f alanda, b\u00f6l\u00fcc\u00fcler olmadan \u00e7al\u0131\u015ft\u0131\u011f\u0131 bir d\u00fczeni \u00f6neriyordu.<\/p>\n\n\n\n<h2 class=\"wp-block-heading\">K\u00fcbi Sistemleri ve \u0130lk Workstation&#8217;lar<\/h2>\n\n\n\n<p>1960&#8217;lar\u0131n sonunda, Robert Propst taraf\u0131ndan tasarlanan &#8220;Action Office&#8221; sistemi, modern workstation kavram\u0131n\u0131n temelini att\u0131. Bu sistem, a\u00e7\u0131k ofisin g\u00fcr\u00fclt\u00fc ve mahremiyet sorunlar\u0131na \u00e7\u00f6z\u00fcm olarak, panellerle ayr\u0131lm\u0131\u015f yar\u0131-\u00f6zel \u00e7al\u0131\u015fma alanlar\u0131 sunuyordu.<\/p>\n\n\n\n<p>1980&#8217;lere gelindi\u011finde, &#8220;k\u00fcbi&#8221; olarak da bilinen bu sistemler, ofislerin standart d\u00fczeni haline gelmi\u015fti. Ancak zamanla, bu k\u00fcbi sistemleri izolasyona ve ileti\u015fim kopuklu\u011funa yol a\u00e7t\u0131\u011f\u0131 gerek\u00e7esiyle ele\u015ftirilmeye ba\u015fland\u0131.<\/p>\n\n\n\n<h2 class=\"wp-block-heading\">G\u00fcn\u00fcm\u00fcz \u00c7oklu \u00c7al\u0131\u015fma Masas\u0131 Sistemleri<\/h2>\n\n\n\n<p>2000&#8217;li y\u0131llardan itibaren, i\u015fbirli\u011fi ve esnekli\u011fe verilen \u00f6nemin artmas\u0131yla, daha a\u00e7\u0131k ve etkile\u015fimli workstation tasar\u0131mlar\u0131 \u00f6n plana \u00e7\u0131kt\u0131. G\u00fcn\u00fcm\u00fcz\u00fcn \u00e7oklu \u00e7al\u0131\u015fma masas\u0131 sistemleri, mahremiyet ve ileti\u015fim aras\u0131nda optimal dengeyi kurmay\u0131 hedefliyor.<\/p>\n\n\n\n<p>Teknolojik geli\u015fmeler, kablosuz ekipmanlar ve bulut sistemleri, sabit \u00e7al\u0131\u015fma istasyonlar\u0131na olan ba\u011f\u0131ml\u0131l\u0131\u011f\u0131 azaltt\u0131. Sonu\u00e7 olarak, daha esnek, mod\u00fcler ve \u00e7ok ama\u00e7l\u0131 \u00e7al\u0131\u015fma masas\u0131 sistemleri geli\u015ftirildi.<\/p>\n\n\n\n<h2 class=\"wp-block-heading\">\u00c7oklu \u00c7al\u0131\u015fma Masas\u0131 Sistemlerinin Avantajlar\u0131<\/h2>\n\n\n\n<p>Modern \u00e7oklu \u00e7al\u0131\u015fma masas\u0131 sistemleri, geleneksel ofis d\u00fczenlemelerine k\u0131yasla bir\u00e7ok avantaj sunmaktad\u0131r:<\/p>\n\n\n\n<h2 class=\"wp-block-heading\">Mekan Verimlili\u011fi ve Maliyet Avantaj\u0131<\/h2>\n\n\n\n<p>\u00c7oklu \u00e7al\u0131\u015fma masas\u0131 sistemleri, ofis alan\u0131n\u0131n daha verimli kullan\u0131lmas\u0131n\u0131 sa\u011flar:<\/p>\n\n\n\n<ul class=\"wp-block-list\">\n<li>Metrekare ba\u015f\u0131na daha fazla \u00e7al\u0131\u015fan yerle\u015ftirilebilir (geleneksel bireysel ofislere k\u0131yasla %30-40 daha verimli alan kullan\u0131m\u0131)<\/li>\n\n\n\n<li>Altyap\u0131 maliyetlerinde (elektrik, internet, havaland\u0131rma) tasarruf sa\u011flan\u0131r<\/li>\n\n\n\n<li>Esnek d\u00fczenlemeler sayesinde ofis ta\u015f\u0131nma ve yeniden yap\u0131land\u0131rma maliyetleri azal\u0131r<\/li>\n\n\n\n<li>Ofis mobilyalar\u0131n\u0131n daha uzun s\u00fcre kullan\u0131labilmesi i\u00e7in mod\u00fcler tasar\u0131mlar avantaj sa\u011flar<\/li>\n<\/ul>\n\n\n\n<h2 class=\"wp-block-heading\">\u0130\u015fbirli\u011fi ve \u0130leti\u015fimi G\u00fc\u00e7lendirme<\/h2>\n\n\n\n<p>Do\u011fru tasarlanm\u0131\u015f \u00e7oklu \u00e7al\u0131\u015fma alanlar\u0131, ekip \u00e7al\u0131\u015fmas\u0131n\u0131 ve bilgi payla\u015f\u0131m\u0131n\u0131 te\u015fvik eder:<\/p>\n\n\n\n<ul class=\"wp-block-list\">\n<li>\u00c7al\u0131\u015fanlar aras\u0131nda spontane etkile\u015fim ve fikir al\u0131\u015fveri\u015fi kolayla\u015f\u0131r<\/li>\n\n\n\n<li>Proje bazl\u0131 ekipler daha h\u0131zl\u0131 ve verimli \u00e7al\u0131\u015fabilir<\/li>\n\n\n\n<li>Kurumsal bilgi transferi ve \u00e7apraz \u00f6\u011frenme daha do\u011fal bir \u015fekilde ger\u00e7ekle\u015fir<\/li>\n\n\n\n<li>Yeni \u00e7al\u0131\u015fanlar\u0131n entegrasyonu ve mentorluk s\u00fcre\u00e7leri daha etkili olur<\/li>\n<\/ul>\n\n\n\n<h2 class=\"wp-block-heading\">Esneklik ve Adaptasyon<\/h2>\n\n\n\n<p>De\u011fi\u015fen i\u015f ihtiya\u00e7lar\u0131na h\u0131zla uyum sa\u011flayabilme yetene\u011fi, modern ofislerin en \u00f6nemli \u00f6zelliklerinden biridir:<\/p>\n\n\n\n<ul class=\"wp-block-list\">\n<li>Mod\u00fcler sistemler, ekip yap\u0131s\u0131ndaki de\u011fi\u015fikliklere g\u00f6re kolayca yeniden d\u00fczenlenebilir<\/li>\n\n\n\n<li>Farkl\u0131 \u00e7al\u0131\u015fma stilleri ve g\u00f6revler i\u00e7in \u00e7e\u015fitli konfig\u00fcrasyonlar olu\u015fturulabilir<\/li>\n\n\n\n<li>\u015eirket b\u00fcy\u00fcd\u00fck\u00e7e veya k\u00fc\u00e7\u00fcld\u00fck\u00e7e, mevcut sistemler geni\u015fletilebilir veya yeniden yap\u0131land\u0131r\u0131labilir<\/li>\n\n\n\n<li>Teknolojik de\u011fi\u015fimlere uyum sa\u011flayacak \u015fekilde g\u00fcncellenebilir<\/li>\n<\/ul>\n\n\n\n<h2 class=\"wp-block-heading\">\u00c7al\u0131\u015fan Sa\u011fl\u0131\u011f\u0131 ve Memnuniyeti<\/h2>\n\n\n\n<p>Ergonomik ve iyi tasarlanm\u0131\u015f \u00e7oklu \u00e7al\u0131\u015fma masas\u0131 sistemleri, \u00e7al\u0131\u015fan sa\u011fl\u0131\u011f\u0131n\u0131 ve memnuniyetini olumlu etkiler:<\/p>\n\n\n\n<ul class=\"wp-block-list\">\n<li>Y\u00fcksekli\u011fi ayarlanabilen masalar, farkl\u0131 \u00e7al\u0131\u015fma pozisyonlar\u0131na olanak tan\u0131r<\/li>\n\n\n\n<li>Do\u011fru ayd\u0131nlatma ve akustik \u00e7\u00f6z\u00fcmler, g\u00f6z yorgunlu\u011funu ve stres seviyelerini azalt\u0131r<\/li>\n\n\n\n<li>Ki\u015fiselle\u015ftirilebilir alanlar, \u00e7al\u0131\u015fanlar\u0131n kendilerini daha rahat hissetmelerini sa\u011flar<\/li>\n\n\n\n<li>\u00c7e\u015fitli \u00e7al\u0131\u015fma se\u00e7enekleri (oturarak, ayakta, yar\u0131-uzanarak), fiziksel aktiviteyi te\u015fvik eder<\/li>\n<\/ul>\n\n\n\n<h2 class=\"wp-block-heading\">Kurumsal Kimlik ve Marka \u0130maj\u0131<\/h2>\n\n\n\n<p>\u00c7oklu \u00e7al\u0131\u015fma masas\u0131 sistemleri, \u015firketin de\u011ferlerini ve kurumsal k\u00fclt\u00fcr\u00fcn\u00fc yans\u0131tma f\u0131rsat\u0131 sunar:<\/p>\n\n\n\n<ul class=\"wp-block-list\">\n<li>\u015eirket renklerini ve logosunu entegre eden \u00f6zelle\u015ftirilmi\u015f tasar\u0131mlar<\/li>\n\n\n\n<li>\u015eirketin \u00e7al\u0131\u015fma felsefesini (\u00f6rne\u011fin, yenilik\u00e7ilik, i\u015fbirli\u011fi, \u015feffafl\u0131k) destekleyen d\u00fczenlemeler<\/li>\n\n\n\n<li>Ziyaret\u00e7iler ve potansiyel \u00e7al\u0131\u015fanlar \u00fczerinde olumlu ilk izlenim b\u0131rakan modern g\u00f6r\u00fcn\u00fcm<\/li>\n\n\n\n<li>\u015eirketin \u00e7evresel ve sosyal sorumlulu\u011funu vurgulayan s\u00fcrd\u00fcr\u00fclebilir \u00e7\u00f6z\u00fcmler<\/li>\n<\/ul>\n\n\n\n<h2 class=\"wp-block-heading\">\u00c7oklu \u00c7al\u0131\u015fma Masas\u0131 T\u00fcrleri ve D\u00fczenlemeleri<\/h2>\n\n\n\n<p>\u00c7oklu \u00e7al\u0131\u015fma masas\u0131 sistemleri, farkl\u0131 ihtiya\u00e7lara ve \u00e7al\u0131\u015fma stillerine uygun \u00e7e\u015fitli konfig\u00fcrasyonlarda tasarlanabilir:<\/p>\n\n\n\n<h2 class=\"wp-block-heading\">Lineer (S\u0131ral\u0131) \u00c7al\u0131\u015fma \u0130stasyonlar\u0131<\/h2>\n\n\n\n<p>En yayg\u0131n ve ekonomik d\u00fczenlemelerden biri olan lineer workstation&#8217;lar \u015fu \u00f6zelliklere sahiptir:<\/p>\n\n\n\n<ul class=\"wp-block-list\">\n<li>Tek bir d\u00fcz hat boyunca s\u0131ralanm\u0131\u015f \u00e7al\u0131\u015fma masalar\u0131<\/li>\n\n\n\n<li>Genellikle kar\u015f\u0131l\u0131kl\u0131 oturma d\u00fczeni (back-to-back veya face-to-face)<\/li>\n\n\n\n<li>Ortak bir g\u00fc\u00e7 ve data altyap\u0131s\u0131 payla\u015f\u0131m\u0131<\/li>\n\n\n\n<li>\u00c7al\u0131\u015fanlar aras\u0131nda d\u00fc\u015f\u00fck veya orta seviyede mahremiyete izin veren panel sistemleri<\/li>\n<\/ul>\n\n\n\n<p>Bu d\u00fczenleme, alan verimlili\u011fi a\u00e7\u0131s\u0131ndan avantajl\u0131d\u0131r ve rutin i\u015fleri olan ekipler i\u00e7in uygundur.<\/p>\n\n\n\n<h2 class=\"wp-block-heading\">K\u00fcmeli (Cluster) \u00c7al\u0131\u015fma \u0130stasyonlar\u0131<\/h2>\n\n\n\n<p>Daha fazla etkile\u015fim gerektiren ekipler i\u00e7in ideal olan k\u00fcmeli d\u00fczenlemeler:<\/p>\n\n\n\n<ul class=\"wp-block-list\">\n<li>D\u00f6rt veya daha fazla \u00e7al\u0131\u015fma masas\u0131n\u0131n bir araya getirilmesiyle olu\u015fur<\/li>\n\n\n\n<li>360 derece etkile\u015fim ve g\u00f6z temas\u0131 sa\u011flar<\/li>\n\n\n\n<li>Ortak bir merkezi alan etraf\u0131nda d\u00fczenlenir<\/li>\n\n\n\n<li>Ekip \u00e7al\u0131\u015fmas\u0131 ve i\u015fbirli\u011fi i\u00e7in ideal bir ortam yarat\u0131r<\/li>\n<\/ul>\n\n\n\n<p>Bu t\u00fcr d\u00fczenlemeler, proje bazl\u0131 \u00e7al\u0131\u015fan ekipler, yarat\u0131c\u0131 departmanlar ve AR-GE birimleri i\u00e7in \u00f6zellikle etkilidir.<\/p>\n\n\n\n<h2 class=\"wp-block-heading\">Bench Tipi \u00c7al\u0131\u015fma \u0130stasyonlar\u0131<\/h2>\n\n\n\n<p>Son y\u0131llarda pop\u00fclerlik kazanan bench tipi sistemler, minimalist ve a\u00e7\u0131k bir \u00e7al\u0131\u015fma ortam\u0131 sunar:<\/p>\n\n\n\n<ul class=\"wp-block-list\">\n<li>Uzun, kesintisiz masa y\u00fczeyleri<\/li>\n\n\n\n<li>Minimum b\u00f6l\u00fcc\u00fc ve bariyer<\/li>\n\n\n\n<li>Maksimum ileti\u015fim ve i\u015fbirli\u011fi<\/li>\n\n\n\n<li>Kullan\u0131m kolayl\u0131\u011f\u0131 ve esneklik<\/li>\n<\/ul>\n\n\n\n<p>Bu d\u00fczenleme, dinamik ve y\u00fcksek etkile\u015fimli ekipler i\u00e7in idealdir, ancak g\u00fcr\u00fclt\u00fc ve mahremiyet sorunlar\u0131na kar\u015f\u0131 ek \u00e7\u00f6z\u00fcmler gerektirebilir.<\/p>\n\n\n\n<h2 class=\"wp-block-heading\">Hybrid \u00c7al\u0131\u015fma \u0130stasyonlar\u0131<\/h2>\n\n\n\n<p>Modern ofislerin \u00e7e\u015fitli ihtiya\u00e7lar\u0131n\u0131 kar\u015f\u0131lamak i\u00e7in farkl\u0131 sistem t\u00fcrlerini birle\u015ftiren hibrit d\u00fczenlemeler:<\/p>\n\n\n\n<ul class=\"wp-block-list\">\n<li>A\u00e7\u0131k i\u015fbirli\u011fi alanlar\u0131 ile mahremiyeti y\u00fcksek bireysel \u00e7al\u0131\u015fma alanlar\u0131n\u0131n kombinasyonu<\/li>\n\n\n\n<li>Y\u00fcksekli\u011fi ayarlanabilen masalar ile sabit masalar\u0131n bir arada kullan\u0131m\u0131<\/li>\n\n\n\n<li>Farkl\u0131 departmanlar\u0131n ihtiya\u00e7lar\u0131na g\u00f6re \u00f6zelle\u015ftirilmi\u015f alanlar<\/li>\n\n\n\n<li>Esnek ve sabit \u00e7al\u0131\u015fma istasyonlar\u0131n\u0131n dengeli da\u011f\u0131l\u0131m\u0131<\/li>\n<\/ul>\n\n\n\n<p>Bu t\u00fcr d\u00fczenlemeler, hibrit \u00e7al\u0131\u015fma modellerini benimseyen ve \u00e7al\u0131\u015fanlar\u0131na \u00e7e\u015fitli \u00e7al\u0131\u015fma se\u00e7enekleri sunmak isteyen \u015firketler i\u00e7in idealdir.<\/p>\n\n\n\n<h2 class=\"wp-block-heading\">Ergonomi ve \u00c7al\u0131\u015fan Sa\u011fl\u0131\u011f\u0131<\/h2>\n\n\n\n<p>\u00c7oklu \u00e7al\u0131\u015fma masas\u0131 sistemleri se\u00e7ilirken, \u00e7al\u0131\u015fan sa\u011fl\u0131\u011f\u0131 ve ergonomi fakt\u00f6rleri birincil \u00f6neme sahip olmal\u0131d\u0131r. Amerika Birle\u015fik Devletleri&#8217;nde her y\u0131l 650.000&#8217;den fazla kas-iskelet sistemi rahats\u0131zl\u0131\u011f\u0131 vakas\u0131 rapor edilmekte ve bu vakalar\u0131n b\u00fcy\u00fck bir k\u0131sm\u0131 ofis ortam\u0131ndaki ergonomik olmayan ko\u015fullardan kaynaklanmaktad\u0131r.<\/p>\n\n\n\n<h2 class=\"wp-block-heading\">Oturma Ergonomisi<\/h2>\n\n\n\n<p>\u00c7al\u0131\u015fanlar zamanlar\u0131n\u0131n b\u00fcy\u00fck bir k\u0131sm\u0131n\u0131 otururak ge\u00e7irdi\u011finden, do\u011fru oturma ergonomisi kritik \u00f6neme sahiptir:<\/p>\n\n\n\n<ul class=\"wp-block-list\">\n<li>Sandalyeler s\u0131rt ve bel deste\u011fi sa\u011flamal\u0131, y\u00fcksekli\u011fi ayarlanabilir olmal\u0131d\u0131r<\/li>\n\n\n\n<li>Oturma y\u00fczeyi, bacak dola\u015f\u0131m\u0131n\u0131 engellememek i\u00e7in \u00f6n k\u0131sm\u0131nda hafif e\u011fimli olmal\u0131d\u0131r<\/li>\n\n\n\n<li>Kol\u00e7aklar, omuz ve boyun gerginli\u011fini azaltacak \u015fekilde ayarlanabilir olmal\u0131d\u0131r<\/li>\n\n\n\n<li>\u0130deal oturma pozisyonu, ayaklar\u0131n yere d\u00fcz bast\u0131\u011f\u0131, dizlerin 90 derece a\u00e7\u0131yla durdu\u011fu ve monit\u00f6r\u00fcn g\u00f6z hizas\u0131nda oldu\u011fu pozisyondur<\/li>\n<\/ul>\n\n\n\n<h2 class=\"wp-block-heading\">Masa Ergonomisi<\/h2>\n\n\n\n<p>\u00c7al\u0131\u015fma masalar\u0131n\u0131n boyutlar\u0131 ve \u00f6zellikleri, kullan\u0131c\u0131lar\u0131n konforunu do\u011frudan etkiler:<\/p>\n\n\n\n<ul class=\"wp-block-list\">\n<li>Standart masa y\u00fcksekli\u011fi 73-76 cm aras\u0131nda olmal\u0131d\u0131r, ancak y\u00fcksekli\u011fi ayarlanabilen masalar ideal \u00e7\u00f6z\u00fcmd\u00fcr<\/li>\n\n\n\n<li>Masa derinli\u011fi, monit\u00f6r\u00fcn g\u00f6zlerden en az 50-70 cm uzakl\u0131kta olmas\u0131na izin vermelidir (minimum 60 cm derinlik)<\/li>\n\n\n\n<li>Geni\u015flik, kullan\u0131c\u0131n\u0131n ihtiya\u00e7 duydu\u011fu ekipmanlar\u0131 rahat\u00e7a yerle\u015ftirebilece\u011fi kadar olmal\u0131d\u0131r (minimum 120 cm)<\/li>\n\n\n\n<li>Masa alt\u0131nda diz ve bacaklar i\u00e7in yeterli alan bulunmal\u0131d\u0131r (minimum 60 cm geni\u015flik, 30 cm derinlik)<\/li>\n<\/ul>\n\n\n\n<h2 class=\"wp-block-heading\">Y\u00fcksekli\u011fi Ayarlanabilen Masalar<\/h2>\n\n\n\n<p>Son y\u0131llarda pop\u00fclerlik kazanan y\u00fcksekli\u011fi ayarlanabilen masalar, \u00f6nemli sa\u011fl\u0131k avantajlar\u0131 sunar:<\/p>\n\n\n\n<ul class=\"wp-block-list\">\n<li>Oturarak ve ayakta \u00e7al\u0131\u015fma aras\u0131nda ge\u00e7i\u015f yapabilme imkan\u0131 sa\u011flar<\/li>\n\n\n\n<li>Uzun s\u00fcre hareketsiz kalman\u0131n olumsuz etkilerini azalt\u0131r<\/li>\n\n\n\n<li>Kan dola\u015f\u0131m\u0131n\u0131 iyile\u015ftirir ve enerji seviyelerini y\u00fckseltir<\/li>\n\n\n\n<li>S\u0131rt ve boyun a\u011fr\u0131lar\u0131n\u0131 azaltabilir<\/li>\n\n\n\n<li>Ara\u015ft\u0131rmalar, oturma ve ayakta durma aras\u0131nda d\u00fczenli ge\u00e7i\u015f yapan \u00e7al\u0131\u015fanlar\u0131n verimlili\u011finin %46&#8217;ya kadar artabildi\u011fini g\u00f6stermektedir<\/li>\n<\/ul>\n\n\n\n<h2 class=\"wp-block-heading\">Ayd\u0131nlatma ve G\u00f6z Sa\u011fl\u0131\u011f\u0131<\/h2>\n\n\n\n<p>\u00c7oklu \u00e7al\u0131\u015fma masas\u0131 sistemlerinde do\u011fru ayd\u0131nlatma, g\u00f6z yorgunlu\u011funu azalt\u0131r ve verimlili\u011fi art\u0131r\u0131r:<\/p>\n\n\n\n<ul class=\"wp-block-list\">\n<li>Do\u011fal \u0131\u015f\u0131\u011f\u0131n maksimum kullan\u0131m\u0131n\u0131 sa\u011flayacak yerle\u015fim plan\u0131<\/li>\n\n\n\n<li>Ekran parlamas\u0131n\u0131 \u00f6nleyecek \u015fekilde konumland\u0131r\u0131lm\u0131\u015f yapay ayd\u0131nlatma<\/li>\n\n\n\n<li>Gerekti\u011finde ki\u015fiselle\u015ftirilebilen masa \u00fcst\u00fc ayd\u0131nlatma \u00e7\u00f6z\u00fcmleri<\/li>\n\n\n\n<li>G\u00fcn\u00fcn farkl\u0131 saatlerinde ayd\u0131nlatma \u015fiddetini ayarlayabilen sistemler<\/li>\n<\/ul>\n\n\n\n<h2 class=\"wp-block-heading\">Akustik \u00c7\u00f6z\u00fcmler<\/h2>\n\n\n\n<p>A\u00e7\u0131k plan ofislerin en b\u00fcy\u00fck dezavantajlar\u0131ndan biri olan g\u00fcr\u00fclt\u00fc, \u00e7oklu \u00e7al\u0131\u015fma masas\u0131 sistemlerinde akustik \u00e7\u00f6z\u00fcmlerle azalt\u0131labilir:<\/p>\n\n\n\n<ul class=\"wp-block-list\">\n<li>Ses emici panel ve b\u00f6l\u00fcc\u00fcler<\/li>\n\n\n\n<li>Akustik tavan ve duvar kaplamalar\u0131<\/li>\n\n\n\n<li>G\u00fcr\u00fclt\u00fc maskeleme sistemleri<\/li>\n\n\n\n<li>Konsantrasyon gerektiren i\u015fler i\u00e7in ses yal\u0131t\u0131ml\u0131 kabinler veya alanlar<\/li>\n<\/ul>\n\n\n\n<h2 class=\"wp-block-heading\">Teknoloji Entegrasyonu<\/h2>\n\n\n\n<p>Modern \u00e7oklu \u00e7al\u0131\u015fma masas\u0131 sistemleri, geli\u015fen teknolojik ihtiya\u00e7lara cevap verebilecek \u015fekilde tasarlanmal\u0131d\u0131r:<\/p>\n\n\n\n<h2 class=\"wp-block-heading\">Kablo Y\u00f6netimi<\/h2>\n\n\n\n<p>Karma\u015f\u0131k kablo sistemleri hem g\u00f6rsel kirlilik yarat\u0131r hem de i\u015f kazas\u0131 riskini art\u0131r\u0131r:<\/p>\n\n\n\n<ul class=\"wp-block-list\">\n<li>Masa i\u00e7i veya masa alt\u0131 kablo kanallar\u0131<\/li>\n\n\n\n<li>Elektrik ve data kablolar\u0131 i\u00e7in ayr\u0131 y\u00f6nlendirme sistemleri<\/li>\n\n\n\n<li>Kolay eri\u015filebilir priz ve data noktalar\u0131<\/li>\n\n\n\n<li>Kablosuz \u015farj entegrasyonu<\/li>\n<\/ul>\n\n\n\n<h2 class=\"wp-block-heading\">G\u00fc\u00e7 ve Data Eri\u015fimi<\/h2>\n\n\n\n<p>Her \u00e7al\u0131\u015fan\u0131n yeterli say\u0131da ve t\u00fcrde ba\u011flant\u0131 noktas\u0131na eri\u015fimi olmal\u0131d\u0131r:<\/p>\n\n\n\n<ul class=\"wp-block-list\">\n<li>Masa \u00fcst\u00fc veya kenar\u0131na entegre elektrik prizleri<\/li>\n\n\n\n<li>USB ve USB-C \u015farj portlar\u0131<\/li>\n\n\n\n<li>Ethernet ba\u011flant\u0131 noktalar\u0131<\/li>\n\n\n\n<li>Kablosuz a\u011f eri\u015fimi i\u00e7in optimum yerle\u015fim<\/li>\n<\/ul>\n\n\n\n<h2 class=\"wp-block-heading\">Ekran ve Ekipman Montaj\u0131<\/h2>\n\n\n\n<p>Ergonomik bir \u00e7al\u0131\u015fma ortam\u0131 i\u00e7in monit\u00f6r ve di\u011fer ekipmanlar\u0131n do\u011fru konumland\u0131r\u0131lmas\u0131 \u00f6nemlidir:<\/p>\n\n\n\n<ul class=\"wp-block-list\">\n<li>Monit\u00f6r kollar\u0131 ve standlar\u0131 i\u00e7in montaj noktalar\u0131<\/li>\n\n\n\n<li>\u00c7oklu ekran kullan\u0131m\u0131na imkan veren \u00e7\u00f6z\u00fcmler<\/li>\n\n\n\n<li>Ekipman raflar\u0131 ve aksesuar ba\u011flant\u0131 sistemleri<\/li>\n\n\n\n<li>Tablet ve telefon standlar\u0131 i\u00e7in \u00f6zel alanlar<\/li>\n<\/ul>\n\n\n\n<h2 class=\"wp-block-heading\">IoT (Nesnelerin \u0130nterneti) ve Ak\u0131ll\u0131 Ofis Entegrasyonu<\/h2>\n\n\n\n<p>Gelecek nesil ofislerde, \u00e7al\u0131\u015fma masalar\u0131 ak\u0131ll\u0131 ofis ekosistemine entegre olacakt\u0131r:<\/p>\n\n\n\n<ul class=\"wp-block-list\">\n<li>Masa kullan\u0131m durumunu izleyen sens\u00f6rler<\/li>\n\n\n\n<li>Ki\u015fiselle\u015ftirilmi\u015f ayd\u0131nlatma ve iklim kontrol\u00fc<\/li>\n\n\n\n<li>\u00c7al\u0131\u015fan konumunu takip eden sistemlerle entegrasyon<\/li>\n\n\n\n<li>Toplant\u0131 odas\u0131 rezervasyonu ve kaynak y\u00f6netimi ile etkile\u015fim<\/li>\n<\/ul>\n\n\n\n<h2 class=\"wp-block-heading\">Materyaller ve S\u00fcrd\u00fcr\u00fclebilirlik<\/h2>\n\n\n\n<p>\u00c7oklu \u00e7al\u0131\u015fma masas\u0131 sistemlerinin \u00fcretiminde kullan\u0131lan malzemeler, hem dayan\u0131kl\u0131l\u0131k hem de \u00e7evresel etki a\u00e7\u0131s\u0131ndan \u00f6nemlidir:<\/p>\n\n\n\n<h2 class=\"wp-block-heading\">S\u00fcrd\u00fcr\u00fclebilir Malzeme Se\u00e7imleri<\/h2>\n\n\n\n<ul class=\"wp-block-list\">\n<li>FSC sertifikal\u0131 ah\u015fap ve ah\u015fap bazl\u0131 malzemeler<\/li>\n\n\n\n<li>Geri d\u00f6n\u00fc\u015ft\u00fcr\u00fclm\u00fc\u015f metal ve plastik bile\u015fenler<\/li>\n\n\n\n<li>D\u00fc\u015f\u00fck VOC (U\u00e7ucu Organik Bile\u015fik) emisyonlu kaplamalar ve yap\u0131\u015ft\u0131r\u0131c\u0131lar<\/li>\n\n\n\n<li>Biyobazl\u0131 ve kompostlanabilir alternatifler<\/li>\n<\/ul>\n\n\n\n<h2 class=\"wp-block-heading\">Dayan\u0131kl\u0131l\u0131k ve Uzun \u00d6m\u00fcr<\/h2>\n\n\n\n<ul class=\"wp-block-list\">\n<li>Yo\u011fun kullan\u0131ma dayan\u0131kl\u0131 y\u00fczey malzemeleri<\/li>\n\n\n\n<li>Kolay de\u011fi\u015ftirilebilen ve tamir edilebilen par\u00e7alar<\/li>\n\n\n\n<li>A\u015f\u0131nmaya ve \u00e7izilmeye diren\u00e7li kaplamalar<\/li>\n\n\n\n<li>UV \u0131\u015f\u0131nlar\u0131na dayan\u0131kl\u0131 malzemeler (\u00f6zellikle pencere kenar\u0131ndaki workstation&#8217;lar i\u00e7in)<\/li>\n<\/ul>\n\n\n\n<h2 class=\"wp-block-heading\">\u00c7evresel Sertifikalar<\/h2>\n\n\n\n<p>\u00c7evre dostu \u00e7oklu \u00e7al\u0131\u015fma masas\u0131 sistemleri se\u00e7erken dikkat edilmesi gereken sertifikalar:<\/p>\n\n\n\n<ul class=\"wp-block-list\">\n<li>GREENGUARD Gold (i\u00e7 hava kalitesi)<\/li>\n\n\n\n<li>BIFMA level\u00ae (s\u00fcrd\u00fcr\u00fclebilir mobilya standard\u0131)<\/li>\n\n\n\n<li>Cradle to Cradle (C2C) sertifikas\u0131<\/li>\n\n\n\n<li>EU Ecolabel veya di\u011fer b\u00f6lgesel \u00e7evre sertifikalar\u0131<\/li>\n<\/ul>\n\n\n\n<h2 class=\"wp-block-heading\">D\u00f6ng\u00fcsel Ekonomi Yakla\u015f\u0131m\u0131<\/h2>\n\n\n\n<p>S\u00fcrd\u00fcr\u00fclebilir bir ofis i\u00e7in d\u00f6ng\u00fcsel ekonomi prensiplerini benimseyen \u00e7\u00f6z\u00fcmler:<\/p>\n\n\n\n<ul class=\"wp-block-list\">\n<li>Kullan\u0131m \u00f6mr\u00fc sonunda geri d\u00f6n\u00fc\u015ft\u00fcr\u00fclebilir materyaller<\/li>\n\n\n\n<li>Yeniden kullan\u0131labilen veya yenilenebilen bile\u015fenler<\/li>\n\n\n\n<li>Mod\u00fcler tasar\u0131m sayesinde k\u0131smi yenileme imkan\u0131<\/li>\n\n\n\n<li>\u00dcreticiden kiralama veya geri alma programlar\u0131<\/li>\n<\/ul>\n\n\n\n<h2 class=\"wp-block-heading\">Estetik ve Kurumsal Kimlik<\/h2>\n\n\n\n<p>\u00c7oklu \u00e7al\u0131\u015fma masas\u0131 sistemleri, fonksiyonelli\u011fin yan\u0131 s\u0131ra \u015firketin kurumsal kimli\u011fini ve de\u011ferlerini de yans\u0131tmal\u0131d\u0131r:<\/p>\n\n\n\n<h2 class=\"wp-block-heading\">Renk ve Doku<\/h2>\n\n\n\n<ul class=\"wp-block-list\">\n<li>Kurumsal renkleri yans\u0131tan veya tamamlayan renk se\u00e7imleri<\/li>\n\n\n\n<li>\u00c7al\u0131\u015fma verimlili\u011fini art\u0131racak renk psikolojisi uygulamalar\u0131 (mavi: konsantrasyon, ye\u015fil: yarat\u0131c\u0131l\u0131k gibi)<\/li>\n\n\n\n<li>Do\u011fal dokular ve materyallerle s\u0131cak bir atmosfer yaratma<\/li>\n\n\n\n<li>Farkl\u0131 departmanlar i\u00e7in renk kodlamas\u0131 kullan\u0131m\u0131<\/li>\n<\/ul>\n\n\n\n<h2 class=\"wp-block-heading\">Biophilic Tasar\u0131m Entegrasyonu<\/h2>\n\n\n\n<p>\u0130nsanlar\u0131n do\u011fa ile ba\u011flant\u0131 kurma i\u00e7g\u00fcd\u00fcs\u00fcnden yola \u00e7\u0131kan biophilic tasar\u0131m unsurlar\u0131:<\/p>\n\n\n\n<ul class=\"wp-block-list\">\n<li>Bitki entegrasyonu i\u00e7in \u00f6zel alanlar<\/li>\n\n\n\n<li>Do\u011fal malzemeler ve dokular<\/li>\n\n\n\n<li>Organik formlar ve desenler<\/li>\n\n\n\n<li>Do\u011fal \u0131\u015f\u0131k maksimizasyonu<\/li>\n<\/ul>\n\n\n\n<h2 class=\"wp-block-heading\">Marka Kimli\u011fi ve De\u011ferler<\/h2>\n\n\n\n<ul class=\"wp-block-list\">\n<li>Logo ve kurumsal sembollerin subtil entegrasyonu<\/li>\n\n\n\n<li>\u015eirket k\u00fclt\u00fcr\u00fcn\u00fc yans\u0131tan tasar\u0131m elementleri<\/li>\n\n\n\n<li>Kurumsal de\u011ferleri sembolize eden malzeme ve renk se\u00e7imleri<\/li>\n\n\n\n<li>\u015eirket tarihini veya hikayesini anlatan detaylar<\/li>\n<\/ul>\n\n\n\n<h2 class=\"wp-block-heading\">Esneklik ve Gelecek Uyumlulu\u011fu<\/h2>\n\n\n\n<p>H\u0131zla de\u011fi\u015fen i\u015f d\u00fcnyas\u0131nda, \u00e7oklu \u00e7al\u0131\u015fma masas\u0131 sistemleri de adaptasyon yetene\u011fine sahip olmal\u0131d\u0131r:<\/p>\n\n\n\n<h2 class=\"wp-block-heading\">Mod\u00fclerlik ve \u00d6l\u00e7eklenebilirlik<\/h2>\n\n\n\n<ul class=\"wp-block-list\">\n<li>\u0130htiyaca g\u00f6re b\u00fcy\u00fct\u00fclebilen veya k\u00fc\u00e7\u00fclt\u00fclebilen sistemler<\/li>\n\n\n\n<li>Farkl\u0131 konfig\u00fcrasyonlara uyum sa\u011flayabilen mod\u00fcler par\u00e7alar<\/li>\n\n\n\n<li>Mevcut sistemlere eklenebilen ek bile\u015fenler<\/li>\n\n\n\n<li>Farkl\u0131 mekanlara kolayca ta\u015f\u0131nabilen ve yeniden kurulabilen \u00e7\u00f6z\u00fcmler<\/li>\n<\/ul>\n\n\n\n<h2 class=\"wp-block-heading\">Teknolojik Geli\u015fmelere Uyumluluk<\/h2>\n\n\n\n<ul class=\"wp-block-list\">\n<li>Gelecekteki teknolojik de\u011fi\u015fimlere adapte olabilecek esnek altyap\u0131<\/li>\n\n\n\n<li>Kolayca g\u00fcncellenebilen ba\u011flant\u0131 ve \u015farj sistemleri<\/li>\n\n\n\n<li>Yeni ekipmanlar\u0131n entegrasyonuna imkan veren montaj \u00e7\u00f6z\u00fcmleri<\/li>\n\n\n\n<li>Yaz\u0131l\u0131m g\u00fcncellemeleri ile yeni \u00f6zellikler kazanabilen ak\u0131ll\u0131 sistemler<\/li>\n<\/ul>\n\n\n\n<h2 class=\"wp-block-heading\">De\u011fi\u015fen \u00c7al\u0131\u015fma Modellerine Adaptasyon<\/h2>\n\n\n\n<ul class=\"wp-block-list\">\n<li>Masa\u00fcst\u00fc payla\u015f\u0131m\u0131 (hot-desking) ve esnek \u00e7al\u0131\u015fma d\u00fczenlerine uygunluk<\/li>\n\n\n\n<li>H\u0131zla de\u011fi\u015fen ekip yap\u0131lar\u0131na adapte olabilen d\u00fczenlemeler<\/li>\n\n\n\n<li>Ge\u00e7ici \u00e7al\u0131\u015fanlar veya dan\u0131\u015fmanlar i\u00e7in esnek \u00e7\u00f6z\u00fcmler<\/li>\n\n\n\n<li>Hibrit \u00e7al\u0131\u015fma modellerine uyum sa\u011flayan sistemler<\/li>\n<\/ul>\n\n\n\n<h2 class=\"wp-block-heading\">Maliyet Analizi ve Yat\u0131r\u0131m Getirisi<\/h2>\n\n\n\n<p>\u00c7oklu \u00e7al\u0131\u015fma masas\u0131 sistemleri, \u00f6nemli bir yat\u0131r\u0131m gerektirdi\u011finden, maliyet ve fayda analizi yap\u0131lmal\u0131d\u0131r:<\/p>\n\n\n\n<h2 class=\"wp-block-heading\">Ba\u015flang\u0131\u00e7 Maliyeti vs. Ya\u015fam D\u00f6ng\u00fcs\u00fc Maliyeti<\/h2>\n\n\n\n<ul class=\"wp-block-list\">\n<li>Sat\u0131n alma maliyetinin yan\u0131 s\u0131ra bak\u0131m, yenileme ve kullan\u0131m \u00f6mr\u00fc sonundaki imha maliyetleri<\/li>\n\n\n\n<li>Daha y\u00fcksek kaliteli sistemlerin uzun vadede sa\u011flad\u0131\u011f\u0131 tasarruf<\/li>\n\n\n\n<li>Enerji verimlili\u011fi ve bak\u0131m kolayl\u0131\u011f\u0131n\u0131n sa\u011flad\u0131\u011f\u0131 maliyet avantajlar\u0131<\/li>\n\n\n\n<li>Vergi indirimleri ve s\u00fcrd\u00fcr\u00fclebilirlik te\u015fvikleri<\/li>\n<\/ul>\n\n\n\n<h2 class=\"wp-block-heading\">Verimlilik ve \u0130\u015fg\u00fcc\u00fc Tasarrufu<\/h2>\n\n\n\n<ul class=\"wp-block-list\">\n<li>Ergonomik \u00e7al\u0131\u015fma istasyonlar\u0131n\u0131n sa\u011fl\u0131k sorunlar\u0131n\u0131 ve i\u015fe devams\u0131zl\u0131\u011f\u0131 azaltmas\u0131<\/li>\n\n\n\n<li>\u0130\u015fbirli\u011fini art\u0131ran d\u00fczenlemelerin proje tamamlama s\u00fcrelerini k\u0131saltmas\u0131<\/li>\n\n\n\n<li>Teknoloji entegrasyonu sayesinde zaman tasarrufu<\/li>\n\n\n\n<li>\u00c7al\u0131\u015fan memnuniyeti ve bunun personel de\u011fi\u015fim oran\u0131na etkisi<\/li>\n<\/ul>\n\n\n\n<h2 class=\"wp-block-heading\">Alan Optimizasyonu<\/h2>\n\n\n\n<ul class=\"wp-block-list\">\n<li>Metrekare ba\u015f\u0131na d\u00fc\u015fen \u00e7al\u0131\u015fan say\u0131s\u0131n\u0131n artmas\u0131<\/li>\n\n\n\n<li>Esnek d\u00fczenlemeler sayesinde ek alan kiralama ihtiyac\u0131n\u0131n azalmas\u0131<\/li>\n\n\n\n<li>\u00c7ok ama\u00e7l\u0131 kullan\u0131m sayesinde toplant\u0131 odas\u0131 gibi \u00f6zel alanlar\u0131n daha verimli kullan\u0131m\u0131<\/li>\n\n\n\n<li>Depolama ihtiya\u00e7lar\u0131n\u0131n azalt\u0131lmas\u0131<\/li>\n<\/ul>\n\n\n\n<h2 class=\"wp-block-heading\">Se\u00e7im ve Uygulama S\u00fcreci<\/h2>\n\n\n\n<p>\u00c7oklu \u00e7al\u0131\u015fma masas\u0131 sistemleri se\u00e7erken izlenmesi gereken ad\u0131mlar:<\/p>\n\n\n\n<h2 class=\"wp-block-heading\">\u0130htiya\u00e7 Analizi<\/h2>\n\n\n\n<ul class=\"wp-block-list\">\n<li>\u00c7al\u0131\u015fanlar\u0131n g\u00f6rev ve sorumluluklar\u0131<\/li>\n\n\n\n<li>Departmanlar aras\u0131 etkile\u015fim haritas\u0131<\/li>\n\n\n\n<li>Mevcut ofis d\u00fczeninin g\u00fc\u00e7l\u00fc ve zay\u0131f y\u00f6nleri<\/li>\n\n\n\n<li>\u00c7al\u0131\u015fan tercihleri ve beklentileri (anket veya odak grup \u00e7al\u0131\u015fmalar\u0131yla)<\/li>\n<\/ul>\n\n\n\n<h2 class=\"wp-block-heading\">Tedarik\u00e7i Se\u00e7imi ve De\u011ferlendirme<\/h2>\n\n\n\n<ul class=\"wp-block-list\">\n<li>\u00dcreticinin deneyimi ve uzmanl\u0131\u011f\u0131<\/li>\n\n\n\n<li>\u00dcr\u00fcn kalitesi ve garanti ko\u015fullar\u0131<\/li>\n\n\n\n<li>\u00d6zelle\u015ftirme se\u00e7enekleri ve esneklik<\/li>\n\n\n\n<li>Servis a\u011f\u0131 ve yedek par\u00e7a temin kolayl\u0131\u011f\u0131<\/li>\n<\/ul>\n\n\n\n<h2 class=\"wp-block-heading\">Pilot Uygulama<\/h2>\n\n\n\n<ul class=\"wp-block-list\">\n<li>Se\u00e7ilen sistemin k\u00fc\u00e7\u00fck bir alanda test edilmesi<\/li>\n\n\n\n<li>\u00c7al\u0131\u015fan geri bildirimleri ve kullan\u0131m al\u0131\u015fkanl\u0131klar\u0131n\u0131n g\u00f6zlenmesi<\/li>\n\n\n\n<li>Gerekli ayarlamalar\u0131n ve de\u011fi\u015fikliklerin belirlenmesi<\/li>\n\n\n\n<li>Tam \u00f6l\u00e7ekli uygulama i\u00e7in b\u00fct\u00e7e ve zaman planlamas\u0131<\/li>\n<\/ul>\n\n\n\n<h2 class=\"wp-block-heading\">Uygulama ve De\u011ferlendirme<\/h2>\n\n\n\n<ul class=\"wp-block-list\">\n<li>A\u015famal\u0131 uygulama stratejisi<\/li>\n\n\n\n<li>\u00c7al\u0131\u015fanlar\u0131n yeni sisteme adaptasyonu i\u00e7in e\u011fitim ve bilgilendirme<\/li>\n\n\n\n<li>S\u00fcrekli geri bildirim mekanizmas\u0131<\/li>\n\n\n\n<li>Periyodik de\u011ferlendirme ve gerekti\u011finde iyile\u015ftirmeler<\/li>\n<\/ul>\n\n\n\n<h2 class=\"wp-block-heading\">Sonu\u00e7: Gelece\u011fin \u00c7al\u0131\u015fma Alanlar\u0131 \u0130\u00e7in Do\u011fru Se\u00e7im<\/h2>\n\n\n\n<p>\u00c7oklu \u00e7al\u0131\u015fma masas\u0131 sistemleri, modern ofislerin temel yap\u0131 ta\u015flar\u0131ndan biridir ve do\u011fru se\u00e7ildi\u011finde \u00e7al\u0131\u015fan verimlili\u011fini, i\u015fbirli\u011fini ve genel memnuniyeti \u00f6nemli \u00f6l\u00e7\u00fcde art\u0131rabilir. Bu sistemleri se\u00e7erken, ergonomi, teknoloji entegrasyonu, esneklik, s\u00fcrd\u00fcr\u00fclebilirlik ve maliyet fakt\u00f6rlerinin t\u00fcm\u00fcn\u00fc g\u00f6z \u00f6n\u00fcnde bulundurmak esast\u0131r.<\/p>\n\n\n\n<p>\u0130\u015f d\u00fcnyas\u0131ndaki h\u0131zl\u0131 de\u011fi\u015fimler ve yeni \u00e7al\u0131\u015fma modelleri, ofis mobilyalar\u0131n\u0131n da s\u00fcrekli evrim ge\u00e7irmesini gerektirmektedir. Bu nedenle, \u00e7oklu \u00e7al\u0131\u015fma masas\u0131 sistemleri se\u00e7erken, sadece bug\u00fcn\u00fcn de\u011fil, gelece\u011fin ihtiya\u00e7lar\u0131n\u0131 da \u00f6ng\u00f6rebilen bir yakla\u015f\u0131m benimsemek b\u00fcy\u00fck \u00f6nem ta\u015f\u0131r.<\/p>\n\n\n\n<p>Kuansofis olarak, her \u015firketin benzersiz ihtiya\u00e7lar\u0131na ve kurumsal k\u00fclt\u00fcr\u00fcne uygun, ergonomik, teknolojik ve estetik \u00e7oklu \u00e7al\u0131\u015fma masas\u0131 sistemleri sunuyoruz. Uzman tasar\u0131m ekibimiz, ofis alan\u0131n\u0131z\u0131n potansiyelini maksimize edecek, \u00e7al\u0131\u015fanlar\u0131n\u0131z\u0131n verimlili\u011fini ve memnuniyetini art\u0131racak \u00e7\u00f6z\u00fcmler geli\u015ftirmek i\u00e7in yan\u0131n\u0131zda.<\/p>\n\n\n\n<p>May\u0131s ay\u0131na \u00f6zel kampanyam\u0131z kapsam\u0131nda, \u00e7oklu \u00e7al\u0131\u015fma masas\u0131 sipari\u015flerinizde \u00fccretsiz yerle\u015fim plan\u0131 ve 3D g\u00f6rselle\u015ftirme hizmetimizden yararlanabilirsiniz. Detayl\u0131 bilgi i\u00e7in web sitemizi ziyaret edin veya showroom&#8217;umuza gelerek \u00fcr\u00fcnlerimizi yak\u0131ndan inceleyin.<\/p>","protected":false},"excerpt":{"rendered":"<p>Pellentesque feugiat, sem id interdum molestie, libero nibh imperdiet velit, sodales elementum enim sem sed lectus. Vivamus viverra diam congue tristique pellentesque. Proin efficitur est vel lectus ultrices rhoncus eu ut lacus. In gravida leo at justo lobortis, vitae aliquet justo vehicula. Maecenas at facilisis ex. Curabitur cursus, ex id efficitur ultrices, sapien mauris sodales<\/p>","protected":false},"author":10,"featured_media":28572,"comment_status":"closed","ping_status":"closed","sticky":false,"template":"","format":"standard","meta":{"_monsterinsights_skip_tracking":false,"_monsterinsights_sitenote_active":false,"_monsterinsights_sitenote_note":"","_monsterinsights_sitenote_category":0,"footnotes":""},"categories":[404,406,408],"tags":[],"class_list":["post-28569","post","type-post","status-publish","format-standard","has-post-thumbnail","hentry","category-is-dunyasi","category-ofis-dekorasyonu","category-ofis-mobilyalari"],"_links":{"self":[{"href":"https:\/\/kuansofis.com\/en\/wp-json\/wp\/v2\/posts\/28569","targetHints":{"allow":["GET"]}}],"collection":[{"href":"https:\/\/kuansofis.com\/en\/wp-json\/wp\/v2\/posts"}],"about":[{"href":"https:\/\/kuansofis.com\/en\/wp-json\/wp\/v2\/types\/post"}],"author":[{"embeddable":true,"href":"https:\/\/kuansofis.com\/en\/wp-json\/wp\/v2\/users\/10"}],"replies":[{"embeddable":true,"href":"https:\/\/kuansofis.com\/en\/wp-json\/wp\/v2\/comments?post=28569"}],"version-history":[{"count":1,"href":"https:\/\/kuansofis.com\/en\/wp-json\/wp\/v2\/posts\/28569\/revisions"}],"predecessor-version":[{"id":137819,"href":"https:\/\/kuansofis.com\/en\/wp-json\/wp\/v2\/posts\/28569\/revisions\/137819"}],"wp:featuredmedia":[{"embeddable":true,"href":"https:\/\/kuansofis.com\/en\/wp-json\/wp\/v2\/media\/28572"}],"wp:attachment":[{"href":"https:\/\/kuansofis.com\/en\/wp-json\/wp\/v2\/media?parent=28569"}],"wp:term":[{"taxonomy":"category","embeddable":true,"href":"https:\/\/kuansofis.com\/en\/wp-json\/wp\/v2\/categories?post=28569"},{"taxonomy":"post_tag","embeddable":true,"href":"https:\/\/kuansofis.com\/en\/wp-json\/wp\/v2\/tags?post=28569"}],"curies":[{"name":"wp","href":"https:\/\/api.w.org\/{rel}","templated":true}]}}