{"id":28564,"date":"2025-07-08T14:28:57","date_gmt":"2025-07-08T11:28:57","guid":{"rendered":"https:\/\/kuansofis.com\/?p=28564"},"modified":"2026-01-13T15:18:49","modified_gmt":"2026-01-13T12:18:49","slug":"calisma-alanlarini-donusturen-yenilikci-tasarimlar-coklu-calisma-masasi-sistemleri-ve-ofis-verimliligine-etkileri","status":"publish","type":"post","link":"https:\/\/kuansofis.com\/en\/calisma-alanlarini-donusturen-yenilikci-tasarimlar-coklu-calisma-masasi-sistemleri-ve-ofis-verimliligine-etkileri\/","title":{"rendered":"\u00c7al\u0131\u015fma Alanlar\u0131n\u0131 D\u00f6n\u00fc\u015ft\u00fcren Yenilik\u00e7i Tasar\u0131mlar: \u00c7oklu \u00c7al\u0131\u015fma Masas\u0131 Sistemleri ve Ofis Verimlili\u011fine Etkileri"},"content":{"rendered":"<p>Modern ofis ortamlar\u0131, h\u0131zla de\u011fi\u015fen i\u015f dinamiklerine uyum sa\u011flamak ve \u00e7al\u0131\u015fanlar\u0131n farkl\u0131la\u015fan ihtiya\u00e7lar\u0131n\u0131 kar\u015f\u0131lamak i\u00e7in s\u00fcrekli bir evrim ge\u00e7iriyor. Bu d\u00f6n\u00fc\u015f\u00fcm\u00fcn merkezinde yer alan \u00e7oklu \u00e7al\u0131\u015fma masas\u0131 sistemleri (workstation), \u015firketlerin alan kullan\u0131m\u0131n\u0131 optimize etmelerine, i\u015fbirli\u011fini g\u00fc\u00e7lendirmelerine ve \u00e7al\u0131\u015fan memnuniyetini art\u0131rmalar\u0131na olanak tan\u0131yan stratejik mobilya \u00e7\u00f6z\u00fcmleridir. K\u00fcresel Workplace Analytics&#8217;in ara\u015ft\u0131rmas\u0131na g\u00f6re, iyi tasarlanm\u0131\u015f \u00e7al\u0131\u015fma alanlar\u0131, \u00e7al\u0131\u015fan verimlili\u011fini %20&#8217;ye kadar art\u0131rabilirken, i\u015fe devams\u0131zl\u0131k oranlar\u0131n\u0131 %15 azaltabilir. Bu yaz\u0131m\u0131zda, \u00e7oklu \u00e7al\u0131\u015fma masas\u0131 sistemlerinin tasar\u0131m yakla\u015f\u0131mlar\u0131n\u0131, teknolojik entegrasyonunu, \u00e7al\u0131\u015fan sa\u011fl\u0131\u011f\u0131na etkilerini ve se\u00e7im kriterlerini detayl\u0131ca inceleyece\u011fiz.<\/p>\n\n\n\n<h2 class=\"wp-block-heading\">\u00c7oklu \u00c7al\u0131\u015fma Masas\u0131 Sistemlerinin Evrimi<\/h2>\n\n\n\n<p>G\u00fcn\u00fcm\u00fcz\u00fcn modern workstation sistemlerini anlamak i\u00e7in, tarihsel geli\u015fimine g\u00f6z atmak faydal\u0131 olacakt\u0131r:<\/p>\n\n\n\n<h2 class=\"wp-block-heading\">Geleneksel D\u00fczenden A\u00e7\u0131k Plana<\/h2>\n\n\n\n<p>1960&#8217;lara kadar ofisler, genellikle kapal\u0131 bireysel odalar veya y\u00fcksek b\u00f6lmeli k\u00fcbi sistemlerden olu\u015fuyordu. Bu d\u00fczen, mahremiyet sa\u011flarken, ileti\u015fimi s\u0131n\u0131rl\u0131yor ve metrekare kullan\u0131m\u0131n\u0131 verimsiz hale getiriyordu.<\/p>\n\n\n\n<p>1990&#8217;lardan itibaren a\u00e7\u0131k plan ofis d\u00fczeni yayg\u0131nla\u015fmaya ba\u015flad\u0131. Bu yakla\u015f\u0131m, daha fazla i\u015fbirli\u011fi ve ileti\u015fimi te\u015fvik ediyor, hiyerar\u015fik bariyerleri azalt\u0131yor ve alan kullan\u0131m\u0131n\u0131 optimize ediyordu. Ancak, mahremiyet eksikli\u011fi, g\u00fcr\u00fclt\u00fc ve dikkat da\u011f\u0131t\u0131c\u0131 fakt\u00f6rler yeni sorunlar olarak ortaya \u00e7\u0131kt\u0131.<\/p>\n\n\n\n<h2 class=\"wp-block-heading\">G\u00fcn\u00fcm\u00fcz Yakla\u015f\u0131m\u0131: Aktivite Bazl\u0131 \u00c7al\u0131\u015fma<\/h2>\n\n\n\n<p>2010&#8217;lardan itibaren, aktivite bazl\u0131 \u00e7al\u0131\u015fma (Activity-Based Working &#8211; ABW) konsepti pop\u00fclerlik kazand\u0131. Bu yakla\u015f\u0131mda, farkl\u0131 i\u015f aktiviteleri i\u00e7in \u00f6zelle\u015ftirilmi\u015f alanlar tasarlan\u0131r:<\/p>\n\n\n\n<ul class=\"wp-block-list\">\n<li>Odaklanma Gerektiren \u0130\u015fler: Akustik izolasyonlu bireysel \u00e7al\u0131\u015fma alanlar\u0131<\/li>\n\n\n\n<li>\u0130\u015fbirli\u011fi ve Toplant\u0131lar: A\u00e7\u0131k ve etkile\u015fimli grup \u00e7al\u0131\u015fma alanlar\u0131<\/li>\n\n\n\n<li>Yarat\u0131c\u0131 Beyin F\u0131rt\u0131nas\u0131: \u0130lham verici ve esnek d\u00fczenlemeler<\/li>\n\n\n\n<li>Sosyal Etkile\u015fim: G\u00fcndelik sohbet ve network i\u00e7in rahat alanlar<\/li>\n\n\n\n<li>Dinlenme ve Yenilenme: K\u0131sa molalar i\u00e7in informal ortamlar<\/li>\n<\/ul>\n\n\n\n<p>Modern \u00e7oklu \u00e7al\u0131\u015fma masas\u0131 sistemleri, bu farkl\u0131 ihtiya\u00e7lar\u0131 kar\u015f\u0131layacak \u015fekilde tasarlan\u0131yor ve \u00e7al\u0131\u015fanlara g\u00f6revlerine g\u00f6re alan se\u00e7me \u00f6zg\u00fcrl\u00fc\u011f\u00fc sunuyor.<\/p>\n\n\n\n<h2 class=\"wp-block-heading\">Hibrit \u00c7al\u0131\u015fma Modeli ve Yeni \u0130htiya\u00e7lar<\/h2>\n\n\n\n<p>Pandemi sonras\u0131 d\u00f6nemde, uzaktan ve ofiste \u00e7al\u0131\u015fman\u0131n bir kar\u0131\u015f\u0131m\u0131 olan hibrit \u00e7al\u0131\u015fma modeli yayg\u0131nla\u015fmaya ba\u015flad\u0131. Bu model, \u00e7oklu \u00e7al\u0131\u015fma masas\u0131 sistemlerinin yeni gereksinimlere g\u00f6re evrimle\u015fmesini gerekli k\u0131ld\u0131:<\/p>\n\n\n\n<ul class=\"wp-block-list\">\n<li>Yar\u0131-kapal\u0131 bir \u00e7evre i\u00e7inde konumland\u0131r\u0131lm\u0131\u015f k\u00fc\u00e7\u00fck grup \u00e7al\u0131\u015fma alanlar\u0131<\/li>\n\n\n\n<li>D\u0131\u015f ortamdan akustik ve g\u00f6rsel izolasyon<\/li>\n\n\n\n<li>Grup i\u00e7i etkile\u015fimi maksimize eden yerle\u015fim<\/li>\n\n\n\n<li>Genellikle 4-8 ki\u015filik tak\u0131mlar i\u00e7in tasarlanm\u0131\u015f kompakt alanlar<\/li>\n<\/ul>\n\n\n\n<p>Bu sistem, odaklanma gerektiren ancak ayn\u0131 zamanda ekip i\u00e7i ileti\u015fimin de \u00f6nemli oldu\u011fu projeler i\u00e7in idealdir.<\/p>\n\n\n\n<h2 class=\"wp-block-heading\">Agile (\u00c7evik) \u00c7al\u0131\u015fma Sistemleri<\/h2>\n\n\n\n<p>S\u00fcrekli de\u011fi\u015fen proje gereksinimlerine h\u0131zla adapte olabilen yap\u0131:<\/p>\n\n\n\n<ul class=\"wp-block-list\">\n<li>Tamamen mod\u00fcler ve mobil bile\u015fenler<\/li>\n\n\n\n<li>Farkl\u0131 \u00e7al\u0131\u015fma senaryolar\u0131na g\u00f6re yeniden d\u00fczenlenebilen esnek yap\u0131<\/li>\n\n\n\n<li>Genellikle tekerlekli, katlanabilir veya kolay ta\u015f\u0131nabilir par\u00e7alar<\/li>\n\n\n\n<li>Hem bireysel hem grup \u00e7al\u0131\u015fmas\u0131na uyum sa\u011flayan versatil tasar\u0131m<\/li>\n<\/ul>\n\n\n\n<p>Yaz\u0131l\u0131m geli\u015ftirme, proje y\u00f6netimi ve inovasyon ekipleri i\u00e7in uygundur ve \u00e7evik metodolojileri fiziksel olarak destekler.<\/p>\n\n\n\n<h2 class=\"wp-block-heading\">Fonksiyonellik ve Ergonomi<\/h2>\n\n\n\n<p>Modern \u00e7oklu \u00e7al\u0131\u015fma masas\u0131 sistemlerinin en \u00f6nemli \u00f6zelliklerinden biri, fonksiyonel ve ergonomik tasar\u0131mlar\u0131d\u0131r:<\/p>\n\n\n\n<h2 class=\"wp-block-heading\">\u00c7al\u0131\u015fma Y\u00fczeyi \u00d6zellikleri<\/h2>\n\n\n\n<p>Verimli bir \u00e7al\u0131\u015fma deneyimi i\u00e7in y\u00fczey tasar\u0131m\u0131 kriterleri:<\/p>\n\n\n\n<ul class=\"wp-block-list\">\n<li>Boyutlar: Ki\u015fi ba\u015f\u0131 minimum 120 cm geni\u015flik, 60-80 cm derinlik<\/li>\n\n\n\n<li>Y\u00fckseklik: Standart 72-76 cm veya y\u00fcksekli\u011fi ayarlanabilir sistemler<\/li>\n\n\n\n<li>Y\u00fczey Malzemesi: Dayan\u0131kl\u0131, kolay temizlenebilir ve mat (yans\u0131ma yapmayan) y\u00fczeyler<\/li>\n\n\n\n<li>Kenar Detaylar\u0131: Ergonomik, yuvarlat\u0131lm\u0131\u015f kenarlar ve bilek deste\u011fi imkan\u0131<\/li>\n<\/ul>\n\n\n\n<h2 class=\"wp-block-heading\">Ergonomik Fakt\u00f6rler<\/h2>\n\n\n\n<p>Sa\u011fl\u0131kl\u0131 ve konforlu \u00e7al\u0131\u015fma pozisyonu i\u00e7in \u00f6nemli unsurlar:<\/p>\n\n\n\n<ul class=\"wp-block-list\">\n<li>Do\u011fru Oturma Pozisyonu: Ayaklar\u0131n yere d\u00fcz basmas\u0131, dizlerin 90 derece a\u00e7\u0131yla durmas\u0131<\/li>\n\n\n\n<li>Monit\u00f6r Yerle\u015fimi: G\u00f6z hizas\u0131nda ve 50-70 cm uzakl\u0131kta konumland\u0131rma<\/li>\n\n\n\n<li>Eri\u015fim Mesafeleri: S\u0131k kullan\u0131lan ekipman ve malzemelere kolay eri\u015fim<\/li>\n\n\n\n<li>Hareket Serbestli\u011fi: Oturma pozisyonunu de\u011fi\u015ftirme ve kalkmak i\u00e7in yeterli alan<\/li>\n<\/ul>\n\n\n\n<h2 class=\"wp-block-heading\">Depolama ve Organizasyon<\/h2>\n\n\n\n<p>Da\u011f\u0131n\u0131kl\u0131\u011f\u0131 azaltan ve verimlili\u011fi art\u0131ran depolama \u00e7\u00f6z\u00fcmleri:<\/p>\n\n\n\n<ul class=\"wp-block-list\">\n<li>Ki\u015fisel \u00c7ekmeceler: Evraklar ve ki\u015fisel e\u015fyalar i\u00e7in kompakt \u00e7\u00f6z\u00fcmler<\/li>\n\n\n\n<li>Asma ve Mod\u00fcler Raflar: Masada alan kaplamayan depolama \u00fcniteleri<\/li>\n\n\n\n<li>Kablo Organizerleri: Teknolojik ekipmanlar\u0131n kablolar\u0131n\u0131 d\u00fczenleyen sistemler<\/li>\n\n\n\n<li>Dikey Depolama: S\u0131n\u0131rl\u0131 alanda maksimum depolama kapasitesi sa\u011flayan \u00e7\u00f6z\u00fcmler<\/li>\n<\/ul>\n\n\n\n<h2 class=\"wp-block-heading\">Akustik Konfor<\/h2>\n\n\n\n<p>A\u00e7\u0131k plan ofislerdeki en b\u00fcy\u00fck sorunlardan biri olan g\u00fcr\u00fclt\u00fc i\u00e7in \u00e7\u00f6z\u00fcmler:<\/p>\n\n\n\n<ul class=\"wp-block-list\">\n<li>Ses Emici Paneller: Masalar aras\u0131ndaki akustik paneller ve seperat\u00f6rler<\/li>\n\n\n\n<li>Yumu\u015fak Y\u00fczeyler: Ses yank\u0131lanmas\u0131n\u0131 azaltan malzeme se\u00e7imleri<\/li>\n\n\n\n<li>B\u00f6lge Ayr\u0131m\u0131: Sesli ve sessiz \u00e7al\u0131\u015fma alanlar\u0131n\u0131n stratejik ayr\u0131m\u0131<\/li>\n\n\n\n<li>Maskeleme Sistemleri: Arka plan sesi olu\u015fturarak konu\u015fma anla\u015f\u0131l\u0131rl\u0131\u011f\u0131n\u0131 azaltan sistemler<\/li>\n<\/ul>\n\n\n\n<h2 class=\"wp-block-heading\">Teknoloji Entegrasyonu<\/h2>\n\n\n\n<p>Modern \u00e7oklu \u00e7al\u0131\u015fma masas\u0131 sistemleri, g\u00fcn\u00fcm\u00fcz\u00fcn teknoloji odakl\u0131 i\u015f ak\u0131\u015flar\u0131n\u0131 destekleyecek \u015fekilde tasarlanmal\u0131d\u0131r:<\/p>\n\n\n\n<h2 class=\"wp-block-heading\">G\u00fc\u00e7 ve Veri Ba\u011flant\u0131lar\u0131<\/h2>\n\n\n\n<p>Dijital ekipmanlar i\u00e7in kesintisiz enerji ve internet eri\u015fimi:<\/p>\n\n\n\n<ul class=\"wp-block-list\">\n<li>Entegre Elektrik Prizleri: Masa \u00fcst\u00fc veya kenar\u0131na yerle\u015ftirilmi\u015f kolay eri\u015filebilir prizler<\/li>\n\n\n\n<li>USB ve USB-C Portlar\u0131: Mobil cihaz \u015farj\u0131 i\u00e7in h\u0131zl\u0131 ba\u011flant\u0131 noktalar\u0131<\/li>\n\n\n\n<li>Kablosuz \u015earj Y\u00fczeyleri: Uyumlu cihazlar i\u00e7in temass\u0131z \u015farj alanlar\u0131<\/li>\n\n\n\n<li>Veri Portlar\u0131: Y\u00fcksek h\u0131zl\u0131 internet eri\u015fimi i\u00e7in ethernet ba\u011flant\u0131lar\u0131<\/li>\n<\/ul>\n\n\n\n<h2 class=\"wp-block-heading\">Kablo Y\u00f6netim Sistemleri<\/h2>\n\n\n\n<p>Karma\u015f\u0131k kablo y\u0131\u011f\u0131nlar\u0131n\u0131 ortadan kald\u0131ran \u00e7\u00f6z\u00fcmler:<\/p>\n\n\n\n<ul class=\"wp-block-list\">\n<li>Yatay Kablo Kanallar\u0131: Masa alt\u0131 veya i\u00e7i sistemler<\/li>\n\n\n\n<li>Dikey Kablo Ta\u015f\u0131y\u0131c\u0131lar: Zeminden masa y\u00fczeyine kablo y\u00f6nlendirme<\/li>\n\n\n\n<li>Fi\u015fleme Noktalar\u0131: Ortak g\u00fc\u00e7 kayna\u011f\u0131 i\u00e7in merkezi ba\u011flant\u0131 sistemleri<\/li>\n\n\n\n<li>Kablosuz Teknolojiler: Kablo ihtiyac\u0131n\u0131 azaltan WiFi, Bluetooth ve NFC \u00e7\u00f6z\u00fcmleri<\/li>\n<\/ul>\n\n\n\n<h2 class=\"wp-block-heading\">Monit\u00f6r ve Aksesuar Montaj \u00c7\u00f6z\u00fcmleri<\/h2>\n\n\n\n<p>Ergonomik pozisyonu destekleyen ve alan tasarrufu sa\u011flayan sistemler:<\/p>\n\n\n\n<ul class=\"wp-block-list\">\n<li>Monit\u00f6r Kollar\u0131: Y\u00fckseklik, a\u00e7\u0131 ve derinlik ayar\u0131 yap\u0131labilen esnek sistemler<\/li>\n\n\n\n<li>VESA Montaj Noktalar\u0131: Standart monit\u00f6r ba\u011flant\u0131s\u0131 i\u00e7in haz\u0131r altyap\u0131<\/li>\n\n\n\n<li>CPU Ask\u0131lar\u0131: Bilgisayar kasalar\u0131n\u0131 masadan kald\u0131ran ask\u0131 sistemleri<\/li>\n\n\n\n<li>Tablet ve Telefon Standlar\u0131: Mobil cihazlar\u0131n optimal a\u00e7\u0131da durmas\u0131n\u0131 sa\u011flayan \u00e7\u00f6z\u00fcmler<\/li>\n<\/ul>\n\n\n\n<h2 class=\"wp-block-heading\">Ak\u0131ll\u0131 Ofis Entegrasyonu<\/h2>\n\n\n\n<p>\u00c7al\u0131\u015fma masas\u0131n\u0131 ak\u0131ll\u0131 ofis ekosistemine ba\u011flayan teknolojiler:<\/p>\n\n\n\n<ul class=\"wp-block-list\">\n<li>Rezervasyon Sistemleri: Hot-desking i\u00e7in masa rezervasyonu yap\u0131lmas\u0131n\u0131 sa\u011flayan teknolojiler<\/li>\n\n\n\n<li>Sens\u00f6r Teknolojisi: Masa kullan\u0131m\u0131, doluluk oran\u0131 ve \u00e7evresel ko\u015fullar\u0131 izleyen sistemler<\/li>\n\n\n\n<li>Ki\u015fiselle\u015ftirme: Kullan\u0131c\u0131 tercihlerine g\u00f6re ayd\u0131nlatma ve ergonomi ayarlar\u0131n\u0131 otomatik yapan ak\u0131ll\u0131 sistemler<\/li>\n\n\n\n<li>Veri Analizi: Mekan kullan\u0131m\u0131n\u0131 optimize etmek i\u00e7in veri toplayan ve analiz eden \u00e7\u00f6z\u00fcmler<\/li>\n<\/ul>\n\n\n\n<h2 class=\"wp-block-heading\">\u00c7al\u0131\u015fan Sa\u011fl\u0131\u011f\u0131 ve \u0130yilik Hali<\/h2>\n\n\n\n<p>\u00c7oklu \u00e7al\u0131\u015fma masas\u0131 sistemleri, \u00e7al\u0131\u015fanlar\u0131n fiziksel ve zihinsel sa\u011fl\u0131\u011f\u0131n\u0131 do\u011frudan etkileyebilir:<\/p>\n\n\n\n<h2 class=\"wp-block-heading\">Fiziksel Sa\u011fl\u0131k Fakt\u00f6rleri<\/h2>\n\n\n\n<p>Kas-iskelet sistemi rahats\u0131zl\u0131klar\u0131n\u0131 \u00f6nleyen ergonomik \u00f6zellikler:<\/p>\n\n\n\n<ul class=\"wp-block-list\">\n<li>Y\u00fcksekli\u011fi Ayarlanabilen Masalar: Oturarak ve ayakta \u00e7al\u0131\u015fma aras\u0131nda ge\u00e7i\u015f imkan\u0131<\/li>\n\n\n\n<li>Ergonomik Aksesuarlar: Bilek destekleri, footrest&#8217;ler ve monit\u00f6r y\u00fckseltme sistemleri<\/li>\n\n\n\n<li>Hareket Te\u015fviki: Ayakta toplant\u0131 alanlar\u0131 ve hareket gerektiren d\u00fczenlemeler<\/li>\n\n\n\n<li>Do\u011fru Post\u00fcr Deste\u011fi: Omurga sa\u011fl\u0131\u011f\u0131n\u0131 koruyan tasar\u0131m unsurlar\u0131<\/li>\n<\/ul>\n\n\n\n<h2 class=\"wp-block-heading\">Zihinsel Sa\u011fl\u0131k ve \u0130yilik Hali<\/h2>\n\n\n\n<p>Stres ve zihinsel yorgunlu\u011fu azaltan tasar\u0131m yakla\u015f\u0131mlar\u0131:<\/p>\n\n\n\n<ul class=\"wp-block-list\">\n<li>Biophilic Tasar\u0131m: Bitki entegrasyonu, do\u011fal malzemeler ve do\u011fa manzaras\u0131<\/li>\n\n\n\n<li>Ki\u015fiselle\u015ftirme \u0130mkan\u0131: \u00c7al\u0131\u015fma alan\u0131n\u0131 kendine \u00f6zg\u00fc hale getirme \u00f6zg\u00fcrl\u00fc\u011f\u00fc<\/li>\n\n\n\n<li>A\u015f\u0131r\u0131 Uyaran Kontrol\u00fc: G\u00f6rsel ve i\u015fitsel g\u00fcr\u00fclt\u00fcy\u00fc azaltan tasar\u0131m \u00e7\u00f6z\u00fcmleri<\/li>\n\n\n\n<li>Sosyal Etkile\u015fim Dengesi: \u0130zolasyon ve a\u015f\u0131r\u0131 sosyalle\u015fme aras\u0131nda denge kuran d\u00fczenlemeler<\/li>\n<\/ul>\n\n\n\n<h2 class=\"wp-block-heading\">\u0130\u00e7 Hava Kalitesi ve Ayd\u0131nlatma<\/h2>\n\n\n\n<p>\u00c7al\u0131\u015fma ortam\u0131n\u0131n fiziksel ko\u015fullar\u0131n\u0131 optimize eden fakt\u00f6rler:<\/p>\n\n\n\n<ul class=\"wp-block-list\">\n<li>D\u00fc\u015f\u00fck Emisyonlu Malzemeler: VOC ve di\u011fer zararl\u0131 kimyasallar\u0131 minimum d\u00fczeyde i\u00e7eren \u00fcr\u00fcnler<\/li>\n\n\n\n<li>Do\u011fal Ayd\u0131nlatma: G\u00fcn \u0131\u015f\u0131\u011f\u0131ndan maksimum faydalanmay\u0131 sa\u011flayan yerle\u015fim<\/li>\n\n\n\n<li>Ayarlanabilir Yapay Ayd\u0131nlatma: Farkl\u0131 g\u00f6revler i\u00e7in uygun \u0131\u015f\u0131k seviyesi kontrol\u00fc<\/li>\n\n\n\n<li>Havaland\u0131rma: Temiz hava sirk\u00fclasyonunu destekleyen a\u00e7\u0131k tasar\u0131m<\/li>\n<\/ul>\n\n\n\n<h2 class=\"wp-block-heading\">\u0130nkl\u00fczif Tasar\u0131m<\/h2>\n\n\n\n<p>Farkl\u0131 ihtiya\u00e7lara sahip t\u00fcm \u00e7al\u0131\u015fanlar i\u00e7in eri\u015filebilir \u00e7\u00f6z\u00fcmler:<\/p>\n\n\n\n<ul class=\"wp-block-list\">\n<li>Tekerlekli Sandalye Eri\u015fimi: Uygun y\u00fckseklik ve diz bo\u015flu\u011fu<\/li>\n\n\n\n<li>Farkl\u0131 V\u00fccut Tiplerine Uyum: \u00c7e\u015fitli boy ve kilolardaki \u00e7al\u0131\u015fanlar i\u00e7in ayarlanabilirlik<\/li>\n\n\n\n<li>G\u00f6rme ve \u0130\u015fitme Engellilere Uygunluk: Duyusal engelleri g\u00f6z \u00f6n\u00fcnde bulunduran tasar\u0131mlar<\/li>\n\n\n\n<li>N\u00f6ro\u00e7e\u015fitlilik Deste\u011fi: Farkl\u0131 bili\u015fsel \u00f6zelliklere sahip \u00e7al\u0131\u015fanlar i\u00e7in uygun ortamlar<\/li>\n<\/ul>\n\n\n\n<h2 class=\"wp-block-heading\">Mekansal Planlama ve Ofis Ak\u0131\u015f\u0131<\/h2>\n\n\n\n<p>\u00c7oklu \u00e7al\u0131\u015fma masas\u0131 sistemlerinin ofis i\u00e7indeki konumland\u0131r\u0131lmas\u0131 ve genel mekan planlamas\u0131yla ili\u015fkisi:<\/p>\n\n\n\n<h2 class=\"wp-block-heading\">Alan Verimlili\u011fi ve Yo\u011funluk<\/h2>\n\n\n\n<p>Optimal \u00e7al\u0131\u015fma alan\u0131 yo\u011funlu\u011fu i\u00e7in fakt\u00f6rler:<\/p>\n\n\n\n<ul class=\"wp-block-list\">\n<li>Ki\u015fi Ba\u015f\u0131 Alan: \u00c7al\u0131\u015fan ba\u015f\u0131na d\u00fc\u015fen metrekare (g\u00fcn\u00fcm\u00fcz standartlar\u0131nda 8-12 m\u00b2)<\/li>\n\n\n\n<li>Dola\u015f\u0131m Koridorlar\u0131: Ana koridorlar i\u00e7in 150 cm, ikincil ge\u00e7i\u015fler i\u00e7in 90-120 cm geni\u015flik<\/li>\n\n\n\n<li>Sosyal Mesafe Fakt\u00f6r\u00fc: Post-pandemi d\u00f6neminde artan ki\u015fisel alan ihtiyac\u0131<\/li>\n\n\n\n<li>Yo\u011funluk Dengesi: A\u015f\u0131r\u0131 kalabal\u0131k ve a\u015f\u0131r\u0131 bo\u015f alanlar aras\u0131nda optimal denge<\/li>\n<\/ul>\n\n\n\n<h2 class=\"wp-block-heading\">B\u00f6lge Planlamas\u0131<\/h2>\n\n\n\n<p>Farkl\u0131 \u00e7al\u0131\u015fma stillerini destekleyen b\u00f6lgesel d\u00fczenleme:<\/p>\n\n\n\n<ul class=\"wp-block-list\">\n<li>Sessiz B\u00f6lgeler: Derin odaklanma gerektiren g\u00f6revler i\u00e7in akustik izolasyonlu alanlar<\/li>\n\n\n\n<li>\u0130\u015fbirli\u011fi B\u00f6lgeleri: Tak\u0131m \u00e7al\u0131\u015fmas\u0131 ve etkile\u015fim i\u00e7in a\u00e7\u0131k ve esnek alanlar<\/li>\n\n\n\n<li>Sosyal Alanlar: Informal g\u00f6r\u00fc\u015fmeler ve molalar i\u00e7in rahat ortamlar<\/li>\n\n\n\n<li>Hibrit Toplant\u0131 Alanlar\u0131: Fiziksel ve sanal kat\u0131l\u0131mc\u0131lar\u0131 bir araya getiren mekanlar<\/li>\n<\/ul>\n\n\n\n<h2 class=\"wp-block-heading\">Trafik Ak\u0131\u015f\u0131 ve Eri\u015filebilirlik<\/h2>\n\n\n\n<p>Ofis i\u00e7indeki hareketi optimize eden yerle\u015fim stratejileri:<\/p>\n\n\n\n<ul class=\"wp-block-list\">\n<li>Sirk\u00fclasyon Plan\u0131: Ana ve ikincil dola\u015f\u0131m rotalar\u0131n\u0131n net tan\u0131mlanmas\u0131<\/li>\n\n\n\n<li>Eri\u015fim Hiyerar\u015fisi: S\u0131k kullan\u0131lan alanlara kolay eri\u015fim sa\u011flayan d\u00fczenleme<\/li>\n\n\n\n<li>Y\u00f6nlendirme ve \u0130\u015faretleme: \u0130ntuitive navigasyonu destekleyen sistem<\/li>\n\n\n\n<li>Acil Durum Tahliyesi: G\u00fcvenli ve h\u0131zl\u0131 tahliyeye imkan veren yerle\u015fim<\/li>\n<\/ul>\n\n\n\n<h2 class=\"wp-block-heading\">Esneklik ve Adaptasyon<\/h2>\n\n\n\n<p>De\u011fi\u015fen ihtiya\u00e7lara uyum sa\u011flayabilen mekan planlama yakla\u015f\u0131m\u0131:<\/p>\n\n\n\n<ul class=\"wp-block-list\">\n<li>Mod\u00fcler Duvar Sistemleri: Kolayca yeniden d\u00fczenlenebilen b\u00f6l\u00fcc\u00fcler<\/li>\n\n\n\n<li>Esnek Altyap\u0131: Elektrik, data ve havaland\u0131rma sistemlerinin yer de\u011fi\u015ftirebilmesi<\/li>\n\n\n\n<li>\u00c7ok Ama\u00e7l\u0131 Alanlar: Farkl\u0131 fonksiyonlar i\u00e7in d\u00f6n\u00fc\u015ft\u00fcr\u00fclebilen mekanlar<\/li>\n\n\n\n<li>B\u00fcy\u00fcme ve K\u00fc\u00e7\u00fclme Senaryolar\u0131: Ekip b\u00fcy\u00fckl\u00fc\u011f\u00fcndeki de\u011fi\u015fimlere uyum sa\u011flayabilen plan<\/li>\n<\/ul>\n\n\n\n<h2 class=\"wp-block-heading\">Kurumsal Kimlik ve Estetik<\/h2>\n\n\n\n<p>\u00c7oklu \u00e7al\u0131\u015fma masas\u0131 sistemleri, \u015firketin de\u011ferlerini ve kurumsal k\u00fclt\u00fcr\u00fcn\u00fc yans\u0131tan fiziksel bir platform olarak i\u015flev g\u00f6r\u00fcr:<\/p>\n\n\n\n<h2 class=\"wp-block-heading\">Marka Kimli\u011fi Entegrasyonu<\/h2>\n\n\n\n<p>Kurumsal kimli\u011fin \u00e7al\u0131\u015fma alanlar\u0131na yans\u0131t\u0131lmas\u0131:<\/p>\n\n\n\n<ul class=\"wp-block-list\">\n<li>Kurumsal Renkler: \u015eirket renk paletinin stratejik kullan\u0131m\u0131<\/li>\n\n\n\n<li>Logo ve G\u00f6rsel Elementler: Kurumsal sembollerin subtil entegrasyonu<\/li>\n\n\n\n<li>Malzeme Dili: \u015eirket de\u011ferlerini yans\u0131tan malzeme se\u00e7imleri (\u00f6r. s\u00fcrd\u00fcr\u00fclebilirlik vurgusu i\u00e7in do\u011fal malzemeler)<\/li>\n\n\n\n<li>\u0130leti\u015fim Mesajlar\u0131: \u015eirket misyon ve vizyonunu destekleyen tasar\u0131m detaylar\u0131<\/li>\n<\/ul>\n\n\n\n<h2 class=\"wp-block-heading\">Estetik Yakla\u015f\u0131mlar<\/h2>\n\n\n\n<p>Farkl\u0131 sekt\u00f6rler ve kurum k\u00fclt\u00fcrlerine uygun tasar\u0131m stilleri:<\/p>\n\n\n\n<ul class=\"wp-block-list\">\n<li>Minimalist ve Modern: Teknoloji \u015firketleri ve startuplar i\u00e7in temiz \u00e7izgiler ve yal\u0131n tasar\u0131m<\/li>\n\n\n\n<li>Klasik ve Geleneksel: Hukuk, finans gibi konservatif sekt\u00f6rler i\u00e7in prestij vurgulayan detaylar<\/li>\n\n\n\n<li>End\u00fcstriyel ve Ham: Yarat\u0131c\u0131 sekt\u00f6rler i\u00e7in eklektik ve do\u011fal g\u00f6r\u00fcn\u00fcm<\/li>\n\n\n\n<li>S\u0131cak ve Konforlu: \u0130nsan odakl\u0131 \u015firketler i\u00e7in ev konforunu and\u0131ran tasar\u0131mlar<\/li>\n<\/ul>\n\n\n\n<h2 class=\"wp-block-heading\">Ki\u015fiselle\u015ftirme ve Kimlik<\/h2>\n\n\n\n<p>Bireysel ve tak\u0131m kimli\u011fini destekleyen \u00f6zellikler:<\/p>\n\n\n\n<ul class=\"wp-block-list\">\n<li>Ki\u015fiselle\u015ftirme Alanlar\u0131: \u00c7al\u0131\u015fanlar\u0131n kendi stillerini yans\u0131tabilecekleri ki\u015fisel alanlar<\/li>\n\n\n\n<li>Tak\u0131m Kimli\u011fi: Departman veya proje ekiplerinin karakterini yans\u0131tan tasar\u0131m detaylar\u0131<\/li>\n\n\n\n<li>Ayarlanabilir Elementler: Kullan\u0131c\u0131lar\u0131n tercihlerine g\u00f6re de\u011fi\u015ftirebildi\u011fi \u00f6zellikler<\/li>\n\n\n\n<li>E\u015fit Ancak \u00d6zg\u00fcn: Standart uygulamayla ki\u015fisel ifade aras\u0131ndaki denge<\/li>\n<\/ul>\n\n\n\n<h2 class=\"wp-block-heading\">S\u00fcrd\u00fcr\u00fclebilirlik ve \u00c7evresel Sorumluluk<\/h2>\n\n\n\n<p>Modern ofis mobilyas\u0131 se\u00e7iminde s\u00fcrd\u00fcr\u00fclebilirlik kriterleri giderek daha fazla \u00f6nem kazan\u0131yor:<\/p>\n\n\n\n<h2 class=\"wp-block-heading\">\u00c7evresel Sertifikalar<\/h2>\n\n\n\n<p>\u00c7evresel etkileri azalt\u0131lm\u0131\u015f \u00fcr\u00fcnleri belirleyen standartlar:<\/p>\n\n\n\n<ul class=\"wp-block-list\">\n<li>GREENGUARD Gold: \u0130\u00e7 hava kalitesi standartlar\u0131n\u0131 kar\u015f\u0131layan \u00fcr\u00fcnler<\/li>\n\n\n\n<li>BIFMA level\u00ae: S\u00fcrd\u00fcr\u00fclebilir ofis mobilyas\u0131 sertifikasyonu<\/li>\n\n\n\n<li>FSC (Orman Y\u00f6netim Konseyi): Sorumlu orman y\u00f6netiminden elde edilen ah\u015faplar<\/li>\n\n\n\n<li>EPD (\u00c7evresel \u00dcr\u00fcn Beyanlar\u0131): \u00dcr\u00fcn\u00fcn ya\u015fam d\u00f6ng\u00fcs\u00fc analizini g\u00f6steren belgeler<\/li>\n<\/ul>\n\n\n\n<h2 class=\"wp-block-heading\">Malzeme Sa\u011fl\u0131\u011f\u0131<\/h2>\n\n\n\n<p>\u0130nsan sa\u011fl\u0131\u011f\u0131na ve \u00e7evreye zarars\u0131z malzeme se\u00e7imleri:<\/p>\n\n\n\n<ul class=\"wp-block-list\">\n<li>D\u00fc\u015f\u00fck VOC Emisyonu: U\u00e7ucu organik bile\u015fikleri minimum d\u00fczeyde i\u00e7eren \u00fcr\u00fcnler<\/li>\n\n\n\n<li>Formaldehit \u0130\u00e7ermeyen \u00dcr\u00fcnler: \u00d6zellikle ah\u015fap kompozitlerde \u00f6nemli bir kriter<\/li>\n\n\n\n<li>A\u011f\u0131r Metal \u0130\u00e7ermeyen Boyalar ve Kaplamalar: Kur\u015fun, civa gibi toksik elementlerden ar\u0131nd\u0131r\u0131lm\u0131\u015f \u00fcr\u00fcnler<\/li>\n\n\n\n<li>Antibakteriyel \u00d6zelliklere Sahip Y\u00fczeyler: Kimyasal katk\u0131 maddeleri yerine do\u011fal antibakteriyel malzemeler<\/li>\n<\/ul>\n\n\n\n<h2 class=\"wp-block-heading\">D\u00f6ng\u00fcsel Ekonomi Prensipleri<\/h2>\n\n\n\n<p>Kaynak kullan\u0131m\u0131n\u0131 ve at\u0131k olu\u015fumunu azaltan yakla\u015f\u0131mlar:<\/p>\n\n\n\n<ul class=\"wp-block-list\">\n<li>Geri D\u00f6n\u00fc\u015ft\u00fcr\u00fclm\u00fc\u015f \u0130\u00e7erik: Post-consumer veya pre-consumer geri d\u00f6n\u00fc\u015ft\u00fcr\u00fclm\u00fc\u015f malzemeler<\/li>\n\n\n\n<li>Kolay Demonte Edilebilirlik: Ya\u015fam sonu s\u00fcrecinde malzemelerin ayr\u0131\u015ft\u0131r\u0131labilmesi<\/li>\n\n\n\n<li>Yeniden Kullan\u0131labilirlik: Farkl\u0131 ama\u00e7lar i\u00e7in adapte edilebilen mod\u00fcler par\u00e7alar<\/li>\n\n\n\n<li>\u00dcretici Geri Al\u0131m Programlar\u0131: Kullan\u0131m \u00f6mr\u00fc sonunda \u00fcr\u00fcnlerin \u00fcretici taraf\u0131ndan de\u011ferlendirilmesi<\/li>\n<\/ul>\n\n\n\n<h2 class=\"wp-block-heading\">Yerel \u00dcretim ve Karbon Ayak \u0130zi<\/h2>\n\n\n\n<p>Nakliye ve \u00fcretim kaynakl\u0131 \u00e7evresel etkileri azaltan stratejiler:<\/p>\n\n\n\n<ul class=\"wp-block-list\">\n<li>Yerel Tedarik Zinciri: Yak\u0131n mesafelerden malzeme ve komponent temini<\/li>\n\n\n\n<li>Enerji Verimli \u00dcretim: Yenilenebilir enerji kullanan \u00fcretim tesisleri<\/li>\n\n\n\n<li>Optimize Edilmi\u015f Paketleme: Minimum malzeme kullan\u0131m\u0131 ve geri d\u00f6n\u00fc\u015ft\u00fcr\u00fclebilir paketleme<\/li>\n\n\n\n<li>Karbon Offsetting: Ka\u00e7\u0131n\u0131lmaz emisyonlar\u0131 dengelemek i\u00e7in karbon kredisi programlar\u0131<\/li>\n<\/ul>\n\n\n\n<h2 class=\"wp-block-heading\">Yat\u0131r\u0131m De\u011feri ve Se\u00e7im Kriterleri<\/h2>\n\n\n\n<p>\u00c7oklu \u00e7al\u0131\u015fma masas\u0131 sistemleri, ofis mobilyas\u0131 al\u0131mlar\u0131 i\u00e7inde genellikle en b\u00fcy\u00fck b\u00fct\u00e7e kalemini olu\u015fturur. Bu yat\u0131r\u0131m\u0131n optimizasyonu i\u00e7in dikkat edilmesi gereken fakt\u00f6rler:<\/p>\n\n\n\n<h2 class=\"wp-block-heading\">Toplam Sahip Olma Maliyeti<\/h2>\n\n\n\n<p>Sadece sat\u0131n alma fiyat\u0131 de\u011fil, t\u00fcm ya\u015fam d\u00f6ng\u00fcs\u00fc maliyetleri:<\/p>\n\n\n\n<ul class=\"wp-block-list\">\n<li>Ba\u015flang\u0131\u00e7 Yat\u0131r\u0131m\u0131: Sat\u0131n alma, nakliye ve kurulum maliyetleri<\/li>\n\n\n\n<li>\u0130\u015fletme Maliyetleri: Bak\u0131m, temizlik ve enerji t\u00fcketimi<\/li>\n\n\n\n<li>Y\u00fckseltme ve De\u011fi\u015fiklik Maliyetleri: Zaman i\u00e7inde gerekebilecek modifikasyonlar<\/li>\n\n\n\n<li>Ya\u015fam Sonu Maliyetleri: Demontaj, geri d\u00f6n\u00fc\u015f\u00fcm veya imha s\u00fcre\u00e7leri<\/li>\n<\/ul>\n\n\n\n<h2 class=\"wp-block-heading\">Dayan\u0131kl\u0131l\u0131k ve Garanti<\/h2>\n\n\n\n<p>Uzun vadeli yat\u0131r\u0131m g\u00fcvencesi sa\u011flayan fakt\u00f6rler:<\/p>\n\n\n\n<ul class=\"wp-block-list\">\n<li>Malzeme ve \u0130\u015f\u00e7ilik Kalitesi: Yo\u011fun kullan\u0131ma dayanacak sa\u011flaml\u0131k<\/li>\n\n\n\n<li>Garanti Ko\u015fullar\u0131: \u00dcreticinin sundu\u011fu garanti s\u00fcresi ve kapsam\u0131<\/li>\n\n\n\n<li>Yedek Par\u00e7a Temin Edilebilirli\u011fi: Uzun vadede yedek par\u00e7a bulunabilirli\u011fi<\/li>\n\n\n\n<li>Test Standartlar\u0131: BIFMA gibi end\u00fcstri standartlar\u0131na uygunluk testleri<\/li>\n<\/ul>\n\n\n\n<h2 class=\"wp-block-heading\">Esneklik ve Gelecek Uyumlulu\u011fu<\/h2>\n\n\n\n<p>De\u011fi\u015fen ihtiya\u00e7lara adapte olabilme yetene\u011fi:<\/p>\n\n\n\n<ul class=\"wp-block-list\">\n<li>Mod\u00fclerlik: Par\u00e7a ekleyerek veya \u00e7\u0131kararak yeniden konfig\u00fcre edilebilme<\/li>\n\n\n\n<li>Teknoloji Adaptasyonu: Gelecekteki teknolojik de\u011fi\u015fimlere uyum sa\u011flayabilme<\/li>\n\n\n\n<li>Evrensel Tasar\u0131m: Farkl\u0131 kullan\u0131c\u0131 profillerine uyum sa\u011flayabilme<\/li>\n\n\n\n<li>Stil Dayan\u0131kl\u0131l\u0131\u011f\u0131: Ge\u00e7ici trendlerden ziyade zamans\u0131z tasar\u0131m yakla\u015f\u0131m\u0131<\/li>\n<\/ul>\n\n\n\n<h2 class=\"wp-block-heading\">Tedarik\u00e7i Se\u00e7imi ve Hizmet Kalitesi<\/h2>\n\n\n\n<p>Sat\u0131n alma karar\u0131nda \u00fcr\u00fcn kadar \u00f6nemli olan fakt\u00f6rler:<\/p>\n\n\n\n<ul class=\"wp-block-list\">\n<li>\u00dcretici Referanslar\u0131 ve Ge\u00e7mi\u015f Projeleri: Benzer \u00f6l\u00e7ekteki ba\u015far\u0131l\u0131 uygulamalar<\/li>\n\n\n\n<li>Tasar\u0131m ve Planlama Deste\u011fi: Space planning ve 3D g\u00f6rselle\u015ftirme hizmetleri<\/li>\n\n\n\n<li>Kurulum ve After-sales Destek: Profesyonel montaj ve sat\u0131\u015f sonras\u0131 hizmetler<\/li>\n\n\n\n<li>Ki\u015fiselle\u015ftirme \u0130mkanlar\u0131: \u00d6zel ihtiya\u00e7lara g\u00f6re \u00fcr\u00fcn adaptasyonu yapabilme<\/li>\n<\/ul>\n\n\n\n<h2 class=\"wp-block-heading\">\u0130\u015f G\u00fcc\u00fcn\u00fcn Gelece\u011fi ve \u00c7al\u0131\u015fma Alanlar\u0131<\/h2>\n\n\n\n<p>Ofis tasar\u0131m\u0131 ve \u00e7oklu \u00e7al\u0131\u015fma masas\u0131 sistemleri, de\u011fi\u015fen \u00e7al\u0131\u015fma trendlerine uyum sa\u011flamal\u0131d\u0131r:<\/p>\n\n\n\n<h2 class=\"wp-block-heading\">Hibrit \u00c7al\u0131\u015fma Modeli<\/h2>\n\n\n\n<p>Ofis ve uzaktan \u00e7al\u0131\u015fman\u0131n dengeli kombinasyonu:<\/p>\n\n\n\n<ul class=\"wp-block-list\">\n<li>Esnek \u00c7al\u0131\u015fma \u0130stasyonlar\u0131: Sabit atanm\u0131\u015f masa yerine de\u011fi\u015fken kullan\u0131m<\/li>\n\n\n\n<li>Teknoloji Odakl\u0131 Tasar\u0131m: Dijital i\u015fbirli\u011fini destekleyen \u00f6zellikler<\/li>\n\n\n\n<li>\u0130\u015f-Ya\u015fam Entegrasyonu: Ev konforu ile ofis fonksiyonelli\u011fini birle\u015ftiren \u00e7\u00f6z\u00fcmler<\/li>\n\n\n\n<li>De\u011fi\u015fken Doluluk: Farkl\u0131 g\u00fcn ve saatlerdeki de\u011fi\u015fken ofis kullan\u0131m\u0131na adaptasyon<\/li>\n<\/ul>\n\n\n\n<h2 class=\"wp-block-heading\">Yeni Nesil \u0130\u015f G\u00fcc\u00fc Beklentileri<\/h2>\n\n\n\n<p>Z ku\u015fa\u011f\u0131 ve sonras\u0131n\u0131n ofis ortam\u0131ndan beklentileri:<\/p>\n\n\n\n<ul class=\"wp-block-list\">\n<li>Teknoloji Native Deneyim: Dijital teknolojilerle tam entegre \u00e7al\u0131\u015fma ortam\u0131<\/li>\n\n\n\n<li>De\u011fer Odakl\u0131 Mekanlar: S\u00fcrd\u00fcr\u00fclebilirlik ve sosyal sorumluluk yans\u0131tan tasar\u0131mlar<\/li>\n\n\n\n<li>E\u011flence ve Sosyalle\u015fme: \u0130\u015f ve sosyal ya\u015fam aras\u0131ndaki s\u0131n\u0131rlar\u0131n bulan\u0131kla\u015fmas\u0131<\/li>\n\n\n\n<li>Ki\u015fiselle\u015ftirme ve \u00d6zerklik: Kendi \u00e7al\u0131\u015fma stilini belirleme \u00f6zg\u00fcrl\u00fc\u011f\u00fc<\/li>\n<\/ul>\n\n\n\n<h2 class=\"wp-block-heading\">Yapay Zeka ve Otomasyon<\/h2>\n\n\n\n<p>Teknolojik geli\u015fmelerin \u00e7al\u0131\u015fma alanlar\u0131na etkisi:<\/p>\n\n\n\n<ul class=\"wp-block-list\">\n<li>Ak\u0131ll\u0131 \u00c7al\u0131\u015fma \u0130stasyonlar\u0131: Kullan\u0131c\u0131 davran\u0131\u015flar\u0131n\u0131 \u00f6\u011frenen ve optimize eden sistemler<\/li>\n\n\n\n<li>IoT Entegrasyonu: Sens\u00f6rlerle donat\u0131lm\u0131\u015f ve ba\u011flant\u0131l\u0131 ofis ekosistemi<\/li>\n\n\n\n<li>Veri Odakl\u0131 Mekan Optimizasyonu: Kullan\u0131m analitiklerine g\u00f6re \u015fekillenen alanlar<\/li>\n\n\n\n<li>\u0130nsan-Makine \u0130\u015fbirli\u011fi: Robot ve yapay zeka sistemleriyle ortak \u00e7al\u0131\u015fmaya uygun tasar\u0131mlar<\/li>\n<\/ul>\n\n\n\n<h2 class=\"wp-block-heading\">Demografik \u00c7e\u015fitlilik<\/h2>\n\n\n\n<p>Farkl\u0131 ku\u015fak ve k\u00fclt\u00fcrlerin bir arada \u00e7al\u0131\u015fmas\u0131n\u0131 destekleyen \u00e7\u00f6z\u00fcmler:<\/p>\n\n\n\n<ul class=\"wp-block-list\">\n<li>\u00c7oklu Nesil Uyumu: Farkl\u0131 ya\u015f gruplar\u0131n\u0131n ihtiya\u00e7lar\u0131na cevap veren tasar\u0131mlar<\/li>\n\n\n\n<li>K\u00fclt\u00fcrel \u00c7e\u015fitlilik: Farkl\u0131 \u00e7al\u0131\u015fma al\u0131\u015fkanl\u0131klar\u0131na sayg\u0131 g\u00f6steren esneklik<\/li>\n\n\n\n<li>\u0130nkl\u00fczif Tasar\u0131m: \u00c7e\u015fitli fiziksel ve bili\u015fsel \u00f6zelliklere sahip \u00e7al\u0131\u015fanlar i\u00e7in uygun ortamlar<\/li>\n\n\n\n<li>Bireyselle\u015ftirilmi\u015f Deneyim: Ki\u015fisel tercihlere g\u00f6re ayarlanabilen \u00e7al\u0131\u015fma ko\u015fullar\u0131<\/li>\n<\/ul>\n\n\n\n<h2 class=\"wp-block-heading\">Sonu\u00e7: Gelece\u011fin \u00c7al\u0131\u015fma Alanlar\u0131 \u0130\u00e7in Stratejik Yat\u0131r\u0131m<\/h2>\n\n\n\n<p>\u00c7oklu \u00e7al\u0131\u015fma masas\u0131 sistemleri, modern ofislerin omurgas\u0131n\u0131 olu\u015fturur ve \u015firketlerin verimlilik, i\u015fbirli\u011fi ve \u00e7al\u0131\u015fan memnuniyeti hedeflerine ula\u015fmalar\u0131nda kritik rol oynar. Bu sistemlerin se\u00e7imi, yaln\u0131zca mobilya al\u0131m\u0131 de\u011fil, \u015firketin \u00e7al\u0131\u015fma k\u00fclt\u00fcr\u00fcn\u00fc, operasyonel verimlili\u011fini ve gelece\u011fe haz\u0131rl\u0131\u011f\u0131n\u0131 \u015fekillendiren stratejik bir karard\u0131r.<\/p>\n\n\n\n<p>\u0130deal \u00e7oklu \u00e7al\u0131\u015fma masas\u0131 sistemi, ergonomik \u00f6zellikler ve kullan\u0131c\u0131 konforunu \u00f6n planda tutarken, teknolojik entegrasyon ve esneklik sunar, s\u00fcrd\u00fcr\u00fclebilirlik kriterlerini kar\u015f\u0131lar ve \u015firketin kurumsal de\u011ferlerini yans\u0131t\u0131r. Bu kriterleri dengeli bir \u015fekilde kar\u015f\u0131layan bir sistem, \u015firketlere uzun vadeli de\u011fer ve rekabet avantaj\u0131 sa\u011flar.<\/p>\n\n\n\n<p>Kuansofis olarak, de\u011fi\u015fen i\u015f dinamiklerine uyum sa\u011flayan, ergonomik, estetik ve s\u00fcrd\u00fcr\u00fclebilir \u00e7oklu \u00e7al\u0131\u015fma masas\u0131 sistemleri sunuyoruz. Her \u015firketin benzersiz ihtiya\u00e7lar\u0131n\u0131, kurumsal k\u00fclt\u00fcr\u00fcn\u00fc ve \u00e7al\u0131\u015fma \u015feklini analiz ederek, optimal \u00e7\u00f6z\u00fcmler geli\u015ftirmek i\u00e7in m\u00fc\u015fterilerimizle yak\u0131n i\u015fbirli\u011fi i\u00e7inde \u00e7al\u0131\u015f\u0131yoruz.<\/p>\n\n\n\n<p>May\u0131s ay\u0131na \u00f6zel kampanyam\u0131z kapsam\u0131nda, \u00e7oklu \u00e7al\u0131\u015fma masas\u0131 sipari\u015flerinizde \u00fccretsiz ofis analizi ve yerle\u015fim planlama hizmetimizden yararlanabilirsiniz. Gelece\u011fin \u00e7al\u0131\u015fma alanlar\u0131n\u0131 bug\u00fcnden tasarlamak ve rekabet avantaj\u0131 elde etmek i\u00e7in Kuansofis uzmanl\u0131\u011f\u0131ndan faydalan\u0131n.zamanl\u0131 Ofis Kullan\u0131m\u0131: Sabit atanm\u0131\u015f masalardan payla\u015f\u0131ml\u0131 hot-desking sistemlerine ge\u00e7i\u015f<\/p>\n\n\n\n<ul class=\"wp-block-list\">\n<li>Video Konferanslar\u0131n Art\u0131\u015f\u0131: Dijital ileti\u015fime uygun akustik ve g\u00f6rsel tasar\u0131mlar<\/li>\n\n\n\n<li>Esnek Doluluk: De\u011fi\u015fken ofis kullan\u0131m\u0131na uyum sa\u011flayabilen mod\u00fcler sistemler<\/li>\n\n\n\n<li>Temass\u0131z Teknolojiler: Hijyen kayg\u0131lar\u0131na y\u00f6nelik temass\u0131z \u00e7\u00f6z\u00fcmler<\/li>\n<\/ul>\n\n\n\n<h2 class=\"wp-block-heading\">\u00c7oklu \u00c7al\u0131\u015fma Masas\u0131 Tipleri ve Tasar\u0131m Yakla\u015f\u0131mlar\u0131<\/h2>\n\n\n\n<p>Modern ofislerde kullan\u0131lan farkl\u0131 \u00e7oklu \u00e7al\u0131\u015fma masas\u0131 tipleri ve bunlar\u0131n karakteristik \u00f6zellikleri:<\/p>\n\n\n\n<h2 class=\"wp-block-heading\">Linear (S\u0131ral\u0131) Workstation Sistemleri<\/h2>\n\n\n\n<p>En yayg\u0131n ve alan verimlili\u011fi en y\u00fcksek \u00e7oklu \u00e7al\u0131\u015fma masas\u0131 konfig\u00fcrasyonu:<\/p>\n\n\n\n<ul class=\"wp-block-list\">\n<li>D\u00fcz bir hat boyunca s\u0131ralanm\u0131\u015f bireysel \u00e7al\u0131\u015fma alanlar\u0131<\/li>\n\n\n\n<li>Kar\u015f\u0131l\u0131kl\u0131 veya yan yana dizilim se\u00e7enekleri<\/li>\n\n\n\n<li>Ki\u015fisel alan s\u0131n\u0131rlar\u0131n\u0131 belirleyen al\u00e7ak panel veya seperat\u00f6rler<\/li>\n\n\n\n<li>Ortak altyap\u0131 ve destek sistemleri kullan\u0131m\u0131<\/li>\n<\/ul>\n\n\n\n<p>Linear sistemler, rutin i\u015flemler yapan ekipler (muhasebe, m\u00fc\u015fteri hizmetleri vb.) i\u00e7in idealdir ve metrekare ba\u015f\u0131na maksimum \u00e7al\u0131\u015fan yerle\u015ftirmeye olanak tan\u0131r.<\/p>\n\n\n\n<h2 class=\"wp-block-heading\">Cluster (K\u00fcme) Workstation Sistemleri<\/h2>\n\n\n\n<p>\u0130\u015fbirli\u011fi ve tak\u0131m \u00e7al\u0131\u015fmas\u0131n\u0131 destekleyen konfig\u00fcrasyon:<\/p>\n\n\n\n<ul class=\"wp-block-list\">\n<li>Merkezi bir alan etraf\u0131nda konumland\u0131r\u0131lm\u0131\u015f 3-6 ki\u015filik \u00e7al\u0131\u015fma birimleri<\/li>\n\n\n\n<li>360 derece etkile\u015fim ve kolay g\u00f6z temas\u0131 imkan\u0131<\/li>\n\n\n\n<li>Ortak kullan\u0131m i\u00e7in merkezi depolama ve payla\u015f\u0131m alanlar\u0131<\/li>\n\n\n\n<li>Tak\u0131m i\u00e7i ileti\u015fimi kolayla\u015ft\u0131ran d\u00fc\u015f\u00fck bariyerler<\/li>\n<\/ul>\n\n\n\n<p>Proje bazl\u0131 \u00e7al\u0131\u015fan ekipler, tasar\u0131m departmanlar\u0131 ve AR-GE birimleri i\u00e7in ideal bir d\u00fczenlemedir.<\/p>\n\n\n\n<h2 class=\"wp-block-heading\">Bench (Tezgah) Tipi Sistemler<\/h2>\n\n\n\n<p>Minimalist, a\u00e7\u0131k ve esnek \u00e7al\u0131\u015fma d\u00fczeni:<\/p>\n\n\n\n<ul class=\"wp-block-list\">\n<li>Uzun, kesintisiz \u00e7al\u0131\u015fma y\u00fczeyleri<\/li>\n\n\n\n<li>Minimum ay\u0131r\u0131c\u0131 panel kullan\u0131m\u0131<\/li>\n\n\n\n<li>Basit ve sade tasar\u0131m dili<\/li>\n\n\n\n<li>Maksimum esneklik ve yeniden konfig\u00fcrasyon kolayl\u0131\u011f\u0131<\/li>\n<\/ul>\n\n\n\n<p>Yarat\u0131c\u0131 sekt\u00f6rler, startuplar ve gen\u00e7 ekipler i\u00e7in tercih edilen bu sistem, hiyerar\u015fik bariyerleri ortadan kald\u0131r\u0131r ve a\u00e7\u0131k ileti\u015fimi te\u015fvik eder.<\/p>","protected":false},"excerpt":{"rendered":"<p>Pellentesque feugiat, sem id interdum molestie, libero nibh imperdiet velit, sodales elementum enim sem sed lectus. Vivamus viverra diam congue tristique pellentesque. Proin efficitur est vel lectus ultrices rhoncus eu ut lacus. In gravida leo at justo lobortis, vitae aliquet justo vehicula. Maecenas at facilisis ex. Curabitur cursus, ex id efficitur ultrices, sapien mauris sodales<\/p>","protected":false},"author":10,"featured_media":28567,"comment_status":"closed","ping_status":"closed","sticky":false,"template":"","format":"standard","meta":{"_monsterinsights_skip_tracking":false,"_monsterinsights_sitenote_active":false,"_monsterinsights_sitenote_note":"","_monsterinsights_sitenote_category":0,"footnotes":""},"categories":[404,406,408],"tags":[],"class_list":["post-28564","post","type-post","status-publish","format-standard","has-post-thumbnail","hentry","category-is-dunyasi","category-ofis-dekorasyonu","category-ofis-mobilyalari"],"_links":{"self":[{"href":"https:\/\/kuansofis.com\/en\/wp-json\/wp\/v2\/posts\/28564","targetHints":{"allow":["GET"]}}],"collection":[{"href":"https:\/\/kuansofis.com\/en\/wp-json\/wp\/v2\/posts"}],"about":[{"href":"https:\/\/kuansofis.com\/en\/wp-json\/wp\/v2\/types\/post"}],"author":[{"embeddable":true,"href":"https:\/\/kuansofis.com\/en\/wp-json\/wp\/v2\/users\/10"}],"replies":[{"embeddable":true,"href":"https:\/\/kuansofis.com\/en\/wp-json\/wp\/v2\/comments?post=28564"}],"version-history":[{"count":1,"href":"https:\/\/kuansofis.com\/en\/wp-json\/wp\/v2\/posts\/28564\/revisions"}],"predecessor-version":[{"id":137820,"href":"https:\/\/kuansofis.com\/en\/wp-json\/wp\/v2\/posts\/28564\/revisions\/137820"}],"wp:featuredmedia":[{"embeddable":true,"href":"https:\/\/kuansofis.com\/en\/wp-json\/wp\/v2\/media\/28567"}],"wp:attachment":[{"href":"https:\/\/kuansofis.com\/en\/wp-json\/wp\/v2\/media?parent=28564"}],"wp:term":[{"taxonomy":"category","embeddable":true,"href":"https:\/\/kuansofis.com\/en\/wp-json\/wp\/v2\/categories?post=28564"},{"taxonomy":"post_tag","embeddable":true,"href":"https:\/\/kuansofis.com\/en\/wp-json\/wp\/v2\/tags?post=28564"}],"curies":[{"name":"wp","href":"https:\/\/api.w.org\/{rel}","templated":true}]}}