{"id":28555,"date":"2025-07-08T14:25:37","date_gmt":"2025-07-08T11:25:37","guid":{"rendered":"https:\/\/kuansofis.com\/?p=28555"},"modified":"2026-01-13T15:18:52","modified_gmt":"2026-01-13T12:18:52","slug":"kucuk-ofis-tasarimi-icin-kompakt-ve-cok-fonksiyonlu-mobilyalar","status":"publish","type":"post","link":"https:\/\/kuansofis.com\/en\/kucuk-ofis-tasarimi-icin-kompakt-ve-cok-fonksiyonlu-mobilyalar\/","title":{"rendered":"K\u00fc\u00e7\u00fck Ofis Tasar\u0131m\u0131 \u0130\u00e7in Kompakt ve \u00c7ok Fonksiyonlu Mobilyalar"},"content":{"rendered":"<h2 class=\"wp-block-heading\">K\u00fc\u00e7\u00fck Ofisler \u0130\u00e7in Do\u011fru Mobilya Se\u00e7imi<\/h2>\n\n\n\n<p>K\u00fc\u00e7\u00fck ofislerde mobilya se\u00e7imi, alan\u0131n verimli kullan\u0131m\u0131 i\u00e7in kritik bir \u00f6neme sahiptir. Do\u011fru mobilya se\u00e7iminde estetik unsurlar, i\u015flevsellik ve ergonomi birlikte de\u011ferlendirilmelidir. \u00d6zellikle \u00e7ok ama\u00e7l\u0131 mobilyalar, hem yer tasarrufu sa\u011flar hem de \u00e7al\u0131\u015fma ortam\u0131n\u0131 d\u00fczenli ve profesyonel bir hale getirir.<\/p>\n\n\n\n<h2 class=\"wp-block-heading\" id=\"mobilya-se\u00e7iminde-dikkat-edilmesi-gerekenler\">Mobilya Se\u00e7iminde Dikkat Edilmesi Gerekenler:<\/h2>\n\n\n\n<ul class=\"wp-block-list\">\n<li><strong>Fonksiyonellik:<\/strong>\u00a0Mobilyalar\u0131n birden fazla ama\u00e7 i\u00e7in kullan\u0131labilir olmas\u0131 temel unsurlardan biridir. \u00d6rne\u011fin, depolama alan\u0131 sunan yaz\u0131 masalar\u0131 veya katlanabilir toplant\u0131 masalar\u0131 tercih edilebilir.<\/li>\n\n\n\n<li><strong>Boyut:<\/strong>\u00a0K\u00fc\u00e7\u00fck alanlara uygun \u00f6l\u00e7\u00fclerde tasarlanm\u0131\u015f mobilyalar\u0131n se\u00e7ilmesi, alan\u0131n daha iyi y\u00f6netilmesine yard\u0131mc\u0131 olur.<\/li>\n\n\n\n<li><strong>Ergonomi:<\/strong>\u00a0Uzun s\u00fcre oturu\u015f gerektiren i\u015flerde, ergonomik sandalyelerin kullan\u0131m\u0131 konfor ve sa\u011fl\u0131k a\u00e7\u0131s\u0131ndan gereklidir.<\/li>\n\n\n\n<li><strong>Malzeme Kalitesi:<\/strong>\u00a0Dayan\u0131kl\u0131 malzemelerden yap\u0131lm\u0131\u015f mobilyalar, uzun vadede maliyet avantaj\u0131 sa\u011flar.<\/li>\n<\/ul>\n\n\n\n<p>Bu noktalar dikkate al\u0131narak olu\u015fturulan mobilya d\u00fczenlemeleri, k\u00fc\u00e7\u00fck ofislerde \u00e7al\u0131\u015fma alan\u0131n\u0131 optimize etme f\u0131rsat\u0131 tan\u0131r.<\/p>\n\n\n\n<h2 class=\"wp-block-heading\" id=\"fonksiyonel-tasar\u0131m\u0131n-\u00f6nemi\">Fonksiyonel Tasar\u0131m\u0131n \u00d6nemi<\/h2>\n\n\n\n<p>K\u00fc\u00e7\u00fck ofislerde alanlar\u0131n verimli kullan\u0131lmas\u0131 b\u00fcy\u00fck bir \u00f6nem ta\u015f\u0131maktad\u0131r. Fonksiyonel tasar\u0131m, mobilyalar\u0131n birden fazla amaca hizmet etmesini sa\u011flayarak hem estetik hem de pratik faydalar sunar. Bu yakla\u015f\u0131m, \u00e7al\u0131\u015fanlar\u0131n g\u00fcnl\u00fck ihtiya\u00e7lar\u0131n\u0131 kar\u015f\u0131lamak i\u00e7in tasarlanm\u0131\u015f \u00e7\u00f6z\u00fcmler yaratmay\u0131 hedefler.<\/p>\n\n\n\n<ul class=\"wp-block-list\">\n<li><strong>Alan Tasarrufu Sa\u011flar:<\/strong>\u00a0\u00c7al\u0131\u015fma masas\u0131 ve depolama birimini birle\u015ftirerek yerden tasarruf yapmaya olanak tan\u0131r.<\/li>\n\n\n\n<li><strong>\u00c7al\u0131\u015fma Verimlili\u011fini Art\u0131r\u0131r:<\/strong>\u00a0\u0130htiya\u00e7 duyulan e\u015fyalar kolayca ula\u015f\u0131labilir \u015fekilde tasarland\u0131\u011f\u0131nda i\u015f s\u00fcre\u00e7leri h\u0131zlan\u0131r.<\/li>\n\n\n\n<li><strong>Modern Bir G\u00f6r\u00fcn\u00fcm Sunar:<\/strong>\u00a0Fonksiyonel tasar\u0131mlar, esteti\u011fi koruyarak ofisin profesyonel havas\u0131n\u0131 art\u0131r\u0131r.<\/li>\n<\/ul>\n\n\n\n<p>Kullan\u0131c\u0131 odakl\u0131 bir tasar\u0131m anlay\u0131\u015f\u0131, k\u00fc\u00e7\u00fck alanlarda b\u00fcy\u00fck rahatl\u0131k sa\u011flaman\u0131n anahtar\u0131d\u0131r.<\/p>\n\n\n\n<h2 class=\"wp-block-heading\" id=\"mekan-kullan\u0131m\u0131n\u0131-maksimize-etmek-i\u0307\u00e7in-i\u0307pu\u00e7lar\u0131\">Mekan Kullan\u0131m\u0131n\u0131 Maksimize Etmek \u0130\u00e7in \u0130pu\u00e7lar\u0131<\/h2>\n\n\n\n<p>K\u00fc\u00e7\u00fck ofislerde etkili bir tasar\u0131m i\u00e7in her santimetreyi verimli kullanmak kritik \u00f6neme sahiptir. Mekan\u0131 daha i\u015flevsel hale getirmek i\u00e7in a\u015fa\u011f\u0131daki \u00f6neriler dikkate al\u0131nabilir:<\/p>\n\n\n\n<h2 class=\"wp-block-heading\" id=\"depolama-\u00e7\u00f6z\u00fcmleri\">Depolama \u00c7\u00f6z\u00fcmleri<\/h2>\n\n\n\n<ul class=\"wp-block-list\">\n<li><strong>Dikey alanlar\u0131 kullan\u0131n:<\/strong>\u00a0Raf sistemleri veya duvar montajl\u0131 dolaplar, dikey alanlardan faydalanmak i\u00e7in m\u00fckemmel \u00e7\u00f6z\u00fcmler sunar.<\/li>\n\n\n\n<li><strong>\u00c7ok ama\u00e7l\u0131 mobilyalar tercih edin:<\/strong>\u00a0\u00d6rne\u011fin, oturma alan\u0131 olarak kullan\u0131lan bir puf ayn\u0131 zamanda depolama alan\u0131 olabilir.<\/li>\n<\/ul>\n\n\n\n<h2 class=\"wp-block-heading\" id=\"mobilya-se\u00e7imi\">Mobilya Se\u00e7imi<\/h2>\n\n\n\n<ul class=\"wp-block-list\">\n<li><strong>Kompakt \u00e7al\u0131\u015fma masalar\u0131:<\/strong>\u00a0Katlanabilir veya duvara monte edilen masalar, yer tasarrufu sa\u011flar ve esneklik sunar.<\/li>\n\n\n\n<li><strong>Mod\u00fcler mobilyalar:<\/strong>\u00a0Farkl\u0131 i\u015flevlere sahip mod\u00fcler sistemler, ofisin ihtiya\u00e7lar\u0131na kolayca uyum sa\u011flar.<\/li>\n<\/ul>\n\n\n\n<h2 class=\"wp-block-heading\" id=\"alan-organizasyonu\">Alan Organizasyonu<\/h2>\n\n\n\n<ul class=\"wp-block-list\">\n<li><strong>Tekerlekli mobilyalar kullan\u0131n:<\/strong>\u00a0Hareket ettirilebilen mobilyalar, ofis d\u00fczenini h\u0131zl\u0131 ve kolay bir \u015fekilde de\u011fi\u015ftirmeye olanak tan\u0131r.<\/li>\n\n\n\n<li><strong>Minimal tasar\u0131mlar:<\/strong>\u00a0Fazla e\u015fya ve karma\u015fadan ka\u00e7\u0131n\u0131larak ferah bir atmosfer olu\u015fturulabilir.<\/li>\n<\/ul>\n\n\n\n<p>Bu stratejiler sayesinde k\u00fc\u00e7\u00fck ofislerde maksimum verimlilik hedeflenebilir.<\/p>\n\n\n\n<h2 class=\"wp-block-heading\" id=\"minimal-ve-\u015f\u0131k-\u00e7al\u0131\u015fma-masas\u0131-se\u00e7enekleri\">Minimal ve \u015e\u0131k \u00c7al\u0131\u015fma Masas\u0131 Se\u00e7enekleri<\/h2>\n\n\n\n<p>Minimalist ve \u015f\u0131k \u00e7al\u0131\u015fma masalar\u0131, k\u00fc\u00e7\u00fck ofis tasar\u0131m\u0131 i\u00e7in hem yer tasarrufu sa\u011flar hem de profesyonel bir estetik sunar. Bu masalar, kompakt yap\u0131lar\u0131yla alan\u0131 verimli kullan\u0131rken sade tasar\u0131mlar\u0131yla g\u00f6z yormaz. Ayr\u0131ca organize bir \u00e7al\u0131\u015fma ortam\u0131 olu\u015fturmak i\u00e7in idealdir.<\/p>\n\n\n\n<ul class=\"wp-block-list\">\n<li><strong>Katlanabilir Modeller<\/strong>: Kullan\u0131lmad\u0131\u011f\u0131nda kolayca kald\u0131r\u0131labilen bu modeller, dar alanlarda esneklik sunar.<\/li>\n\n\n\n<li><strong>\u00c7ekmeceli ve Rafl\u0131 Tasar\u0131mlar<\/strong>: Ekstra depolama alan\u0131 sa\u011flayarak ofis d\u00fczenini kolayla\u015ft\u0131r\u0131r.<\/li>\n\n\n\n<li><strong>Ayarlanabilir Y\u00fckseklik<\/strong>: Ergonomiye \u00f6nem verenler i\u00e7in birebirdir.<\/li>\n\n\n\n<li><strong>Do\u011fal Ah\u015fap Materyalleri<\/strong>: Modern ve s\u0131cak bir g\u00f6r\u00fcn\u00fcm sunar.<\/li>\n<\/ul>\n\n\n\n<p>\u00c7al\u0131\u015fma masas\u0131 se\u00e7erken hem i\u015flevsellik hem de ofis dekorasyonuyla uyum de\u011ferlendirilmelidir.<\/p>\n\n\n\n<h2 class=\"wp-block-heading\" id=\"\u00e7ok-ama\u00e7l\u0131-dolap-ve-depolama-\u00e7\u00f6z\u00fcmleri\">\u00c7ok Ama\u00e7l\u0131 Dolap ve Depolama \u00c7\u00f6z\u00fcmleri<\/h2>\n\n\n\n<p>Depolama, k\u00fc\u00e7\u00fck ofis tasar\u0131mlar\u0131nda verimlili\u011fi art\u0131rmak i\u00e7in kritik bir unsurdur. \u00c7ok ama\u00e7l\u0131 dolaplar, ofis alan\u0131n\u0131n maksimum \u015fekilde kullan\u0131lmas\u0131 a\u00e7\u0131s\u0131ndan pratik \u00e7\u00f6z\u00fcmler sunar. Bu dolaplar, evrak, k\u0131rtasiye malzemeleri ve teknoloji ekipmanlar\u0131n\u0131n d\u00fczenli bir \u015fekilde saklanmas\u0131n\u0131 sa\u011flar.<\/p>\n\n\n\n<ul class=\"wp-block-list\">\n<li><strong>Mod\u00fcler Dolap Sistemleri:<\/strong>\u00a0Masaya entegre edilebilen veya ta\u015f\u0131nabilir yap\u0131ya sahip bu \u00e7\u00f6z\u00fcmler, alan y\u00f6netiminde esneklik sunar.<\/li>\n\n\n\n<li><strong>Kayar Kapakl\u0131 Dolaplar:<\/strong>\u00a0Yer tasarrufu sa\u011flaman\u0131n yan\u0131 s\u0131ra modern bir estetik katar.<\/li>\n\n\n\n<li><strong>Kapakl\u0131 Raf \u00dcniteleri:<\/strong>\u00a0Hem estetik hem de fonksiyonel depolama alan\u0131 sunar.<\/li>\n<\/ul>\n\n\n\n<p>Bu t\u00fcr mobilyalar, ofis karma\u015fas\u0131n\u0131 azaltarak \u00e7al\u0131\u015fanlar\u0131n daha verimli ve odakl\u0131 olmalar\u0131na olanak tan\u0131r.<\/p>\n\n\n\n<h2 class=\"wp-block-heading\" id=\"katlanabilir-ve-hareketli-mobilyalar\u0131n-avantajlar\u0131\">Katlanabilir ve Hareketli Mobilyalar\u0131n Avantajlar\u0131<\/h2>\n\n\n\n<p>K\u00fc\u00e7\u00fck ofis tasar\u0131m\u0131nda katlanabilir ve hareketli mobilyalar, alan\u0131 verimli kullanma f\u0131rsat\u0131 sunar. Bu mobilyalar, gerekti\u011finde saklanarak veya yer de\u011fi\u015ftirerek kullan\u0131m gereksinimlerine uyum sa\u011flar. Katlanabilir \u00e7al\u0131\u015fma masalar\u0131, toplant\u0131 alan\u0131na d\u00f6n\u00fc\u015ft\u00fcr\u00fclebilir veya duvara monte edilerek yer kazand\u0131rabilir. Hareketli sandalyeler ise toplant\u0131lara h\u0131zl\u0131 ge\u00e7i\u015f imk\u00e2n\u0131 tan\u0131r.<\/p>\n\n\n\n<h2 class=\"wp-block-heading\" id=\"avantajlar\u0131\">Avantajlar\u0131:<\/h2>\n\n\n\n<ul class=\"wp-block-list\">\n<li><strong>Esneklik<\/strong>: Farkl\u0131 i\u015flevler i\u00e7in ayarlanabilir ve ta\u015f\u0131nabilir yap\u0131d\u0131r.<\/li>\n\n\n\n<li><strong>Yer Tasarrufu<\/strong>: Dar alanlarda daha fazla ergonomi sa\u011flar.<\/li>\n\n\n\n<li><strong>Estetik ve Kullan\u0131\u015fl\u0131l\u0131k<\/strong>: \u00c7e\u015fitli tasar\u0131m se\u00e7enekleriyle hem g\u00f6rsel hem de pratik avantajlar sunar.<\/li>\n<\/ul>\n\n\n\n<p>Bu mobilyalar, dinamik bir \u00e7al\u0131\u015fma ortam\u0131 yaratmada kritik rol oynar.<\/p>\n\n\n\n<h2 class=\"wp-block-heading\" id=\"ergonomik-tasar\u0131mlar\u0131n-sa\u011fl\u0131k-\u00fczerindeki-etkisi\">Ergonomik Tasar\u0131mlar\u0131n Sa\u011fl\u0131k \u00dczerindeki Etkisi<\/h2>\n\n\n\n<p>Ergonomik mobilyalar, kullan\u0131c\u0131n\u0131n fiziksel sa\u011fl\u0131\u011f\u0131n\u0131 desteklemek i\u00e7in tasarlanm\u0131\u015f \u00fcr\u00fcnlerdir. \u00d6zellikle k\u00fc\u00e7\u00fck ofislerde uzun saatler boyunca \u00e7al\u0131\u015fma ko\u015fullar\u0131, v\u00fccut duru\u015f bozukluklar\u0131, kas gerginlikleri ve kronik a\u011fr\u0131lara neden olabilir. Ergonomik tasar\u0131mlar bu sorunlar\u0131 \u00f6nlemek amac\u0131yla ideal oturma pozisyonlar\u0131n\u0131 te\u015fvik eder ve hareket \u00f6zg\u00fcrl\u00fc\u011f\u00fcn\u00fc art\u0131r\u0131r.<\/p>\n\n\n\n<ul class=\"wp-block-list\">\n<li><strong>Oyuncu Koltu\u011fu ve Sandalyeler:<\/strong>\u00a0S\u0131rt deste\u011fi, y\u00fckseklik ayar\u0131 ve bel destek \u00f6zellikleriyle post\u00fcr bozukluklar\u0131n\u0131 azaltmaya yard\u0131mc\u0131 olur.<\/li>\n\n\n\n<li><strong>Ayarlanabilir Masalar:<\/strong>\u00a0\u00c7al\u0131\u015fanlar\u0131n hem oturarak hem de ayakta g\u00fcvenli bir \u015fekilde \u00e7al\u0131\u015fmas\u0131na olanak tan\u0131r.<\/li>\n\n\n\n<li><strong>Klavye ve Fare Deste\u011fi:<\/strong>\u00a0El bileklerini ve \u00f6n kollar\u0131 rahat bir pozisyonda tutmak i\u00e7in tasarlanm\u0131\u015ft\u0131r.<\/li>\n<\/ul>\n\n\n\n<p>Bu t\u00fcr mobilyalar\u0131n kullan\u0131m\u0131, hem i\u015f verimlili\u011fini art\u0131rabilir hem de uzun vadede kas-iskelet sistemi rahats\u0131zl\u0131klar\u0131n\u0131n \u00f6n\u00fcne ge\u00e7ebilir. Profesyonel bir ortamda ergonomi, \u00e7al\u0131\u015fanlar\u0131n sa\u011fl\u0131k ve performans dengesi a\u00e7\u0131s\u0131ndan kritik bir rol oynar.<\/p>\n\n\n\n<h2 class=\"wp-block-heading\" id=\"mekan\u0131n-havas\u0131n\u0131-de\u011fi\u015ftiren-aksesuarlar-ve-k\u00fc\u00e7\u00fck-detaylar\">Mekan\u0131n Havas\u0131n\u0131 De\u011fi\u015ftiren Aksesuarlar ve K\u00fc\u00e7\u00fck Detaylar<\/h2>\n\n\n\n<p>Ofis tasar\u0131m\u0131nda aksesuarlar ve k\u00fc\u00e7\u00fck detaylar, alan\u0131n atmosferine b\u00fcy\u00fck katk\u0131 sa\u011flayarak daha davetk\u00e2r ve ki\u015fisel bir ortam olu\u015fturabilir.<\/p>\n\n\n\n<h2 class=\"wp-block-heading\" id=\"\u00f6nerilen-aksesuarlar\">\u00d6nerilen Aksesuarlar:<\/h2>\n\n\n\n<ul class=\"wp-block-list\">\n<li><strong>Bitkiler ve \u00c7i\u00e7ekler<\/strong>: Do\u011fall\u0131k ve ferahl\u0131k katarak odaklanmay\u0131 art\u0131r\u0131r.<\/li>\n\n\n\n<li><strong>Dekoratif Ayd\u0131nlatmalar<\/strong>: Estetik bir dokunu\u015f sa\u011flar, \u00e7al\u0131\u015fma ortam\u0131n\u0131 s\u0131cak hale getirir.<\/li>\n\n\n\n<li><strong>Duvar Sanatlar\u0131<\/strong>: \u0130lham verici tablolar veya foto\u011fraflar motivasyonu art\u0131r\u0131r.<\/li>\n\n\n\n<li><strong>Kalemlik ve Evrak D\u00fczenleyiciler<\/strong>: Pratik kullan\u0131m sunar ve d\u00fczen hissi yarat\u0131r.<\/li>\n<\/ul>\n\n\n\n<h2 class=\"wp-block-heading\" id=\"k\u00fc\u00e7\u00fck-detaylar\">K\u00fc\u00e7\u00fck Detaylar:<\/h2>\n\n\n\n<ul class=\"wp-block-list\">\n<li><strong>Minderler ve Battaniyeler<\/strong>: Rahatl\u0131k hissini g\u00fc\u00e7lendirir.<\/li>\n\n\n\n<li><strong>Ki\u015fisel E\u015fyalar<\/strong>: Favori kitaplar veya \u00f6zel objeler mekan\u0131n enerjisini ki\u015fiselle\u015ftirir.<\/li>\n<\/ul>\n\n\n\n<p>Bu detaylar, profesyonel g\u00f6r\u00fcn\u00fcm\u00fc koruyarak \u00e7al\u0131\u015fma alanlar\u0131n\u0131 ki\u015fiselle\u015ftirilmi\u015f bir deneyime d\u00f6n\u00fc\u015ft\u00fcr\u00fcyor.<\/p>\n\n\n\n<h2 class=\"wp-block-heading\" id=\"ayd\u0131nlatma-ve-renk-se\u00e7iminin-mobilyalarla-uyumu\">Ayd\u0131nlatma ve Renk Se\u00e7iminin Mobilyalarla Uyumu<\/h2>\n\n\n\n<p>K\u00fc\u00e7\u00fck ofislerde ayd\u0131nlatma, mekan\u0131n atmosferini ve i\u015f verimlili\u011fini etkileyen kritik bir fakt\u00f6rd\u00fcr. Do\u011fal \u0131\u015f\u0131\u011f\u0131n maksimum d\u00fczeyde kullan\u0131lmas\u0131na \u00f6ncelik verilmelidir. Cam y\u00fczeyler, a\u00e7\u0131k renkli perdeler veya jaluzi gibi se\u00e7eneklerle do\u011fal \u0131\u015f\u0131\u011f\u0131n i\u00e7eri girmesine olanak sa\u011flanabilir. Bunun yan\u0131nda yapay ayd\u0131nlatma, mobilyalar\u0131n renk tonlar\u0131na uyumlu \u015fekilde se\u00e7ilmelidir.<\/p>\n\n\n\n<p>Mobilyalar\u0131n a\u00e7\u0131k renklerle tasarlanm\u0131\u015f olmas\u0131, mekanda ferah bir alan hissi uyand\u0131r\u0131r. Beyaz ve pastel tonlar, \u0131\u015f\u0131\u011f\u0131 yans\u0131t\u0131c\u0131 \u00f6zellikleriyle daha geni\u015f bir g\u00f6r\u00fcn\u00fcm sa\u011flar. Aksesuarlar ise koyu tonlarla denge sa\u011flamak i\u00e7in kullan\u0131labilir. B\u00f6ylelikle renklerin uyumu ofislerde g\u00f6rsel bir tutarl\u0131l\u0131k yarat\u0131r ve \u00e7al\u0131\u015fanlar\u0131n konforunu art\u0131r\u0131r.<\/p>\n\n\n\n<h2 class=\"wp-block-heading\" id=\"kompakt-mobilya-se\u00e7iminde-b\u00fct\u00e7e-dostu-\u00e7\u00f6z\u00fcmler\">Kompakt Mobilya Se\u00e7iminde B\u00fct\u00e7e Dostu \u00c7\u00f6z\u00fcmler<\/h2>\n\n\n\n<p>K\u00fc\u00e7\u00fck ofis mobilyas\u0131 se\u00e7imi s\u0131ras\u0131nda b\u00fct\u00e7eyi korumak, verimli \u00e7al\u0131\u015fma alanlar\u0131 yaratman\u0131n \u00f6nemli bir par\u00e7as\u0131d\u0131r. Kompakt ve \u00e7ok fonksiyonlu mobilyalar, uygun fiyatl\u0131 se\u00e7eneklerle kaliteli bir \u00e7\u00f6z\u00fcm sunar. \u00d6zellikle esnek tasar\u0131m\u0131 sayesinde farkl\u0131 ihtiya\u00e7lara uyum sa\u011flayabilen \u00fcr\u00fcnlere y\u00f6nelmek, maliyetleri d\u00fc\u015f\u00fcrmeye yard\u0131mc\u0131 olur.<\/p>\n\n\n\n<ul class=\"wp-block-list\">\n<li><strong>Mod\u00fcler mobilyalar<\/strong>: Mod\u00fcler masalar ve dolaplar, birden fazla kullan\u0131m imk\u00e2n\u0131 sa\u011flayarak uzun vadede ekonomik bir \u00e7\u00f6z\u00fcm sunar.<\/li>\n\n\n\n<li><strong>Katlanabilir mobilyalar<\/strong>: Katlanabilir masalar ve sandalye se\u00e7enekleri, ofis alanlar\u0131nda tasarruf sa\u011flarken uygun fiyatlara sahiptir.<\/li>\n\n\n\n<li><strong>\u0130kinci el \u00fcr\u00fcnler<\/strong>: Yenilenmi\u015f veya az kullan\u0131lm\u0131\u015f mobilyalar ekonomik bir alternatif olarak d\u00fc\u015f\u00fcn\u00fclebilir.<\/li>\n<\/ul>\n\n\n\n<p>\u0130htiya\u00e7lara tam anlam\u0131yla cevap veren do\u011fru \u00fcr\u00fcn se\u00e7imi, b\u00fct\u00e7eyi a\u015fmadan \u015f\u0131kl\u0131k ve i\u015flevsellik sunar.<\/p>","protected":false},"excerpt":{"rendered":"<p>Pellentesque feugiat, sem id interdum molestie, libero nibh imperdiet velit, sodales elementum enim sem sed lectus. Vivamus viverra diam congue tristique pellentesque. Proin efficitur est vel lectus ultrices rhoncus eu ut lacus. In gravida leo at justo lobortis, vitae aliquet justo vehicula. Maecenas at facilisis ex. Curabitur cursus, ex id efficitur ultrices, sapien mauris sodales<\/p>","protected":false},"author":10,"featured_media":28557,"comment_status":"closed","ping_status":"closed","sticky":false,"template":"","format":"standard","meta":{"_monsterinsights_skip_tracking":false,"_monsterinsights_sitenote_active":false,"_monsterinsights_sitenote_note":"","_monsterinsights_sitenote_category":0,"footnotes":""},"categories":[404,406,408],"tags":[],"class_list":["post-28555","post","type-post","status-publish","format-standard","has-post-thumbnail","hentry","category-is-dunyasi","category-ofis-dekorasyonu","category-ofis-mobilyalari"],"_links":{"self":[{"href":"https:\/\/kuansofis.com\/en\/wp-json\/wp\/v2\/posts\/28555","targetHints":{"allow":["GET"]}}],"collection":[{"href":"https:\/\/kuansofis.com\/en\/wp-json\/wp\/v2\/posts"}],"about":[{"href":"https:\/\/kuansofis.com\/en\/wp-json\/wp\/v2\/types\/post"}],"author":[{"embeddable":true,"href":"https:\/\/kuansofis.com\/en\/wp-json\/wp\/v2\/users\/10"}],"replies":[{"embeddable":true,"href":"https:\/\/kuansofis.com\/en\/wp-json\/wp\/v2\/comments?post=28555"}],"version-history":[{"count":1,"href":"https:\/\/kuansofis.com\/en\/wp-json\/wp\/v2\/posts\/28555\/revisions"}],"predecessor-version":[{"id":137822,"href":"https:\/\/kuansofis.com\/en\/wp-json\/wp\/v2\/posts\/28555\/revisions\/137822"}],"wp:featuredmedia":[{"embeddable":true,"href":"https:\/\/kuansofis.com\/en\/wp-json\/wp\/v2\/media\/28557"}],"wp:attachment":[{"href":"https:\/\/kuansofis.com\/en\/wp-json\/wp\/v2\/media?parent=28555"}],"wp:term":[{"taxonomy":"category","embeddable":true,"href":"https:\/\/kuansofis.com\/en\/wp-json\/wp\/v2\/categories?post=28555"},{"taxonomy":"post_tag","embeddable":true,"href":"https:\/\/kuansofis.com\/en\/wp-json\/wp\/v2\/tags?post=28555"}],"curies":[{"name":"wp","href":"https:\/\/api.w.org\/{rel}","templated":true}]}}