{"id":28550,"date":"2025-07-08T14:22:52","date_gmt":"2025-07-08T11:22:52","guid":{"rendered":"https:\/\/kuansofis.com\/?p=28550"},"modified":"2026-01-13T15:19:01","modified_gmt":"2026-01-13T12:19:01","slug":"modern-ofis-mobilyalariyla-cagdas-tasarim-trendlerini-kesfedin","status":"publish","type":"post","link":"https:\/\/kuansofis.com\/en\/modern-ofis-mobilyalariyla-cagdas-tasarim-trendlerini-kesfedin\/","title":{"rendered":"Modern Ofis Mobilyalar\u0131yla \u00c7a\u011fda\u015f Tasar\u0131m Trendlerini Ke\u015ffedin"},"content":{"rendered":"<h2 class=\"wp-block-heading\">Modern Ofis Mobilyalar\u0131n\u0131n Tan\u0131m\u0131 ve \u00d6nemi<\/h2>\n\n\n\n<p>Modern ofis mobilyalar\u0131, i\u015f ortamlar\u0131nda estetik, ergonomi ve i\u015flevsellik \u00f6zelliklerini bir arada sunan tasar\u0131mlar\u0131 ifade eder. Bu mobilyalar, hem \u00e7al\u0131\u015fanlar\u0131n konforunu art\u0131rmak hem de \u015firket k\u00fclt\u00fcr\u00fcn\u00fc yans\u0131tmak amac\u0131yla tasarlan\u0131r. Geleneksel tasar\u0131mlardan farkl\u0131 olarak modern mobilyalar, minimalist \u00e7izgiler, yenilik\u00e7i malzemeler ve teknolojik entegrasyon \u00f6zellikleri i\u00e7erir.<\/p>\n\n\n\n<h2 class=\"wp-block-heading\" id=\"modern-ofis-mobilyalar\u0131n\u0131n-temel-\u00f6zellikleri\">Modern Ofis Mobilyalar\u0131n\u0131n Temel \u00d6zellikleri:<\/h2>\n\n\n\n<ul class=\"wp-block-list\">\n<li><strong>Ergonomik Tasar\u0131m:<\/strong>\u00a0\u00c7al\u0131\u015fanlar\u0131n fiziksel ve zihinsel sa\u011fl\u0131\u011f\u0131n\u0131 destekler.<\/li>\n\n\n\n<li><strong>Mod\u00fclerlik:<\/strong>\u00a0\u0130\u015flevsel ve h\u0131zl\u0131 de\u011fi\u015fimlere uyum sa\u011flar.<\/li>\n\n\n\n<li><strong>Estetik Unsurlar:<\/strong>\u00a0Marka imaj\u0131n\u0131 g\u00fc\u00e7lendirir ve modern bir g\u00f6r\u00fcn\u00fcm yarat\u0131r.<\/li>\n<\/ul>\n\n\n\n<p>Bu mobilyalar\u0131n \u00f6nemi, \u00e7al\u0131\u015fma ortam\u0131nda verimlili\u011fi art\u0131rma ve profesyonel bir atmosfer olu\u015fturma yeteneklerinden kaynaklan\u0131r. \u00d6zellikle yarat\u0131c\u0131 i\u015f alanlar\u0131nda, do\u011fru mobilya se\u00e7imi inovasyonu te\u015fvik eder.<\/p>\n\n\n\n<h2 class=\"wp-block-heading\" id=\"\u00e7a\u011fda\u015f-tasar\u0131m-trendlerinin-ofis-ortamlar\u0131na-yans\u0131mas\u0131\">\u00c7a\u011fda\u015f Tasar\u0131m Trendlerinin Ofis Ortamlar\u0131na Yans\u0131mas\u0131<\/h2>\n\n\n\n<p>Modern ofislerde \u00e7a\u011fda\u015f tasar\u0131m trendleri, i\u015flevselli\u011fi art\u0131r\u0131rken estetik unsurlar\u0131 \u00f6n planda tutmaktad\u0131r. Ofis mobilyalar\u0131, hem ergonomiye uygun hem de yenilik\u00e7i tasar\u0131mlar\u0131yla dikkat \u00e7eker. Bu trendlerin ofis ortamlar\u0131na yans\u0131mas\u0131 \u015fu \u015fekilde g\u00f6zlemlenebilir:<\/p>\n\n\n\n<ul class=\"wp-block-list\">\n<li><strong>Minimalist Tasar\u0131mlar<\/strong>: Gereksiz detaylardan ar\u0131nd\u0131r\u0131lm\u0131\u015f, sade ve \u015f\u0131k mobilyalar \u00f6n plandad\u0131r. Bu yakla\u015f\u0131m, d\u00fczenli bir \u00e7al\u0131\u015fma ortam\u0131 yarat\u0131r.<\/li>\n\n\n\n<li><strong>A\u00e7\u0131k Alan Konseptleri<\/strong>: \u00c7al\u0131\u015fanlar aras\u0131nda i\u015f birli\u011fini te\u015fvik eden a\u00e7\u0131k ofis d\u00fczenleri, modern tasar\u0131m anlay\u0131\u015f\u0131yla birle\u015ftirilir.<\/li>\n\n\n\n<li><strong>Do\u011fal Malzeme Kullan\u0131m\u0131<\/strong>: Ah\u015fap, bambu gibi \u00e7evre dostu malzemelerle tasarlanm\u0131\u015f \u00fcr\u00fcnler, s\u00fcrd\u00fcr\u00fclebilirlik bilincini yans\u0131t\u0131r.<\/li>\n\n\n\n<li><strong>Mod\u00fcler Mobilyalar<\/strong>: Farkl\u0131 ihtiya\u00e7lara uyum sa\u011flayabilen esnek \u00e7\u00f6z\u00fcmler sunar ve alan\u0131 verimli kullanmay\u0131 m\u00fcmk\u00fcn k\u0131lar.<\/li>\n\n\n\n<li><strong>Teknoloji Entegrasyonu<\/strong>: Mobilyalarda kablosuz \u015farj \u00fcniteleri ve entegre teknolojik sistemler, dijital d\u00f6n\u00fc\u015f\u00fcme katk\u0131 sa\u011flar.<\/li>\n<\/ul>\n\n\n\n<p>\u00c7a\u011fda\u015f tasar\u0131m\u0131n bu unsurlar\u0131, hem \u00e7al\u0131\u015fan deneyimini iyile\u015ftirir hem de \u015firketlerin inovatif bir imaj sergilemelerine olanak tan\u0131r.<\/p>\n\n\n\n<h2 class=\"wp-block-heading\" id=\"ergonomi-ve-konfor-\u00e7al\u0131\u015fan-verimlili\u011fini-art\u0131ran-fakt\u00f6rler\">Ergonomi ve Konfor: \u00c7al\u0131\u015fan Verimlili\u011fini Art\u0131ran Fakt\u00f6rler<\/h2>\n\n\n\n<p>Modern ofis mobilyalar\u0131, ergonomik tasar\u0131m ilkeleriyle \u00e7al\u0131\u015fanlar\u0131n fiziksel rahatl\u0131\u011f\u0131n\u0131 ve sa\u011fl\u0131\u011f\u0131n\u0131 \u00f6nceliklendirmektedir. Ergonomik ofis sandalyeleri, s\u0131rt deste\u011fi, ayarlanabilir y\u00fckseklik ve kol dayama \u00f6zellikleriyle do\u011fru duru\u015fu te\u015fvik ederken, uzun s\u00fcreli oturmalarda olu\u015fabilecek sa\u011fl\u0131k sorunlar\u0131n\u0131 \u00f6nlemeye yard\u0131mc\u0131 olur. \u00c7al\u0131\u015fma masalar\u0131 ise ayarlanabilir y\u00fckseklik se\u00e7enekleriyle bireysel ihtiya\u00e7lara uyum sa\u011flar.<\/p>\n\n\n\n<p>Konforlu bir \u00e7al\u0131\u015fma ortam\u0131 yaratma \u00e7abalar\u0131nda, i\u015f yerinde do\u011fru \u0131\u015f\u0131kland\u0131rma ve hava sirk\u00fclasyonu da \u00f6nemli rol oynar. Bununla birlikte, mobilyalar\u0131n estetik tasar\u0131m\u0131 \u00e7al\u0131\u015fanlar\u0131n ruh halini olumlu y\u00f6nde etkileyerek motivasyonu art\u0131rabilir.<\/p>\n\n\n\n<ul class=\"wp-block-list\">\n<li>Ergonomik tasar\u0131m sa\u011fl\u0131k sorunlar\u0131n\u0131 \u00f6nler.<\/li>\n\n\n\n<li>Konfor verimlili\u011fi ve motivasyonu y\u00fckseltir.<\/li>\n\n\n\n<li>Ayarlanabilir \u00f6zellikler bireysel farkl\u0131l\u0131klarla uyum sa\u011flar.<\/li>\n<\/ul>\n\n\n\n<p>Bu fakt\u00f6rlerin do\u011fru \u015fekilde ele al\u0131nmas\u0131, \u00e7al\u0131\u015fanlar\u0131n hem fiziksel hem de zihinsel olarak en iyi performanslar\u0131n\u0131 sergileyebilmelerini destekler.<\/p>\n\n\n\n<h2 class=\"wp-block-heading\" id=\"malzeme-ve-renk-se\u00e7iminde-\u00e7a\u011fda\u015f-yakla\u015f\u0131mlar\">Malzeme ve Renk Se\u00e7iminde \u00c7a\u011fda\u015f Yakla\u015f\u0131mlar<\/h2>\n\n\n\n<p>G\u00fcn\u00fcm\u00fcz modern ofis tasar\u0131mlar\u0131nda malzeme ve renk se\u00e7imleri, mekan\u0131n i\u015flevselli\u011fini ve estetik de\u011ferini belirleyen \u00f6nemli unsurlar olarak \u00f6ne \u00e7\u0131kmaktad\u0131r. \u00c7a\u011fda\u015f yakla\u015f\u0131mlar, do\u011fall\u0131\u011f\u0131 ve s\u00fcrd\u00fcr\u00fclebilirli\u011fi \u00f6n planda tutarak hem \u00e7al\u0131\u015fanlar\u0131n rahatl\u0131\u011f\u0131n\u0131 hem de \u00e7evresel sorumlulu\u011fu bir araya getirir.<\/p>\n\n\n\n<ul class=\"wp-block-list\">\n<li><strong>Malzeme Se\u00e7imi:<\/strong><\/li>\n\n\n\n<li>Do\u011fal malzemeler, modern ofis mobilyalar\u0131n\u0131n vazge\u00e7ilmezidir. Ah\u015fap ve bambu gibi yenilenebilir kaynaklar tercih edilmektedir.<\/li>\n\n\n\n<li>Metal ve cam kombinasyonlar\u0131, mekana \u015f\u0131kl\u0131k ve uzun \u00f6m\u00fcr sunar.<\/li>\n\n\n\n<li>Akustik paneller ve geri d\u00f6n\u00fc\u015ft\u00fcr\u00fclm\u00fc\u015f tekstil malzemeleri, ses yal\u0131t\u0131m\u0131 ve enerji verimlili\u011finde rol oynar.<\/li>\n\n\n\n<li><strong>Renk Se\u00e7imleri:<\/strong><\/li>\n\n\n\n<li>N\u00f6tr tonlar, minimalizm ve sadeli\u011fi yans\u0131tarak dingin bir atmosfer yarat\u0131r.<\/li>\n\n\n\n<li>Canl\u0131 renkler, yarat\u0131c\u0131 d\u00fc\u015f\u00fcnceyi desteklemek ve enerjik bir \u00e7al\u0131\u015fma alan\u0131 olu\u015fturmak i\u00e7in kullan\u0131l\u0131r.<\/li>\n\n\n\n<li>Renklerin psikolojik etkileri g\u00f6z \u00f6n\u00fcne al\u0131narak mavi, ye\u015fil gibi huzur veren tonlar s\u0131k\u00e7a tercih edilir.<\/li>\n<\/ul>\n\n\n\n<h2 class=\"wp-block-heading\" id=\"mod\u00fcler-ve-\u00e7ok-ama\u00e7l\u0131-ofis-mobilyalar\u0131\">Mod\u00fcler ve \u00c7ok Ama\u00e7l\u0131 Ofis Mobilyalar\u0131<\/h2>\n\n\n\n<p>Modern i\u015f d\u00fcnyas\u0131nda de\u011fi\u015fen ihtiya\u00e7lar, ofis mobilyalar\u0131n\u0131n daha esnek ve i\u015flevsel tasar\u0131mlarla \u015fekillenmesini gerektirmektedir. Mod\u00fcler mobilyalar bu ba\u011flamda \u00f6nemli bir \u00e7\u00f6z\u00fcm sunar. Farkl\u0131 par\u00e7alar\u0131n bir araya getirilerek \u00f6zelle\u015ftirilebilmesi, mekanlar\u0131n farkl\u0131 ama\u00e7lar do\u011frultusunda kullan\u0131labilmesini sa\u011flar.<\/p>\n\n\n\n<h2 class=\"wp-block-heading\" id=\"mod\u00fcler-mobilyalar\u0131n-avantajlar\u0131\">Mod\u00fcler Mobilyalar\u0131n Avantajlar\u0131:<\/h2>\n\n\n\n<ol class=\"wp-block-list\">\n<li><strong>Esneklik:<\/strong>\u00a0\u00c7al\u0131\u015fma ortamlar\u0131n\u0131n kolayca d\u00f6n\u00fc\u015ft\u00fcr\u00fclebilir olmas\u0131.<\/li>\n\n\n\n<li><strong>Verimlilik:<\/strong>\u00a0Depolama ve alan kullan\u0131m\u0131ndaki iyile\u015ftirmeler.<\/li>\n\n\n\n<li><strong>Estetik:<\/strong>\u00a0Zamana uygun minimalist ve profesyonel tasar\u0131mlar.<\/li>\n<\/ol>\n\n\n\n<p>\u00c7ok ama\u00e7l\u0131 tasar\u0131mlar ise hem toplant\u0131 hem de bireysel \u00e7al\u0131\u015fma ihtiya\u00e7lar\u0131n\u0131 kar\u015f\u0131layabilir. \u0130\u015flev, ergonomi ve estetik birle\u015fimiyle daha dinamik bir ofis atmosferine katk\u0131da bulunur.<\/p>\n\n\n\n<h2 class=\"wp-block-heading\" id=\"ayd\u0131nlatma-tasar\u0131mlar\u0131yla-modern-ofisleri-tamamlama\">Ayd\u0131nlatma Tasar\u0131mlar\u0131yla Modern Ofisleri Tamamlama<\/h2>\n\n\n\n<p>Modern ofislerin ba\u015far\u0131l\u0131 bir tasar\u0131ma sahip olmas\u0131, ayd\u0131nlatma se\u00e7imlerinin uyumlu bir \u015fekilde planlanmas\u0131n\u0131 gerektirir. Ayd\u0131nlatma tasar\u0131mlar\u0131 sadece estetik a\u00e7\u0131dan de\u011fil, \u00e7al\u0131\u015fanlar\u0131n verimlili\u011fi ve rahatl\u0131\u011f\u0131 a\u00e7\u0131s\u0131ndan da kritik bir rol oynar. Do\u011fru ayd\u0131nlatma, ortam\u0131n enerjisini art\u0131r\u0131rken odaklanmay\u0131 te\u015fvik eder.<\/p>\n\n\n\n<h2 class=\"wp-block-heading\" id=\"ayd\u0131nlatma-teknikleri\">Ayd\u0131nlatma Teknikleri<\/h2>\n\n\n\n<ul class=\"wp-block-list\">\n<li><strong>Do\u011fal I\u015f\u0131k Kullan\u0131m\u0131<\/strong>: Geni\u015f pencere d\u00fczenleri sayesinde do\u011fal \u0131\u015f\u0131\u011f\u0131n ofis alanlar\u0131na etkili bir \u015fekilde girmesi sa\u011flanabilir. Bu, enerji tasarrufu sa\u011flarken \u00e7al\u0131\u015fanlar\u0131n ruh halini de olumlu etkiler.<\/li>\n\n\n\n<li><strong>Led Ayd\u0131nlatmalar<\/strong>: Modern ve \u00e7evre dostu bir \u00e7\u00f6z\u00fcm sunarak enerji maliyetlerini azalt\u0131r. Ayr\u0131ca, estetik tasar\u0131mlar i\u00e7in \u00e7e\u015fitli renk ve yo\u011funluk se\u00e7enekleri sunar.<\/li>\n\n\n\n<li><strong>Katmanl\u0131 Ayd\u0131nlatma<\/strong>: Genel, g\u00f6rev ve vurgu ayd\u0131nlatmas\u0131 gibi farkl\u0131 seviyelerin kombinasyonu ile daha i\u015flevsel ve dengeli bir atmosfer yarat\u0131l\u0131r.<\/li>\n<\/ul>\n\n\n\n<p>Do\u011fru yerle\u015ftirilen modern ayd\u0131nlatma armat\u00fcrleri, ofis mobilyalar\u0131yla bir b\u00fct\u00fcnl\u00fck olu\u015fturur ve i\u00e7 mek\u00e2n tasar\u0131m\u0131n\u0131 \u00e7a\u011fda\u015f bir seviyeye ta\u015f\u0131r.<\/p>\n\n\n\n<h2 class=\"wp-block-heading\" id=\"a\u00e7\u0131k-alan-ve-minimalist-tasar\u0131m-trendleri\">A\u00e7\u0131k Alan ve Minimalist Tasar\u0131m Trendleri<\/h2>\n\n\n\n<p>Modern ofislerde a\u00e7\u0131k alan konsepti, i\u015f birli\u011fini art\u0131ran bir atmosfer yaratmaya odaklan\u0131r. Duvarlar\u0131n ve bariyerlerin azalt\u0131ld\u0131\u011f\u0131 bu yakla\u015f\u0131m, ekip \u00fcyelerinin daha kolay etkile\u015fim kurmas\u0131n\u0131 sa\u011flar. Minimalist tasar\u0131m ise i\u015flevselli\u011fi ve esteti\u011fi bir araya getirerek sade, d\u00fczenli \u00e7al\u0131\u015fma alanlar\u0131 olu\u015fturur.<\/p>\n\n\n\n<ul class=\"wp-block-list\">\n<li><strong>A\u00e7\u0131k Alan:<\/strong><\/li>\n\n\n\n<li>\u0130leti\u015fimi kolayla\u015ft\u0131r\u0131r.<\/li>\n\n\n\n<li>Esnek \u00e7al\u0131\u015fma alanlar\u0131 sa\u011flar.<\/li>\n\n\n\n<li>Daha fazla do\u011fal \u0131\u015f\u0131k eri\u015fimi sunar.<\/li>\n\n\n\n<li><strong>Minimalist Tasar\u0131m:<\/strong><\/li>\n\n\n\n<li>Karma\u015fay\u0131 azalt\u0131r.<\/li>\n\n\n\n<li>\u00c7ok ama\u00e7l\u0131 mobilyalar kullan\u0131r.<\/li>\n\n\n\n<li>Dikkati ve verimlili\u011fi art\u0131r\u0131r.<\/li>\n<\/ul>\n\n\n\n<p>Bu iki trend, modern ofislerde hem g\u00f6rsel hem de i\u015flevsel avantajlar sunar. \u00c7al\u0131\u015fanlar\u0131n daha verimli bir ortamda i\u015flerini s\u00fcrd\u00fcrmesine olanak tan\u0131r.<\/p>\n\n\n\n<h2 class=\"wp-block-heading\" id=\"ye\u015fil-ve-s\u00fcrd\u00fcr\u00fclebilir-ofis-mobilyalar\u0131\">Ye\u015fil ve S\u00fcrd\u00fcr\u00fclebilir Ofis Mobilyalar\u0131<\/h2>\n\n\n\n<p>Modern ofis mobilyalar\u0131n\u0131n tasar\u0131m\u0131nda \u00e7evresel s\u00fcrd\u00fcr\u00fclebilirlik \u00f6nemli bir rol oynar. Bu mobilyalar, geri d\u00f6n\u00fc\u015f\u00fcml\u00fc malzemelerden \u00fcretilerek do\u011fal kaynak kullan\u0131m\u0131n\u0131 minimize eder. Tasar\u0131mc\u0131lar, karbon ayak izini azaltmak i\u00e7in dikkatli materyal se\u00e7imleri yapar. Ayr\u0131ca enerji tasarruflu \u00fcretim teknikleri te\u015fvik edilir.<\/p>\n\n\n\n<ul class=\"wp-block-list\">\n<li><strong>Geri D\u00f6n\u00fc\u015f\u00fcml\u00fc Malzemeler:<\/strong>\u00a0Metal, ah\u015fap ve plastik gibi malzemeler yeniden i\u015flenerek do\u011fa dostu mobilyalar yarat\u0131l\u0131r.<\/li>\n\n\n\n<li><strong>Enerji Verimlili\u011fi:<\/strong>\u00a0\u00dcretim s\u00fcrecinde s\u00fcrd\u00fcr\u00fclebilir enerji kaynaklar\u0131n\u0131n kullan\u0131m\u0131 desteklenir.<\/li>\n\n\n\n<li><strong>Sa\u011fl\u0131k Dostu Tasar\u0131m:<\/strong>\u00a0Kimyasal i\u00e7ermeyen kaplamalar ve d\u00fc\u015f\u00fck VOC emisyonlar\u0131 tercih edilir.<\/li>\n<\/ul>\n\n\n\n<p>Bu yakla\u015f\u0131m, \u00e7evre bilincini art\u0131r\u0131rken estetik ve i\u015flevselli\u011fi bir araya getirir. S\u00fcrd\u00fcr\u00fclebilir mobilyalar, \u00e7al\u0131\u015fma ortam\u0131n\u0131 daha sa\u011fl\u0131kl\u0131 ve ekolojik hale getirir.<\/p>\n\n\n\n<h2 class=\"wp-block-heading\" id=\"teknoloji-entegrasyonu-ak\u0131ll\u0131-ofis-mobilyalar\u0131\">Teknoloji Entegrasyonu: Ak\u0131ll\u0131 Ofis Mobilyalar\u0131<\/h2>\n\n\n\n<p>Ak\u0131ll\u0131 ofis mobilyalar\u0131, modern i\u015f yerlerinde teknolojiyi tasar\u0131m\u0131n merkezine ta\u015f\u0131yan \u00e7\u00f6z\u00fcmler sunar. Bu mobilyalar, hem i\u015flevselli\u011fi art\u0131r\u0131r hem de kullan\u0131c\u0131 deneyimini iyile\u015ftirir. \u00d6zellikle, uzaktan \u00e7al\u0131\u015fma ve esnek i\u015f d\u00fczenlemeleriyle birlikte pop\u00fclaritesi artm\u0131\u015ft\u0131r.<\/p>\n\n\n\n<h2 class=\"wp-block-heading\" id=\"ak\u0131ll\u0131-ofis-mobilyalar\u0131n\u0131n-\u00f6zellikleri\">Ak\u0131ll\u0131 Ofis Mobilyalar\u0131n\u0131n \u00d6zellikleri:<\/h2>\n\n\n\n<ul class=\"wp-block-list\">\n<li><strong>Ergonomik Tasar\u0131m:<\/strong>\u00a0Kullan\u0131c\u0131lar\u0131n oturma al\u0131\u015fkanl\u0131klar\u0131n\u0131 izleyerek ki\u015fisel ayarlamalar yapabilen koltuklar.<\/li>\n\n\n\n<li><strong>Ba\u011flant\u0131 Se\u00e7enekleri:<\/strong>\u00a0Dahili \u015farj istasyonlar\u0131, USB giri\u015fleri ve kablosuz ba\u011flant\u0131 \u00f6zellikleri.<\/li>\n\n\n\n<li><strong>Sens\u00f6r Teknolojisi:<\/strong>\u00a0Hareket ve duru\u015f sens\u00f6rleriyle sa\u011fl\u0131kl\u0131 bir \u00e7al\u0131\u015fma al\u0131\u015fkanl\u0131\u011f\u0131 te\u015fvik edilir.<\/li>\n\n\n\n<li><strong>G\u00f6m\u00fcl\u00fc Ekranlar ve Kontrol Sistemleri:<\/strong>\u00a0Y\u00fckseklik ayar\u0131 ve di\u011fer fonksiyonlar dokunmatik ekranlarla kontrol edilebilir.<\/li>\n<\/ul>\n\n\n\n<p>Bu t\u00fcr ak\u0131ll\u0131 \u00e7\u00f6z\u00fcmler, hem verimlili\u011fi art\u0131r\u0131r hem de \u00e7al\u0131\u015fanlar\u0131n i\u015f ortam\u0131ndaki konforunu \u00f6nemli \u00f6l\u00e7\u00fcde art\u0131r\u0131r.<\/p>\n\n\n\n<h2 class=\"wp-block-heading\" id=\"farkl\u0131-i\u0307\u015fyerleri-i\u00e7in-uygun-tasar\u0131m-\u00e7\u00f6z\u00fcmleri\">Farkl\u0131 \u0130\u015fyerleri i\u00e7in Uygun Tasar\u0131m \u00c7\u00f6z\u00fcmleri<\/h2>\n\n\n\n<p>Modern ofis mobilyalar\u0131, i\u015fyerlerinin ihtiya\u00e7lar\u0131na g\u00f6re tasarlanarak fonksiyonel ve estetik \u00e7\u00f6z\u00fcmler sunar. Her sekt\u00f6re \u00f6zel farkl\u0131 tasar\u0131m gereksinimleri bulundu\u011fundan, mobilya se\u00e7imlerinde i\u015f yapma bi\u00e7imi ve kurumsal kimlik dikkate al\u0131n\u0131r. Ofisler i\u00e7in verimli \u00e7al\u0131\u015fma alanlar\u0131 olu\u015fturan ergonomik mobilyalar, \u00e7al\u0131\u015fanlar\u0131n konforunu art\u0131rmay\u0131 hedefler.<\/p>\n\n\n\n<ul class=\"wp-block-list\">\n<li><strong>Teknoloji firmalar\u0131<\/strong>\u00a0i\u00e7in esnek, a\u00e7\u0131k alan tasar\u0131mlar\u0131 ve hareketli oturma d\u00fczenleri tercih edilir.<\/li>\n\n\n\n<li><strong>Hukuk b\u00fcrolar\u0131<\/strong>\u00a0veya finans kurulu\u015flar\u0131, genellikle daha resmi ve klasik mobilya tasar\u0131mlar\u0131na y\u00f6nelir.<\/li>\n\n\n\n<li><strong>Sanat ve tasar\u0131m at\u00f6lyeleri<\/strong>\u00a0i\u00e7in yarat\u0131c\u0131 alanlar sa\u011flayan \u00f6zg\u00fcn tasar\u0131mlar \u00f6n plana \u00e7\u0131kar.<\/li>\n<\/ul>\n\n\n\n<p>Profesyonel mobilya se\u00e7imleri, i\u015fyerlerinin verimlili\u011fini art\u0131r\u0131rken marka kimli\u011fini de destekler. Bu nedenle tasar\u0131m se\u00e7imlerinde hem i\u015flevsellik hem de estetik dengesi g\u00f6zetilmelidir.<\/p>\n\n\n\n<h2 class=\"wp-block-heading\" id=\"modern-ofis-mobilyalar\u0131yla-ki\u015fiselle\u015ftirilmi\u015f-\u00e7al\u0131\u015fma-alanlar\u0131\">Modern Ofis Mobilyalar\u0131yla Ki\u015fiselle\u015ftirilmi\u015f \u00c7al\u0131\u015fma Alanlar\u0131<\/h2>\n\n\n\n<p>Modern ofis mobilyalar\u0131, \u00e7al\u0131\u015fma alanlar\u0131n\u0131 bireylerin ihtiya\u00e7lar\u0131na ve zevklerine g\u00f6re \u015fekillendirme f\u0131rsat\u0131 sunar. \u00c7al\u0131\u015fanlar\u0131n performans\u0131n\u0131 art\u0131rmay\u0131 hedefleyen bu mobilyalar, hem ergonomik tasar\u0131mlar hem de estetik \u00e7e\u015fitlilik ile dikkat \u00e7eker. Tercih edilen mobilyalar\u0131n i\u015flevsellik \u00f6zellikleri, bireysel \u00e7al\u0131\u015fma al\u0131\u015fkanl\u0131klar\u0131 ve ekip \u00e7al\u0131\u015fanlar\u0131n\u0131n dinamikleri g\u00f6z \u00f6n\u00fcnde bulundurularak se\u00e7ilmelidir.<\/p>\n\n\n\n<ul class=\"wp-block-list\">\n<li><strong>Ergonomik Koltuklar<\/strong>: Uzun \u00e7al\u0131\u015fma saatlerinde konfor sa\u011flamak ve sa\u011fl\u0131k problemlerini \u00f6nlemek i\u00e7in gereklidir.<\/li>\n\n\n\n<li><strong>Ayarlanabilir Masalar<\/strong>: \u00c7al\u0131\u015fma pozisyonunu de\u011fi\u015ftirmek isteyenler i\u00e7in idealdir.<\/li>\n\n\n\n<li><strong>Ki\u015fiselle\u015ftirilebilir Dolap ve Raf Sistemleri<\/strong>: D\u00fczeni koruyarak verimlili\u011fi art\u0131r\u0131r.<\/li>\n<\/ul>\n\n\n\n<p>\u00c7a\u011fda\u015f tasar\u0131mlar, yarat\u0131c\u0131 bir ortam olu\u015fturman\u0131n yan\u0131 s\u0131ra \u00e7al\u0131\u015fmalar\u0131n bireysel tercih ve ihtiya\u00e7lara uygun \u015fekilde optimize edilmesine olanak tan\u0131r.<\/p>","protected":false},"excerpt":{"rendered":"<p>Pellentesque feugiat, sem id interdum molestie, libero nibh imperdiet velit, sodales elementum enim sem sed lectus. Vivamus viverra diam congue tristique pellentesque. Proin efficitur est vel lectus ultrices rhoncus eu ut lacus. In gravida leo at justo lobortis, vitae aliquet justo vehicula. Maecenas at facilisis ex. Curabitur cursus, ex id efficitur ultrices, sapien mauris sodales<\/p>","protected":false},"author":10,"featured_media":28553,"comment_status":"closed","ping_status":"closed","sticky":false,"template":"","format":"standard","meta":{"_monsterinsights_skip_tracking":false,"_monsterinsights_sitenote_active":false,"_monsterinsights_sitenote_note":"","_monsterinsights_sitenote_category":0,"footnotes":""},"categories":[404,406,408],"tags":[],"class_list":["post-28550","post","type-post","status-publish","format-standard","has-post-thumbnail","hentry","category-is-dunyasi","category-ofis-dekorasyonu","category-ofis-mobilyalari"],"_links":{"self":[{"href":"https:\/\/kuansofis.com\/en\/wp-json\/wp\/v2\/posts\/28550","targetHints":{"allow":["GET"]}}],"collection":[{"href":"https:\/\/kuansofis.com\/en\/wp-json\/wp\/v2\/posts"}],"about":[{"href":"https:\/\/kuansofis.com\/en\/wp-json\/wp\/v2\/types\/post"}],"author":[{"embeddable":true,"href":"https:\/\/kuansofis.com\/en\/wp-json\/wp\/v2\/users\/10"}],"replies":[{"embeddable":true,"href":"https:\/\/kuansofis.com\/en\/wp-json\/wp\/v2\/comments?post=28550"}],"version-history":[{"count":1,"href":"https:\/\/kuansofis.com\/en\/wp-json\/wp\/v2\/posts\/28550\/revisions"}],"predecessor-version":[{"id":137823,"href":"https:\/\/kuansofis.com\/en\/wp-json\/wp\/v2\/posts\/28550\/revisions\/137823"}],"wp:featuredmedia":[{"embeddable":true,"href":"https:\/\/kuansofis.com\/en\/wp-json\/wp\/v2\/media\/28553"}],"wp:attachment":[{"href":"https:\/\/kuansofis.com\/en\/wp-json\/wp\/v2\/media?parent=28550"}],"wp:term":[{"taxonomy":"category","embeddable":true,"href":"https:\/\/kuansofis.com\/en\/wp-json\/wp\/v2\/categories?post=28550"},{"taxonomy":"post_tag","embeddable":true,"href":"https:\/\/kuansofis.com\/en\/wp-json\/wp\/v2\/tags?post=28550"}],"curies":[{"name":"wp","href":"https:\/\/api.w.org\/{rel}","templated":true}]}}