{"id":28540,"date":"2025-07-08T14:17:32","date_gmt":"2025-07-08T11:17:32","guid":{"rendered":"https:\/\/kuansofis.com\/?p=28540"},"modified":"2026-01-13T15:19:13","modified_gmt":"2026-01-13T12:19:13","slug":"surdurulebilir-ofis-mobilyalariyla-daha-yesil-bir-calisma-alani","status":"publish","type":"post","link":"https:\/\/kuansofis.com\/en\/surdurulebilir-ofis-mobilyalariyla-daha-yesil-bir-calisma-alani\/","title":{"rendered":"S\u00fcrd\u00fcr\u00fclebilir Ofis Mobilyalar\u0131yla Daha Ye\u015fil Bir \u00c7al\u0131\u015fma Alan\u0131"},"content":{"rendered":"<h2 class=\"wp-block-heading\">S\u00fcrd\u00fcr\u00fclebilir Ofis Mobilyalar\u0131n\u0131n \u00d6nemi ve \u00c7evreye Etkileri<\/h2>\n\n\n\n<p>S\u00fcrd\u00fcr\u00fclebilir ofis mobilyalar\u0131, do\u011fal kaynaklar\u0131n korunmas\u0131 ve \u00e7evreye duyarl\u0131 bir i\u015f ortam\u0131 sa\u011flanmas\u0131 a\u00e7\u0131s\u0131ndan b\u00fcy\u00fck bir \u00f6neme sahiptir. Geleneksel mobilya \u00fcretim s\u00fcre\u00e7leri genellikle y\u00fcksek enerji t\u00fcketimi ve zararl\u0131 kimyasallar i\u00e7erirken, s\u00fcrd\u00fcr\u00fclebilir alternatife ge\u00e7i\u015f bu olumsuz \u00e7evresel etkilerin azalmas\u0131na katk\u0131 sa\u011flar.<\/p>\n\n\n\n<h2 class=\"wp-block-heading\">S\u00fcrd\u00fcr\u00fclebilir Mobilyalar\u0131n \u00c7evre \u00dczerindeki Olumlu Etkileri:<\/h2>\n\n\n\n<ul class=\"wp-block-list\">\n<li><strong>Kaynaklar\u0131n Verimli Kullan\u0131m\u0131:<\/strong>&nbsp;Geri d\u00f6n\u00fc\u015ft\u00fcr\u00fclebilir malzemeler ve d\u00fc\u015f\u00fck enerji gerektiren \u00fcretim y\u00f6ntemleriyle do\u011fal kaynak t\u00fcketimi minimize edilir.<\/li>\n\n\n\n<li><strong>At\u0131k Azaltma:<\/strong>&nbsp;Daha dayan\u0131kl\u0131 tasar\u0131mlar sayesinde \u00fcr\u00fcnlerin kullan\u0131m \u00f6mr\u00fc art\u0131r\u0131l\u0131r ve d\u00f6ng\u00fcsel ekonomi desteklenir.<\/li>\n\n\n\n<li><strong>Karbon Ayak \u0130zi Azalmas\u0131:<\/strong>&nbsp;Yerel \u00fcretim ve \u00e7evre dostu lojistik s\u00fcre\u00e7leri dolay\u0131s\u0131yla emisyon de\u011ferleri \u00f6nemli \u00f6l\u00e7\u00fcde azalt\u0131l\u0131r.<\/li>\n<\/ul>\n\n\n\n<p>Bu mobilyalar, yaln\u0131zca \u00e7evresel faydalar sa\u011flamakla kalmaz, ayn\u0131 zamanda sa\u011fl\u0131kl\u0131 bir \u00e7al\u0131\u015fma ortam\u0131 te\u015fvik eder.<\/p>\n\n\n\n<h2 class=\"wp-block-heading\">Ye\u015fil \u00c7al\u0131\u015fma Alan\u0131 Nedir? Avantajlar\u0131 Nelerdir?<\/h2>\n\n\n\n<p>Ye\u015fil \u00e7al\u0131\u015fma alan\u0131, \u00e7evresel s\u00fcrd\u00fcr\u00fclebilirlik ilkelerine uygun olarak tasarlanm\u0131\u015f, enerji tasarrufu sa\u011flayan ve \u00e7evreye minimum zarar veren \u00e7al\u0131\u015fma ortamlar\u0131n\u0131 ifade eder. Bu t\u00fcr alanlarda geri d\u00f6n\u00fc\u015ft\u00fcr\u00fclebilir malzemeler, do\u011fal ayd\u0131nlatma ve enerji verimlili\u011fi sa\u011flayan ekipmanlar kullan\u0131l\u0131r. Ama\u00e7, \u00e7evreyi korurken \u00e7al\u0131\u015fanlar\u0131n konforunu ve verimlili\u011fini art\u0131rmakt\u0131r.<\/p>\n\n\n\n<h2 class=\"wp-block-heading\">Avantajlar\u0131:<\/h2>\n\n\n\n<ul class=\"wp-block-list\">\n<li><strong>Enerji Verimlili\u011fi<\/strong>: Ak\u0131ll\u0131 enerji sistemleri ve LED ayd\u0131nlatma sayesinde enerji t\u00fcketimi azal\u0131r.<\/li>\n\n\n\n<li><strong>Sa\u011fl\u0131k ve Konfor<\/strong>: Do\u011fal \u0131\u015f\u0131k ve kaliteli hava ak\u0131\u015f\u0131 \u00e7al\u0131\u015fanlar\u0131n refah\u0131n\u0131 art\u0131r\u0131r.<\/li>\n\n\n\n<li><strong>Maliyet Tasarrufu<\/strong>: Uzun vadede enerji ve su maliyetleri d\u00fc\u015fer.<\/li>\n\n\n\n<li><strong>\u00c7evre Duyarl\u0131l\u0131\u011f\u0131<\/strong>: Karbon ayak izini azaltarak \u00e7evreye olumlu katk\u0131 sa\u011flar.<\/li>\n\n\n\n<li><strong>\u00c7al\u0131\u015fan Motivasyonu<\/strong>: Do\u011fa dostu tasar\u0131mlar \u00e7al\u0131\u015fanlar\u0131n memnuniyetini y\u00fckseltir.<\/li>\n<\/ul>\n\n\n\n<h2 class=\"wp-block-heading\">S\u00fcrd\u00fcr\u00fclebilir Malzemelerden \u00dcretilen Ofis Mobilyalar\u0131n\u0131n \u00d6zellikleri<\/h2>\n\n\n\n<p>S\u00fcrd\u00fcr\u00fclebilir malzemelerden \u00fcretilen ofis mobilyalar\u0131, \u00e7evresel etkileri en aza indirme hedefiyle tasarlan\u0131r ve bir\u00e7ok dikkat \u00e7ekici \u00f6zelli\u011fe sahiptir. Bu t\u00fcr mobilyalar\u0131n \u00f6zellikleri, hem \u00e7evre dostu yakla\u015f\u0131mlar\u0131n\u0131 hem de i\u015flevselliklerini ortaya koyar.<\/p>\n\n\n\n<ul class=\"wp-block-list\">\n<li><strong>Yenilenebilir Hammaddeler:<\/strong>&nbsp;Ah\u015fap mobilyalarda FSC (Forest Stewardship Council) sertifikal\u0131 ormanlardan elde edilen malzemeler veya bambu gibi h\u0131zla yenilenebilen kaynaklar kullan\u0131l\u0131r.<\/li>\n\n\n\n<li><strong>Geri D\u00f6n\u00fc\u015f\u00fcml\u00fc Malzemeler:<\/strong>&nbsp;Plastik ve metal gibi materyaller, geri d\u00f6n\u00fc\u015f\u00fcm s\u00fcrecinden ge\u00e7irilerek yeniden kullan\u0131l\u0131r ve do\u011fal kaynak t\u00fcketimi azalt\u0131l\u0131r.<\/li>\n\n\n\n<li><strong>D\u00fc\u015f\u00fck Toksisite:<\/strong>&nbsp;Boya, vernik gibi y\u00fczey kaplama malzemeleri d\u00fc\u015f\u00fck VOC (Volatile Organic Compound) i\u00e7erir, b\u00f6ylece i\u00e7 mekan hava kalitesi korunur.<\/li>\n\n\n\n<li><strong>Uzun \u00d6m\u00fcr ve Dayan\u0131kl\u0131l\u0131k:<\/strong>&nbsp;S\u00fcrd\u00fcr\u00fclebilir mobilyalar, y\u00fcksek kaliteli ve dayan\u0131kl\u0131 hammaddelerle \u00fcretildi\u011fi i\u00e7in uzun kullan\u0131m \u00f6mr\u00fcne sahiptir.<\/li>\n<\/ul>\n\n\n\n<p>Bu \u00f6zelliklerin yan\u0131 s\u0131ra, tasar\u0131mda mod\u00fclerlik ve yeniden kullan\u0131m imk\u00e2n\u0131 sunularak \u00fcr\u00fcnlerin d\u00f6ng\u00fcsel ekonomiye katk\u0131 sa\u011flamas\u0131 hedeflenir.<\/p>\n\n\n\n<h2 class=\"wp-block-heading\">\u00c7al\u0131\u015fan Verimlili\u011fi \u00dczerindeki Olumlu Etkiler<\/h2>\n\n\n\n<p>S\u00fcrd\u00fcr\u00fclebilir ofis mobilyalar\u0131n\u0131n kullan\u0131m\u0131, \u00e7al\u0131\u015fanlar\u0131n i\u015f performans\u0131 ve motivasyonu \u00fczerinde do\u011frudan etkili olabilmektedir. Bu mobilyalar, ergonomik tasar\u0131mlar\u0131yla \u00e7al\u0131\u015fanlar\u0131n fiziksel rahatl\u0131\u011f\u0131n\u0131 art\u0131r\u0131rken stres seviyelerini d\u00fc\u015f\u00fcrmelerine de yard\u0131mc\u0131 olur. Sa\u011fl\u0131kl\u0131 oturma pozisyonlar\u0131, modern ve \u00e7evre dostu malzemelerle birle\u015fti\u011finde uzun \u00e7al\u0131\u015fma saatlerinin yol a\u00e7t\u0131\u011f\u0131 yorgunlu\u011fu azalt\u0131r.<\/p>\n\n\n\n<p>A\u015fa\u011f\u0131daki fakt\u00f6rler, \u00e7al\u0131\u015fan verimlili\u011fini art\u0131ran unsurlar aras\u0131nda \u00f6ne \u00e7\u0131kar:<\/p>\n\n\n\n<ul class=\"wp-block-list\">\n<li><strong>Konfor<\/strong>: Ergonomik sandalye ve masalar, uzun s\u00fcreli oturmalarda v\u00fccut sa\u011fl\u0131\u011f\u0131n\u0131 destekler.<\/li>\n\n\n\n<li><strong>Hava Kalitesi<\/strong>: Do\u011fal ve d\u00fc\u015f\u00fck emisyonlu malzemeler, i\u00e7 mek\u00e2nda temiz bir atmosfer sa\u011flar.<\/li>\n\n\n\n<li><strong>G\u00f6rsel D\u00fczen<\/strong>: Sade ve \u015f\u0131k tasar\u0131mlar, dikkat da\u011f\u0131n\u0131kl\u0131\u011f\u0131n\u0131 minimuma indirerek konsantrasyonu art\u0131r\u0131r.<\/li>\n<\/ul>\n\n\n\n<p>B\u00f6yle tasar\u0131mlar, hem fiziksel hem de zihinsel sa\u011fl\u0131\u011f\u0131 destekleyerek \u00e7al\u0131\u015fanlar\u0131n i\u015f s\u00fcre\u00e7lerine daha fazla odaklanmas\u0131na olanak tan\u0131r.<\/p>\n\n\n\n<h2 class=\"wp-block-heading\">Geri D\u00f6n\u00fc\u015ft\u00fcr\u00fclebilir Ofis Mobilyalar\u0131yla At\u0131klar\u0131 Azaltma Y\u00f6ntemleri<\/h2>\n\n\n\n<p>Ofis alanlar\u0131nda geri d\u00f6n\u00fc\u015ft\u00fcr\u00fclebilir mobilyalar kullanmak, at\u0131klar\u0131 azaltmak i\u00e7in etkili bir stratejidir. Bu y\u00f6ntem sayesinde yaln\u0131zca \u00e7evresel etkiler d\u00fc\u015f\u00fcr\u00fclmekle kalmaz, ayn\u0131 zamanda s\u00fcrd\u00fcr\u00fclebilirlik bilinci de art\u0131r\u0131l\u0131r.<\/p>\n\n\n\n<ul class=\"wp-block-list\">\n<li><strong>Malzeme Se\u00e7imi:<\/strong>&nbsp;Ah\u015fap, metal ve cam gibi geri d\u00f6n\u00fc\u015ft\u00fcr\u00fclebilir malzemelerden \u00fcretilmi\u015f mobilyalar\u0131n tercih edilmesi, kaynak israf\u0131n\u0131 \u00f6nlemeye yard\u0131mc\u0131 olur.<\/li>\n\n\n\n<li><strong>Mod\u00fcler Tasar\u0131mlar:<\/strong>&nbsp;Mod\u00fcler mobilyalar, de\u011fi\u015ftirilmesi veya onar\u0131lmas\u0131 gereken k\u0131s\u0131mlar\u0131n kolayl\u0131kla ayr\u0131labilmesini sa\u011flar. Bu da genel at\u0131k miktar\u0131n\u0131 azalt\u0131r.<\/li>\n\n\n\n<li><strong>\u0130kinci El Mobilya Kullan\u0131m\u0131:<\/strong>&nbsp;\u0130\u015flevselli\u011fini yitirmemi\u015f ikinci el mobilyalar\u0131n yeniden de\u011ferlendirilmesi, d\u00f6ng\u00fcsel bir ekonomiyi destekler.<\/li>\n\n\n\n<li><strong>\u0130\u015fbirlik\u00e7i Geri D\u00f6n\u00fc\u015f\u00fcm Programlar\u0131:<\/strong>&nbsp;Tedarik\u00e7ilerle i\u015f birli\u011fi yaparak ofis mobilyalar\u0131n\u0131n geri d\u00f6n\u00fc\u015f\u00fcm s\u00fcreci organize edilebilir. Bu, kullan\u0131m \u00f6mr\u00fc sona eren e\u015fyalar\u0131n d\u00fczenli olarak geri kazan\u0131lmas\u0131n\u0131 sa\u011flar.<\/li>\n<\/ul>\n\n\n\n<p>Bu y\u00f6ntemlerin uygulanmas\u0131, hem \u00e7evresel s\u00fcrd\u00fcr\u00fclebilirli\u011fi te\u015fvik eder hem de \u015firketlere uzun vadeli maliyet tasarrufu sa\u011flar.<\/p>\n\n\n\n<h2 class=\"wp-block-heading\">Enerji Verimlili\u011fini Art\u0131ran Mobilya Se\u00e7imleri<\/h2>\n\n\n\n<p>Enerji verimlili\u011fini art\u0131ran mobilya se\u00e7imleri, s\u00fcrd\u00fcr\u00fclebilir ofis tasar\u0131mlar\u0131nda \u00f6nemli bir rol oynar. Do\u011fru mobilyalar, enerji kullan\u0131m\u0131n\u0131 azaltabilir ve \u00e7evresel etkileri minimuma indirebilir. \u0130\u015fte enerji verimlili\u011fini destekleyen mobilya se\u00e7imlerinde dikkate al\u0131nmas\u0131 gereken unsurlar:<\/p>\n\n\n\n<ul class=\"wp-block-list\">\n<li><strong>Hafif ve Mod\u00fcler Tasar\u0131mlar<\/strong>: Daha az malzeme gerektiren hafif mobilyalar, \u00fcretim s\u0131ras\u0131nda enerji t\u00fcketimini azalt\u0131r. Mod\u00fcler mobilyalar ise yeniden d\u00fczenlenebilir yap\u0131lar\u0131yla uzun \u00f6m\u00fcrl\u00fc ve s\u00fcrd\u00fcr\u00fclebilir \u00e7\u00f6z\u00fcmler sunar.<\/li>\n\n\n\n<li><strong>Ak\u0131ll\u0131 Entegrasyonlar<\/strong>: Dahili LED ayd\u0131nlatma veya g\u00fcne\u015f enerjisi ile \u00e7al\u0131\u015fan \u015farj \u00fcniteleri ile entegre mobilyalar enerji tasarrufu sa\u011flar.<\/li>\n\n\n\n<li><strong>Do\u011fal I\u015f\u0131kla Uyumlu Tasar\u0131mlar<\/strong>: Yans\u0131t\u0131c\u0131 y\u00fczeyler ve a\u00e7\u0131k renkler kullan\u0131larak do\u011fal \u0131\u015f\u0131k da\u011f\u0131l\u0131m\u0131 art\u0131r\u0131labilir, b\u00f6ylece yapay ayd\u0131nlatma ihtiyac\u0131 azal\u0131r.<\/li>\n\n\n\n<li><strong>Is\u0131 Yal\u0131t\u0131m\u0131 Sa\u011flayan Malzemeler<\/strong>: Kaliteli yal\u0131t\u0131m sa\u011flayan kuma\u015f ve malzemeler, ofis ortam\u0131ndaki s\u0131cakl\u0131k kontrol\u00fcne katk\u0131da bulunabilir.<\/li>\n<\/ul>\n\n\n\n<p>Enerji tasarrufu sa\u011flayan mobilya se\u00e7imleri, yaln\u0131zca \u00e7evre i\u00e7in de\u011fil, ayn\u0131 zamanda i\u015fletmelerin operasyonel maliyetlerini azaltmak i\u00e7in de kritik \u00f6neme sahiptir.<\/p>\n\n\n\n<h2 class=\"wp-block-heading\">Uzun \u00d6m\u00fcrl\u00fc ve Kaliteli Tasar\u0131mlar: Daha Az T\u00fcketim, Daha Az \u0130sraf<\/h2>\n\n\n\n<p>S\u00fcrd\u00fcr\u00fclebilir ofis mobilyalar\u0131, dayan\u0131kl\u0131 yap\u0131lar\u0131yla uzun kullan\u0131m \u00f6mr\u00fc sunar ve b\u00f6ylece daha az s\u0131k de\u011fi\u015fim ihtiyac\u0131 do\u011far. Bu durum hem do\u011fal kaynaklar\u0131n korunmas\u0131na yard\u0131mc\u0131 olur hem de at\u0131k olu\u015fumunu azalt\u0131r. Kaliteli malzemelerden \u00fcretilen mobilyalar, deforme olmadan ve performans kaybetmeden uzun s\u00fcre kullan\u0131labilir.<\/p>\n\n\n\n<ul class=\"wp-block-list\">\n<li><strong>Malzeme Se\u00e7imi:<\/strong>&nbsp;S\u00fcrd\u00fcr\u00fclebilir tasar\u0131mlar genellikle geri d\u00f6n\u00fc\u015ft\u00fcr\u00fclm\u00fc\u015f malzemeler veya sertifikal\u0131 ah\u015fap gibi \u00e7evre dostu materyallerden \u00fcretilir.<\/li>\n\n\n\n<li><strong>Mod\u00fcler Yap\u0131lar:<\/strong>&nbsp;Mod\u00fcler mobilyalar, kullan\u0131c\u0131lar\u0131n ihtiya\u00e7lar\u0131na g\u00f6re eklenebilir veya yeniden yap\u0131land\u0131r\u0131labilir, bu da \u00fcr\u00fcn \u00f6mr\u00fcn\u00fc art\u0131r\u0131r.<\/li>\n\n\n\n<li><strong>Bak\u0131m Kolayl\u0131\u011f\u0131:<\/strong>&nbsp;Kaliteli tasar\u0131mlar, minimum bak\u0131m gerektirerek hem zaman hem de maliyet tasarrufu sa\u011flar.<\/li>\n<\/ul>\n\n\n\n<p>Bu \u00f6zellikler, t\u00fcketim al\u0131\u015fkanl\u0131klar\u0131n\u0131 de\u011fi\u015ftirmeye y\u00f6nelik etkili bir ad\u0131m olarak \u00f6ne \u00e7\u0131kar ve \u00e7evreye duyarl\u0131 bir \u00e7al\u0131\u015fma alan\u0131 yarat\u0131r.<\/p>\n\n\n\n<h2 class=\"wp-block-heading\">Sertifikal\u0131 ve \u00c7evre Dostu Ofis Mobilyalar\u0131n\u0131 Nas\u0131l Se\u00e7melisiniz?<\/h2>\n\n\n\n<p>Ofis mobilyalar\u0131 se\u00e7iminde \u00e7evresel s\u00fcrd\u00fcr\u00fclebilirlik kriterlerine dikkat etmek, hem do\u011fay\u0131 korumak hem de sa\u011fl\u0131kl\u0131 bir \u00e7al\u0131\u015fma ortam\u0131 sa\u011flamak a\u00e7\u0131s\u0131ndan \u00f6nemlidir. \u00c7evre dostu mobilyalar se\u00e7erken a\u015fa\u011f\u0131daki unsurlar g\u00f6z \u00f6n\u00fcnde bulundurulmal\u0131d\u0131r:<\/p>\n\n\n\n<ul class=\"wp-block-list\">\n<li><strong>\u00dcr\u00fcn Sertifikasyonlar\u0131:<\/strong>&nbsp;FSC (Orman Y\u00f6netim Konseyi) sertifikas\u0131, PEFC (Orman Sertifikasyon Sistemi Program\u0131) veya Cradle to Cradle gibi sertifikalara sahip \u00fcr\u00fcnler tercih edilmelidir. Bu sertifikalar, hammaddelerin s\u00fcrd\u00fcr\u00fclebilir kaynaklardan geldi\u011fini garanti eder.<\/li>\n\n\n\n<li><strong>Malzeme Tercihi:<\/strong>&nbsp;Geri d\u00f6n\u00fc\u015ft\u00fcr\u00fclm\u00fc\u015f ya da geri d\u00f6n\u00fc\u015ft\u00fcr\u00fclebilir malzemelerden \u00fcretilmi\u015f mobilyalar se\u00e7ilmelidir. Ah\u015fap mobilyalarda toksik kimyasallardan ar\u0131nd\u0131r\u0131lm\u0131\u015f, do\u011fal malzemeler kullan\u0131lmal\u0131d\u0131r.<\/li>\n\n\n\n<li><strong>Enerji T\u00fcketimi:<\/strong>&nbsp;\u00dcretim s\u00fcre\u00e7lerinde d\u00fc\u015f\u00fck karbon ayak izi b\u0131rakan \u00fcreticilerden tedarik sa\u011flanmal\u0131d\u0131r. Enerji verimli \u00fcretim yapan firmalar\u0131 tercih etmek, ekolojik dengeyi desteklemektedir.<\/li>\n<\/ul>\n\n\n\n<p>Bu kriterleri dikkate almak, ofis mobilyalar\u0131nda \u00e7evreye duyarl\u0131 kararlar almay\u0131 kolayla\u015ft\u0131r\u0131r.<\/p>\n\n\n\n<h2 class=\"wp-block-heading\">\u0130kinci El ve Yenilenebilir Mobilyalarla S\u00fcrd\u00fcr\u00fclebilirlik Deste\u011fi<\/h2>\n\n\n\n<p>Ofis mobilyas\u0131 se\u00e7iminde \u00e7evresel s\u00fcrd\u00fcr\u00fclebilirlik, ikinci el ve yenilenebilir \u00fcr\u00fcnlerle desteklenebilir. \u0130yi durumdaki ikinci el mobilyalar, do\u011fal kaynak t\u00fcketimini azalt\u0131r ve at\u0131k olu\u015fumunu engeller. Bununla birlikte, yenilenmi\u015f mobilyalar, eski par\u00e7alar\u0131n onar\u0131m\u0131 veya modernize edilmesiyle yeniden kullan\u0131ma kazand\u0131r\u0131l\u0131r, b\u00f6ylece \u00fcretim s\u0131ras\u0131nda olu\u015fan karbon ayak izi en aza indirilir.<\/p>\n\n\n\n<ul class=\"wp-block-list\">\n<li><strong>Avantajlar:<\/strong><\/li>\n\n\n\n<li>Kaynak tasarrufu sa\u011flan\u0131r.<\/li>\n\n\n\n<li>\u00c7\u00f6p sahas\u0131 at\u0131klar\u0131 minimize edilir.<\/li>\n\n\n\n<li>Daha d\u00fc\u015f\u00fck maliyetlerle kaliteli \u00fcr\u00fcnler edinilebilir.<\/li>\n<\/ul>\n\n\n\n<p>Bu yakla\u015f\u0131mlar, \u00e7evreye duyarl\u0131 i\u015f yerleri olu\u015fturma s\u00fcrecinin bir par\u00e7as\u0131d\u0131r ve \u00e7al\u0131\u015fanlar\u0131n da s\u00fcrd\u00fcr\u00fclebilirlik bilincini art\u0131r\u0131r.<\/p>\n\n\n\n<h2 class=\"wp-block-heading\">Ye\u015fil Ofis Trendleri: Yeni Nesil \u00c7al\u0131\u015fma Mek\u00e2nlar\u0131ndaki D\u00f6n\u00fc\u015f\u00fcm<\/h2>\n\n\n\n<p>G\u00fcn\u00fcm\u00fcz \u00e7al\u0131\u015fma ortamlar\u0131; enerji verimlili\u011fi, s\u00fcrd\u00fcr\u00fclebilir malzeme kullan\u0131m\u0131 ve \u00e7evresel etkilerin azalt\u0131lmas\u0131 \u00fczerine odaklanarak ye\u015fil ofis konseptine y\u00f6neliyor. Bu d\u00f6n\u00fc\u015f\u00fcm, yaln\u0131zca \u00e7evre dostu malzemelerle s\u0131n\u0131rl\u0131 kalm\u0131yor; ayn\u0131 zamanda \u00e7al\u0131\u015fanlar\u0131n refah\u0131n\u0131 art\u0131ran inovatif tasar\u0131mlar\u0131 da i\u00e7ine al\u0131yor.<\/p>\n\n\n\n<h2 class=\"wp-block-heading\">Yeni Nesil Uygulamalar<\/h2>\n\n\n\n<ul class=\"wp-block-list\">\n<li><strong>Do\u011fal Ayd\u0131nlatma ve Enerji Tasarrufu<\/strong>: LED ayd\u0131nlatmalar ve ak\u0131ll\u0131 sistemlerle enerji t\u00fcketimi optimize ediliyor. Pencere tasar\u0131mlar\u0131nda, g\u00fcn \u0131\u015f\u0131\u011f\u0131n\u0131 maksimum kullanmak \u00f6ncelikli.<\/li>\n\n\n\n<li><strong>Geri D\u00f6n\u00fc\u015ft\u00fcr\u00fclebilir Mobilyalar<\/strong>: Ah\u015fap, bambu ve geri kazan\u0131lm\u0131\u015f plastik gibi s\u00fcrd\u00fcr\u00fclebilir materyaller tercih ediliyor.<\/li>\n\n\n\n<li><strong>\u0130\u00e7 Mek\u00e2n Ye\u015fillendirme<\/strong>: Bitkiler, hava kalitesini art\u0131r\u0131rken estetik bir denge sa\u011fl\u0131yor.<\/li>\n\n\n\n<li><strong>\u00c7ok Ama\u00e7l\u0131 Tasar\u0131mlar<\/strong>: Esnek \u00e7al\u0131\u015fma alanlar\u0131 i\u00e7in ergonomik ve mod\u00fcler mobilyalar kullan\u0131l\u0131yor.<\/li>\n<\/ul>\n\n\n\n<p>Bu trendler, i\u015f yerlerini hem do\u011faya hem de \u00e7al\u0131\u015fanlar\u0131n ihtiya\u00e7lar\u0131na uyumlu hale getiriyor.<\/p>\n\n\n\n<h2 class=\"wp-block-heading\">S\u00fcrd\u00fcr\u00fclebilir Mobilya Sat\u0131n Al\u0131m\u0131nda B\u00fct\u00e7e Dostu \u00c7\u00f6z\u00fcmler<\/h2>\n\n\n\n<p>S\u00fcrd\u00fcr\u00fclebilir mobilya sat\u0131n al\u0131m\u0131, b\u00fct\u00e7eyi zorlamadan \u00e7evre dostu bir \u00e7al\u0131\u015fma alan\u0131 yaratmak isteyenler i\u00e7in bir\u00e7ok se\u00e7enek sunar. Ekolojik dengeyi g\u00f6z \u00f6n\u00fcnde bulundurarak tasarlanm\u0131\u015f \u00fcr\u00fcnler hem uzun \u00f6m\u00fcrl\u00fc kullan\u0131m sa\u011flar hem de finansal a\u00e7\u0131dan avantajl\u0131d\u0131r.<\/p>\n\n\n\n<ol class=\"wp-block-list\">\n<li><strong>Geri D\u00f6n\u00fc\u015ft\u00fcr\u00fclm\u00fc\u015f Malzemelerden \u00dcretilen Mobilyalar<\/strong>&nbsp;Yenilenmi\u015f veya geri d\u00f6n\u00fc\u015ft\u00fcr\u00fclm\u00fc\u015f malzemelerle \u00fcretilen mobilyalar, yeni kaynak kullan\u0131m\u0131n\u0131 azalt\u0131rken maliyetlerin d\u00fc\u015f\u00fcr\u00fclmesine olanak tan\u0131r. Bu mobilyalar modern tasar\u0131mlarla uyum sa\u011flayabilir.<\/li>\n\n\n\n<li><strong>\u0130kinci El Mobilya Se\u00e7enekleri<\/strong>&nbsp;Kaliteli ikinci el mobilyalar sat\u0131n almak, hem b\u00fct\u00e7e dostu bir yakla\u015f\u0131m sunar hem de mobilyalar\u0131n yeniden de\u011ferlendirilmesine katk\u0131 sa\u011flar. \u0130yi korunmu\u015f \u00fcr\u00fcnler yeni mobilyalara g\u00f6re daha d\u00fc\u015f\u00fck maliyetlidir.<\/li>\n\n\n\n<li><strong>Mod\u00fcler ve \u00c7ok Ama\u00e7l\u0131 Tasar\u0131mlar<\/strong>&nbsp;Fonksiyonel kullan\u0131m sunan mod\u00fcler mobilyalar, birden fazla i\u015flevi yerine getirerek maliyetten tasarruf ettirir. Bu t\u00fcr mobilyalar \u00f6zellikle dar \u00e7al\u0131\u015fma alanlar\u0131 i\u00e7in ideal \u00e7\u00f6z\u00fcmler sunar.<\/li>\n\n\n\n<li><strong>Yerel \u00dcreticilere Destek<\/strong>&nbsp;Yerel \u00fcreticilerden mobilya almak, nakliye maliyetlerini azalt\u0131r ve karbon ayak izini k\u00fc\u00e7\u00fclt\u00fcr. Ayn\u0131 zamanda yerel ekonomiye katk\u0131 sa\u011flamak da m\u00fcmk\u00fcnd\u00fcr.<\/li>\n<\/ol>\n\n\n\n<p>S\u00fcrd\u00fcr\u00fclebilirlik ve b\u00fct\u00e7e dengesi aras\u0131nda bir denge kurmak, hem \u00e7evreye duyarl\u0131 hem de maliyet bilin\u00e7li se\u00e7imleri te\u015fvik eder.<\/p>\n\n\n\n<h2 class=\"wp-block-heading\">Daha Ye\u015fil Bir Gelecek \u0130\u00e7in Kurumlar\u0131n \u00dcstlenmesi Gereken Sorumluluklar<\/h2>\n\n\n\n<p>Kurumlar, \u00e7evresel s\u00fcrd\u00fcr\u00fclebilirli\u011fi te\u015fvik etmek i\u00e7in b\u00fcy\u00fck bir sorumlulu\u011fa sahiptir. Ye\u015fil bir gelecek hedeflenirken, i\u015fletmelerin dikkat etmesi gereken birka\u00e7 \u00f6nemli alan bulunmaktad\u0131r:<\/p>\n\n\n\n<ul class=\"wp-block-list\">\n<li><strong>Malzeme Se\u00e7imi<\/strong>: Ofis mobilyalar\u0131nda geri d\u00f6n\u00fc\u015ft\u00fcr\u00fclebilir ve \u00e7evre dostu malzemelerin kullan\u0131m\u0131 te\u015fvik edilmelidir. Ah\u015fap, d\u00fc\u015f\u00fck karbon ayak izine sahip se\u00e7enekler aras\u0131nda \u00f6ne \u00e7\u0131kar.<\/li>\n\n\n\n<li><strong>Enerji Verimlili\u011fi<\/strong>: \u00dcretim ve tedarik s\u00fcre\u00e7leri s\u0131ras\u0131nda enerji t\u00fcketimlerini minimize eden yenilik\u00e7i teknolojiler benimsenmelidir.<\/li>\n\n\n\n<li><strong>At\u0131k Y\u00f6netimi<\/strong>: Tasar\u0131m a\u015famas\u0131nda mod\u00fcler mobilya sistemleri tercih edilerek \u00fcr\u00fcnlerin \u00f6mr\u00fc uzat\u0131labilir ve at\u0131k miktar\u0131 azalt\u0131labilir.<\/li>\n\n\n\n<li><strong>\u015eeffaf \u0130leti\u015fim<\/strong>: T\u00fcketicilere \u00fcr\u00fcnlerin \u00e7evresel etkileri hakk\u0131nda bilgi aktar\u0131lmas\u0131, daha bilin\u00e7li tercihler yap\u0131lmas\u0131na olanak tan\u0131r.<\/li>\n<\/ul>\n\n\n\n<p>Kurumlar\u0131n bu sorumluluklar\u0131 sahiplenmesi, s\u00fcrd\u00fcr\u00fclebilir i\u015f modellerinin yayg\u0131nla\u015fmas\u0131n\u0131 kolayla\u015ft\u0131r\u0131r.<\/p>","protected":false},"excerpt":{"rendered":"<p>Pellentesque feugiat, sem id interdum molestie, libero nibh imperdiet velit, sodales elementum enim sem sed lectus. Vivamus viverra diam congue tristique pellentesque. Proin efficitur est vel lectus ultrices rhoncus eu ut lacus. In gravida leo at justo lobortis, vitae aliquet justo vehicula. Maecenas at facilisis ex. Curabitur cursus, ex id efficitur ultrices, sapien mauris sodales<\/p>","protected":false},"author":10,"featured_media":28542,"comment_status":"closed","ping_status":"closed","sticky":false,"template":"","format":"standard","meta":{"_monsterinsights_skip_tracking":false,"_monsterinsights_sitenote_active":false,"_monsterinsights_sitenote_note":"","_monsterinsights_sitenote_category":0,"footnotes":""},"categories":[404,406,408],"tags":[],"class_list":["post-28540","post","type-post","status-publish","format-standard","has-post-thumbnail","hentry","category-is-dunyasi","category-ofis-dekorasyonu","category-ofis-mobilyalari"],"_links":{"self":[{"href":"https:\/\/kuansofis.com\/en\/wp-json\/wp\/v2\/posts\/28540","targetHints":{"allow":["GET"]}}],"collection":[{"href":"https:\/\/kuansofis.com\/en\/wp-json\/wp\/v2\/posts"}],"about":[{"href":"https:\/\/kuansofis.com\/en\/wp-json\/wp\/v2\/types\/post"}],"author":[{"embeddable":true,"href":"https:\/\/kuansofis.com\/en\/wp-json\/wp\/v2\/users\/10"}],"replies":[{"embeddable":true,"href":"https:\/\/kuansofis.com\/en\/wp-json\/wp\/v2\/comments?post=28540"}],"version-history":[{"count":1,"href":"https:\/\/kuansofis.com\/en\/wp-json\/wp\/v2\/posts\/28540\/revisions"}],"predecessor-version":[{"id":137825,"href":"https:\/\/kuansofis.com\/en\/wp-json\/wp\/v2\/posts\/28540\/revisions\/137825"}],"wp:featuredmedia":[{"embeddable":true,"href":"https:\/\/kuansofis.com\/en\/wp-json\/wp\/v2\/media\/28542"}],"wp:attachment":[{"href":"https:\/\/kuansofis.com\/en\/wp-json\/wp\/v2\/media?parent=28540"}],"wp:term":[{"taxonomy":"category","embeddable":true,"href":"https:\/\/kuansofis.com\/en\/wp-json\/wp\/v2\/categories?post=28540"},{"taxonomy":"post_tag","embeddable":true,"href":"https:\/\/kuansofis.com\/en\/wp-json\/wp\/v2\/tags?post=28540"}],"curies":[{"name":"wp","href":"https:\/\/api.w.org\/{rel}","templated":true}]}}