{"id":28535,"date":"2025-07-08T14:15:14","date_gmt":"2025-07-08T11:15:14","guid":{"rendered":"https:\/\/kuansofis.com\/?p=28535"},"modified":"2026-01-13T15:19:17","modified_gmt":"2026-01-13T12:19:17","slug":"kucuk-ofisler-icin-fonksiyonel-mobilya-cozumleri-rehberi","status":"publish","type":"post","link":"https:\/\/kuansofis.com\/en\/kucuk-ofisler-icin-fonksiyonel-mobilya-cozumleri-rehberi\/","title":{"rendered":"K\u00fc\u00e7\u00fck Ofisler \u0130\u00e7in Fonksiyonel Mobilya \u00c7\u00f6z\u00fcmleri Rehberi"},"content":{"rendered":"<h2 class=\"wp-block-heading\">K\u00fc\u00e7\u00fck Ofisler \u0130\u00e7in Mobilya Se\u00e7iminde Nelere Dikkat Edilmeli?<\/h2>\n\n\n\n<p>K\u00fc\u00e7\u00fck ofis alanlar\u0131 i\u00e7in mobilya se\u00e7imi, hem i\u015flevsellik hem de estetik a\u00e7\u0131dan dikkatli bir planlama gerektirir. Do\u011fru se\u00e7imler, alan\u0131n verimli kullan\u0131m\u0131n\u0131 sa\u011flarken \u00e7al\u0131\u015fanlar\u0131n konforunu art\u0131r\u0131r.<\/p>\n\n\n\n<h2 class=\"wp-block-heading\">Dikkat Edilmesi Gereken Noktalar<\/h2>\n\n\n\n<ul class=\"wp-block-list\">\n<li><strong>Boyut ve \u00d6l\u00e7\u00fcler:<\/strong>\u00a0Mobilya se\u00e7iminde alan\u0131n boyutlar\u0131 g\u00f6z \u00f6n\u00fcnde bulundurulmal\u0131d\u0131r. B\u00fcy\u00fck, hantal mobilyalar yerine kompakt ve mod\u00fcler se\u00e7enekler tercih edilmelidir.<\/li>\n\n\n\n<li><strong>\u00c7ok \u0130\u015flevlilik:<\/strong>\u00a0Birden fazla fonksiyona sahip mobilyalar, k\u00fc\u00e7\u00fck ofislerde avantaj sa\u011flar. Katlanabilir masalar, depolama alan\u0131 sunan oturma gruplar\u0131 buna \u00f6rnektir.<\/li>\n\n\n\n<li><strong>Depolama \u00c7\u00f6z\u00fcmleri:<\/strong>\u00a0Da\u011f\u0131n\u0131kl\u0131\u011f\u0131 \u00f6nlemek i\u00e7in \u00e7ekmeceli masalar, raf sistemleri ve dikey depolama \u00fcniteleri kullan\u0131lmal\u0131d\u0131r.<\/li>\n\n\n\n<li><strong>Ergonomi:<\/strong>\u00a0Uzun saatler \u00e7al\u0131\u015fan ki\u015filer i\u00e7in ergonomik tasarlanm\u0131\u015f mobilyalar hem sa\u011fl\u0131k hem de verimlilik a\u00e7\u0131s\u0131ndan \u00f6nem ta\u015f\u0131r.<\/li>\n\n\n\n<li><strong>Malzeme ve Dayan\u0131kl\u0131l\u0131k:<\/strong>\u00a0Se\u00e7ilecek mobilyalar\u0131n dayan\u0131kl\u0131 malzemelerden yap\u0131lm\u0131\u015f olmas\u0131 uzun vadede tasarruf sa\u011flar.<\/li>\n\n\n\n<li><strong>Ayd\u0131nlatma ile Uyumluluk:<\/strong>\u00a0Mobilyalar\u0131n, mevcut \u0131\u015f\u0131k d\u00fczenini engellememesine ve a\u00e7\u0131k renkli materyallerin alan\u0131 geni\u015f g\u00f6stermesine dikkat edilmelidir.<\/li>\n<\/ul>\n\n\n\n<p>K\u00fc\u00e7\u00fck ofislerde do\u011fru mobilya se\u00e7imi, hem i\u015f ak\u0131\u015f\u0131n\u0131 optimize eder hem de daha verimli bir \u00e7al\u0131\u015fma ortam\u0131 yarat\u0131r.<\/p>\n\n\n\n<h2 class=\"wp-block-heading\">Alan\u0131 Verimli Kullanman\u0131n \u00d6nemi<\/h2>\n\n\n\n<p>K\u00fc\u00e7\u00fck ofis ortamlar\u0131nda alan\u0131n verimli kullan\u0131lmas\u0131, hem \u00e7al\u0131\u015fanlar\u0131n konforu hem de i\u015f ak\u0131\u015flar\u0131n\u0131n verimlili\u011fi i\u00e7in b\u00fcy\u00fck bir \u00f6neme sahiptir. D\u00fczensiz veya plans\u0131z yerle\u015fim, \u00e7al\u0131\u015fma alan\u0131n\u0131 daraltarak odaklanmay\u0131 zorla\u015ft\u0131rabilir ve \u00fcretkenli\u011fi olumsuz etkileyebilir.<\/p>\n\n\n\n<p>Alan y\u00f6netiminde etkili mobilya se\u00e7imleri kritik bir rol oynar. \u00d6zellikle<\/p>\n\n\n\n<ul class=\"wp-block-list\">\n<li><strong>mod\u00fcler mobilyalar<\/strong>\u00a0daha az yer kaplayan ve \u00e7e\u015fitli kullan\u0131mlara uygun \u00e7\u00f6z\u00fcmler sunabilir<\/li>\n<\/ul>\n\n\n\n<h2 class=\"wp-block-heading\">Fonksiyonel Masalar: K\u00fc\u00e7\u00fck Ofisler \u0130\u00e7in En \u0130yi Se\u00e7imler<\/h2>\n\n\n\n<p>K\u00fc\u00e7\u00fck ofislerde alan tasarrufu sa\u011flamak ve \u00e7al\u0131\u015fma verimlili\u011fini art\u0131rmak i\u00e7in fonksiyonel masalar kritik bir rol oynar. Kullan\u0131c\u0131n\u0131n ihtiya\u00e7lar\u0131na uygun olarak tasarlanm\u0131\u015f, estetik ve pratik masalar hem d\u00fczeni sa\u011flar hem de \u00e7al\u0131\u015fma alan\u0131n\u0131 daha konforlu hale getirir.<\/p>\n\n\n\n<h2 class=\"wp-block-heading\">K\u00fc\u00e7\u00fck Ofisler \u0130\u00e7in Tercih Edilebilecek Masalar:<\/h2>\n\n\n\n<ul class=\"wp-block-list\">\n<li><strong>Katlanabilir Masalar:<\/strong>\u00a0Kapan\u0131p kald\u0131r\u0131labilir \u00f6zelli\u011fi sayesinde alan\u0131n esnek kullan\u0131m\u0131 m\u00fcmk\u00fcn olur.<\/li>\n\n\n\n<li><strong>Depolama Alanl\u0131 Masalar:<\/strong>\u00a0Entegre \u00e7ekmece ve raf sistemleriyle ek depolama sa\u011flar.<\/li>\n\n\n\n<li><strong>L \u015eekilli \u00c7al\u0131\u015fma Masalar\u0131:<\/strong>\u00a0K\u00f6\u015fe alanlar\u0131n\u0131 de\u011ferlendirmek i\u00e7in m\u00fckemmel bir se\u00e7enek sunar.<\/li>\n\n\n\n<li><strong>Ayarlanabilir Y\u00fcksekli\u011fe Sahip Masalar:<\/strong>\u00a0Ergonomiyi \u00f6n planda tutarak oturarak veya ayakta \u00e7al\u0131\u015fma f\u0131rsat\u0131 sa\u011flar.<\/li>\n<\/ul>\n\n\n\n<p>Bu masalar\u0131n malzeme kalitesi, dayan\u0131kl\u0131l\u0131\u011f\u0131 ve i\u015flevselli\u011fi, k\u00fc\u00e7\u00fck ofislerde uzun s\u00fcreli kullan\u0131m\u0131 kolayla\u015ft\u0131r\u0131r.<\/p>\n\n\n\n<h2 class=\"wp-block-heading\">\u00c7ok Ama\u00e7l\u0131 ve Katlanabilir Mobilyalar<\/h2>\n\n\n\n<p>K\u00fc\u00e7\u00fck ofis alanlar\u0131nda d\u00fczen ve verimlilik sa\u011flamak i\u00e7in \u00e7ok ama\u00e7l\u0131 ve katlanabilir mobilyalar olduk\u00e7a etkili bir \u00e7\u00f6z\u00fcm sunar. Bu t\u00fcr mobilyalar, yaln\u0131zca yer tasarrufu sa\u011flamakla kalmaz, ayn\u0131 zamanda birden fazla i\u015flevi yerine getirebilme \u00f6zelli\u011fiyle ofis kullan\u0131c\u0131lar\u0131n\u0131n ihtiya\u00e7lar\u0131na uyum sa\u011flar.<\/p>\n\n\n\n<h2 class=\"wp-block-heading\">Avantajlar:<\/h2>\n\n\n\n<ul class=\"wp-block-list\">\n<li><strong>Yer Tasarrufu:<\/strong>\u00a0Katlanabilir masalar, kullan\u0131lmad\u0131\u011f\u0131nda kolayca kald\u0131r\u0131larak alan\u0131n daha d\u00fczenli g\u00f6r\u00fcnmesini sa\u011flar.<\/li>\n\n\n\n<li><strong>\u00c7ok \u0130\u015flevlilik:<\/strong>\u00a0\u00c7ekmeceli oturma birimleri veya d\u00f6n\u00fc\u015ft\u00fcr\u00fclebilen masa-sandalye kombinasyonlar\u0131, farkl\u0131 kullan\u0131m se\u00e7enekleri sunar.<\/li>\n\n\n\n<li><strong>Ta\u015f\u0131nabilirlik:<\/strong>\u00a0Hafif ve katlanabilir yap\u0131s\u0131, mobilyalar\u0131n yer de\u011fi\u015ftirilmesini kolayla\u015ft\u0131r\u0131r.<\/li>\n<\/ul>\n\n\n\n<p>Katlanabilir mobilyalar, \u00f6zellikle payla\u015f\u0131lan veya d\u00f6n\u00fc\u015f\u00fcml\u00fc kullan\u0131m gerektiren ofis ortamlar\u0131 i\u00e7in idealdir. Ayn\u0131 zamanda, i\u015flevsel mod\u00fcller sayesinde \u00e7al\u0131\u015fanlar\u0131n bireysel ihtiya\u00e7lar\u0131n\u0131 kar\u015f\u0131layabilecek bir esneklik sunar.<\/p>\n\n\n\n<h2 class=\"wp-block-heading\">Duvar Raflar\u0131 ve Dikey Depolama \u00c7\u00f6z\u00fcmleri<\/h2>\n\n\n\n<p>K\u00fc\u00e7\u00fck ofislerde alan\u0131n verimli kullan\u0131m\u0131, d\u00fczenli ve i\u015flevsel bir \u00e7al\u0131\u015fma ortam\u0131 olu\u015fturmak i\u00e7in son derece \u00f6nemlidir. Duvar raflar\u0131 ve dikey depolama se\u00e7enekleri, s\u0131n\u0131rl\u0131 alan\u0131 optimize ederken modern bir estetik sunar.<\/p>\n\n\n\n<h2 class=\"wp-block-heading\">Duvar Raflar\u0131n\u0131n Avantajlar\u0131<\/h2>\n\n\n\n<ul class=\"wp-block-list\">\n<li><strong>Yer Tasarrufu<\/strong>: Zemin alan\u0131n\u0131 bo\u015f b\u0131rakarak daha ferah bir his yarat\u0131r.<\/li>\n\n\n\n<li><strong>Eri\u015fim Kolayl\u0131\u011f\u0131<\/strong>: S\u0131k kullan\u0131lan dosya, kitap veya dekoratif objeler kolayca eri\u015filebilir hale gelir.<\/li>\n\n\n\n<li><strong>Dekoratif Kullan\u0131m<\/strong>: Minimal ama \u015f\u0131k bir g\u00f6rsellik sa\u011flar.<\/li>\n<\/ul>\n\n\n\n<h2 class=\"wp-block-heading\">Dikey Depolama \u00c7\u00f6z\u00fcmleri<\/h2>\n\n\n\n<ul class=\"wp-block-list\">\n<li><strong>Dolap Sistemleri<\/strong>: Tavana kadar uzanan dolaplar, \u00e7ok say\u0131da e\u015fyan\u0131n d\u00fczenli bir \u015fekilde saklanmas\u0131n\u0131 m\u00fcmk\u00fcn k\u0131lar.<\/li>\n\n\n\n<li><strong>Mod\u00fcler Raflar<\/strong>: \u00d6zelle\u015ftirilebilir yap\u0131lar\u0131 sayesinde mevcut alana uyum sa\u011flar.<\/li>\n\n\n\n<li><strong>Ask\u0131 Panelleri<\/strong>: Dosyalar, k\u0131rtasiye ve di\u011fer k\u00fc\u00e7\u00fck e\u015fyalar i\u00e7in pratik \u00e7\u00f6z\u00fcmler sunar.<\/li>\n<\/ul>\n\n\n\n<p>Bu \u00e7\u00f6z\u00fcmler, i\u015flevselli\u011fi art\u0131rarak hem \u00e7al\u0131\u015fma alan\u0131n\u0131z\u0131 daha d\u00fczenli tutman\u0131za hem de ofisinize estetik bir dokunu\u015f katman\u0131za olanak tan\u0131r.<\/p>\n\n\n\n<h2 class=\"wp-block-heading\">Minimalist ve Modular Ofis Mobilyalar\u0131n\u0131n \u00d6zellikleri<\/h2>\n\n\n\n<p>Minimalist ve modular ofis mobilyalar\u0131, k\u00fc\u00e7\u00fck alanlar i\u00e7in maksimum verimlilik sa\u011flamay\u0131 hedefler. Bu t\u00fcr mobilyalar, basit ama i\u015flevsel tasar\u0131mlar sunarak estetik ile kullan\u0131m kolayl\u0131\u011f\u0131n\u0131 bir araya getirir. Minimalist mobilyalar genellikle d\u00fcz \u00e7izgileri ve sade renk paletleri tercih eder; bu da ofislerde daha geni\u015f ve d\u00fczenli bir g\u00f6r\u00fcn\u00fcm yarat\u0131r.<\/p>\n\n\n\n<p>Modular mobilyalar ise \u00e7ok y\u00f6nl\u00fc kullan\u0131m imkan\u0131 sunar. Farkl\u0131 par\u00e7alar\u0131 birle\u015ftirerek \u00f6zelle\u015ftirilebilir yap\u0131lar olu\u015fturmak m\u00fcmk\u00fcnd\u00fcr. Bu mobilyalar, b\u00fcy\u00fcyen ya da de\u011fi\u015fen ihtiya\u00e7lara kolayca adapte olabilir. \u00d6rne\u011fin:<\/p>\n\n\n\n<ul class=\"wp-block-list\">\n<li><strong>Katlanabilir masalar ve sandalyeler:<\/strong>\u00a0Kullan\u0131lmad\u0131\u011f\u0131nda yer tasarrufu sa\u011flar.<\/li>\n\n\n\n<li><strong>Depolama birimleri:<\/strong>\u00a0Mod\u00fcler raf sistemleri, hem belgeleri d\u00fczenli tutar hem de e\u015fyalara kolay eri\u015fim sunar.<\/li>\n\n\n\n<li><strong>Tekerlekli \u00fcniteler:<\/strong>\u00a0Ta\u015f\u0131nabilirli\u011fi art\u0131rarak esnek \u00e7al\u0131\u015fma alanlar\u0131 yarat\u0131r.<\/li>\n<\/ul>\n\n\n\n<p>Bu mobilyalar, hem tasar\u0131m hem de dayan\u0131kl\u0131l\u0131k a\u00e7\u0131s\u0131ndan uzun vadeli \u00e7\u00f6z\u00fcmler sunar ve fonksiyonel \u00f6zellikleri ile \u00f6ne \u00e7\u0131kar.<\/p>\n\n\n\n<h2 class=\"wp-block-heading\">Ayd\u0131nlatma ve Mobilya Kombinasyonu \u0130le Alan Geni\u015fletme<\/h2>\n\n\n\n<p>Ofislerde do\u011fru ayd\u0131nlatma ve mobilya kombinasyonu, hem g\u00f6rsel hem de fiziksel a\u00e7\u0131dan alan hissini geni\u015fletmede etkili bir y\u00f6ntem sunar. \u00d6zellikle k\u00fc\u00e7\u00fck ofislerde \u0131\u015f\u0131\u011f\u0131n do\u011fru kullan\u0131m\u0131 kritik bir \u00f6neme sahiptir. Minimal tasar\u0131ma sahip, a\u00e7\u0131k renkli mobilyalar, \u0131\u015f\u0131\u011f\u0131 daha iyi yans\u0131tarak mekan\u0131n ferah ve geni\u015f g\u00f6r\u00fcnmesini destekler.<\/p>\n\n\n\n<ul class=\"wp-block-list\">\n<li><strong>Do\u011fal I\u015f\u0131\u011f\u0131n \u00d6nemi:<\/strong>\u00a0Pencerelerin \u00f6n\u00fcne al\u00e7ak profilli mobilyalar yerle\u015ftirilerek do\u011fal \u0131\u015f\u0131k ak\u0131\u015f\u0131 kesilmeden alan ayd\u0131nlat\u0131labilir.<\/li>\n\n\n\n<li><strong>Ayd\u0131nlatma Tercihleri:<\/strong>\u00a0Ayarlanabilir LED lambalar veya g\u00f6mme ayd\u0131nlatma se\u00e7enekleriyle hem i\u015flevsellik hem de estetik dengesi sa\u011flanabilir.<\/li>\n\n\n\n<li><strong>Mobilya ve Aksesuar Uyumu:<\/strong>\u00a0Cam y\u00fczeyli masa veya raflar gibi \u015feffaf materyaller tercih edilerek alan hissi art\u0131r\u0131labilir.<\/li>\n<\/ul>\n\n\n\n<p>Bu stratejiler, fazla yer kaplamadan hem \u015f\u0131kl\u0131\u011f\u0131 hem de i\u015flevselli\u011fi korur ve ofise profesyonel bir g\u00f6r\u00fcn\u00fcm kazand\u0131r\u0131r.<\/p>\n\n\n\n<h2 class=\"wp-block-heading\">Renklerin Ofis Mobilyalar\u0131nda Alan Alg\u0131s\u0131na Etkisi<\/h2>\n\n\n\n<p>Ofis mobilyalar\u0131n\u0131n renk se\u00e7imi, alan\u0131n alg\u0131lan\u0131\u015f\u0131nda \u00f6nemli bir rol oynar. Do\u011fru renk kullan\u0131mlar\u0131, k\u00fc\u00e7\u00fck ofislerde ferah, d\u00fczenli ve davetk\u00e2r bir atmosfer olu\u015fturabilir. A\u00e7\u0131k ve n\u00f6tr tonlar, mek\u00e2n\u0131n daha geni\u015f alg\u0131lanmas\u0131na yard\u0131mc\u0131 olurken koyu renkler daha dar ve yo\u011fun bir his uyand\u0131rabilir.<\/p>\n\n\n\n<p>A\u015fa\u011f\u0131daki unsurlar dikkate al\u0131nmal\u0131d\u0131r:<\/p>\n\n\n\n<ul class=\"wp-block-list\">\n<li><strong>A\u00e7\u0131k renkler<\/strong>, \u00f6zellikle beyaz, krem ve pastel tonlar\u0131, \u0131\u015f\u0131\u011f\u0131 yans\u0131tarak alan\u0131 daha b\u00fcy\u00fck g\u00f6sterir.<\/li>\n\n\n\n<li><strong>Kontrast kullan\u0131m\u0131<\/strong>, oda\u011f\u0131n\u0131z\u0131 belirli bir noktaya y\u00f6nlendirerek d\u00fczen hissi yarat\u0131r.<\/li>\n\n\n\n<li><strong>Do\u011fal tonlar<\/strong>, \u00e7al\u0131\u015fma alan\u0131nda huzurlu bir ambiyans olu\u015fturur.<\/li>\n<\/ul>\n\n\n\n<p>Renklerin g\u00f6rsel etkileri, fonksiyonel alan y\u00f6netiminde psikolojik bir denge sa\u011flayabilir.<\/p>\n\n\n\n<h2 class=\"wp-block-heading\">Ergonomik Mobilyalar: Konfor ve Verimlilik Dengesi<\/h2>\n\n\n\n<p>Ergonomik mobilyalar, k\u00fc\u00e7\u00fck ofis d\u00fczenlemelerinde konforu ve \u00fcretkenli\u011fi art\u0131rman\u0131n temel unsurlar\u0131ndan biridir. \u00c7al\u0131\u015fanlar\u0131n uzun s\u00fcreler masa ba\u015f\u0131nda ge\u00e7irdi\u011fi g\u00f6z \u00f6n\u00fcne al\u0131n\u0131rsa, do\u011fru mobilya se\u00e7imlerinin fiziksel ve zihinsel sa\u011fl\u0131k \u00fczerindeki etkisi b\u00fcy\u00fckt\u00fcr. Ergonomik mobilyalar\u0131n ofis ortam\u0131na katk\u0131 sa\u011flad\u0131\u011f\u0131 birka\u00e7 \u00f6nemli alan \u015fu \u015fekilde s\u0131ralanabilir:<\/p>\n\n\n\n<ul class=\"wp-block-list\">\n<li><strong>Do\u011fru oturma pozisyonu sa\u011flar:<\/strong>\u00a0Ergonomik ofis sandalyeleri, bel deste\u011fi ve ayarlanabilir oturma y\u00fcksekli\u011fi sayesinde rahat bir oturma deneyimi sunar. Bu da uzun s\u00fcreli \u00e7al\u0131\u015fma s\u0131ras\u0131nda olu\u015fabilecek s\u0131rt ve boyun a\u011fr\u0131lar\u0131n\u0131n \u00f6nlenmesine yard\u0131mc\u0131 olur.<\/li>\n\n\n\n<li><strong>Verimli\u011fi art\u0131r\u0131r:<\/strong>\u00a0Rahat bir ofis ortam\u0131, konsantrasyonu \u00fcst seviyeye \u00e7\u0131kar\u0131rken, \u00e7al\u0131\u015fanlar\u0131n i\u015flerine daha iyi odaklanmalar\u0131n\u0131 sa\u011flar. Ayakta \u00e7al\u0131\u015fmaya olanak sunan ayarlanabilir masalar modern ofislerde s\u0131k\u00e7a tercih edilmektedir.<\/li>\n\n\n\n<li><strong>Alan kullan\u0131m\u0131n\u0131 optimize eder:<\/strong>\u00a0\u00d6zellikle k\u00fc\u00e7\u00fck ofislerde ergonomik tasar\u0131mlar, alan\u0131 verimli kullanmay\u0131 kolayla\u015ft\u0131r\u0131r. Katlanabilir veya hareketli mobilyalar, dar alanlarda esnek bir \u00e7al\u0131\u015fma d\u00fczeni sa\u011flar.<\/li>\n<\/ul>\n\n\n\n<p>Bu a\u00e7\u0131dan, ergonomik mobilya se\u00e7imi, hem \u00e7al\u0131\u015fan sa\u011fl\u0131\u011f\u0131 hem de ofis operasyonlar\u0131n\u0131n p\u00fcr\u00fczs\u00fcz bir \u015fekilde devam etmesi i\u00e7in kritik \u00f6neme sahiptir.<\/p>\n\n\n\n<h2 class=\"wp-block-heading\">K\u00fc\u00e7\u00fck Ofislerde Depolama \u00c7\u00f6z\u00fcmleri: Dolap ve \u00c7ekmeceler<\/h2>\n\n\n\n<p>K\u00fc\u00e7\u00fck ofislerde alan verimlili\u011fini art\u0131rmak i\u00e7in do\u011fru depolama \u00e7\u00f6z\u00fcmleri se\u00e7mek b\u00fcy\u00fck \u00f6nem ta\u015f\u0131r. Dolap ve \u00e7ekmeceler, hem i\u015flevsel hem de estetik bir depolama se\u00e7ene\u011fi sunar. Ofis mobilyalar\u0131 se\u00e7ilirken, yerden tasarruf sa\u011flayan ince ve dikey tasar\u0131ml\u0131 dolaplar tercih edilmelidir.<\/p>\n\n\n\n<h2 class=\"wp-block-heading\">Dolap Se\u00e7imi<\/h2>\n\n\n\n<ul class=\"wp-block-list\">\n<li><strong>Kapakl\u0131 Dolaplar<\/strong>: Da\u011f\u0131n\u0131kl\u0131\u011f\u0131 gizleyerek d\u00fczenli bir g\u00f6r\u00fcn\u00fcm sa\u011flar.<\/li>\n\n\n\n<li><strong>A\u00e7\u0131k Rafl\u0131 Dolaplar<\/strong>: Kitap, klas\u00f6r ve s\u0131kl\u0131kla kullan\u0131lan malzemeler i\u00e7in idealdir.<\/li>\n\n\n\n<li><strong>Mod\u00fcler Dolaplar<\/strong>: \u0130htiyaca g\u00f6re yeniden d\u00fczenlenebilir.<\/li>\n<\/ul>\n\n\n\n<h2 class=\"wp-block-heading\">\u00c7ekmece \u00c7\u00f6z\u00fcmleri<\/h2>\n\n\n\n<ul class=\"wp-block-list\">\n<li><strong>Tekerlekli Kesonlar<\/strong>: Ta\u015f\u0131nabilir yap\u0131s\u0131yla esneklik sunar.<\/li>\n\n\n\n<li><strong>Kilitli \u00c7ekmece Sistemleri<\/strong>: Gizlili\u011fi korumas\u0131 gereken belgeler i\u00e7in g\u00fcvenli bir se\u00e7enektir.<\/li>\n\n\n\n<li><strong>\u00c7ok G\u00f6zl\u00fc \u00c7ekmeceler<\/strong>: K\u00fc\u00e7\u00fck ofis ara\u00e7 gere\u00e7lerini d\u00fczenlemek i\u00e7in kullan\u0131\u015fl\u0131d\u0131r.<\/li>\n<\/ul>\n\n\n\n<p>Dolap ve \u00e7ekmecelerin do\u011fru \u015fekilde konumland\u0131r\u0131lmas\u0131, ofis alan\u0131nda daha d\u00fczenli bir \u00e7al\u0131\u015fma ortam\u0131 yaratmay\u0131 destekler.<\/p>\n\n\n\n<h2 class=\"wp-block-heading\">\u0130kinci El veya \u00d6zel Yap\u0131m Mobilyalar\u0131n Avantajlar\u0131<\/h2>\n\n\n\n<p>K\u00fc\u00e7\u00fck ofislerde dekorasyon ve b\u00fct\u00e7e y\u00f6netimi s\u00f6z konusu oldu\u011funda, ikinci el ve \u00f6zel yap\u0131m mobilyalar ak\u0131ll\u0131ca bir se\u00e7enek sunar. Bu mobilyalar hem ekonomik hem de i\u015flevsel \u00e7\u00f6z\u00fcmler sa\u011flayabilir.<\/p>\n\n\n\n<p><strong>\u0130kinci el mobilyalar\u0131n avantajlar\u0131:<\/strong><\/p>\n\n\n\n<ul class=\"wp-block-list\">\n<li><strong>Ekonomik olmas\u0131:<\/strong>\u00a0Yeni mobilyalara k\u0131yasla daha d\u00fc\u015f\u00fck maliyetlidir ve b\u00fct\u00e7e dostu se\u00e7enekler sunar.<\/li>\n\n\n\n<li><strong>S\u00fcrd\u00fcr\u00fclebilirlik:<\/strong>\u00a0Yeniden kullan\u0131m sayesinde \u00e7evre \u00fczerinde olumlu bir etki yarat\u0131r. At\u0131k miktar\u0131n\u0131 azalt\u0131r.<\/li>\n\n\n\n<li><strong>\u00c7e\u015fitlilik:<\/strong>\u00a0Farkl\u0131 stillerde ve d\u00f6nemlere ait mobilyalar bulma imkan\u0131 sunar.<\/li>\n<\/ul>\n\n\n\n<p><strong>\u00d6zel yap\u0131m mobilyalar\u0131n avantajlar\u0131:<\/strong><\/p>\n\n\n\n<ul class=\"wp-block-list\">\n<li><strong>Ki\u015fiselle\u015ftirme:<\/strong>\u00a0Ofisin boyutuna ve ihtiya\u00e7lar\u0131na uygun olarak \u00f6zel \u00f6l\u00e7\u00fclerde tasarlanabilir.<\/li>\n\n\n\n<li><strong>Dayan\u0131kl\u0131l\u0131k:<\/strong>\u00a0Kaliteli malzeme ve i\u015f\u00e7ilikle uzun \u00f6m\u00fcrl\u00fc kullan\u0131m sa\u011flar.<\/li>\n\n\n\n<li><strong>Estetik uyum:<\/strong>\u00a0Mekan\u0131n tarz\u0131na uygun tasar\u0131mlar olu\u015fturulabilir.<\/li>\n<\/ul>\n\n\n\n<p>Bu se\u00e7eneklerin stratejik bir \u015fekilde de\u011ferlendirilmesi, k\u00fc\u00e7\u00fck ofislerde hem maliyet etkinli\u011fini art\u0131r\u0131r hem de \u015f\u0131k ve i\u015flevsel bir \u00e7al\u0131\u015fma ortam\u0131 yarat\u0131r.<\/p>\n\n\n\n<h2 class=\"wp-block-heading\">K\u00fc\u00e7\u00fck Ofisler \u0130\u00e7in Teknolojik Mobilya \u00c7\u00f6z\u00fcmleri<\/h2>\n\n\n\n<p>K\u00fc\u00e7\u00fck ofis alanlar\u0131n\u0131 daha verimli ve i\u015flevsel hale getirmek i\u00e7in teknolojik mobilya \u00e7\u00f6z\u00fcmleri \u00f6n plana \u00e7\u0131kmaktad\u0131r. Yeni nesil mobilyalar, hem pratik tasar\u0131mlar\u0131yla hem de ak\u0131ll\u0131 teknolojilerle desteklenerek profesyonel \u00e7al\u0131\u015fma ortamlar\u0131 yarat\u0131r. A\u015fa\u011f\u0131daki teknolojik mobilya se\u00e7enekleri k\u00fc\u00e7\u00fck ofisler i\u00e7in ideal \u00e7\u00f6z\u00fcmler sunar:<\/p>\n\n\n\n<ul class=\"wp-block-list\">\n<li><strong>Y\u00fckseklik Ayarlanabilir Masalar:<\/strong>\u00a0Ergonomi sa\u011flayarak oturma ve ayakta \u00e7al\u0131\u015fma modlar\u0131 aras\u0131nda ge\u00e7i\u015f imk\u00e2n\u0131 sunar.<\/li>\n\n\n\n<li><strong>Entegre \u015earj \u0130stasyonlar\u0131:<\/strong>\u00a0Mobilyalara yerle\u015ftirilen kablosuz ya da USB \u015farj noktalar\u0131 cihazlar\u0131 d\u00fczenli ve eri\u015filebilir tutar.<\/li>\n\n\n\n<li><strong>Ak\u0131ll\u0131 Dolaplar:<\/strong>\u00a0\u015eifreli ya da dijital kilit sistemleri ile g\u00fcvenli belge depolama sa\u011flar.<\/li>\n\n\n\n<li><strong>Katlanabilir Mobilyalar:<\/strong>\u00a0Alan tasarrufu ve esneklik sunar, ta\u015f\u0131nabilirlik kolayl\u0131\u011f\u0131yla dikkat \u00e7eker.<\/li>\n<\/ul>\n\n\n\n<p>Bu \u00e7\u00f6z\u00fcmler, hem ofis alan\u0131n\u0131 optimize eder hem de \u00e7al\u0131\u015fanlar\u0131n konforunu art\u0131rarak \u00fcretkenli\u011fi destekler.<\/p>","protected":false},"excerpt":{"rendered":"<p>Pellentesque feugiat, sem id interdum molestie, libero nibh imperdiet velit, sodales elementum enim sem sed lectus. Vivamus viverra diam congue tristique pellentesque. Proin efficitur est vel lectus ultrices rhoncus eu ut lacus. In gravida leo at justo lobortis, vitae aliquet justo vehicula. Maecenas at facilisis ex. Curabitur cursus, ex id efficitur ultrices, sapien mauris sodales<\/p>","protected":false},"author":10,"featured_media":28538,"comment_status":"closed","ping_status":"closed","sticky":false,"template":"","format":"standard","meta":{"_monsterinsights_skip_tracking":false,"_monsterinsights_sitenote_active":false,"_monsterinsights_sitenote_note":"","_monsterinsights_sitenote_category":0,"footnotes":""},"categories":[404,406,408],"tags":[],"class_list":["post-28535","post","type-post","status-publish","format-standard","has-post-thumbnail","hentry","category-is-dunyasi","category-ofis-dekorasyonu","category-ofis-mobilyalari"],"_links":{"self":[{"href":"https:\/\/kuansofis.com\/en\/wp-json\/wp\/v2\/posts\/28535","targetHints":{"allow":["GET"]}}],"collection":[{"href":"https:\/\/kuansofis.com\/en\/wp-json\/wp\/v2\/posts"}],"about":[{"href":"https:\/\/kuansofis.com\/en\/wp-json\/wp\/v2\/types\/post"}],"author":[{"embeddable":true,"href":"https:\/\/kuansofis.com\/en\/wp-json\/wp\/v2\/users\/10"}],"replies":[{"embeddable":true,"href":"https:\/\/kuansofis.com\/en\/wp-json\/wp\/v2\/comments?post=28535"}],"version-history":[{"count":1,"href":"https:\/\/kuansofis.com\/en\/wp-json\/wp\/v2\/posts\/28535\/revisions"}],"predecessor-version":[{"id":137826,"href":"https:\/\/kuansofis.com\/en\/wp-json\/wp\/v2\/posts\/28535\/revisions\/137826"}],"wp:featuredmedia":[{"embeddable":true,"href":"https:\/\/kuansofis.com\/en\/wp-json\/wp\/v2\/media\/28538"}],"wp:attachment":[{"href":"https:\/\/kuansofis.com\/en\/wp-json\/wp\/v2\/media?parent=28535"}],"wp:term":[{"taxonomy":"category","embeddable":true,"href":"https:\/\/kuansofis.com\/en\/wp-json\/wp\/v2\/categories?post=28535"},{"taxonomy":"post_tag","embeddable":true,"href":"https:\/\/kuansofis.com\/en\/wp-json\/wp\/v2\/tags?post=28535"}],"curies":[{"name":"wp","href":"https:\/\/api.w.org\/{rel}","templated":true}]}}