{"id":28531,"date":"2025-07-08T14:13:33","date_gmt":"2025-07-08T11:13:33","guid":{"rendered":"https:\/\/kuansofis.com\/?p=28531"},"modified":"2026-01-13T15:19:25","modified_gmt":"2026-01-13T12:19:25","slug":"2025de-toplanti-masasi-trendi-kuans-ofis-dokunusu","status":"publish","type":"post","link":"https:\/\/kuansofis.com\/en\/2025de-toplanti-masasi-trendi-kuans-ofis-dokunusu\/","title":{"rendered":"2025&#8217;de Toplant\u0131 Masas\u0131 Trendi: Kuans Ofis Dokunu\u015fu"},"content":{"rendered":"<h2 class=\"wp-block-heading\">2025&#8217;te Ofis D\u00fcnyas\u0131nda Toplant\u0131 Masas\u0131 Trendi Neden \u00d6nem Kazan\u0131yor?<\/h2>\n\n\n\n<p>2025 y\u0131l\u0131na yakla\u015f\u0131rken ofis ortamlar\u0131, \u00e7al\u0131\u015fan ihtiya\u00e7lar\u0131na uyum sa\u011flamak i\u00e7in h\u0131zl\u0131 bir d\u00f6n\u00fc\u015f\u00fcm ge\u00e7iriyor. Toplant\u0131 masalar\u0131, bu d\u00f6n\u00fc\u015f\u00fcm\u00fcn merkezi unsurlar\u0131ndan biri haline geliyor. K\u00fcresel olarak, i\u015f d\u00fcnyas\u0131n\u0131n daha esnek ve i\u015f birli\u011fine dayal\u0131 modelleri benimsemesi, toplant\u0131 masalar\u0131n\u0131n i\u015flevini art\u0131r\u0131yor. Geleneksel dikd\u00f6rtgen tasar\u0131mlara olan ilgi azal\u0131rken, yenilik\u00e7i ve ergonomik se\u00e7enekler pop\u00fclerlik kazan\u0131yor.<\/p>\n\n\n\n<ul class=\"wp-block-list\">\n<li><strong>\u0130\u015f Birli\u011fi Odakl\u0131 Tasar\u0131mlar:<\/strong> \u00c7al\u0131\u015fanlar\u0131n kat\u0131l\u0131m\u0131n\u0131 art\u0131ran yuvarlak ve mod\u00fcler masalar tercih ediliyor.<\/li>\n\n\n\n<li><strong>Teknolojik Entegrasyon:<\/strong> Kablosuz \u015farj ve ak\u0131ll\u0131 cihaz deste\u011fi sunan yenilik\u00e7i \u00e7\u00f6z\u00fcmler talep g\u00f6r\u00fcyor.<\/li>\n\n\n\n<li><strong>\u00c7evre Dostu Materyaller:<\/strong> S\u00fcrd\u00fcr\u00fclebilirlik anlay\u0131\u015f\u0131n\u0131 yans\u0131tan tasar\u0131mlar \u00f6n planda.<\/li>\n<\/ul>\n\n\n\n<p>Bu de\u011fi\u015fimler, fiziksel alan\u0131n verimlili\u011fi kadar \u00e7al\u0131\u015fan konforuna ve yarat\u0131c\u0131l\u0131\u011fa da katk\u0131da bulunuyor.<\/p>\n\n\n\n<h2 class=\"wp-block-heading\">Kuans Ofis Nedir ve Tasar\u0131mlar\u0131ndaki Farkl\u0131l\u0131k Neler?<\/h2>\n\n\n\n<p>Kuans Ofis, hem i\u015flevselli\u011fi hem de esteti\u011fi odak noktas\u0131na alan modern ofis tasar\u0131mlar\u0131 sunar. Bu konsept, geleneksel ofis anlay\u0131\u015f\u0131ndan uzakla\u015farak, \u00e7al\u0131\u015fanlar\u0131n verimlili\u011fini ve yarat\u0131c\u0131l\u0131\u011f\u0131n\u0131 destekleyen esnek mek\u00e2nlar olu\u015fturmay\u0131 hedefler. Tasar\u0131mlar\u0131ndaki farkl\u0131l\u0131klar \u015fu \u015fekilde \u00f6ne \u00e7\u0131kar:<\/p>\n\n\n\n<ul class=\"wp-block-list\">\n<li><strong>Esnek Alan Kullan\u0131m\u0131<\/strong>: Mod\u00fcler mobilyalar ve \u00e7ok ama\u00e7l\u0131 \u00e7al\u0131\u015fma alanlar\u0131 tercih edilir.<\/li>\n\n\n\n<li><strong>Do\u011fal Malzemeler<\/strong>: Ah\u015fap, ta\u015f ve s\u00fcrd\u00fcr\u00fclebilir materyaller yayg\u0131n olarak kullan\u0131l\u0131r.<\/li>\n\n\n\n<li><strong>Teknolojik Uyumluluk<\/strong>: Ak\u0131ll\u0131 cihazlarla entegre \u00e7\u00f6z\u00fcmler sunulur.<\/li>\n\n\n\n<li><strong>Biyofilik Tasar\u0131m<\/strong>: Bitkiler ve do\u011fal \u0131\u015f\u0131k tasar\u0131ma dahil edilerek stres azalt\u0131c\u0131 bir ortam yarat\u0131l\u0131r.<\/li>\n<\/ul>\n\n\n\n<p>Bu \u00f6zellikler, modern i\u015f d\u00fcnyas\u0131n\u0131n ihtiya\u00e7lar\u0131na uyum sa\u011flayarak hem bireysel hem de ekip \u00e7al\u0131\u015fmalar\u0131n\u0131 destekler.<\/p>\n\n\n\n<h2 class=\"wp-block-heading\">Ergonomi ve Modern Estetik: Kuans Ofis&#8217;in Tasar\u0131mda Yeni Yakla\u015f\u0131m\u0131<\/h2>\n\n\n\n<p>Kuans Ofis, toplant\u0131 masas\u0131 tasar\u0131mlar\u0131nda ergonomiyi ve modern estetik anlay\u0131\u015f\u0131n\u0131 birle\u015ftirerek 2025 trendlerine y\u00f6n veriyor. Kullan\u0131c\u0131 dostu detaylar ile dikkat \u00e7eken tasar\u0131mlar hem konforu art\u0131r\u0131yor hem de g\u00f6rsel olarak ilham verici bir atmosfer sunuyor.<\/p>\n\n\n\n<ul class=\"wp-block-list\">\n<li><strong>Ergonomik Detaylar:<\/strong> Oturma pozisyonlar\u0131n\u0131 destekleyen masa y\u00fckseklikleri, bilek dostu y\u00fczeyler ve entegre kablo y\u00f6netim sistemleri ile kullan\u0131c\u0131lar i\u00e7in uzun toplant\u0131larda dahi rahatl\u0131k sa\u011fl\u0131yor.<\/li>\n\n\n\n<li><strong>Modern Estetik:<\/strong> Minimalist hatlar, do\u011fal ah\u015fap ve metal kombinasyonlar\u0131yla zamans\u0131z bir g\u00f6r\u00fcn\u00fcm yarat\u0131l\u0131yor. Ayr\u0131ca akustik paneller gibi i\u015flevsel unsurlar tasar\u0131mlara \u015f\u0131kl\u0131k kat\u0131yor.<\/li>\n<\/ul>\n\n\n\n<p>Bu b\u00fct\u00fcnle\u015fik yakla\u015f\u0131m, i\u015f yerlerinde hem verimlili\u011fi hem de estetik keyfi bir araya getiriyor.<\/p>\n\n\n\n<h2 class=\"wp-block-heading\">Ak\u0131ll\u0131 Teknoloji Entegrasyonu: Gelece\u011fin Toplant\u0131 Masalar\u0131<\/h2>\n\n\n\n<p>Gelece\u011fin toplant\u0131 masalar\u0131, ak\u0131ll\u0131 teknoloji entegrasyonu sayesinde etkile\u015fimi ve verimlili\u011fi art\u0131rmay\u0131 hedefleyen tasar\u0131mlarla dikkat \u00e7ekiyor. \u0130\u015f d\u00fcnyas\u0131nda h\u0131zlanan dijitalle\u015fme, toplant\u0131 alanlar\u0131n\u0131n temel bir par\u00e7as\u0131 olan masalar\u0131n da teknolojiyle uyumlu hale gelmesini gerektiriyor.<\/p>\n\n\n\n<h2 class=\"wp-block-heading\">\u00d6ne \u00c7\u0131kan Teknolojik \u00d6zellikler<\/h2>\n\n\n\n<ul class=\"wp-block-list\">\n<li><strong>Kablosuz \u015earj \u0130stasyonlar\u0131<\/strong>: Masalara entegre edilen \u015farj panelleri, cihazlar\u0131n kolayca enerji almas\u0131n\u0131 sa\u011fl\u0131yor.<\/li>\n\n\n\n<li><strong>Dokunmatik Kontrol Panelleri<\/strong>: I\u015f\u0131k, klima ve ekran kontrol\u00fcn\u00fc masadan tek dokunu\u015fla ger\u00e7ekle\u015ftirme imkan\u0131 sunuyor.<\/li>\n\n\n\n<li><strong>Video Konferans Entegrasyonu<\/strong>: Dahili hoparl\u00f6rler ve mikrofonlar, hibrit \u00e7al\u0131\u015fma modellerine uygunlu\u011fu art\u0131r\u0131yor.<\/li>\n\n\n\n<li><strong>Veri Analiz Deste\u011fi<\/strong>: Toplant\u0131 s\u0131ras\u0131nda kullan\u0131lan verilerin ger\u00e7ek zamanl\u0131 analiz edilmesine olanak tan\u0131n\u0131yor.<\/li>\n<\/ul>\n\n\n\n<p>Bu teknolojiler, kullan\u0131c\u0131lar\u0131n ihtiya\u00e7lar\u0131na g\u00f6re \u00f6zelle\u015ftirilebilen fonksiyonel ve estetik \u00e7\u00f6z\u00fcmler sunarak toplant\u0131 deneyimini yeniden tan\u0131ml\u0131yor.<\/p>\n\n\n\n<h2 class=\"wp-block-heading\">Kuans Ofis ile \u00c7al\u0131\u015fma Verimlili\u011fini Art\u0131ran \u00c7\u00f6z\u00fcmler<\/h2>\n\n\n\n<p>Kuans Ofis, modern \u00e7al\u0131\u015fma ortamlar\u0131n\u0131n ihtiya\u00e7lar\u0131n\u0131 kar\u015f\u0131lamak i\u00e7in etkili \u00e7\u00f6z\u00fcmler geli\u015ftirmektedir. Verimlili\u011fi art\u0131rmak ve ekiplerin daha \u00fcretken olmas\u0131n\u0131 sa\u011flamak i\u00e7in tasarlanm\u0131\u015f bu yakla\u015f\u0131mlar, i\u015f yerlerine yenilik\u00e7i bir atmosfer getirir.<\/p>\n\n\n\n<ul class=\"wp-block-list\">\n<li><strong>Ergonomik Mobilyalar<\/strong>: Kuans Ofis, \u00e7al\u0131\u015fanlar\u0131n konforunu \u00f6nceliklendirerek oturma d\u00fczenlerinden masa y\u00fcksekli\u011fine kadar ergonomik tasar\u0131mlar sunar.<\/li>\n\n\n\n<li><strong>Ak\u0131ll\u0131 Teknoloji Entegrasyonu<\/strong>: Otomasyon sistemleri, toplant\u0131 y\u00f6netim ara\u00e7lar\u0131 ve uzaktan ba\u011flant\u0131 \u00e7\u00f6z\u00fcmleri ile operasyonlar kolayla\u015ft\u0131r\u0131l\u0131r.<\/li>\n\n\n\n<li><strong>Esnek \u00c7al\u0131\u015fma Alanlar\u0131<\/strong>: A\u00e7\u0131k ofis konseptinden sessiz odalara kadar farkl\u0131 ihtiya\u00e7lara uygun alanlar yarat\u0131l\u0131r.<\/li>\n\n\n\n<li><strong>Do\u011fal Malzeme Kullan\u0131m\u0131<\/strong>: Ah\u015fap ve geri d\u00f6n\u00fc\u015ft\u00fcr\u00fclebilir materyaller hem \u00e7evresel s\u00fcrd\u00fcr\u00fclebilirli\u011fe katk\u0131 sa\u011flar hem de estetik bir g\u00f6r\u00fcn\u00fcm sunar.<\/li>\n<\/ul>\n\n\n\n<p>Bu \u00e7\u00f6z\u00fcmler sayesinde hem bireysel hem de ekip performans\u0131 \u00f6nemli \u00f6l\u00e7\u00fcde y\u00fckseltilir.<\/p>\n\n\n\n<h2 class=\"wp-block-heading\">2025&#8217;te \u00c7evre Dostu Materyal Kullan\u0131m\u0131 ve Kuans Ofis<\/h2>\n\n\n\n<p>2025 y\u0131l\u0131, s\u00fcrd\u00fcr\u00fclebilirlik odakl\u0131 malzeme se\u00e7iminin i\u015f d\u00fcnyas\u0131nda yeni standartlar belirledi\u011fi bir d\u00f6nem olarak \u00f6ne \u00e7\u0131k\u0131yor. Kuans Ofis, \u00e7evre dostu \u00e7\u00f6z\u00fcmleri modern tasar\u0131m anlay\u0131\u015f\u0131na entegre ederek bu alanda liderlik yap\u0131yor. Organizasyonlar i\u00e7in s\u00fcrd\u00fcr\u00fclebilirlik hedefleri dikkate al\u0131narak tasarlanan ofis mobilyalar\u0131nda do\u011faya sayg\u0131l\u0131 materyaller \u00f6n planda.<\/p>\n\n\n\n<ul class=\"wp-block-list\">\n<li><strong>Do\u011fal Ah\u015fap Kullan\u0131m\u0131:<\/strong> Yenilenebilir kaynaklardan elde edilen sertifikal\u0131 ah\u015fap, ofis masalar\u0131n\u0131n en g\u00f6zde materyali haline geliyor.<\/li>\n\n\n\n<li><strong>Geri D\u00f6n\u00fc\u015f\u00fcml\u00fc Malzemeler:<\/strong> Plastik, cam ve tekstil \u00fcr\u00fcnleri gibi geri d\u00f6n\u00fc\u015ft\u00fcr\u00fclebilir hammaddeler estetikten \u00f6d\u00fcn vermeden i\u015flevsellik sunuyor.<\/li>\n\n\n\n<li><strong>D\u00fc\u015f\u00fck Karbon Ayak \u0130zi:<\/strong> Kuans Ofis, \u00fcretim s\u00fcrecinde karbon sal\u0131n\u0131m\u0131n\u0131 minimuma indiren y\u00f6ntemler benimseyerek \u00e7evreye katk\u0131 sa\u011fl\u0131yor.<\/li>\n<\/ul>\n\n\n\n<p>Bu yakla\u015f\u0131mla Kuans Ofis, tasar\u0131m ve s\u00fcrd\u00fcr\u00fclebilirlik aras\u0131ndaki dengeyi modern \u00e7al\u0131\u015fma alanlar\u0131na ta\u015f\u0131yor.<\/p>\n\n\n\n<h2 class=\"wp-block-heading\">Mod\u00fcler ve Esnek Tasar\u0131mlar: K\u00fc\u00e7\u00fck Alanlara B\u00fcy\u00fck Dokunu\u015flar<\/h2>\n\n\n\n<p>2025 toplant\u0131 masas\u0131 trendlerinde mod\u00fcler tasar\u0131mlar, \u00f6zellikle dar ofis alanlar\u0131nda \u00f6nemli bir rol oynuyor. Kuans Ofis\u2019in inovatif yakla\u015f\u0131mlar\u0131, kullan\u0131c\u0131lara esneklik sunarak farkl\u0131 kombinasyonlarla \u00e7al\u0131\u015fma ortamlar\u0131n\u0131 d\u00fczenleme imkan\u0131 sa\u011fl\u0131yor. Bu tasar\u0131mlar, alan\u0131n verimli kullan\u0131lmas\u0131n\u0131 kolayla\u015ft\u0131r\u0131rken estetikten \u00f6d\u00fcn vermiyor.<\/p>\n\n\n\n<ul class=\"wp-block-list\">\n<li><strong>\u00c7ok Y\u00f6nl\u00fcl\u00fck<\/strong>: Mod\u00fcler yap\u0131lar, k\u00fc\u00e7\u00fck alanlarda birden fazla kullan\u0131m senaryosuna uygun \u00e7\u00f6z\u00fcmler sunuyor.<\/li>\n\n\n\n<li><strong>Ta\u015f\u0131nabilirlik<\/strong>: Hafif ve kolay ta\u015f\u0131nabilir par\u00e7alar, mek\u00e2n\u0131n h\u0131zla yeniden d\u00fczenlenmesine imkan tan\u0131yor.<\/li>\n\n\n\n<li><strong>\u00d6zelle\u015ftirme<\/strong>: Kullan\u0131c\u0131lar, ekip ihtiya\u00e7lar\u0131na g\u00f6re farkl\u0131 b\u00fcy\u00fckl\u00fcklerde masa kurulumlar\u0131 yapabiliyor.<\/li>\n<\/ul>\n\n\n\n<p>\u00dcretimde tercih edilen kaliteli malzemeler dayan\u0131kl\u0131l\u0131\u011f\u0131 art\u0131rarak \u00fcr\u00fcnlerin uzun \u00f6m\u00fcrl\u00fc olmas\u0131n\u0131 sa\u011fl\u0131yor. Ayn\u0131 zamanda, modern minimalist \u00e7izgiler \u015f\u0131kl\u0131\u011f\u0131 tamaml\u0131yor.<\/p>\n\n\n\n<h2 class=\"wp-block-heading\">Farkl\u0131 Ofis K\u00fclt\u00fcrlerine Uyum Sa\u011flayan Toplant\u0131 Masas\u0131 Trendi<\/h2>\n\n\n\n<p>G\u00fcn\u00fcm\u00fczde ofis ortamlar\u0131, h\u0131zla de\u011fi\u015fen \u00e7al\u0131\u015fma dinamikleri ve farkl\u0131 ekip yap\u0131lar\u0131yla uyum sa\u011flamay\u0131 gerektiriyor. 2025&#8217;in toplant\u0131 masas\u0131 trendleri, esnek ve k\u00fclt\u00fcrel olarak kapsay\u0131c\u0131 tasar\u0131mlar\u0131yla dikkat \u00e7ekiyor.<\/p>\n\n\n\n<ul class=\"wp-block-list\">\n<li><strong>Mod\u00fcler Tasar\u0131mlar:<\/strong> Mod\u00fcler toplant\u0131 masalar\u0131, geni\u015f gruplar i\u00e7in birle\u015ftirilebilir veya k\u00fc\u00e7\u00fck ekipler i\u00e7in ayr\u0131labilir. Bu tasar\u0131mlar, minimalist ve fonksiyonel yap\u0131lar\u0131yla, her \u00f6l\u00e7ekteki ofislere uyum sa\u011fl\u0131yor.<\/li>\n\n\n\n<li><strong>Malzeme \u00c7e\u015fitlili\u011fi:<\/strong> Ah\u015fap, metal ve geri d\u00f6n\u00fc\u015ft\u00fcr\u00fclebilir malzemelerden yap\u0131lan modeller, s\u00fcrd\u00fcr\u00fclebilirlik yakla\u015f\u0131m\u0131n\u0131 ofis k\u00fclt\u00fcr\u00fcne entegre ediyor.<\/li>\n\n\n\n<li><strong>Teknoloji Uyumlu \u00c7\u00f6z\u00fcmler:<\/strong> Yerle\u015fik \u015farj istasyonlar\u0131, kablosuz ba\u011flant\u0131 mod\u00fclleri ve dokunmatik ekran destekleri, toplant\u0131lar\u0131n verimlili\u011fini art\u0131rma trendinde \u00f6n planda.<\/li>\n<\/ul>\n\n\n\n<p>Her k\u00fclt\u00fcre hitap eden bu trendler, i\u015f birli\u011fini ve uyumu g\u00fc\u00e7lendirmek i\u00e7in tasarlanm\u0131\u015ft\u0131r.<\/p>\n\n\n\n<h2 class=\"wp-block-heading\">Renklerin ve Ayd\u0131nlatman\u0131n Etkisi: Kuans Ofis&#8217;ten \u0130lham Verici Tasar\u0131mlar<\/h2>\n\n\n\n<p>Renkler ve ayd\u0131nlatma, toplant\u0131 alanlar\u0131n\u0131n atmosferini ve verimlili\u011fini do\u011frudan etkileyen en \u00f6nemli unsurlardan biridir. Kuans Ofis, bu iki fakt\u00f6r\u00fc i\u015flevsellik ve estetikle birle\u015ftirerek \u00f6n plana \u00e7\u0131k\u0131yor.<\/p>\n\n\n\n<ul class=\"wp-block-list\">\n<li><strong>Renk Se\u00e7imi:<\/strong> N\u00f6tr tonlar dinginlik sa\u011flarken, koyu mavi ve ye\u015fil gibi tonlar odaklanmay\u0131 te\u015fvik eder. Kuans Ofis, bu renk kombinasyonlar\u0131n\u0131 modern dokularla harmanl\u0131yor.<\/li>\n\n\n\n<li><strong>Ayd\u0131nlatma:<\/strong> Do\u011fal \u0131\u015f\u0131k kullan\u0131m\u0131 enerji seviyelerini art\u0131r\u0131rken, ayarlanabilir LED sistemleri toplant\u0131n\u0131n amac\u0131na uygun bir atmosfer yaratmay\u0131 kolayla\u015ft\u0131r\u0131r.<\/li>\n<\/ul>\n\n\n\n<p>Bu yakla\u015f\u0131mla mek\u00e2nlar hem dinamik hem de davetk\u00e2r bir hale getiriliyor.<\/p>\n\n\n\n<h2 class=\"wp-block-heading\">2025&#8217;te Toplant\u0131 Masalar\u0131n\u0131n Sosyal ve \u0130\u015flevsel D\u00f6n\u00fc\u015f\u00fcm\u00fc<\/h2>\n\n\n\n<p>2025 y\u0131l\u0131nda, toplant\u0131 masalar\u0131 sadece i\u015flevsel bir ara\u00e7 olmaktan \u00f6teye ge\u00e7erek i\u015f birli\u011fini ve sosyal etkile\u015fimi g\u00fc\u00e7lendiren tasar\u0131mlarla \u00f6n plana \u00e7\u0131k\u0131yor. Bu d\u00f6n\u00fc\u015f\u00fcm, hem teknolojik entegrasyonla hem de insani ihtiya\u00e7lara odaklanan yakla\u015f\u0131mlarla \u015fekilleniyor.<\/p>\n\n\n\n<ul class=\"wp-block-list\">\n<li><strong>Ak\u0131ll\u0131 Teknolojiler:<\/strong> Dahili ekranlar, sesli asistanlar ve entegre kablosuz \u015farj \u00fcniteleri, toplant\u0131lar\u0131 daha kesintisiz hale getiriyor.<\/li>\n\n\n\n<li><strong>Mod\u00fcler Tasar\u0131mlar:<\/strong> Ayarlanabilir boyutlar ve \u015fekiller, farkl\u0131 ekip b\u00fcy\u00fckl\u00fckleri ve toplant\u0131 ama\u00e7lar\u0131na h\u0131zl\u0131 uyum sa\u011fl\u0131yor.<\/li>\n\n\n\n<li><strong>Sosyal Etkile\u015fim Alanlar\u0131:<\/strong> Do\u011fal malzemeler, yuvarlak formlar ve konforlu aksesuarlar, kat\u0131l\u0131mc\u0131lar aras\u0131nda daha s\u0131cak bir ba\u011f olu\u015fturuyor.<\/li>\n\n\n\n<li><strong>S\u00fcrd\u00fcr\u00fclebilir Malzemeler:<\/strong> \u00c7evre dostu ah\u015fap ve geri d\u00f6n\u00fc\u015ft\u00fcr\u00fclm\u00fc\u015f materyallerle tasar\u0131mlar, modern estetik ve \u00e7evre bilincini bir araya getiriyor.<\/li>\n<\/ul>\n\n\n\n<p>Bu yenilikler, ekiplerin hem \u00fcretken hem de ba\u011flant\u0131l\u0131 hissetti\u011fi, yarat\u0131c\u0131 \u00e7\u00f6z\u00fcmler sunan masalar\u0131 i\u015f hayat\u0131n\u0131n merkezine yerle\u015ftiriyor.<\/p>\n\n\n\n<h2 class=\"wp-block-heading\">Kuans Ofis Dokunu\u015fu ile Markala\u015fmada Yeni D\u00f6nem<\/h2>\n\n\n\n<p>Kuans Ofis, 2025&#8217;in i\u015f d\u00fcnyas\u0131 trendlerini etkileyecek inovatif tasar\u0131mlar\u0131yla markala\u015fma s\u00fcrecine yeni bir soluk getiriyor. Ofis ortamlar\u0131nda yaln\u0131zca i\u015flevsellik de\u011fil, ayn\u0131 zamanda benzersiz bir kimlik yaratmay\u0131 hedefleyen bu yakla\u015f\u0131m, toplant\u0131 masalar\u0131n\u0131n \u00e7ok daha stratejik bir rol \u00fcstlenmesini sa\u011fl\u0131yor.<\/p>\n\n\n\n<ul class=\"wp-block-list\">\n<li><strong>Marka Kimli\u011fi ve Mekan Uyumu:<\/strong> Kuans, ofis tasar\u0131m\u0131nda markalar\u0131n vizyonuna ve de\u011ferlerine uygun \u00e7\u00f6z\u00fcmler geli\u015ftiriyor. Toplant\u0131 masalar\u0131, art\u0131k yaln\u0131zca bir i\u015f arac\u0131 de\u011fil, ayn\u0131 zamanda bir marka hikayesi anlat\u0131c\u0131s\u0131 haline geliyor.<\/li>\n\n\n\n<li><strong>Farkl\u0131la\u015fan Tasar\u0131m Detaylar\u0131:<\/strong> Malzeme se\u00e7imi, ergonomi ve esteti\u011fi birle\u015ftirerek her masa, benzersiz bir deneyim sunuyor. Do\u011fal ah\u015fap tonlar\u0131, geometrik formlar ve modern \u00e7izgiler \u00f6ne \u00e7\u0131k\u0131yor.<\/li>\n\n\n\n<li><strong>\u00c7al\u0131\u015fan ve M\u00fc\u015fteri Deneyimi:<\/strong> S\u0131cak ve organik tasar\u0131mlar, i\u015f s\u00fcre\u00e7lerini kolayla\u015ft\u0131r\u0131rken m\u00fc\u015fteriler ve \u00e7al\u0131\u015fanlar i\u00e7in de olumlu bir alg\u0131 yarat\u0131yor.<\/li>\n<\/ul>\n\n\n\n<p>Bu yenilik\u00e7i yakla\u015f\u0131m, ofislerin i\u015fletmeler i\u00e7in bir marka vitrinine d\u00f6n\u00fc\u015fmesini m\u00fcmk\u00fcn k\u0131l\u0131yor.<\/p>\n\n\n\n<h2 class=\"wp-block-heading\">Yeni Nesil Toplant\u0131 Alanlar\u0131na \u0130novatif Tasar\u0131m \u00d6nerileri<\/h2>\n\n\n\n<p>Yeni nesil toplant\u0131 alanlar\u0131, hem geleneksel hem de modern ihtiya\u00e7lar\u0131 kar\u015f\u0131layacak \u015fekilde tasarlanmal\u0131d\u0131r. Bu alanlarda i\u015flevselli\u011fi art\u0131rmak i\u00e7in yenilik\u00e7i yakla\u015f\u0131m \u00f6n planda tutulmal\u0131d\u0131r. A\u015fa\u011f\u0131daki tasar\u0131m \u00f6nerileri, 2025&#8217;in ofis trendlerini yans\u0131tmaktad\u0131r:<\/p>\n\n\n\n<ul class=\"wp-block-list\">\n<li><strong>Mod\u00fcler Mobilyalar:<\/strong> Yerden tasarruf sa\u011flayan ve kolayca ta\u015f\u0131nabilir mod\u00fcler mobilyalar, esnek bir kullan\u0131m sunar.<\/li>\n\n\n\n<li><strong>Akustik \u00c7\u00f6z\u00fcmler:<\/strong> G\u00fcr\u00fclt\u00fc azaltan paneller ve akustik ayd\u0131nlatmalar, odaklanmay\u0131 kolayla\u015ft\u0131r\u0131r.<\/li>\n\n\n\n<li><strong>Ye\u015fil Alanlar:<\/strong> Do\u011fal bitkilerle zenginle\u015ftirilmi\u015f ortamlar, \u00e7al\u0131\u015fanlar\u0131n motivasyonunu art\u0131r\u0131r.<\/li>\n\n\n\n<li><strong>Teknoloji Entegrasyonu:<\/strong> Ak\u0131ll\u0131 ekranlar, kablosuz \u015farj istasyonlar\u0131 ve video konferans sistemleri kullan\u0131m kolayl\u0131\u011f\u0131 sa\u011flar.<\/li>\n\n\n\n<li><strong>Dinamik Ayd\u0131nlatma:<\/strong> \u00c7al\u0131\u015fanlar\u0131n enerjisine uyum g\u00f6steren ayarlanabilir ayd\u0131nlatma sistemleri idealdir.<\/li>\n<\/ul>\n\n\n\n<p>\u0130htiya\u00e7lara uygun bu \u00f6neriler, toplant\u0131 alanlar\u0131n\u0131 daha verimli hale getirir.<\/p>","protected":false},"excerpt":{"rendered":"<p>Pellentesque feugiat, sem id interdum molestie, libero nibh imperdiet velit, sodales elementum enim sem sed lectus. Vivamus viverra diam congue tristique pellentesque. Proin efficitur est vel lectus ultrices rhoncus eu ut lacus. In gravida leo at justo lobortis, vitae aliquet justo vehicula. Maecenas at facilisis ex. Curabitur cursus, ex id efficitur ultrices, sapien mauris sodales<\/p>","protected":false},"author":10,"featured_media":28533,"comment_status":"closed","ping_status":"closed","sticky":false,"template":"","format":"standard","meta":{"_monsterinsights_skip_tracking":false,"_monsterinsights_sitenote_active":false,"_monsterinsights_sitenote_note":"","_monsterinsights_sitenote_category":0,"footnotes":""},"categories":[404,406,408],"tags":[],"class_list":["post-28531","post","type-post","status-publish","format-standard","has-post-thumbnail","hentry","category-is-dunyasi","category-ofis-dekorasyonu","category-ofis-mobilyalari"],"_links":{"self":[{"href":"https:\/\/kuansofis.com\/en\/wp-json\/wp\/v2\/posts\/28531","targetHints":{"allow":["GET"]}}],"collection":[{"href":"https:\/\/kuansofis.com\/en\/wp-json\/wp\/v2\/posts"}],"about":[{"href":"https:\/\/kuansofis.com\/en\/wp-json\/wp\/v2\/types\/post"}],"author":[{"embeddable":true,"href":"https:\/\/kuansofis.com\/en\/wp-json\/wp\/v2\/users\/10"}],"replies":[{"embeddable":true,"href":"https:\/\/kuansofis.com\/en\/wp-json\/wp\/v2\/comments?post=28531"}],"version-history":[{"count":1,"href":"https:\/\/kuansofis.com\/en\/wp-json\/wp\/v2\/posts\/28531\/revisions"}],"predecessor-version":[{"id":137827,"href":"https:\/\/kuansofis.com\/en\/wp-json\/wp\/v2\/posts\/28531\/revisions\/137827"}],"wp:featuredmedia":[{"embeddable":true,"href":"https:\/\/kuansofis.com\/en\/wp-json\/wp\/v2\/media\/28533"}],"wp:attachment":[{"href":"https:\/\/kuansofis.com\/en\/wp-json\/wp\/v2\/media?parent=28531"}],"wp:term":[{"taxonomy":"category","embeddable":true,"href":"https:\/\/kuansofis.com\/en\/wp-json\/wp\/v2\/categories?post=28531"},{"taxonomy":"post_tag","embeddable":true,"href":"https:\/\/kuansofis.com\/en\/wp-json\/wp\/v2\/tags?post=28531"}],"curies":[{"name":"wp","href":"https:\/\/api.w.org\/{rel}","templated":true}]}}