{"id":28526,"date":"2025-07-08T14:10:55","date_gmt":"2025-07-08T11:10:55","guid":{"rendered":"https:\/\/kuansofis.com\/?p=28526"},"modified":"2026-01-13T15:19:30","modified_gmt":"2026-01-13T12:19:30","slug":"ofisinize-siklik-katacak-2025-workstation-calisma-masalari","status":"publish","type":"post","link":"https:\/\/kuansofis.com\/en\/ofisinize-siklik-katacak-2025-workstation-calisma-masalari\/","title":{"rendered":"Ofisinize \u015e\u0131kl\u0131k Katacak 2025 Workstation \u00c7al\u0131\u015fma Masalar\u0131"},"content":{"rendered":"<h2 class=\"wp-block-heading\">2025 Y\u0131l\u0131nda Workstation \u00c7al\u0131\u015fma Masalar\u0131n\u0131n \u00d6nemi<\/h2>\n\n\n\n<p>2025 y\u0131l\u0131nda ofis d\u00fczenlemeleri ve \u00e7al\u0131\u015fma alanlar\u0131n\u0131n verimlili\u011fi, i\u015f d\u00fcnyas\u0131n\u0131n merkezi konular\u0131ndan biri haline gelmi\u015ftir. Workstation \u00e7al\u0131\u015fma masalar\u0131, modern i\u015f ihtiya\u00e7lar\u0131na uyum sa\u011flamak amac\u0131yla ergonomi, teknoloji entegrasyonu ve alan kullan\u0131m\u0131 \u00f6n planda tutularak tasarlanmaktad\u0131r.<\/p>\n\n\n\n<h2 class=\"wp-block-heading\">Workstation \u00c7al\u0131\u015fma Masalar\u0131n\u0131n \u00d6ne \u00c7\u0131kan Avantajlar\u0131:<\/h2>\n\n\n\n<ul class=\"wp-block-list\">\n<li><strong>Ergonomik Tasar\u0131mlar:<\/strong> Kullan\u0131c\u0131lar\u0131n uzun s\u00fcre oturarak \u00e7al\u0131\u015fmas\u0131n\u0131 kolayla\u015ft\u0131ran ayarlanabilir y\u00fckseklik se\u00e7enekleri ve konfor sunan aksesuarlarla donat\u0131lm\u0131\u015ft\u0131r.<\/li>\n\n\n\n<li><strong>Teknolojiyle Uyumlu Yap\u0131:<\/strong> Kablolama sistemlerini d\u00fczenlemek i\u00e7in yerle\u015fik mod\u00fcller ve \u015farj istasyonlar\u0131yla donat\u0131l\u0131r.<\/li>\n\n\n\n<li><strong>Alan Verimlili\u011fi:<\/strong> K\u00fc\u00e7\u00fck ofislerde bile maksimum kullan\u0131m alan\u0131 yaratan kompakt ve \u015f\u0131k tasar\u0131mlar bar\u0131nd\u0131r\u0131r.<\/li>\n<\/ul>\n\n\n\n<p>Sonu\u00e7 olarak, bu masalar \u00e7al\u0131\u015fanlar\u0131n \u00fcretkenli\u011fini art\u0131r\u0131rken, ofislerin estetik ve i\u015flevsel gereksinimlerini kar\u015f\u0131lamaktad\u0131r.<\/p>\n\n\n\n<h2 class=\"wp-block-heading\">Workstation \u00c7al\u0131\u015fma Masas\u0131 Se\u00e7erken Nelere Dikkat Etmelisiniz?<\/h2>\n\n\n\n<p>Bir workstation \u00e7al\u0131\u015fma masas\u0131 se\u00e7erken, ofis ergonomisi ve i\u015flevselli\u011fi \u00f6n planda tutulmal\u0131d\u0131r. Do\u011fru se\u00e7im yapmak i\u00e7in \u015fu noktalara dikkat edilmelidir:<\/p>\n\n\n\n<ul class=\"wp-block-list\">\n<li><strong>Boyut:<\/strong> Masan\u0131n ofis alan\u0131n\u0131za uygun boyutta oldu\u011fundan emin olun. K\u00fc\u00e7\u00fck alanlar i\u00e7in kompakt, b\u00fcy\u00fck ofisler i\u00e7in geni\u015f modeller tercih edilebilir.<\/li>\n\n\n\n<li><strong>Ergonomi:<\/strong> Uzun saatler kullan\u0131mda rahatl\u0131k sa\u011flayan ergonomik tasar\u0131mlar \u00f6nceliklidir. Ayarlanabilir y\u00fckseklik gibi \u00f6zellikler \u00f6ne \u00e7\u0131kar.<\/li>\n\n\n\n<li><strong>Malzeme ve Dayan\u0131kl\u0131l\u0131k:<\/strong> Y\u00fcksek kaliteli malzemelerden \u00fcretilmi\u015f, dayan\u0131kl\u0131 modeller tercih edilmelidir. \u00d6zellikle ah\u015fap ve metal kombinasyonlar\u0131 hem dayan\u0131kl\u0131d\u0131r hem \u015f\u0131k g\u00f6r\u00fcn\u00fcr.<\/li>\n\n\n\n<li><strong>Kablo Y\u00f6netimi:<\/strong> Modern masalarda d\u00fczenli bir kablo y\u00f6netimi sistemi bulunmal\u0131d\u0131r. Bu, karma\u015fa yaratmadan elektronik cihazlar\u0131n ba\u011flanmas\u0131n\u0131 sa\u011flar.<\/li>\n\n\n\n<li><strong>Estetik:<\/strong> Ofis dekorasyonunuza uyum sa\u011flayan renk ve tarzda modeller se\u00e7ilmelidir. Minimalist ya da end\u00fcstriyel tasar\u0131mlar pop\u00fclerdir.<\/li>\n\n\n\n<li><strong>Depolama:<\/strong> \u00c7ekmeceli ve rafl\u0131 tasar\u0131mlar, dosya ve ekipman depolamada kolayl\u0131k sunar.<\/li>\n<\/ul>\n\n\n\n<p>T\u00fcm bu kriterler, hem verimlili\u011fi art\u0131r\u0131r hem de \u00e7al\u0131\u015fma ortam\u0131n\u0131 konforlu hale getirir.<\/p>\n\n\n\n<h2 class=\"wp-block-heading\">Ergonomi ve Konfor: Uzun S\u00fcreli \u00c7al\u0131\u015fmalar i\u00e7in En \u0130yi Masalar<\/h2>\n\n\n\n<p>\u00c7al\u0131\u015fma alan\u0131nda ergonomi, kullan\u0131c\u0131 sa\u011fl\u0131\u011f\u0131 ve \u00fcretkenli\u011fi art\u0131rmak i\u00e7in kritik bir unsurdur. \u00d6zellikle uzun s\u00fcre masa ba\u015f\u0131nda \u00e7al\u0131\u015fanlar i\u00e7in do\u011fru bir masa se\u00e7imi, s\u0131rt ve boyun a\u011fr\u0131lar\u0131n\u0131n \u00f6nlenmesinde b\u00fcy\u00fck rol oynar. Ergonomik \u00f6zelliklere sahip masalar, kullan\u0131c\u0131lar\u0131n omurga hizas\u0131n\u0131 korumas\u0131na yard\u0131mc\u0131 olur ve do\u011fru oturma pozisyonunu destekler.<\/p>\n\n\n\n<h2 class=\"wp-block-heading\">Ergonomik Masa \u00d6zellikleri<\/h2>\n\n\n\n<ul class=\"wp-block-list\">\n<li><strong>Ayarlanabilir Y\u00fckseklik:<\/strong> \u00c7al\u0131\u015fanlar\u0131n bireysel boylar\u0131na uygun \u015fekilde masay\u0131 ayarlamalar\u0131na imkan tan\u0131r.<\/li>\n\n\n\n<li><strong>Geni\u015f Y\u00fczey Alan\u0131:<\/strong> Monit\u00f6rler, klavyeler ve di\u011fer aksesuarlar i\u00e7in yeterli alan sunar.<\/li>\n\n\n\n<li><strong>Kablo Y\u00f6netim Sistemleri:<\/strong> Masa \u00fczerindeki da\u011f\u0131n\u0131kl\u0131\u011f\u0131 azaltarak d\u00fczenli bir \u00e7al\u0131\u015fma ortam\u0131 sa\u011flar.<\/li>\n\n\n\n<li><strong>E\u011fimli Y\u00fczeyler:<\/strong> Bilek ve kollar \u00fczerindeki bask\u0131y\u0131 azalt\u0131r.<\/li>\n<\/ul>\n\n\n\n<p>Y\u00fcksek konfora sahip masalar, \u00e7al\u0131\u015fma esnas\u0131nda odaklanmay\u0131 art\u0131r\u0131r. Do\u011fru ayd\u0131nlatma ile desteklenen ergonomik tasar\u0131mlar, hem fiziksel rahatl\u0131k hem de estetik bir g\u00f6r\u00fcn\u00fcm sunar.<\/p>\n\n\n\n<h2 class=\"wp-block-heading\">En \u00c7ok Tercih Edilen Materyaller ve Kaliteyi Belirleyen Fakt\u00f6rler<\/h2>\n\n\n\n<p>Workstation \u00e7al\u0131\u015fma masalar\u0131n\u0131n \u00fcretiminde kullan\u0131lan materyaller, dayan\u0131kl\u0131l\u0131k, \u015f\u0131kl\u0131k ve kullan\u0131m kolayl\u0131\u011f\u0131 a\u00e7\u0131s\u0131ndan b\u00fcy\u00fck \u00f6nem ta\u015f\u0131r. En s\u0131k tercih edilen materyaller aras\u0131nda \u015funlar yer al\u0131r:<\/p>\n\n\n\n<ul class=\"wp-block-list\">\n<li><strong>Masif Ah\u015fap:<\/strong> Do\u011fal ve estetik bir g\u00f6r\u00fcn\u00fcm sa\u011flar. Dayan\u0131kl\u0131l\u0131\u011f\u0131 y\u00fcksek olsa da do\u011fru bak\u0131m gerektirir.<\/li>\n\n\n\n<li><strong>MDF ve Lake Kaplama:<\/strong> Daha ekonomik bir se\u00e7enek olup, \u015f\u0131k ve modern tasar\u0131mlar sunar. Temizlik kolayl\u0131\u011f\u0131 ile \u00f6ne \u00e7\u0131kar.<\/li>\n\n\n\n<li><strong>Metal ve Paslanmaz \u00c7elik:<\/strong> End\u00fcstriyel ve modern tarzlarda s\u0131kl\u0131kla kullan\u0131l\u0131r. Sa\u011flaml\u0131\u011f\u0131yla uzun \u00f6m\u00fcr sa\u011flar.<\/li>\n\n\n\n<li><strong>Cam:<\/strong> Elegan bir atmosfer yarat\u0131r, ancak hassas kullan\u0131m gerektirir ve d\u00fczenli temizlik ister.<\/li>\n<\/ul>\n\n\n\n<p>Kaliteyi belirleyen fakt\u00f6rler aras\u0131nda i\u015f\u00e7ilik, kullan\u0131lan malzemenin yo\u011funlu\u011fu, ba\u011flant\u0131 noktalar\u0131n\u0131n sa\u011flaml\u0131\u011f\u0131 ve kullan\u0131c\u0131 ergonomisine uygunluk \u00f6ne \u00e7\u0131kar. \u0130yi bir tasar\u0131m, hem estetik hem de fonksiyonellik sunarak \u00e7al\u0131\u015fanlar\u0131n verimlili\u011fini art\u0131r\u0131r.<\/p>\n\n\n\n<h2 class=\"wp-block-heading\">Kablo Y\u00f6netimi ve Masa D\u00fczeni: Teknolojik \u0130htiya\u00e7lar\u0131n\u0131z\u0131 Kar\u015f\u0131lay\u0131n<\/h2>\n\n\n\n<p>Modern \u00e7al\u0131\u015fma masalar\u0131nda kablo y\u00f6netimi ve d\u00fczenli bir g\u00f6r\u00fcn\u00fcm b\u00fcy\u00fck \u00f6nem ta\u015f\u0131r. \u00c7al\u0131\u015fma alanlar\u0131n\u0131n hem estetik hem de pratik a\u00e7\u0131dan i\u015flevselli\u011fini art\u0131rmak ad\u0131na, kablo karma\u015fas\u0131n\u0131 \u00f6nlemek i\u00e7in yenilik\u00e7i \u00e7\u00f6z\u00fcmler sunulmaktad\u0131r.<\/p>\n\n\n\n<ul class=\"wp-block-list\">\n<li><strong>Gizli Kablo Kanallar\u0131<\/strong>: Masalarda entegre edilen kablo kanallar\u0131, g\u00fc\u00e7 ve veri kablolar\u0131n\u0131 g\u00f6r\u00fcnmez hale getirerek d\u00fczen sa\u011flar.<\/li>\n\n\n\n<li><strong>Kablo Klipsleri ve D\u00fczenleyiciler<\/strong>: Masalar\u0131n alt\u0131nda yer alan klipsler ve manyetik d\u00fczenleyiciler, kablolar\u0131n dola\u015fmas\u0131n\u0131 \u00f6nler.<\/li>\n\n\n\n<li><strong>USB ve \u015earj Noktalar\u0131<\/strong>: Do\u011frudan masaya yerle\u015ftirilmi\u015f USB portlar\u0131, cihazlar\u0131n\u0131z\u0131 \u015farj etmek ve veri aktar\u0131m\u0131 yapmak i\u00e7in kolayl\u0131k sunar.<\/li>\n<\/ul>\n\n\n\n<p>Kullan\u0131c\u0131lar\u0131n ekipmanlar\u0131na kolayca eri\u015fmesini sa\u011flayan bu \u00f6zellikler, daha verimli bir \u00e7al\u0131\u015fma alan\u0131 yarat\u0131r. Ergonomik detaylar, teknolojik ihtiya\u00e7lar\u0131 kar\u015f\u0131larken masalar\u0131n d\u00fczenli kalmas\u0131na katk\u0131da bulunur.<\/p>\n\n\n\n<h2 class=\"wp-block-heading\">Modern Tasar\u0131mlar: Estetik ve Fonksiyonelli\u011fi Birle\u015ftiren Modeller<\/h2>\n\n\n\n<p>G\u00fcn\u00fcm\u00fcz ofis ortamlar\u0131nda hem \u015f\u0131kl\u0131\u011f\u0131 hem de i\u015flevselli\u011fi bir arada sunan \u00e7al\u0131\u015fma masalar\u0131, tasar\u0131mda modern bir devrim yarat\u0131yor. 2025 workstation \u00e7al\u0131\u015fma masalar\u0131, estetik detaylarla fonksiyonelli\u011fi kusursuz bir bi\u00e7imde harmanl\u0131yor.<\/p>\n\n\n\n<ul class=\"wp-block-list\">\n<li><strong>Minimalist Hatlar:<\/strong> \u0130nce ve net \u00e7izgilerle tasarlanm\u0131\u015f masalar, sadelikten ho\u015flananlar i\u00e7in ideal bir se\u00e7enek olu\u015fturuyor.<\/li>\n\n\n\n<li><strong>Ergonomik Yap\u0131lar:<\/strong> Uzun saatler \u00e7al\u0131\u015fmay\u0131 kolayla\u015ft\u0131ran s\u0131rt ve bilek deste\u011fi sunan tasar\u0131mlar \u00f6ne \u00e7\u0131k\u0131yor.<\/li>\n\n\n\n<li><strong>Ak\u0131ll\u0131 Saklama \u00c7\u00f6z\u00fcmleri:<\/strong> Gizli \u00e7ekmeceler ve mod\u00fcler b\u00f6lmeler, d\u00fczeni sa\u011flamak i\u00e7in etkili y\u00f6ntemler sa\u011fl\u0131yor.<\/li>\n\n\n\n<li><strong>Malzeme \u00c7e\u015fitlili\u011fi:<\/strong> Ah\u015fap, metal ve geri d\u00f6n\u00fc\u015ft\u00fcr\u00fclebilir malzemeler ile \u00e7evresel duyarl\u0131l\u0131\u011f\u0131 yans\u0131t\u0131yor.<\/li>\n<\/ul>\n\n\n\n<p>Bu modeller hem \u00e7al\u0131\u015fanlar\u0131n verimlili\u011fini art\u0131r\u0131yor hem de ofis atmosferine estetik bir dokunu\u015f kat\u0131yor.<\/p>\n\n\n\n<h2 class=\"wp-block-heading\">Fiyat-Performans Analizi: 2025\u2019in B\u00fct\u00e7e Dostu Modelleri<\/h2>\n\n\n\n<p>2025 y\u0131l\u0131nda piyasaya sunulan workstation \u00e7al\u0131\u015fma masalar\u0131nda fiyat-performans oran\u0131n\u0131 \u00f6ne \u00e7\u0131karan modeller, hem ergonomik tasar\u0131mlar\u0131 hem de i\u015flevsellikleriyle dikkat \u00e7ekiyor. \u00d6zellikle b\u00fct\u00e7e dostu se\u00e7enekler arayan kullan\u0131c\u0131lar, zarif tasar\u0131m\u0131 ve dayan\u0131kl\u0131 malzemesiyle g\u00fcven veren ekonomik modellere y\u00f6neliyor.<\/p>\n\n\n\n<ul class=\"wp-block-list\">\n<li><strong>Minimalist Tasar\u0131mlar:<\/strong> \u015e\u0131k ve sade \u00e7izgilerle tasarlanm\u0131\u015f modeller, hem estetik hem de kullan\u0131m kolayl\u0131\u011f\u0131 sunuyor.<\/li>\n\n\n\n<li><strong>Mod\u00fcler \u00d6zellikler:<\/strong> Alan\u0131n\u0131 optimize etmek isteyenler i\u00e7in mod\u00fcler eklentiler b\u00fcy\u00fck avantaj sa\u011fl\u0131yor.<\/li>\n\n\n\n<li><strong>Uzun \u00d6m\u00fcrl\u00fc Malzeme:<\/strong> \u00c7elik ve MDF gibi dayan\u0131kl\u0131 malzemeler, masalara y\u0131llarca s\u00fcren bir kullan\u0131m \u00f6mr\u00fc vaat ediyor.<\/li>\n<\/ul>\n\n\n\n<p>Bu segmentte \u00f6ne \u00e7\u0131kan markalar, uygun fiyatlarla profesyonel ihtiya\u00e7lara \u00e7\u00f6z\u00fcm geli\u015ftirmeye devam ediyor.<\/p>\n\n\n\n<h2 class=\"wp-block-heading\">Kompakt Alanlar i\u00e7in Katlanabilir ve \u00c7ok Ama\u00e7l\u0131 Masalar<\/h2>\n\n\n\n<p>K\u00fc\u00e7\u00fck alanlara sahip ofisler i\u00e7in katlanabilir ve \u00e7ok ama\u00e7l\u0131 masalar, yerden tasarruf sa\u011flarken fonksiyonelli\u011fi art\u0131r\u0131yor. Bu masalar, kullan\u0131lmad\u0131\u011f\u0131nda kolayca katlanarak yer a\u00e7ar ve gerekti\u011finde farkl\u0131 ama\u00e7larla kullan\u0131labilecek esneklik sunar.<\/p>\n\n\n\n<h2 class=\"wp-block-heading\">Bu masalar\u0131n sa\u011flad\u0131\u011f\u0131 baz\u0131 avantajlar:<\/h2>\n\n\n\n<ul class=\"wp-block-list\">\n<li><strong>Yer Tasarrufu:<\/strong> Katlanabilir mekanizmalar\u0131 sayesinde s\u0131n\u0131rl\u0131 alana sahip ofisler i\u00e7in idealdir.<\/li>\n\n\n\n<li><strong>\u00c7ok Y\u00f6nl\u00fc Kullan\u0131m:<\/strong> \u00c7al\u0131\u015fma alan\u0131, toplant\u0131 masas\u0131 veya yan sehpa olarak kullan\u0131labilir.<\/li>\n\n\n\n<li><strong>Estetik Tasar\u0131m:<\/strong> \u015e\u0131kl\u0131\u011f\u0131 ve modern yap\u0131lar\u0131yla ofis dekorasyonuna uyum sa\u011flar.<\/li>\n\n\n\n<li><strong>Hareket Kabiliyeti:<\/strong> Genellikle hafif yap\u0131s\u0131yla kolay ta\u015f\u0131nabilir.<\/li>\n<\/ul>\n\n\n\n<p>Metal, ah\u015fap veya kompozit malzemelerden \u00fcretilmi\u015f modeller, dayan\u0131kl\u0131l\u0131\u011f\u0131 estetikle birle\u015ftirerek uzun s\u00fcreli kullan\u0131m sunuyor. Katlanabilir masalar, i\u015flevsellik ve stil isteyen profesyonellerin vazge\u00e7ilmezi haline geliyor.<\/p>\n\n\n\n<h2 class=\"wp-block-heading\">Uzman Yorumlar\u0131 ve Kullan\u0131c\u0131 \u0130ncelemeleri ile En Sevilen Modeller<\/h2>\n\n\n\n<p>2025 workstation \u00e7al\u0131\u015fma masalar\u0131, hem tasar\u0131m hem de i\u015flevsellik a\u00e7\u0131s\u0131ndan b\u00fcy\u00fck be\u011feni topluyor. Uzmanlar, masa ergonomisinin modern \u00e7al\u0131\u015fma d\u00fczenine uygunlu\u011funu ve uzun s\u00fcreli kullan\u0131mda sa\u011flad\u0131\u011f\u0131 konforu vurguluyor. Ayr\u0131ca, kullan\u0131lan malzemelerin dayan\u0131kl\u0131l\u0131\u011f\u0131 ve estetik \u00e7ekicili\u011fi \u00f6ne \u00e7\u0131kan \u00f6zellikler olarak belirtiliyor.<\/p>\n\n\n\n<p>Kullan\u0131c\u0131 incelemelerinde ise en sevilen modellerin \u015fu \u00f6zelliklere odakland\u0131\u011f\u0131 g\u00f6zlemleniyor:<\/p>\n\n\n\n<ul class=\"wp-block-list\">\n<li><strong>Y\u00fckseklik Ayar\u0131:<\/strong> Oturarak ve ayakta \u00e7al\u0131\u015fma imk\u00e2n\u0131 sunan modeller pop\u00fcler.<\/li>\n\n\n\n<li><strong>Geni\u015f \u00c7al\u0131\u015fma Alan\u0131:<\/strong> \u00c7oklu ekran kurulumlar\u0131n\u0131 destekleyen tasar\u0131mlar tercih ediliyor.<\/li>\n\n\n\n<li><strong>Kablo Y\u00f6netimi:<\/strong> G\u00f6m\u00fcl\u00fc kablo kanallar\u0131 d\u00fczenlilik sa\u011fl\u0131yor.<\/li>\n\n\n\n<li><strong>Minimalist Tasar\u0131m:<\/strong> \u015e\u0131k ve sade \u00e7izgilere sahip masalar \u00e7ok be\u011feniliyor.<\/li>\n<\/ul>\n\n\n\n<p>Bir kullan\u0131c\u0131 incelemesi: &#8220;Bu masan\u0131n hem modern tasar\u0131m\u0131 hem de pratik detaylar\u0131 i\u015f verimlili\u011fimi art\u0131rd\u0131.&#8221;<\/p>\n\n\n\n<h2 class=\"wp-block-heading\">2025&#8217;in Trendlerinden \u0130lham Al\u0131n: Gelece\u011fe Uyarlanan Tasar\u0131mlar<\/h2>\n\n\n\n<p>2025 y\u0131l\u0131, modern ofis tasar\u0131mlar\u0131nda i\u015flevsellik ve esteti\u011fi bir araya getiren yenilik\u00e7i yakla\u015f\u0131mlar sunuyor. \u00c7al\u0131\u015fma masalar\u0131n\u0131n tasar\u0131mlar\u0131nda ve malzeme se\u00e7imlerinde dikkat \u00e7eken \u00f6ncelikler \u015fu \u015fekilde \u00f6ne \u00e7\u0131k\u0131yor:<\/p>\n\n\n\n<ul class=\"wp-block-list\">\n<li><strong>Mod\u00fcler Mobilyalar<\/strong>: Kullan\u0131c\u0131lar\u0131n ihtiya\u00e7lar\u0131na g\u00f6re de\u011fi\u015ftirilebilen ve \u00f6zelle\u015ftirilebilen masalar, esneklik sa\u011flayarak her \u00e7al\u0131\u015fma alan\u0131na kolayca uyum sa\u011fl\u0131yor.<\/li>\n\n\n\n<li><strong>S\u00fcrd\u00fcr\u00fclebilir Malzemeler<\/strong>: Do\u011faya duyarl\u0131, geri d\u00f6n\u00fc\u015ft\u00fcr\u00fclebilir ah\u015fap ve yenilik\u00e7i kompozit malzemeler, tasar\u0131mlarda b\u00fcy\u00fck rol oynuyor.<\/li>\n\n\n\n<li><strong>Minimalist Estetik<\/strong>: Daha sade ve temiz hatlara sahip tasar\u0131mlar, profesyonelli\u011fi ve d\u00fczeni \u00f6n plana \u00e7\u0131kar\u0131yor.<\/li>\n\n\n\n<li><strong>Teknoloji Entegrasyonu<\/strong>: Dahili \u015farj istasyonlar\u0131 ve kablosuz ba\u011flant\u0131 destekleri, g\u00fcn\u00fcm\u00fcz teknolojik ihtiya\u00e7lar\u0131na uyum sa\u011fl\u0131yor.<\/li>\n<\/ul>\n\n\n\n<p>Bu trendler, hem i\u015flevselli\u011fi art\u0131ran hem de kullan\u0131c\u0131ya ilham veren \u00fcr\u00fcnler sunmay\u0131 ama\u00e7l\u0131yor.<\/p>\n\n\n\n<h2 class=\"wp-block-heading\">\u00c7evre Dostu Workstation Masalar\u0131: S\u00fcrd\u00fcr\u00fclebilir Se\u00e7imler<\/h2>\n\n\n\n<p>Ofis mobilyalar\u0131nda \u00e7evresel fark\u0131ndal\u0131k her ge\u00e7en y\u0131l daha fazla \u00f6nem kazan\u0131yor. \u00c7evre dostu workstation masalar\u0131, hem \u015f\u0131kl\u0131\u011f\u0131 hem de s\u00fcrd\u00fcr\u00fclebilirli\u011fi bir arada sunuyor. G\u00fcn\u00fcm\u00fczde kullan\u0131lan bu masalar genellikle geri d\u00f6n\u00fc\u015ft\u00fcr\u00fclebilir veya organik malzemelerden \u00fcretiliyor. Dahas\u0131, \u00e7evreye duyarl\u0131 tasar\u0131mlar karbon ayak izini azaltmay\u0131 hedefliyor. \u0130\u015fte bu t\u00fcr masalar\u0131n \u00f6ne \u00e7\u0131kan \u00f6zellikleri:<\/p>\n\n\n\n<ul class=\"wp-block-list\">\n<li><strong>Geri d\u00f6n\u00fc\u015ft\u00fcr\u00fclm\u00fc\u015f malzemeler<\/strong>: Ah\u015fap, metal veya plastik gibi geri d\u00f6n\u00fc\u015ft\u00fcr\u00fclebilir malzemelerden yap\u0131lan masalar \u00f6n planda.<\/li>\n\n\n\n<li><strong>Do\u011fal kaplamalar<\/strong>: Kimyasal i\u00e7ermeyen, toksik olmayan boya ve cila kullan\u0131m\u0131 dikkat \u00e7ekiyor.<\/li>\n\n\n\n<li><strong>Eko-verimli \u00fcretim s\u00fcre\u00e7leri<\/strong>: Enerji tasarruflu \u00fcretim y\u00f6ntemleri \u00e7evre dostu \u00fcr\u00fcnlerin temelini olu\u015fturuyor.<\/li>\n<\/ul>\n\n\n\n<p>Bu masalar, sadece \u00e7evre i\u00e7in de\u011fil, \u00e7al\u0131\u015fanlar i\u00e7in de sa\u011fl\u0131kl\u0131 bir se\u00e7enek sunuyor.<\/p>\n\n\n\n<h2 class=\"wp-block-heading\">Teknolojik Entegrasyon: Ak\u0131ll\u0131 \u00c7\u00f6z\u00fcmler Sunan \u00c7al\u0131\u015fma Masalar\u0131<\/h2>\n\n\n\n<p>2025 workstation modelleri, modern i\u015f d\u00fcnyas\u0131n\u0131n ihtiya\u00e7lar\u0131na y\u00f6nelik ak\u0131ll\u0131 teknolojik entegrasyonlarla donat\u0131lm\u0131\u015ft\u0131r. Bu masalar, kullan\u0131c\u0131n\u0131n hem i\u015f verimlili\u011fini hem de konforunu art\u0131rmay\u0131 hedefler.<\/p>\n\n\n\n<ul class=\"wp-block-list\">\n<li><strong>Kablosuz \u015earj \u0130stasyonlar\u0131<\/strong>: Dahili kablosuz \u015farj alanlar\u0131 sayesinde cihazlar\u0131n\u0131z\u0131 kablo karma\u015fas\u0131na son vererek kolayca \u015farj edebilirsiniz.<\/li>\n\n\n\n<li><strong>Yerle\u015fik USB ve Tip-C Portlar\u0131<\/strong>: \u00c7oklu ba\u011flant\u0131 noktalar\u0131, t\u00fcm cihazlar\u0131n\u0131z\u0131n entegre kullan\u0131m\u0131n\u0131 destekler.<\/li>\n\n\n\n<li><strong>Ak\u0131ll\u0131 Ayd\u0131nlatma \u00c7\u00f6z\u00fcmleri<\/strong>: I\u015f\u0131k seviyesini ortam\u0131n ayd\u0131nlatmas\u0131na g\u00f6re ayarlayan sens\u00f6rler enerji tasarrufu sa\u011flar.<\/li>\n\n\n\n<li><strong>Entegre Ses Sistemleri<\/strong>: Video konferanslar i\u00e7in net ses kalitesi sa\u011flayarak ofis donan\u0131m ihtiyac\u0131n\u0131 azalt\u0131r.<\/li>\n<\/ul>\n\n\n\n<p>Bu ak\u0131ll\u0131 \u00f6zellikler, \u00e7al\u0131\u015fma ortam\u0131n\u0131 optimize ederek kullan\u0131c\u0131 deneyimini yeni bir seviyeye ta\u015f\u0131r.<\/p>","protected":false},"excerpt":{"rendered":"<p>Pellentesque feugiat, sem id interdum molestie, libero nibh imperdiet velit, sodales elementum enim sem sed lectus. Vivamus viverra diam congue tristique pellentesque. Proin efficitur est vel lectus ultrices rhoncus eu ut lacus. In gravida leo at justo lobortis, vitae aliquet justo vehicula. Maecenas at facilisis ex. Curabitur cursus, ex id efficitur ultrices, sapien mauris sodales<\/p>","protected":false},"author":10,"featured_media":28529,"comment_status":"closed","ping_status":"closed","sticky":false,"template":"","format":"standard","meta":{"_monsterinsights_skip_tracking":false,"_monsterinsights_sitenote_active":false,"_monsterinsights_sitenote_note":"","_monsterinsights_sitenote_category":0,"footnotes":""},"categories":[404,406,408],"tags":[],"class_list":["post-28526","post","type-post","status-publish","format-standard","has-post-thumbnail","hentry","category-is-dunyasi","category-ofis-dekorasyonu","category-ofis-mobilyalari"],"_links":{"self":[{"href":"https:\/\/kuansofis.com\/en\/wp-json\/wp\/v2\/posts\/28526","targetHints":{"allow":["GET"]}}],"collection":[{"href":"https:\/\/kuansofis.com\/en\/wp-json\/wp\/v2\/posts"}],"about":[{"href":"https:\/\/kuansofis.com\/en\/wp-json\/wp\/v2\/types\/post"}],"author":[{"embeddable":true,"href":"https:\/\/kuansofis.com\/en\/wp-json\/wp\/v2\/users\/10"}],"replies":[{"embeddable":true,"href":"https:\/\/kuansofis.com\/en\/wp-json\/wp\/v2\/comments?post=28526"}],"version-history":[{"count":1,"href":"https:\/\/kuansofis.com\/en\/wp-json\/wp\/v2\/posts\/28526\/revisions"}],"predecessor-version":[{"id":137828,"href":"https:\/\/kuansofis.com\/en\/wp-json\/wp\/v2\/posts\/28526\/revisions\/137828"}],"wp:featuredmedia":[{"embeddable":true,"href":"https:\/\/kuansofis.com\/en\/wp-json\/wp\/v2\/media\/28529"}],"wp:attachment":[{"href":"https:\/\/kuansofis.com\/en\/wp-json\/wp\/v2\/media?parent=28526"}],"wp:term":[{"taxonomy":"category","embeddable":true,"href":"https:\/\/kuansofis.com\/en\/wp-json\/wp\/v2\/categories?post=28526"},{"taxonomy":"post_tag","embeddable":true,"href":"https:\/\/kuansofis.com\/en\/wp-json\/wp\/v2\/tags?post=28526"}],"curies":[{"name":"wp","href":"https:\/\/api.w.org\/{rel}","templated":true}]}}