{"id":28522,"date":"2025-07-08T14:09:57","date_gmt":"2025-07-08T11:09:57","guid":{"rendered":"https:\/\/kuansofis.com\/?p=28522"},"modified":"2026-01-13T15:19:35","modified_gmt":"2026-01-13T12:19:35","slug":"makam-masasi-secerken-nelere-dikkat-edilmeli","status":"publish","type":"post","link":"https:\/\/kuansofis.com\/en\/makam-masasi-secerken-nelere-dikkat-edilmeli\/","title":{"rendered":"Makam Masas\u0131 Se\u00e7erken Nelere Dikkat Edilmeli?"},"content":{"rendered":"<h2 class=\"wp-block-heading\">Makam Masas\u0131 Al\u0131m\u0131n\u0131n \u00d6nemi<\/h2>\n\n\n\n<p>Makam masas\u0131, bir y\u00f6neticinin i\u015f d\u00fcnyas\u0131ndaki itibar\u0131n\u0131 ve profesyonellik alg\u0131s\u0131n\u0131 do\u011frudan yans\u0131tan \u00f6nemli bir mobilya par\u00e7as\u0131d\u0131r. Bu nedenle al\u0131m\u0131nda titizlik g\u00f6sterilmesi gereklidir. \u00d6ncelikle, masan\u0131n ergonomik olu\u015fu, y\u00f6neticinin uzun saatler rahat \u00e7al\u0131\u015fabilmesi i\u00e7in hayati \u00f6nem ta\u015f\u0131r. Ayr\u0131ca, kaliteli malzeme ve i\u015f\u00e7ilik, masan\u0131n dayan\u0131kl\u0131l\u0131\u011f\u0131 ve uzun \u00f6m\u00fcrl\u00fc olmas\u0131n\u0131 sa\u011flar. Estetik a\u00e7\u0131dan ise, masan\u0131n ofis dekorasyonuyla uyumlu olmas\u0131 ve prestijli bir g\u00f6r\u00fcn\u00fcm sunmas\u0131 beklenir. Bu unsurlar, makam masas\u0131n\u0131n hem i\u015flevsel hem de kurumsal kimli\u011fi yans\u0131tacak \u015fekilde se\u00e7ilmesinin vazge\u00e7ilmezli\u011fini vurgular.<\/p>\n\n\n\n<h2 class=\"wp-block-heading\" id=\"makam-masas\u0131-boyutlar\u0131-mek\u00e2nla-uyumu-sa\u011flamak\">Makam Masas\u0131 Boyutlar\u0131: Mek\u00e2nla Uyumu Sa\u011flamak<\/h2>\n\n\n\n<p>Makam masas\u0131 se\u00e7iminde, boyutlar b\u00fcy\u00fck \u00f6nem ta\u015f\u0131maktad\u0131r. Masan\u0131n, ofis alan\u0131na uygun boyutlarda olmas\u0131 \u00e7al\u0131\u015fma ortam\u0131n\u0131n verimlili\u011fini ve esteti\u011fini art\u0131r\u0131r. Dikkat edilmesi gereken boyutlar:<\/p>\n\n\n\n<ul class=\"wp-block-list\">\n<li>Masan\u0131n Geni\u015fli\u011fi:\u00a0Yeterli \u00e7al\u0131\u015fma alan\u0131 ve evraklar i\u00e7in geni\u015f bir y\u00fczey sunmal\u0131d\u0131r.<\/li>\n\n\n\n<li>Masan\u0131n Derinli\u011fi:\u00a0Bilgisayar, telefon gibi teknolojik aletlerle rahat \u00e7al\u0131\u015fmaya olanak vermeli.<\/li>\n\n\n\n<li>Masan\u0131n Y\u00fcksekli\u011fi:\u00a0Ergonomik bir \u00e7al\u0131\u015fma pozisyonu i\u00e7in ideal y\u00fckseklikte olmal\u0131d\u0131r.<\/li>\n\n\n\n<li>Alt Bo\u015fluk:\u00a0Bacaklar\u0131n rahat hareket etmesi ve alt\u0131nda yeterli alan\u0131n olmas\u0131na dikkat edilmelidir.<\/li>\n<\/ul>\n\n\n\n<p>B\u00fcy\u00fck masalar, geni\u015f bir odaya iyi otururken, k\u00fc\u00e7\u00fck alanlar i\u00e7in kompakt tasar\u0131mlar tercih edilmelidir.<\/p>\n\n\n\n<h2 class=\"wp-block-heading\" id=\"tasar\u0131m-ve-estetik-ofis-dekorasyonunuza-uygun-se\u00e7imler\">Tasar\u0131m ve Estetik: Ofis Dekorasyonunuza Uygun Se\u00e7imler<\/h2>\n\n\n\n<p>Makam masas\u0131 se\u00e7imi yaparken, ofisinizin genel tasar\u0131m\u0131 ve esteti\u011fi ile uyum i\u00e7inde olmas\u0131na \u00f6zen g\u00f6stermelisiniz. Bir ofis dekorasyonu, \u015firketin profesyonel imaj\u0131n\u0131 yans\u0131t\u0131rken ayn\u0131 zamanda estetik bir g\u00f6r\u00fcn\u00fcme de sahip olmal\u0131d\u0131r. Se\u00e7ece\u011finiz makam masas\u0131;<\/p>\n\n\n\n<ul class=\"wp-block-list\">\n<li>Renk ve malzeme bak\u0131m\u0131ndan ofisinizdeki di\u011fer mobilya ve dekoratif objelerle uyumlu olmal\u0131d\u0131r.<\/li>\n\n\n\n<li>Ofisin genel renk \u015femas\u0131n\u0131 tamamlay\u0131c\u0131 tonlarda se\u00e7ilmelidir.<\/li>\n\n\n\n<li>\u015e\u0131k bir tasar\u0131m\u0131 olmakla birlikte, abart\u0131dan ka\u00e7\u0131narak sade ve profesyonel bir g\u00f6r\u00fcn\u00fcm sunmal\u0131d\u0131r.<\/li>\n\n\n\n<li>\u0130\u015flevsellikle esteti\u011fi bir arada sunabilen bir model olmal\u0131.<\/li>\n<\/ul>\n\n\n\n<p>\u00d6nemli olan, se\u00e7ilen mobilyan\u0131n hem g\u00f6ze ho\u015f gelmesi hem de fonksiyonel ihtiya\u00e7lar\u0131 kar\u015f\u0131lamas\u0131d\u0131r.<\/p>\n\n\n\n<h2 class=\"wp-block-heading\" id=\"ergonomi-sa\u011fl\u0131k-ve-konfor-i\u0307\u00e7in-ergonomik-tasar\u0131mlar\">Ergonomi: Sa\u011fl\u0131k ve Konfor \u0130\u00e7in Ergonomik Tasar\u0131mlar<\/h2>\n\n\n\n<p>Ergonomik bir makam masas\u0131 se\u00e7imi, uzun \u00e7al\u0131\u015fma saatleri boyunca sa\u011fl\u0131k ve konforu \u00f6n planda tutmak anlam\u0131na gelir. Bu ba\u011flamda dikkat edilmesi gereken noktalar \u015funlard\u0131r:<\/p>\n\n\n\n<ul class=\"wp-block-list\">\n<li>Oturma Duru\u015fu:\u00a0Masa y\u00fcksekli\u011fi, oturma duru\u015funu desteklemeli, b\u00f6ylece s\u0131rt, omuz ve boyun geriliminden ka\u00e7\u0131n\u0131lmal\u0131d\u0131r.<\/li>\n\n\n\n<li>Masa Y\u00fczeyi:\u00a0Kol ve bilekler rahat bir \u015fekilde desteklenmeli, klavye ve fare kullan\u0131m\u0131 do\u011fal bir pozisyonda olmal\u0131d\u0131r.<\/li>\n\n\n\n<li>Ayaklar ve Bacaklar:\u00a0Ayaklar yere sa\u011flam basmal\u0131, bacaklar masa alt\u0131nda rahat bir a\u00e7\u0131yla dinlendirilmelidir.<\/li>\n\n\n\n<li>G\u00f6z Seviyesi:\u00a0Monit\u00f6r y\u00fcksekli\u011fi g\u00f6z seviyesine uygun ayarlanarak boyun e\u011filmesi ve yorgunlu\u011fu en aza indirilmelidir.<\/li>\n<\/ul>\n\n\n\n<p>Sa\u011fl\u0131k ve \u00fcretkenlik i\u00e7in ergonomik tasar\u0131m esast\u0131r.<\/p>\n\n\n\n<h2 class=\"wp-block-heading\" id=\"malzeme-kalitesi-ve-dayan\u0131kl\u0131l\u0131k\">Malzeme Kalitesi ve Dayan\u0131kl\u0131l\u0131k<\/h2>\n\n\n\n<p>Makam masas\u0131 se\u00e7iminde, malzeme kalitesi ve dayan\u0131kl\u0131l\u0131k kritik \u00f6neme sahiptir. Masan\u0131n uzun s\u00fcreli kullan\u0131m\u0131na katk\u0131da bulunan fakt\u00f6rler a\u015fa\u011f\u0131daki gibidir:<\/p>\n\n\n\n<ul class=\"wp-block-list\">\n<li>Malzeme Se\u00e7imi:\u00a0Do\u011fal ah\u015fap, MDF, yonga levha gibi malzemelerin dayan\u0131kl\u0131l\u0131klar\u0131 farkl\u0131l\u0131k g\u00f6sterir. Do\u011fal ah\u015fap malzeme, estetik ve dayan\u0131kl\u0131l\u0131k a\u00e7\u0131s\u0131ndan tercih edilmelidir.<\/li>\n\n\n\n<li>\u0130\u015f\u00e7ilik Kalitesi:\u00a0Malzemelerin birle\u015fim yerleri ve y\u00fczey i\u015flemleri, masan\u0131n sa\u011flaml\u0131\u011f\u0131n\u0131 etkiler. Y\u00fcksek kaliteli i\u015f\u00e7ilik, uzun \u00f6m\u00fcrl\u00fc bir kullan\u0131m sa\u011flar.<\/li>\n\n\n\n<li>Y\u00fczey Koruma:\u00a0Masan\u0131n y\u00fczeyinde bulunan vernik, lamine kaplama ya da melamin gibi koruyucu katmanlar \u00e7izilmelere ve lekelere kar\u015f\u0131 diren\u00e7li olmal\u0131d\u0131r.<\/li>\n\n\n\n<li>Ta\u015f\u0131ma Kapasitesi:\u00a0Masan\u0131n \u00fczerindeki a\u011f\u0131rl\u0131klara dayanabilmesi i\u00e7in sa\u011flam yap\u0131da olmas\u0131 gerekmektedir.<\/li>\n<\/ul>\n\n\n\n<p>Kaliteli ve dayan\u0131kl\u0131 bir makam masas\u0131, profesyonel g\u00f6r\u00fcn\u00fcm\u00fcn yan\u0131 s\u0131ra uzun vadede ekonomik bir tercih olacakt\u0131r.<\/p>\n\n\n\n<h2 class=\"wp-block-heading\" id=\"fonksiyonellik-\u00e7ok-ama\u00e7l\u0131-kullan\u0131m-ve-depolama-se\u00e7enekleri\">Fonksiyonellik: \u00c7ok Ama\u00e7l\u0131 Kullan\u0131m ve Depolama Se\u00e7enekleri<\/h2>\n\n\n\n<p>Makam masas\u0131 se\u00e7erken, fonksiyonellik olduk\u00e7a \u00f6nemlidir. \u00c7ok ama\u00e7l\u0131 kullan\u0131m, masan\u0131n verimlili\u011fini art\u0131r\u0131rken, de\u011fi\u015fken i\u015f y\u00fcklerine uyum sa\u011flamay\u0131 kolayla\u015ft\u0131r\u0131r. Depolama se\u00e7enekleri ise d\u00fczenin korunmas\u0131na yard\u0131mc\u0131 olur. Masada dikkate al\u0131nmas\u0131 gereken \u00f6zellikler \u015funlard\u0131r:<\/p>\n\n\n\n<ul class=\"wp-block-list\">\n<li>\u00c7ekmeceler: Kilitlenebilir \u00e7ekmeceler, \u00f6nemli evraklar\u0131n g\u00fcvenli\u011fini sa\u011flar.<\/li>\n\n\n\n<li>Raflar: Kitaplar ve evraklar i\u00e7in yeterli ve eri\u015filebilir raf alan\u0131.<\/li>\n\n\n\n<li>Kablo Y\u00f6netimi: Masa \u00fczerinde \u00e7al\u0131\u015fma alan\u0131n\u0131 d\u00fczenli tutacak kablo y\u00f6nlendirme \u00f6zellikleri.<\/li>\n\n\n\n<li>Geni\u015fletilebilir Y\u00fczeyler: Farkl\u0131 faaliyetler i\u00e7in masan\u0131n y\u00fczey alan\u0131n\u0131 geni\u015fletebilme imkan\u0131.<\/li>\n<\/ul>\n\n\n\n<p>Bu fonksiyonel \u00f6zellikler, makam masas\u0131n\u0131n kullan\u0131c\u0131 i\u00e7in maksimum d\u00fczeyde uygun olmas\u0131n\u0131 sa\u011flayacakt\u0131r.<\/p>\n\n\n\n<h2 class=\"wp-block-heading\" id=\"renk-ve-doku-profesyonel-bir-i\u0307maj-i\u00e7in-do\u011fru-tonlar\u0131n-se\u00e7imi\">Renk ve Doku: Profesyonel Bir \u0130maj i\u00e7in Do\u011fru Tonlar\u0131n Se\u00e7imi<\/h2>\n\n\n\n<p>Makam masas\u0131 se\u00e7iminde renk ve doku, mekan\u0131n enerjisi ve profesyonel imaj\u0131n\u0131z a\u00e7\u0131s\u0131ndan \u00f6nem ta\u015f\u0131r. Masan\u0131n renk tonu, i\u015f yerinin genel tasar\u0131m\u0131yla uyum i\u00e7erisinde olmal\u0131 ve ki\u015fisel zevkinizi yans\u0131tmal\u0131d\u0131r. Klasik ah\u015fap tonlar\u0131 olan ceviz, me\u015fe veya kiraz, zenginlik ve sa\u011flaml\u0131k izlenimi verirken, modern ofisler i\u00e7in a\u00e7\u0131k renkler veya beyaz, ferah bir atmosfer yarat\u0131r. Doku se\u00e7imi ise masan\u0131n dayan\u0131kl\u0131l\u0131\u011f\u0131n\u0131 ve bak\u0131m kolayl\u0131\u011f\u0131n\u0131 etkiler. Mat y\u00fczeyler parmak izi b\u0131rakmay\u0131 azalt\u0131rken, y\u00fcksek parlakl\u0131kta y\u00fczeyler daha temiz bir g\u00f6r\u00fcn\u00fcm sa\u011flar. Renk ve doku konusunda karar verirken:<\/p>\n\n\n\n<ul class=\"wp-block-list\">\n<li>\u0130\u015fletmenin karakterine uygun bir renk tonu se\u00e7in<\/li>\n\n\n\n<li>Mevcut mobilya ve dekorasyonla uyum sa\u011flayacak doku ve renkleri tercih edin<\/li>\n\n\n\n<li>G\u00fcnl\u00fck kullan\u0131mda pratik olacak materyal \u00f6zelliklerini de\u011ferlendirin<\/li>\n<\/ul>\n\n\n\n<p>Bu a\u015famada do\u011fru se\u00e7imler yapmak, ofisin atmosferine uyum sa\u011flar ve profesyonel bir \u00e7izgi \u00e7eker.<\/p>\n\n\n\n<h2 class=\"wp-block-heading\" id=\"marka-ve-\u00fcretici-g\u00fcvenilirli\u011fi-uzun-s\u00fcreli-kullan\u0131m\">Marka ve \u00dcretici G\u00fcvenilirli\u011fi: Uzun S\u00fcreli Kullan\u0131m<\/h2>\n\n\n\n<p>Makam masas\u0131 se\u00e7imi yaparken, markan\u0131n ve \u00fcreticinin g\u00fcvenilirli\u011fi esast\u0131r. Uzun s\u00fcreli kullan\u0131m \u00f6m\u00fcrleri, \u00fcr\u00fcn kalitesi ve sat\u0131\u015f sonras\u0131 destek, g\u00fcvenilir bir \u00fcreticinin belirleyicidir.<\/p>\n\n\n\n<ul class=\"wp-block-list\">\n<li>Kaliteli malzeme kullan\u0131m\u0131 ve i\u015f\u00e7ilik, masan\u0131n dayan\u0131kl\u0131l\u0131\u011f\u0131n\u0131 ve esteti\u011fini korur.<\/li>\n\n\n\n<li>\u00dcreticinin garanti s\u00fcresi ve \u015fartlar\u0131, sat\u0131n alma sonras\u0131 g\u00fcven sa\u011flar.<\/li>\n\n\n\n<li>Marka itibar\u0131, m\u00fc\u015fteri hizmetleri ve kullan\u0131c\u0131 yorumlar\u0131, \u00fcreticinin pazardaki konumunu yans\u0131t\u0131r.<\/li>\n<\/ul>\n\n\n\n<p>Tercih edilen markan\u0131n sekt\u00f6rdeki tecr\u00fcbesi ve \u00fcretici hakk\u0131ndaki ba\u011f\u0131ms\u0131z de\u011ferlendirmeler, masan\u0131n uzun vadelide memnuniyetini garantiler.<\/p>\n\n\n\n<h2 class=\"wp-block-heading\" id=\"montaj-ve-bak\u0131m-kolayl\u0131\u011f\u0131\">Montaj ve Bak\u0131m Kolayl\u0131\u011f\u0131<\/h2>\n\n\n\n<p>Makam masas\u0131n\u0131n montaj\u0131 ve bak\u0131m\u0131, masan\u0131n kullan\u0131\u015fl\u0131l\u0131\u011f\u0131n\u0131 ve uzun \u00f6m\u00fcrl\u00fc olmas\u0131n\u0131 do\u011frudan etkiler. Masan\u0131n montaj\u0131n\u0131n m\u00fcmk\u00fcn oldu\u011funca basit ve anla\u015f\u0131l\u0131r olmas\u0131, masay\u0131 kuran ki\u015finin i\u015fini kolayla\u015ft\u0131racakt\u0131r. Ayr\u0131ca, masan\u0131n kolayca s\u00f6k\u00fcl\u00fcp tak\u0131labilen par\u00e7alara sahip olmas\u0131, ta\u015f\u0131nma gibi durumlarda avantaj sa\u011flar. Montaj kolayl\u0131\u011f\u0131 a\u015fa\u011f\u0131daki \u00f6zellikleri i\u00e7ermelidir:<\/p>\n\n\n\n<ul class=\"wp-block-list\">\n<li>Ayr\u0131nt\u0131l\u0131 ve anla\u015f\u0131l\u0131r montaj k\u0131lavuzu<\/li>\n\n\n\n<li>Az say\u0131da ara\u00e7 gereksinimi<\/li>\n\n\n\n<li>H\u0131zl\u0131 ve pratik birle\u015ftirme \u00f6zellikleri<\/li>\n<\/ul>\n\n\n\n<p>Bak\u0131m kolayl\u0131\u011f\u0131 ise, masan\u0131n temizlenmesi ve ar\u0131za durumlar\u0131nda onar\u0131lmas\u0131n\u0131 kapsar. Masan\u0131n y\u00fczeylerinin leke tutmaz ve kolay temizlenir olmas\u0131, g\u00fcnl\u00fck kullan\u0131mda kullan\u0131c\u0131lara b\u00fcy\u00fck konfor sa\u011flar. Y\u00fczeylerin toz ve kir tutmama \u00f6zelli\u011fi gibi bak\u0131m kolayl\u0131\u011f\u0131 sa\u011flayan unsurlar \u015funlar\u0131 i\u00e7erir:<\/p>\n\n\n\n<ul class=\"wp-block-list\">\n<li>Toz tutmaz y\u00fczeyler<\/li>\n\n\n\n<li>\u00c7izilmelere ve suya dayan\u0131kl\u0131 malzemeler<\/li>\n\n\n\n<li>Kolay demonte edilebilen par\u00e7alar\u0131n olmas\u0131<\/li>\n<\/ul>\n\n\n\n<p>Se\u00e7ilecek makam masas\u0131n\u0131n, montaj ve bak\u0131m kolayl\u0131\u011f\u0131na sahip olmas\u0131, masan\u0131n uzun vadede i\u015flevselli\u011fini ve estetik g\u00f6r\u00fcn\u00fcm\u00fcn\u00fc korumas\u0131n\u0131 sa\u011flar. Bu \u00f6zellikler, genel kullan\u0131m konforu ve verimlili\u011fi \u00fczerinde \u00f6nemli bir etkiye sahiptir.<\/p>\n\n\n\n<h2 class=\"wp-block-heading\" id=\"garanti-ve-servis-hizmetleri-sat\u0131\u015f-sonras\u0131-destek\">Garanti ve Servis Hizmetleri: Sat\u0131\u015f Sonras\u0131 Destek<\/h2>\n\n\n\n<p>Makam masas\u0131 se\u00e7imi yaparken, garanti ve servis hizmetleri de g\u00f6z ard\u0131 edilmemelidir. Sat\u0131n alma i\u015flemi sonras\u0131nda ya\u015fanabilecek olas\u0131 sorunlara kar\u015f\u0131;<\/p>\n\n\n\n<ul class=\"wp-block-list\">\n<li>\u00dcr\u00fcn\u00fcn uzun s\u00fcreli garanti kapsam\u0131nda olup olmad\u0131\u011f\u0131n\u0131 kontrol edin.<\/li>\n\n\n\n<li>Garanti s\u00fcresince hangi t\u00fcr desteklerin sunuldu\u011funu \u00f6\u011frenin; bu destekler montaj, tamir ve par\u00e7a de\u011fi\u015ftirme gibi hizmetleri i\u00e7erebilir.<\/li>\n\n\n\n<li>Sat\u0131c\u0131 firmalar\u0131n servis hizmet a\u011f\u0131n\u0131n geni\u015fli\u011fi ve ula\u015f\u0131labilirli\u011fi konusunda bilgi sahibi olun.<\/li>\n\n\n\n<li>Acil durumlar ve ar\u0131zalar i\u00e7in m\u00fc\u015fteri hizmetleri ile ileti\u015fime ge\u00e7ebilece\u011finiz bir numara veya destek hatt\u0131n\u0131n bulundu\u011fundan emin olun.<\/li>\n<\/ul>\n\n\n\n<p>Bu bilgiler, uzun vadede makam masas\u0131n\u0131n kullan\u0131m\u0131 ve s\u00fcrd\u00fcr\u00fclebilirli\u011fi a\u00e7\u0131s\u0131ndan \u00f6nem ta\u015f\u0131r.<\/p>\n\n\n\n<h2 class=\"wp-block-heading\" id=\"fiyat-ve-b\u00fct\u00e7e-d\u00fc\u015f\u00fcnceleri-maliyet-etkin-\u00e7\u00f6z\u00fcmler\">Fiyat ve B\u00fct\u00e7e D\u00fc\u015f\u00fcnceleri: Maliyet-Etkin \u00c7\u00f6z\u00fcmler<\/h2>\n\n\n\n<p>Makam masas\u0131 se\u00e7imi yaparken b\u00fct\u00e7enin \u00f6nemi yads\u0131namaz. Fiyat aral\u0131\u011f\u0131 geni\u015f olan bu \u00fcr\u00fcnlerde maliyet-etkin \u00e7\u00f6z\u00fcmler \u00f6n plana \u00e7\u0131kar:<\/p>\n\n\n\n<ul class=\"wp-block-list\">\n<li>\u00d6nceliklerinizi Belirleyin: \u00d6nceli\u011finiz malzeme kalitesi mi, yoksa tasar\u0131m m\u0131? Buna g\u00f6re b\u00fct\u00e7enize uygun se\u00e7enekleri daralt\u0131n.<\/li>\n\n\n\n<li>\u00c7ok Ama\u00e7l\u0131 Masalar\u0131 De\u011ferlendirin: Birden fazla i\u015flevi olan masalar uzun vadede daha ekonomik olabilir.<\/li>\n\n\n\n<li>Kampanyalar\u0131 Takip Edin: \u0130ndirimler ve kampanyalar, y\u00fcksek kaliteli masalar\u0131 daha uygun fiyatlarla bulman\u0131z\u0131 sa\u011flayabilir.<\/li>\n\n\n\n<li>\u0130kinci El \u00dcr\u00fcnlere Bak\u0131n: Az kullan\u0131lm\u0131\u015f ikinci el masalar, b\u00fct\u00e7e dostu se\u00e7enekler aras\u0131ndad\u0131r.<\/li>\n\n\n\n<li>Garanti S\u00fcresini Kontrol Edin: Uzun garanti s\u00fcreleri, ileride olu\u015fabilecek masraflar\u0131 minimize edebilir.<\/li>\n<\/ul>\n\n\n\n<p>Fiyat ve kaliteyi dengelerken, masan\u0131n i\u015flevselli\u011fini ve dayan\u0131kl\u0131l\u0131\u011f\u0131n\u0131 g\u00f6z ard\u0131 etmemek gerekir. Yat\u0131r\u0131m\u0131n\u0131z\u0131n uzun vadede kar\u015f\u0131l\u0131\u011f\u0131n\u0131 alabilmek i\u00e7in ak\u0131ll\u0131 se\u00e7imler yapmak esast\u0131r.<\/p>\n\n\n\n<h2 class=\"wp-block-heading\" id=\"sonu\u00e7-makam-masas\u0131-se\u00e7iminde-bilin\u00e7li-kararlar-vermek\">Makam Masas\u0131 Se\u00e7iminde Bilin\u00e7li Kararlar Vermek<\/h2>\n\n\n\n<p>Makam masas\u0131 se\u00e7imi yaparken estetik ve i\u015flevsellik aras\u0131nda dengeli bir karar vermek \u00f6nemlidir. Alaca\u011f\u0131n\u0131z masan\u0131n;<\/p>\n\n\n\n<ul class=\"wp-block-list\">\n<li>Ofisinizin genel dekorasyonuyla uyum i\u00e7inde olmas\u0131,<\/li>\n\n\n\n<li>Ergonomik \u00f6zelliklerinin sa\u011fl\u0131\u011f\u0131n\u0131z\u0131 destekleyecek yap\u0131da olmas\u0131,<\/li>\n\n\n\n<li>\u0130htiya\u00e7 duydu\u011funuz depolama alan\u0131n\u0131 ve \u00e7al\u0131\u015fma y\u00fczeyini sa\u011flamas\u0131,<\/li>\n\n\n\n<li>Y\u00fcksek kaliteli malzemelerden \u00fcretilmi\u015f olup dayan\u0131kl\u0131l\u0131k ve uzun \u00f6m\u00fcrl\u00fcl\u00fck sunmas\u0131,<\/li>\n\n\n\n<li>B\u00fct\u00e7enize uygun olmas\u0131,<\/li>\n<\/ul>\n\n\n\n<p>gibi \u00f6zelliklere sahip olmas\u0131 gerekti\u011fini unutmamal\u0131s\u0131n\u0131z. Bilin\u00e7li tercihlerle verimlili\u011fi ve konforu art\u0131rarak prestijli bir \u00e7al\u0131\u015fma ortam\u0131 yaratabilirsiniz.<\/p>","protected":false},"excerpt":{"rendered":"<p>Pellentesque feugiat, sem id interdum molestie, libero nibh imperdiet velit, sodales elementum enim sem sed lectus. Vivamus viverra diam congue tristique pellentesque. Proin efficitur est vel lectus ultrices rhoncus eu ut lacus. In gravida leo at justo lobortis, vitae aliquet justo vehicula. Maecenas at facilisis ex. Curabitur cursus, ex id efficitur ultrices, sapien mauris sodales<\/p>","protected":false},"author":10,"featured_media":28524,"comment_status":"closed","ping_status":"closed","sticky":false,"template":"","format":"standard","meta":{"_monsterinsights_skip_tracking":false,"_monsterinsights_sitenote_active":false,"_monsterinsights_sitenote_note":"","_monsterinsights_sitenote_category":0,"footnotes":""},"categories":[404,406,408],"tags":[],"class_list":["post-28522","post","type-post","status-publish","format-standard","has-post-thumbnail","hentry","category-is-dunyasi","category-ofis-dekorasyonu","category-ofis-mobilyalari"],"_links":{"self":[{"href":"https:\/\/kuansofis.com\/en\/wp-json\/wp\/v2\/posts\/28522","targetHints":{"allow":["GET"]}}],"collection":[{"href":"https:\/\/kuansofis.com\/en\/wp-json\/wp\/v2\/posts"}],"about":[{"href":"https:\/\/kuansofis.com\/en\/wp-json\/wp\/v2\/types\/post"}],"author":[{"embeddable":true,"href":"https:\/\/kuansofis.com\/en\/wp-json\/wp\/v2\/users\/10"}],"replies":[{"embeddable":true,"href":"https:\/\/kuansofis.com\/en\/wp-json\/wp\/v2\/comments?post=28522"}],"version-history":[{"count":1,"href":"https:\/\/kuansofis.com\/en\/wp-json\/wp\/v2\/posts\/28522\/revisions"}],"predecessor-version":[{"id":137829,"href":"https:\/\/kuansofis.com\/en\/wp-json\/wp\/v2\/posts\/28522\/revisions\/137829"}],"wp:featuredmedia":[{"embeddable":true,"href":"https:\/\/kuansofis.com\/en\/wp-json\/wp\/v2\/media\/28524"}],"wp:attachment":[{"href":"https:\/\/kuansofis.com\/en\/wp-json\/wp\/v2\/media?parent=28522"}],"wp:term":[{"taxonomy":"category","embeddable":true,"href":"https:\/\/kuansofis.com\/en\/wp-json\/wp\/v2\/categories?post=28522"},{"taxonomy":"post_tag","embeddable":true,"href":"https:\/\/kuansofis.com\/en\/wp-json\/wp\/v2\/tags?post=28522"}],"curies":[{"name":"wp","href":"https:\/\/api.w.org\/{rel}","templated":true}]}}