{"id":28514,"date":"2025-07-08T14:06:14","date_gmt":"2025-07-08T11:06:14","guid":{"rendered":"https:\/\/kuansofis.com\/?p=28514"},"modified":"2026-01-13T15:19:51","modified_gmt":"2026-01-13T12:19:51","slug":"fonksiyonel-ve-estetik-ofis-mobilyalariyla-calisma-ortaminizi-yeniden-tasarlayin","status":"publish","type":"post","link":"https:\/\/kuansofis.com\/en\/fonksiyonel-ve-estetik-ofis-mobilyalariyla-calisma-ortaminizi-yeniden-tasarlayin\/","title":{"rendered":"Fonksiyonel ve Estetik Ofis Mobilyalar\u0131yla \u00c7al\u0131\u015fma Ortam\u0131n\u0131z\u0131 Yeniden Tasarlay\u0131n"},"content":{"rendered":"<h2 class=\"wp-block-heading\">Fonksiyonel ve Estetik Ofis Mobilyalar\u0131n\u0131n \u00d6nemi<\/h2>\n\n\n\n<p>Fonksiyonel ve estetik ofis mobilyalar\u0131n\u0131n \u00f6nemi, \u00e7al\u0131\u015fma verimlili\u011fi ve \u00e7al\u0131\u015fan memnuniyeti a\u00e7\u0131s\u0131ndan b\u00fcy\u00fckt\u00fcr. Do\u011fru se\u00e7ilmi\u015f mobilyalar fiziksel konfor sa\u011flar ve ergonomiye uygun tasar\u0131m sayesinde sa\u011fl\u0131k sorunlar\u0131n\u0131 azalt\u0131r. Bunun yan\u0131 s\u0131ra, estetik a\u00e7\u0131dan \u00e7ekici bir ortam motivasyonu art\u0131r\u0131r.<\/p>\n\n\n\n<h3 class=\"wp-block-heading\">Avantajlar<\/h3>\n\n\n\n<ul class=\"wp-block-list\">\n<li><strong>Ergonomi:<\/strong>&nbsp;Ergonomik ofis sandalyesi ve masalar\u0131, bel ve boyun a\u011fr\u0131lar\u0131n\u0131 minimize eder.<\/li>\n\n\n\n<li><strong>Depolama \u00c7\u00f6z\u00fcmleri:<\/strong>&nbsp;Raf ve dolap sistemleri, d\u00fczenli bir \u00e7al\u0131\u015fma alan\u0131 olu\u015fturur.<\/li>\n\n\n\n<li><strong>Profesyonel G\u00f6r\u00fcn\u00fcm:<\/strong>&nbsp;Estetik mobilyalar, ofiste profesyonel bir imaj yarat\u0131lmas\u0131na yard\u0131mc\u0131 olur.<\/li>\n\n\n\n<li><strong>Motivasyon:<\/strong>&nbsp;\u00c7al\u0131\u015fanlar\u0131n psikolojik olarak daha rahat hissetmelerine katk\u0131 sa\u011flar.<\/li>\n<\/ul>\n\n\n\n<p>Bu nedenlerle fonksiyonel ve estetik mobilyalar, modern ofislerde tercih edilmelidir.<\/p>\n\n\n\n<h2 class=\"wp-block-heading\">Ergonomik Ofis Mobilyalar\u0131: Konfor ve Verimlilik<\/h2>\n\n\n\n<p>Ergonomik ofis mobilyalar\u0131, \u00e7al\u0131\u015fanlar\u0131n sa\u011fl\u0131kl\u0131 ve verimli bir \u00e7al\u0131\u015fma ortam\u0131nda bulunmalar\u0131n\u0131 sa\u011flar. Bu mobilyalar, v\u00fccut yap\u0131s\u0131na uygun tasarlanarak konfor ve i\u015flevsellik sunar. Kullan\u0131m avantajlar\u0131 \u015f\u00f6yledir:<\/p>\n\n\n\n<ul class=\"wp-block-list\">\n<li><strong>Sa\u011fl\u0131k ve G\u00fcvenlik<\/strong>: S\u0131rt, boyun ve bel a\u011fr\u0131lar\u0131 gibi sa\u011fl\u0131k sorunlar\u0131n\u0131 en aza indirir.<\/li>\n\n\n\n<li><strong>Verimlilik Art\u0131\u015f\u0131<\/strong>: \u00c7al\u0131\u015fanlar\u0131n daha rahat \u00e7al\u0131\u015fmas\u0131n\u0131 sa\u011flar, b\u00f6ylece verimlili\u011fi art\u0131r\u0131r.<\/li>\n\n\n\n<li><strong>Daha Az Yorgunluk<\/strong>: Do\u011fru oturma pozisyonu ve masa y\u00fcksekli\u011fi ile g\u00fcn boyu yorgunlu\u011fu azalt\u0131r.<\/li>\n\n\n\n<li><strong>Motivasyon<\/strong>: Kullan\u0131m\u0131 kolay ve rahat mobilyalar, \u00e7al\u0131\u015fan motivasyonunu y\u00fckseltir.<\/li>\n<\/ul>\n\n\n\n<p>Kaliteli ergonomik mobilyalar, \u00e7al\u0131\u015fanlar\u0131n sa\u011fl\u0131\u011f\u0131n\u0131 korurken, \u015firketin genel ba\u015far\u0131s\u0131na da katk\u0131da bulunur.<\/p>\n\n\n\n<h2 class=\"wp-block-heading\">Modern Ofis Tasar\u0131mlar\u0131nda \u00d6ne \u00c7\u0131kan Trendler<\/h2>\n\n\n\n<p>Modern ofis tasar\u0131mlar\u0131nda dikkat \u00e7eken trendler, \u00e7al\u0131\u015fanlar\u0131n verimlili\u011fini art\u0131rma ve i\u015f ortam\u0131n\u0131 daha \u00e7ekici hale getirme amac\u0131yla ortaya \u00e7\u0131kmaktad\u0131r. \u00d6ne \u00e7\u0131kan baz\u0131 anahtar trendler \u015funlard\u0131r:<\/p>\n\n\n\n<ol class=\"wp-block-list\">\n<li><strong>A\u00e7\u0131k Ofis Alanlar\u0131<\/strong>: Duvarlar\u0131n ve di\u011fer b\u00f6lmelerin minimumda tutuldu\u011fu bu tasar\u0131m, ileti\u015fimi ve i\u015f birli\u011fini art\u0131r\u0131r.<\/li>\n\n\n\n<li><strong>Esnek \u00c7al\u0131\u015fma Alanlar\u0131<\/strong>: \u00c7ok ama\u00e7l\u0131 mobilyalar\u0131n ve hareketli b\u00f6lme duvarlar\u0131n\u0131n kullan\u0131m\u0131, alan\u0131n ihtiya\u00e7lara g\u00f6re adapte olmas\u0131n\u0131 sa\u011flar.<\/li>\n\n\n\n<li><strong>Do\u011fal I\u015f\u0131k ve Ye\u015fil Alanlar<\/strong>: Pencere kullan\u0131m\u0131n\u0131n art\u0131r\u0131lmas\u0131 ve bitkilerle zenginle\u015ftirilmi\u015f \u00e7al\u0131\u015fma alanlar\u0131, \u00e7al\u0131\u015fanlar\u0131n moralini y\u00fckseltir ve stresi azalt\u0131r.<\/li>\n\n\n\n<li><strong>Teknoloji Entegrasyonu<\/strong>: Ak\u0131ll\u0131 teknolojilerin ve kablosuz \u00e7\u00f6z\u00fcmlerin entegre edilmesi, konfor ve i\u015flevselli\u011fi art\u0131r\u0131r.<\/li>\n<\/ol>\n\n\n\n<h2 class=\"wp-block-heading\">Estetik Ofis Mobilyalar\u0131yla \u0130maj\u0131n\u0131z\u0131 G\u00fc\u00e7lendirin<\/h2>\n\n\n\n<p>Estetik ofis mobilyalar\u0131, i\u015f yerinizde profesyonel ve \u015f\u0131k bir imaj olu\u015fturman\u0131za yard\u0131mc\u0131 olur. Modern tasar\u0131mlar, farkl\u0131 renk se\u00e7enekleri ve malzeme \u00e7e\u015fitlili\u011fi, her zevke ve ihtiyaca uygun se\u00e7enekler sunar. A\u015fa\u011f\u0131da estetik ofis mobilyalar\u0131n\u0131n faydalar\u0131 s\u0131ralanm\u0131\u015ft\u0131r:<\/p>\n\n\n\n<ul class=\"wp-block-list\">\n<li><strong>\u015e\u0131k Tasar\u0131mlar<\/strong>: G\u00f6z al\u0131c\u0131 ve zarif tasar\u0131mlar, prestijli bir \u00e7al\u0131\u015fma ortam\u0131 yarat\u0131r.<\/li>\n\n\n\n<li><strong>Malzeme Kalitesi<\/strong>: Y\u00fcksek kaliteli malzemeler, dayan\u0131kl\u0131l\u0131k ve uzun \u00f6m\u00fcr sunar.<\/li>\n\n\n\n<li><strong>Renk Uyumu<\/strong>: Ofis dekorasyonunuzla uyumlu renk se\u00e7enekleri, b\u00fct\u00fcnl\u00fck sa\u011flar.<\/li>\n\n\n\n<li><strong>Mod\u00fcler Yap\u0131<\/strong>: Farkl\u0131 kombinasyonlarla esnek kullan\u0131m olana\u011f\u0131 verir.<\/li>\n\n\n\n<li><strong>Marka \u0130maj\u0131<\/strong>: Estetik mobilyalar, \u015firketinizin marka imaj\u0131n\u0131 g\u00fc\u00e7lendirir.<\/li>\n<\/ul>\n\n\n\n<p>Estetik mobilyalar, \u00e7al\u0131\u015fanlar\u0131n motivasyonunu art\u0131r\u0131rken, i\u015f verimlili\u011fini de olumlu y\u00f6nde etkiler.<\/p>\n\n\n\n<h2 class=\"wp-block-heading\">Farkl\u0131 \u00c7al\u0131\u015fma Alanlar\u0131 \u0130\u00e7in Uygun Mobilya Se\u00e7imi<\/h2>\n\n\n\n<p>\u00c7al\u0131\u015fma alanlar\u0131n\u0131n verimlili\u011fi, se\u00e7ilen mobilyalar\u0131n niteli\u011fi ile do\u011frudan ili\u015fkilidir. Ofis mobilyalar\u0131n\u0131n i\u015flevselli\u011fi ve esteti\u011fi, \u00e7e\u015fitli \u00e7al\u0131\u015fma ortamlar\u0131na uyum sa\u011flamal\u0131d\u0131r. \u0130\u015fte baz\u0131 \u00f6nemli hususlar:<\/p>\n\n\n\n<ul class=\"wp-block-list\">\n<li><strong>A\u00e7\u0131k ofisler<\/strong>: Hareketli paneller ve ergonomik oturma birimleri, esneklik ve tak\u0131m \u00e7al\u0131\u015fmas\u0131n\u0131 te\u015fvik eder.<\/li>\n\n\n\n<li><strong>Y\u00f6netici odalar\u0131<\/strong>: Y\u00fcksek kaliteli masa ve dolaplar, profesyonellik ve prestij yarat\u0131r.<\/li>\n\n\n\n<li><strong>K\u00fc\u00e7\u00fck ofisler<\/strong>: Mod\u00fcler mobilyalar ve \u00e7ok ama\u00e7l\u0131 depolama \u00e7\u00f6z\u00fcmleri, alan tasarrufu sa\u011flar.<\/li>\n\n\n\n<li><strong>Ev ofisi<\/strong>: Konforlu sandalyeler ve ayarlanabilir masalar, rahat bir \u00e7al\u0131\u015fma ortam\u0131 sunar.<\/li>\n<\/ul>\n\n\n\n<p>Her \u00e7al\u0131\u015fma alan\u0131n\u0131n ihtiya\u00e7lar\u0131na g\u00f6re yap\u0131lan do\u011fru mobilya se\u00e7imi, hem \u00e7al\u0131\u015fan memnuniyetini art\u0131r\u0131r hem de i\u015f performans\u0131n\u0131 olumlu etkiler.<\/p>\n\n\n\n<h2 class=\"wp-block-heading\">Ofis Mobilyalar\u0131nda Malzeme ve Dayan\u0131kl\u0131l\u0131k<\/h2>\n\n\n\n<p>Ofis mobilyalar\u0131n\u0131n malzemesi ve dayan\u0131kl\u0131l\u0131\u011f\u0131, \u00e7al\u0131\u015fma ortam\u0131nda uzun \u00f6m\u00fcrl\u00fcl\u00fck ve i\u015flevsellik a\u00e7\u0131s\u0131ndan b\u00fcy\u00fck \u00f6nem ta\u015f\u0131r. Tablolar, raflar ve sandalyeler gibi mobilyalar\u0131n dayan\u0131kl\u0131 ve y\u00fcksek kaliteli malzemelerden \u00fcretilmi\u015f olmas\u0131, uzun s\u00fcreli kullan\u0131m sa\u011flar.<\/p>\n\n\n\n<ul class=\"wp-block-list\">\n<li><strong>Ah\u015fap:<\/strong>&nbsp;Estetik ve s\u0131cak bir g\u00f6r\u00fcnt\u00fc sunar. Masif ah\u015fap mobilyalar, y\u0131llarca dayanabilir.<\/li>\n\n\n\n<li><strong>Metal:<\/strong>&nbsp;Sa\u011flam ve dayan\u0131kl\u0131d\u0131r. Genellikle ayak ve \u00e7er\u00e7eve k\u0131s\u0131mlar\u0131nda kullan\u0131l\u0131r.<\/li>\n\n\n\n<li><strong>Plastik:<\/strong>&nbsp;Hafif ve ta\u015f\u0131nabilir. Ancak a\u011f\u0131r y\u00fcklere dayan\u0131kl\u0131 de\u011fildir.<\/li>\n\n\n\n<li><strong>Cam:<\/strong>&nbsp;\u015eeffaf bir estetik sunar. K\u0131r\u0131lmaya kar\u015f\u0131 dikkatli kullan\u0131lmal\u0131d\u0131r.<\/li>\n<\/ul>\n\n\n\n<p>Dayan\u0131kl\u0131l\u0131k, mobilyalar\u0131n uzun \u00f6m\u00fcrl\u00fc olmas\u0131 i\u00e7in hayati bir fakt\u00f6rd\u00fcr.<\/p>\n\n\n\n<h2 class=\"wp-block-heading\">K\u00fc\u00e7\u00fck Ofislerde Fonksiyonel Mobilya Kullan\u0131m\u0131<\/h2>\n\n\n\n<p>K\u00fc\u00e7\u00fck ofislerde alan\u0131n etkin kullan\u0131m\u0131 olduk\u00e7a \u00f6nemlidir. Bu nedenle fonksiyonel mobilyalar tercih edilmelidir. Bu tip mobilyalar \u00e7e\u015fitli ihtiya\u00e7lara yan\u0131t verir ve alan tasarrufu sa\u011flar.<\/p>\n\n\n\n<ul class=\"wp-block-list\">\n<li><strong>Mod\u00fcler Mobilyalar:<\/strong>&nbsp;Gerekti\u011finde kolayca ta\u015f\u0131nabilir ve yeniden d\u00fczenlenebilir.<\/li>\n\n\n\n<li><strong>Duvar \u00dcniteleri:<\/strong>&nbsp;Dikey alan kullan\u0131larak depolama \u00e7\u00f6z\u00fcm\u00fc sunar.<\/li>\n\n\n\n<li><strong>Katlanabilir Masalar:<\/strong>&nbsp;Kullan\u0131lmad\u0131\u011f\u0131nda katlanarak yerden tasarruf sa\u011flar.<\/li>\n\n\n\n<li><strong>\u00c7ok Ama\u00e7l\u0131 Dolaplar:<\/strong>&nbsp;Hem depolama hem de gizli \u00e7al\u0131\u015fma alanlar\u0131 sunar.<\/li>\n<\/ul>\n\n\n\n<p>K\u00fc\u00e7\u00fck ofisler i\u00e7in se\u00e7ilen mobilyalar\u0131n ergonomik olmas\u0131, \u00e7al\u0131\u015fanlar\u0131n konforunu art\u0131r\u0131rken verimlili\u011fi de y\u00fckseltir.<\/p>\n\n\n\n<h2 class=\"wp-block-heading\">Depolama \u00c7\u00f6z\u00fcmleri ve D\u00fczenli \u00c7al\u0131\u015fma Ortamlar\u0131<\/h2>\n\n\n\n<p>Etkili depolama \u00e7\u00f6z\u00fcmleri, ofislerde d\u00fczeni sa\u011flamak i\u00e7in kritik bir rol oynar. \u0130\u015f yerindeki karma\u015f\u0131kl\u0131\u011f\u0131 \u00f6nlemek ve verimlili\u011fi art\u0131rmak i\u00e7in \u00e7e\u015fitli depolama se\u00e7enekleri kullan\u0131lmal\u0131d\u0131r:<\/p>\n\n\n\n<ul class=\"wp-block-list\">\n<li><strong>Dosya Dolaplar\u0131<\/strong>: Belgelerin d\u00fczenli tutulmas\u0131 ve kolay bulunmas\u0131 i\u00e7in idealdir.<\/li>\n\n\n\n<li><strong>Raf Sistemleri<\/strong>: Kitaplar, klas\u00f6rler ve di\u011fer ofis malzemelerini saklamak i\u00e7in uygundur.<\/li>\n\n\n\n<li><strong>Mod\u00fcler Depolama \u00dcniteleri<\/strong>: Esnek yap\u0131lar\u0131 sayesinde ofislerin ihtiya\u00e7lar\u0131na g\u00f6re d\u00fczenlenebilir.<\/li>\n\n\n\n<li><strong>Masa \u00dcst\u00fc Organizasyon \u00dcr\u00fcnleri<\/strong>: Kalemlik, dosya tutucu gibi k\u00fc\u00e7\u00fck ama etkili d\u00fczenleme ara\u00e7lar\u0131.<\/li>\n<\/ul>\n\n\n\n<p>D\u00fczenli bir \u00e7al\u0131\u015fma ortam\u0131, \u00e7al\u0131\u015fanlar\u0131n motivasyonunu art\u0131r\u0131r ve zaman kayb\u0131n\u0131 minimuma indirir. Ayr\u0131ca temiz ve d\u00fczenli bir alan, profesyonellik alg\u0131s\u0131n\u0131 y\u00fckseltir.<\/p>\n\n\n\n<h2 class=\"wp-block-heading\">Ofis Mobilyalar\u0131 ile Renk ve Stil Uyumu<\/h2>\n\n\n\n<p>Ofis mobilyalar\u0131 se\u00e7imi yaparken renk ve stil uyumuna dikkat edilmesi \u00f6nemlidir. \u0130\u015f ortam\u0131nda kullan\u0131lan renkler, \u00e7al\u0131\u015fanlar\u0131n verimlili\u011fini ve motivasyonunu do\u011frudan etkiler. Renk ve stil uyumunu sa\u011flamak i\u00e7in a\u015fa\u011f\u0131daki ipu\u00e7lar\u0131 dikkate al\u0131nmal\u0131d\u0131r:<\/p>\n\n\n\n<ul class=\"wp-block-list\">\n<li><strong>N\u00f6tr Renkler<\/strong>: Beyaz, gri ve bej gibi n\u00f6tr renkler, sakin ve profesyonel bir ortam yarat\u0131r.<\/li>\n\n\n\n<li><strong>Uyumlu Stil<\/strong>: Modern, klasik veya minimalist tarzda mobilyalar tercih edilerek tutarl\u0131 bir g\u00f6r\u00fcn\u00fcm elde edilebilir.<\/li>\n\n\n\n<li><strong>Vurgu Renkleri<\/strong>: Mavi, ye\u015fil gibi renklerle belirli alanlarda vurgu yap\u0131labilir.<\/li>\n\n\n\n<li><strong>Do\u011fru Malzeme Se\u00e7imi<\/strong>: Ah\u015fap, metal veya cam gibi malzemelerde tutarl\u0131l\u0131k sa\u011flanmal\u0131d\u0131r.<\/li>\n<\/ul>\n\n\n\n<h2 class=\"wp-block-heading\">\u00c7al\u0131\u015fma Ortam\u0131nda Yarat\u0131c\u0131l\u0131\u011f\u0131 ve Motivasyonu Art\u0131racak Mobilyalar<\/h2>\n\n\n\n<p>\u00c7al\u0131\u015fma ortam\u0131nda yarat\u0131c\u0131l\u0131\u011f\u0131 ve motivasyonu art\u0131racak mobilyalar se\u00e7mek \u00f6nemlidir. Do\u011fru mobilyalar, \u00e7al\u0131\u015fanlar\u0131n performans\u0131n\u0131 ve memnuniyetini olumlu y\u00f6nde etkileyebilir. \u0130\u015fte bu ama\u00e7la tercih edilebilecek baz\u0131 mobilyalar:<\/p>\n\n\n\n<ul class=\"wp-block-list\">\n<li><strong>Ergonomik Sandalyeler<\/strong>: Bel sa\u011fl\u0131\u011f\u0131n\u0131 korur ve uzun s\u00fcreli oturmalarda konfor sa\u011flar.<\/li>\n\n\n\n<li><strong>Ayarlanabilir Masalar<\/strong>: Hem oturarak hem de ayakta \u00e7al\u0131\u015fmaya olanak tan\u0131r.<\/li>\n\n\n\n<li><strong>Renkli ve \u0130lham Verici Dekorlar<\/strong>: Yarat\u0131c\u0131 s\u00fcre\u00e7leri te\u015fvik eder.<\/li>\n\n\n\n<li><strong>Sessiz \u00c7al\u0131\u015fma Alanlar\u0131<\/strong>: Dikkat da\u011f\u0131n\u0131kl\u0131\u011f\u0131n\u0131 azalt\u0131r.<\/li>\n\n\n\n<li><strong>Depolama \u00c7\u00f6z\u00fcmleri<\/strong>: D\u00fczenli bir \u00e7al\u0131\u015fma alan\u0131 yarat\u0131r.<\/li>\n<\/ul>\n\n\n\n<blockquote class=\"wp-block-quote is-layout-flow wp-block-quote-is-layout-flow\">\n<p><strong>Not<\/strong>: Mobilyalar\u0131n kaliteli ve dayan\u0131kl\u0131 malzemelerden se\u00e7ilmesi uzun vadeli kullan\u0131m sa\u011flar.<\/p>\n<\/blockquote>\n\n\n\n<h2 class=\"wp-block-heading\">Yeni Normalde Ofis Mobilyalar\u0131: Esneklik ve \u00c7ok Y\u00f6nl\u00fcl\u00fck<\/h2>\n\n\n\n<p>Yeni normalde ofis mobilyalar\u0131, esneklik ve \u00e7ok y\u00f6nl\u00fcl\u00fck a\u00e7\u0131s\u0131ndan b\u00fcy\u00fck \u00f6nem ta\u015f\u0131maktad\u0131r. Teknolojik geli\u015fmeler ve de\u011fi\u015fen i\u015f dinamikleri, ofis ortamlar\u0131n\u0131n da evrilmesine neden oldu.<\/p>\n\n\n\n<ul class=\"wp-block-list\">\n<li><strong>Esnek Tasar\u0131m<\/strong>: Mod\u00fcler mobilyalar sayesinde \u00e7al\u0131\u015fma alanlar\u0131 kolayca yeniden d\u00fczenlenebilir.<\/li>\n\n\n\n<li><strong>\u00c7ok Y\u00f6nl\u00fc Kullan\u0131m<\/strong>: Hareketli masa ve sandalyeler ile ergonomik \u00e7\u00f6z\u00fcmler sunar.<\/li>\n\n\n\n<li><strong>Alan Tasarrufu<\/strong>: Katlanabilir masa ve saklama \u00e7\u00f6z\u00fcmleri ile alandan tasarruf edilir.<\/li>\n\n\n\n<li><strong>\u0130\u015f Birli\u011fi<\/strong>: A\u00e7\u0131k ofis d\u00fczenlerine olanak tan\u0131yan mobilyalar, ekip \u00e7al\u0131\u015fmalar\u0131n\u0131 kolayla\u015ft\u0131r\u0131r.<\/li>\n<\/ul>\n\n\n\n<p>Esnek ve \u00e7ok y\u00f6nl\u00fc mobilyalar, \u00e7al\u0131\u015fanlar\u0131n ihtiya\u00e7lar\u0131na uygun modern \u00e7\u00f6z\u00fcmler sunar.<\/p>\n\n\n\n<h2 class=\"wp-block-heading\">Modern Ofis Mobilya Markalar\u0131 ve Se\u00e7im Kriterleri<\/h2>\n\n\n\n<p>Modern ofis mobilya markalar\u0131n\u0131 se\u00e7erken kalite, konfor ve esteti\u011fin \u00f6n planda olmas\u0131 gerekir. \u0130\u015fte se\u00e7im kriterleri:<\/p>\n\n\n\n<h3 class=\"wp-block-heading\">Kalite<\/h3>\n\n\n\n<ul class=\"wp-block-list\">\n<li><strong>Malzeme Dayan\u0131kl\u0131l\u0131\u011f\u0131:<\/strong>&nbsp;Uzun \u00f6m\u00fcrl\u00fc ve sa\u011flam malzemeler tercih edilmeli.<\/li>\n\n\n\n<li><strong>\u0130\u015f\u00e7ilik:<\/strong>&nbsp;Detaylara \u00f6zen g\u00f6sterilmi\u015f, y\u00fcksek i\u015f\u00e7ilik kalitesi.<\/li>\n<\/ul>\n\n\n\n<h3 class=\"wp-block-heading\">Konfor<\/h3>\n\n\n\n<ul class=\"wp-block-list\">\n<li><strong>Ergonomi:<\/strong>&nbsp;Sandalyeler ergonomik destek sa\u011flamal\u0131.<\/li>\n\n\n\n<li><strong>Ayarlanabilirlik:<\/strong>&nbsp;\u00c7al\u0131\u015fma masas\u0131n\u0131n ve sandalyenin y\u00fcksekli\u011fi ayarlanabilir olmal\u0131.<\/li>\n<\/ul>\n\n\n\n<h3 class=\"wp-block-heading\">Estetik<\/h3>\n\n\n\n<ul class=\"wp-block-list\">\n<li><strong>Tasar\u0131m:<\/strong>&nbsp;Modern ve minimalist tasar\u0131mlara yer verilmeli.<\/li>\n\n\n\n<li><strong>Renk ve Doku:<\/strong>&nbsp;Ofis dekorasyonuna uyum sa\u011flayacak renk ve dokular se\u00e7ilmeli.<\/li>\n<\/ul>\n\n\n\n<h3 class=\"wp-block-heading\">Di\u011fer Kriterler<\/h3>\n\n\n\n<ul class=\"wp-block-list\">\n<li><strong>Fiyat:<\/strong>&nbsp;B\u00fct\u00e7eye uygun olmal\u0131.<\/li>\n\n\n\n<li><strong>Marka G\u00fcvenilirli\u011fi:<\/strong>&nbsp;G\u00fcvenilir ve bilinen markalar tercih edilmeli.<\/li>\n<\/ul>\n\n\n\n<p>Marka se\u00e7enekleri \u00e7ok geni\u015f oldu\u011fundan, bu kriterlere dikkat edilerek en uygun ofis mobilyalar\u0131n\u0131n se\u00e7imi m\u00fcmk\u00fcn olur.<\/p>\n\n\n\n<h2 class=\"wp-block-heading\">Ofis Mobilyas\u0131 Se\u00e7iminde B\u00fct\u00e7e Dostu \u00c7\u00f6z\u00fcmler<\/h2>\n\n\n\n<p>Ofis mobilyas\u0131 se\u00e7imi yap\u0131l\u0131rken b\u00fct\u00e7eyi korumak i\u00e7in dikkat edilmesi gereken baz\u0131 \u00f6nemli noktalar vard\u0131r. \u0130\u015fte b\u00fct\u00e7e dostu \u00e7\u00f6z\u00fcmler:<\/p>\n\n\n\n<p><strong>\u0130kinci El Piyasas\u0131<\/strong>: \u0130yi durumda olan ikinci el mobilyalar, ekonomik bir alternatif sunar.<\/p>\n\n\n\n<p><strong>\u0130htiya\u00e7lar\u0131 Belirlemek<\/strong>: \u00d6ncelikli olarak ofisin ihtiya\u00e7lar\u0131n\u0131n belirlenmesi, gereksiz mobilya al\u0131mlar\u0131ndan ka\u00e7\u0131nmay\u0131 sa\u011flar.<\/p>\n\n\n\n<p><strong>Fonksiyonel \u00dcr\u00fcnler<\/strong>: \u00c7ok ama\u00e7l\u0131 kullan\u0131m sunan mobilyalar tercih edilmelidir; \u00f6rne\u011fin, depolama alan\u0131 olan masalar.<\/p>\n\n\n\n<p><strong>Kalite ve Fiyat Dengesini Kurmak<\/strong>: Uzun \u00f6m\u00fcrl\u00fc ve dayan\u0131kl\u0131 \u00fcr\u00fcnler, uzun vadede maliyet tasarrufu sa\u011flar.<\/p>\n\n\n\n<p><strong>\u0130ndirim ve Kampanyalar<\/strong>: Mobilya ma\u011fazalar\u0131n\u0131n sezon sonu indirimleri ve \u00f6zel kampanyalar\u0131 takip edilmelidir.<\/p>\n\n\n\n<p><\/p>","protected":false},"excerpt":{"rendered":"<p>Pellentesque feugiat, sem id interdum molestie, libero nibh imperdiet velit, sodales elementum enim sem sed lectus. Vivamus viverra diam congue tristique pellentesque. Proin efficitur est vel lectus ultrices rhoncus eu ut lacus. In gravida leo at justo lobortis, vitae aliquet justo vehicula. Maecenas at facilisis ex. Curabitur cursus, ex id efficitur ultrices, sapien mauris sodales<\/p>","protected":false},"author":10,"featured_media":28516,"comment_status":"closed","ping_status":"closed","sticky":false,"template":"","format":"standard","meta":{"_monsterinsights_skip_tracking":false,"_monsterinsights_sitenote_active":false,"_monsterinsights_sitenote_note":"","_monsterinsights_sitenote_category":0,"footnotes":""},"categories":[404,406,408],"tags":[],"class_list":["post-28514","post","type-post","status-publish","format-standard","has-post-thumbnail","hentry","category-is-dunyasi","category-ofis-dekorasyonu","category-ofis-mobilyalari"],"_links":{"self":[{"href":"https:\/\/kuansofis.com\/en\/wp-json\/wp\/v2\/posts\/28514","targetHints":{"allow":["GET"]}}],"collection":[{"href":"https:\/\/kuansofis.com\/en\/wp-json\/wp\/v2\/posts"}],"about":[{"href":"https:\/\/kuansofis.com\/en\/wp-json\/wp\/v2\/types\/post"}],"author":[{"embeddable":true,"href":"https:\/\/kuansofis.com\/en\/wp-json\/wp\/v2\/users\/10"}],"replies":[{"embeddable":true,"href":"https:\/\/kuansofis.com\/en\/wp-json\/wp\/v2\/comments?post=28514"}],"version-history":[{"count":2,"href":"https:\/\/kuansofis.com\/en\/wp-json\/wp\/v2\/posts\/28514\/revisions"}],"predecessor-version":[{"id":137946,"href":"https:\/\/kuansofis.com\/en\/wp-json\/wp\/v2\/posts\/28514\/revisions\/137946"}],"wp:featuredmedia":[{"embeddable":true,"href":"https:\/\/kuansofis.com\/en\/wp-json\/wp\/v2\/media\/28516"}],"wp:attachment":[{"href":"https:\/\/kuansofis.com\/en\/wp-json\/wp\/v2\/media?parent=28514"}],"wp:term":[{"taxonomy":"category","embeddable":true,"href":"https:\/\/kuansofis.com\/en\/wp-json\/wp\/v2\/categories?post=28514"},{"taxonomy":"post_tag","embeddable":true,"href":"https:\/\/kuansofis.com\/en\/wp-json\/wp\/v2\/tags?post=28514"}],"curies":[{"name":"wp","href":"https:\/\/api.w.org\/{rel}","templated":true}]}}