{"id":28510,"date":"2025-07-08T14:05:09","date_gmt":"2025-07-08T11:05:09","guid":{"rendered":"https:\/\/kuansofis.com\/?p=28510"},"modified":"2026-01-13T15:19:56","modified_gmt":"2026-01-13T12:19:56","slug":"calisan-verimliligini-artiran-ofis-tasarimi-kuans-ofis-cozumleri","status":"publish","type":"post","link":"https:\/\/kuansofis.com\/en\/calisan-verimliligini-artiran-ofis-tasarimi-kuans-ofis-cozumleri\/","title":{"rendered":"\u00c7al\u0131\u015fan Verimlili\u011fini Art\u0131ran Ofis Tasar\u0131m\u0131: Kuans Ofis \u00c7\u00f6z\u00fcmleri"},"content":{"rendered":"<h2 class=\"wp-block-heading\">Verimlilik ve Ofis Tasar\u0131m\u0131 \u0130li\u015fkisi<\/h2>\n\n\n\n<p>\u00c7al\u0131\u015fan verimlili\u011fini art\u0131rmak i\u00e7in ofis tasar\u0131m\u0131 b\u00fcy\u00fck \u00f6nem ta\u015f\u0131r. \u0130yi bir ofis d\u00fczeni, \u00e7al\u0131\u015fanlar\u0131n motivasyonunu ve genel performans\u0131n\u0131 olumlu y\u00f6nde etkiler. Verimli bir ofis tasar\u0131m\u0131;<\/p>\n\n\n\n<ul class=\"wp-block-list\">\n<li><strong>Ergonomik mobilyalar<\/strong>\u00a0kullanarak rahat \u00e7al\u0131\u015fma ortam\u0131 sa\u011flar.<\/li>\n\n\n\n<li><strong>Ayd\u0131nlatma<\/strong>\u00a0ve do\u011fal \u0131\u015f\u0131k eri\u015fimi ile g\u00f6z ve zihinsel sa\u011fl\u0131\u011f\u0131 destekler.<\/li>\n\n\n\n<li><strong>Sessiz alanlar<\/strong>\u00a0ve a\u00e7\u0131k ofis d\u00fczeni dengesi kurarak odaklanmay\u0131 art\u0131r\u0131r.<\/li>\n\n\n\n<li><strong>Ye\u015fil bitkiler<\/strong>\u00a0kullan\u0131m\u0131yla stres seviyelerini azalt\u0131r.<\/li>\n\n\n\n<li><strong>Renk ve dekorasyon<\/strong>\u00a0ile enerji seviyelerini y\u00fckseltir.<\/li>\n<\/ul>\n\n\n\n<p>T\u00fcm bu unsurlar, \u00e7al\u0131\u015fanlar\u0131n g\u00fcnl\u00fck i\u015f y\u00fck\u00fcn\u00fc daha verimli bir \u015fekilde y\u00f6netmelerini sa\u011flar.<\/p>\n\n\n\n<h2 class=\"wp-block-heading\">Ergonominin \u00d6nemi ve \u00c7al\u0131\u015fan Sa\u011fl\u0131\u011f\u0131<\/h2>\n\n\n\n<p>Ergonomi, \u00e7al\u0131\u015fma ortam\u0131n\u0131n insan fizyolojisine ve psikolojisine uygun \u015fekilde d\u00fczenlenmesi anlam\u0131na gelir. Ergonomik ofis tasar\u0131m\u0131, \u00e7al\u0131\u015fan sa\u011fl\u0131\u011f\u0131 ve verimlili\u011fi a\u00e7\u0131s\u0131ndan b\u00fcy\u00fck \u00f6nem ta\u015f\u0131r.<\/p>\n\n\n\n<ul class=\"wp-block-list\">\n<li><strong>Post\u00fcr ve Rahatl\u0131k:<\/strong>\u00a0\u00c7al\u0131\u015fanlar do\u011fru post\u00fcrde \u00e7al\u0131\u015farak kas ve iskelet sistemi rahats\u0131zl\u0131klar\u0131ndan korunabilirler.<\/li>\n\n\n\n<li><strong>Ara\u00e7 ve Gere\u00e7lerin D\u00fczeni:<\/strong>\u00a0Bilgisayar ekranlar\u0131n\u0131n g\u00f6z hizas\u0131nda yerle\u015ftirilmesi, klavye ve fare kullan\u0131m\u0131n\u0131n kolayla\u015ft\u0131r\u0131lmas\u0131 gereklidir.<\/li>\n\n\n\n<li><strong>Ayd\u0131nlatma:<\/strong>\u00a0Do\u011fru ayd\u0131nlatma, g\u00f6zlerin fazla yorulmas\u0131n\u0131 engeller ve konsantrasyonu art\u0131r\u0131r.<\/li>\n\n\n\n<li><strong>Molalar:<\/strong>\u00a0D\u00fczenli molalar, \u00e7al\u0131\u015fanlar\u0131n zihinsel ve fiziksel yenilenmesine katk\u0131da bulunur.<\/li>\n<\/ul>\n\n\n\n<p>\u00c7al\u0131\u015fanlar\u0131n sa\u011fl\u0131kl\u0131 ve konforlu bir ortamda \u00e7al\u0131\u015fmalar\u0131, motivasyonlar\u0131n\u0131 ve dolay\u0131s\u0131yla \u00fcretkenliklerini art\u0131r\u0131r.<\/p>\n\n\n\n<h2 class=\"wp-block-heading\">Ayd\u0131nlatma: Do\u011fal ve Yapay I\u015f\u0131k D\u00fczenlemeleri<\/h2>\n\n\n\n<p>\u00c7al\u0131\u015fan verimlili\u011fini art\u0131rmak i\u00e7in ofis ayd\u0131nlatmas\u0131 b\u00fcy\u00fck \u00f6nem ta\u015f\u0131r. Hem do\u011fal hem yapay \u0131\u015f\u0131k kaynaklar\u0131n\u0131n dengeli kullan\u0131m\u0131, \u00e7al\u0131\u015fanlar\u0131n motivasyonunu ve performans\u0131n\u0131 olumlu y\u00f6nde etkiler.<\/p>\n\n\n\n<ol class=\"wp-block-list\">\n<li><strong>Do\u011fal I\u015f\u0131k:<\/strong>\n<ul class=\"wp-block-list\">\n<li>Pencerelerden maksimum d\u00fczeyde \u0131\u015f\u0131k almak i\u00e7in a\u00e7\u0131k renkli perde veya jaluziler kullan\u0131lmal\u0131d\u0131r.<\/li>\n\n\n\n<li>\u00c7al\u0131\u015fma alanlar\u0131n\u0131n pencere yan\u0131na konumland\u0131r\u0131lmas\u0131, g\u00fcn \u0131\u015f\u0131\u011f\u0131ndan faydalanmay\u0131 kolayla\u015ft\u0131r\u0131r.<\/li>\n\n\n\n<li>G\u00fcn \u0131\u015f\u0131\u011f\u0131, \u00e7al\u0131\u015fanlar\u0131n ruh halini iyile\u015ftirir ve enerji seviyelerini art\u0131r\u0131r.<\/li>\n<\/ul>\n<\/li>\n\n\n\n<li><strong>Yapay I\u015f\u0131k:<\/strong>\n<ul class=\"wp-block-list\">\n<li>LED ayd\u0131nlatma, enerji tasarrufu sa\u011flar ve uzun \u00f6m\u00fcrl\u00fcd\u00fcr.<\/li>\n\n\n\n<li>Ayd\u0131nlatma seviyeleri, farkl\u0131 \u00e7al\u0131\u015fma alanlar\u0131na g\u00f6re ayarlanmal\u0131d\u0131r. \u00d6rne\u011fin, toplant\u0131 odalar\u0131nda daha parlak \u0131\u015f\u0131k, dinlenme alanlar\u0131nda lo\u015f \u0131\u015f\u0131k kullan\u0131labilir.<\/li>\n\n\n\n<li>Masa lambalar\u0131, bireysel ayd\u0131nlatma ihtiya\u00e7lar\u0131 i\u00e7in idealdir.<\/li>\n<\/ul>\n<\/li>\n<\/ol>\n\n\n\n<p>Optimum ayd\u0131nlatma d\u00fczenlemeleri, \u00e7al\u0131\u015fanlar\u0131n g\u00f6z sa\u011fl\u0131\u011f\u0131n\u0131 korur ve i\u015f verimini art\u0131r\u0131r.<\/p>\n\n\n\n<h2 class=\"wp-block-heading\">Renklerin Psikolojik Etkisi ve Do\u011fru Renk Se\u00e7imi<\/h2>\n\n\n\n<p>Renklerin psikolojik etkisi, \u00e7al\u0131\u015fanlar\u0131n motivasyonunu ve verimlili\u011fini \u00f6nemli \u00f6l\u00e7\u00fcde etkiler. Do\u011fru renk se\u00e7imi yaparak bir ofisin enerji d\u00fczeyi, odaklanma ve yarat\u0131c\u0131l\u0131\u011f\u0131 art\u0131r\u0131labilir. \u0130\u015fte renklerin baz\u0131 etkileri:<\/p>\n\n\n\n<ul class=\"wp-block-list\">\n<li><strong>Mavi<\/strong>: Zihinsel odaklanmay\u0131 art\u0131r\u0131r ve sakinle\u015ftirici etkisi vard\u0131r.<\/li>\n\n\n\n<li><strong>Ye\u015fil<\/strong>: Stresi azalt\u0131r ve denge hissi yarat\u0131r.<\/li>\n\n\n\n<li><strong>Sar\u0131<\/strong>: Motivasyonu ve yarat\u0131c\u0131l\u0131\u011f\u0131 te\u015fvik eder.<\/li>\n\n\n\n<li><strong>K\u0131rm\u0131z\u0131<\/strong>: Enerji verir ve fiziksel aktiviteyi destekler.<\/li>\n<\/ul>\n\n\n\n<p>Do\u011fru renk se\u00e7imi, kuans ofis \u00e7\u00f6z\u00fcmleri ile daha verimli \u00e7al\u0131\u015fma ortamlar\u0131 yaratmaya yard\u0131mc\u0131 olur.<\/p>\n\n\n\n<h2 class=\"wp-block-heading\">Ses Yal\u0131t\u0131m\u0131 ve G\u00fcr\u00fclt\u00fc Kontrol\u00fc<\/h2>\n\n\n\n<p>G\u00fcr\u00fclt\u00fc, ofis ortamlar\u0131nda \u00e7al\u0131\u015fan verimlili\u011fini olumsuz etkileyen en \u00f6nemli fakt\u00f6rlerden biridir. Kuans Ofis \u00c7\u00f6z\u00fcmleri, ses yal\u0131t\u0131m\u0131 ve g\u00fcr\u00fclt\u00fc kontrol\u00fc konusunda \u00e7e\u015fitli stratejiler sunmaktad\u0131r:<\/p>\n\n\n\n<ul class=\"wp-block-list\">\n<li><strong>Akustik panellerin kullan\u0131m\u0131<\/strong>: Ses dalgalar\u0131n\u0131 emerek yank\u0131y\u0131 azalt\u0131r.<\/li>\n\n\n\n<li><strong>Ses ge\u00e7irmez kap\u0131lar ve pencereler<\/strong>: D\u0131\u015far\u0131daki g\u00fcr\u00fclt\u00fcy\u00fc minimum d\u00fczeye indirir.<\/li>\n\n\n\n<li><strong>Hal\u0131lar ve yumu\u015fak zemin kaplamalar\u0131<\/strong>: Ayak seslerini ve di\u011fer g\u00fcr\u00fclt\u00fc kaynaklar\u0131n\u0131 emer.<\/li>\n\n\n\n<li><strong>\u00d6zel kabinler<\/strong>: \u00d6nemli g\u00f6r\u00fc\u015fmeler ve yo\u011fun konsantrasyon gerektiren i\u015fler i\u00e7in izole alanlar sa\u011flar.<\/li>\n<\/ul>\n\n\n\n<p>\u00c7al\u0131\u015fanlar\u0131n rahat ve sessiz bir ortamda daha \u00fcretken olmalar\u0131 sa\u011flan\u0131r.<\/p>\n\n\n\n<h2 class=\"wp-block-heading\">Esnek \u00c7al\u0131\u015fma Alanlar\u0131 ve Mobilya Se\u00e7imleri<\/h2>\n\n\n\n<p>Esnek \u00e7al\u0131\u015fma alanlar\u0131, \u00e7al\u0131\u015fanlar\u0131n ihtiya\u00e7lar\u0131na uyum sa\u011flayacak \u015fekilde tasarlanmal\u0131d\u0131r. Bu alanlar, \u00e7al\u0131\u015fanlar\u0131n hem bireysel hem de ekip \u00e7al\u0131\u015fmalar\u0131 i\u00e7in uygun ortamlar\u0131 sunar.<\/p>\n\n\n\n<ul class=\"wp-block-list\">\n<li><strong>Masa ve Sandalye Se\u00e7imi<\/strong>: Ayarlanabilir ve ergonomik \u00fcr\u00fcnler kullan\u0131lmal\u0131d\u0131r.<\/li>\n\n\n\n<li><strong>Ayd\u0131nlatma<\/strong>: Do\u011fal \u0131\u015f\u0131k kullan\u0131lmal\u0131 ve bunu destekleyen ayd\u0131nlatma sistemleri tercih edilmelidir.<\/li>\n\n\n\n<li><strong>Depolama \u00c7\u00f6z\u00fcmleri<\/strong>: Hem ki\u015fisel hem de ortak kullan\u0131m i\u00e7in yeterli depolama alan\u0131 sa\u011flanmal\u0131d\u0131r.<\/li>\n\n\n\n<li><strong>Esnek B\u00f6lme Duvarlar\u0131<\/strong>: Mod\u00fcler ve ta\u015f\u0131nabilir b\u00f6lme duvarlar esneklik sa\u011flar.<\/li>\n<\/ul>\n\n\n\n<p>Esnek \u00e7al\u0131\u015fma alanlar\u0131, \u00e7al\u0131\u015fanlar\u0131n konforunu \u00f6n planda tutarak verimlili\u011fi art\u0131r\u0131r.<\/p>\n\n\n\n<h2 class=\"wp-block-heading\">Teknolojik Altyap\u0131n\u0131n G\u00fc\u00e7lendirilmesi<\/h2>\n\n\n\n<p>Teknolojik altyap\u0131n\u0131n g\u00fc\u00e7lendirilmesi, \u00e7al\u0131\u015fan verimlili\u011fini art\u0131rmak i\u00e7in kritik bir rol oynar. Bu kapsamda, modern ofislerde a\u015fa\u011f\u0131daki unsurlar dikkate al\u0131nmal\u0131d\u0131r:<\/p>\n\n\n\n<ul class=\"wp-block-list\">\n<li><strong>H\u0131zl\u0131 \u0130nternet Eri\u015fimi<\/strong>: \u00c7al\u0131\u015fanlar\u0131n kesintisiz bilgi ak\u0131\u015f\u0131na ve \u00e7evrimi\u00e7i kaynaklara eri\u015fimi sa\u011flanmal\u0131d\u0131r.<\/li>\n\n\n\n<li><strong>Modern Bilgisayarlar ve Yaz\u0131l\u0131m<\/strong>: G\u00fcncel donan\u0131m ve yaz\u0131l\u0131m kullan\u0131m\u0131, \u00e7al\u0131\u015fanlar\u0131n i\u015f s\u00fcre\u00e7lerini h\u0131zland\u0131r\u0131r.<\/li>\n\n\n\n<li><strong>Bulut Teknolojileri<\/strong>: Dosya payla\u015f\u0131m\u0131 ve i\u015fbirli\u011fini kolayla\u015ft\u0131ran bulut tabanl\u0131 hizmetler entegre edilmelidir.<\/li>\n\n\n\n<li><strong>Siber G\u00fcvenlik \u00d6nlemleri<\/strong>: Verilerin korunmas\u0131 i\u00e7in gerekli g\u00fcvenlik protokolleri uygulanmal\u0131d\u0131r.<\/li>\n\n\n\n<li><strong>Y\u00f6netim ve \u0130zleme Ara\u00e7lar\u0131<\/strong>: Proje y\u00f6netim ve izleme yaz\u0131l\u0131mlar\u0131, i\u015f takibi ve verimlilik \u00f6l\u00e7\u00fcm\u00fc i\u00e7in \u00f6nemlidir.<\/li>\n<\/ul>\n\n\n\n<h2 class=\"wp-block-heading\">Bitkilerin ve Do\u011fal \u00d6gelerin Kullan\u0131m\u0131<\/h2>\n\n\n\n<p>Bitkilerin ve do\u011fal \u00f6gelerin kullan\u0131m\u0131, \u00e7al\u0131\u015fanlar\u0131n verimlili\u011fini etkin bir \u015fekilde art\u0131r\u0131r. Bitkiler ve do\u011fal elemanlar ofis ortam\u0131nda stres seviyelerini d\u00fc\u015f\u00fcr\u00fcr ve genel iyi hissetme durumunu iyile\u015ftirir. A\u015fa\u011f\u0131da bu alanla ilgili baz\u0131 \u00f6nemli noktalar yer almaktad\u0131r:<\/p>\n\n\n\n<ul class=\"wp-block-list\">\n<li><strong>\u0130\u00e7 Mekan Bitkileri<\/strong>: Ofislerdeki i\u00e7 mekan bitkileri, hava kalitesini art\u0131rarak temiz bir \u00e7al\u0131\u015fma ortam\u0131 sa\u011flar.<\/li>\n\n\n\n<li><strong>Do\u011fal Ayd\u0131nlatma<\/strong>: G\u00fcn \u0131\u015f\u0131\u011f\u0131, \u00e7al\u0131\u015fanlar\u0131n enerji seviyelerini ve \u00fcretkenliklerini art\u0131r\u0131r.<\/li>\n\n\n\n<li><strong>Do\u011fal Malzemeler<\/strong>: Ah\u015fap, ta\u015f ve di\u011fer do\u011fal malzemelerle donat\u0131lm\u0131\u015f ofis mobilyalar\u0131, s\u0131cak ve davetkar bir atmosfer yarat\u0131r.<\/li>\n<\/ul>\n\n\n\n<p>Bu unsurlar\u0131n ofis tasar\u0131m\u0131nda etkin kullan\u0131m\u0131, genel refah\u0131 ve \u00e7al\u0131\u015fan ba\u011fl\u0131l\u0131\u011f\u0131n\u0131 art\u0131rmada kilit rol oynar.<\/p>\n\n\n\n<h2 class=\"wp-block-heading\">\u00c7al\u0131\u015fanlar\u0131n \u0130htiya\u00e7lar\u0131na G\u00f6re Alan Planlamas\u0131<\/h2>\n\n\n\n<p>\u00c7al\u0131\u015fanlar\u0131n verimlili\u011fini art\u0131rmak amac\u0131yla, ofis alanlar\u0131n\u0131n onlar\u0131n ihtiya\u00e7lar\u0131na g\u00f6re planlanmas\u0131 \u00f6nem ta\u015f\u0131r. Bu s\u00fcre\u00e7te dikkate al\u0131nmas\u0131 gereken fakt\u00f6rler \u015funlard\u0131r:<\/p>\n\n\n\n<ul class=\"wp-block-list\">\n<li><strong>Ki\u015fisel Alanlar:<\/strong>\u00a0\u00c7al\u0131\u015fanlar\u0131n odaklanmalar\u0131n\u0131 sa\u011flayacak bireysel \u00e7al\u0131\u015fma alanlar\u0131.<\/li>\n\n\n\n<li><strong>Ortak Alanlar:<\/strong>\u00a0\u0130\u015f birli\u011fini te\u015fvik edecek toplant\u0131 odalar\u0131 ve ortak \u00e7al\u0131\u015fma alanlar\u0131.<\/li>\n\n\n\n<li><strong>Ergonomi:<\/strong>\u00a0\u00c7al\u0131\u015fma mobilyalar\u0131n\u0131n ergonomik olmas\u0131, konforlu ve sa\u011fl\u0131kl\u0131 bir \u00e7al\u0131\u015fma ortam\u0131 yarat\u0131r.<\/li>\n\n\n\n<li><strong>Ayd\u0131nlatma:<\/strong>\u00a0Do\u011fal \u0131\u015f\u0131k kaynaklar\u0131n\u0131n kullan\u0131m\u0131 ve do\u011fru ayd\u0131nlatma d\u00fczenlemeleri.<\/li>\n\n\n\n<li><strong>G\u00fcr\u00fclt\u00fc Kontrol\u00fc:<\/strong>\u00a0G\u00fcr\u00fclt\u00fc seviyelerini en aza indirgeyen izolasyon \u00e7\u00f6z\u00fcmleri.<\/li>\n\n\n\n<li><strong>Teknoloji:<\/strong>\u00a0Geli\u015fmi\u015f teknolojik altyap\u0131lar, ileti\u015fim ve i\u015f s\u00fcre\u00e7lerinde verimlilik sa\u011flar.<\/li>\n<\/ul>\n\n\n\n<p>Bu unsurlar, \u00e7al\u0131\u015fanlar\u0131n ihtiya\u00e7lar\u0131na uygun \u015fekilde d\u00fczenlenmi\u015f bir \u00e7al\u0131\u015fma ortam\u0131 olu\u015fturur.<\/p>\n\n\n\n<h2 class=\"wp-block-heading\">Ara ve Dinlenme Alanlar\u0131n\u0131n Tasar\u0131m\u0131<\/h2>\n\n\n\n<p>Ara ve dinlenme alanlar\u0131n\u0131n do\u011fru tasar\u0131m\u0131, \u00e7al\u0131\u015fanlar\u0131n verimlili\u011fini art\u0131rmada \u00f6nemli bir rol oynar.<\/p>\n\n\n\n<ul class=\"wp-block-list\">\n<li><strong>Ergonomik Mobilyalar:<\/strong>\u00a0Kullan\u0131lan mobilyalar\u0131n rahat ve ergonomik olmas\u0131, fiziksel konforu sa\u011flar.<\/li>\n\n\n\n<li><strong>Do\u011fal I\u015f\u0131k:<\/strong>\u00a0Bol miktarda do\u011fal \u0131\u015f\u0131k alan dinlenme alanlar\u0131, \u00e7al\u0131\u015fanlar\u0131n enerji seviyelerini art\u0131r\u0131r.<\/li>\n\n\n\n<li><strong>Ye\u015fil Bitkiler:<\/strong>\u00a0Ye\u015fil bitkiler, ortam havas\u0131n\u0131 temizleyerek stres seviyelerini d\u00fc\u015f\u00fcr\u00fcr.<\/li>\n\n\n\n<li><strong>Renk Se\u00e7imi:<\/strong>\u00a0Dinlendirici renkler, \u00e7al\u0131\u015fanlar\u0131n zihinlerini dinlendirmelerine yard\u0131mc\u0131 olur.<\/li>\n\n\n\n<li><strong>Sessiz Ortam:<\/strong>\u00a0Ses yal\u0131t\u0131m\u0131 iyi yap\u0131lm\u0131\u015f alanlar, \u00e7al\u0131\u015fanlar\u0131n sessizce dinlenmesine olanak tan\u0131r.<\/li>\n<\/ul>\n\n\n\n<p>Bu unsurlar, \u00e7al\u0131\u015fanlar\u0131n i\u015f performans\u0131n\u0131 olumlu y\u00f6nde etkileyerek kurum i\u00e7in faydal\u0131 bir atmosfer yarat\u0131r.<\/p>\n\n\n\n<h2 class=\"wp-block-heading\">Kuans Ofis \u00c7\u00f6z\u00fcmleri \u0130le Verimlili\u011fi Art\u0131rmak<\/h2>\n\n\n\n<p>Kuans Ofis \u00c7\u00f6z\u00fcmleri, \u00e7al\u0131\u015fanlar\u0131n performans\u0131n\u0131 en \u00fcst seviyeye \u00e7\u0131karmay\u0131 hedefler. Bu \u00e7\u00f6z\u00fcmler;<\/p>\n\n\n\n<ul class=\"wp-block-list\">\n<li>Ergonomik mobilyalar: Rahat \u00e7al\u0131\u015fma alanlar\u0131 yaratarak uzun s\u00fcreli oturmalara ba\u011fl\u0131 sa\u011fl\u0131k sorunlar\u0131n\u0131 azalt\u0131r.<\/li>\n\n\n\n<li>Ayd\u0131nlatma sistemleri: Do\u011fru \u0131\u015f\u0131kland\u0131rma ile g\u00f6z yorgunlu\u011funu \u00f6nler, odaklanmay\u0131 art\u0131r\u0131r.<\/li>\n\n\n\n<li>A\u00e7\u0131k ofis planlar\u0131: \u0130\u015fbirli\u011fi ve ileti\u015fimi te\u015fvik eder.<\/li>\n\n\n\n<li>Akustik panel ve duvarlar: G\u00fcr\u00fclt\u00fc kirlili\u011fini engelleyerek odaklanmay\u0131 kolayla\u015ft\u0131r\u0131r.<\/li>\n\n\n\n<li>Bitki kullan\u0131m\u0131: \u0130\u00e7 mekan bitkileri stresi azalt\u0131r ve hava kalitesini art\u0131r\u0131r.<\/li>\n<\/ul>\n\n\n\n<p>Bu unsurlar, \u00e7al\u0131\u015fanlar\u0131n motivasyonunu ve \u00fcretkenli\u011fini art\u0131rarak verimlili\u011fi y\u00fckseltir.<\/p>\n\n\n\n<h2 class=\"wp-block-heading\">Ba\u015far\u0131l\u0131 Bir Ofis Tasar\u0131m\u0131n\u0131n Ad\u0131mlar\u0131 ve \u0130pu\u00e7lar\u0131<\/h2>\n\n\n\n<p>Ba\u015far\u0131l\u0131 bir ofis tasar\u0131m\u0131 i\u00e7in belirli ad\u0131mlar ve ipu\u00e7lar\u0131 takip edilmelidir. \u0130\u015fte baz\u0131 \u00f6nemli noktalar:<\/p>\n\n\n\n<ol class=\"wp-block-list\">\n<li><strong>Alan Analizi<\/strong>: Ofisin organizasyonu ve kullan\u0131m alanlar\u0131n\u0131n nas\u0131l daha verimli kullan\u0131labilece\u011fi analiz edilmelidir.<\/li>\n\n\n\n<li><strong>Ergonomi<\/strong>: \u00c7al\u0131\u015fanlar\u0131n fiziksel rahatl\u0131\u011f\u0131 \u00f6n planda tutulmal\u0131, ergonomik mobilyalar kullan\u0131lmal\u0131d\u0131r.<\/li>\n\n\n\n<li><strong>Ayd\u0131nlatma<\/strong>: Do\u011fal ayd\u0131nlatma ve dengeli yapay \u0131\u015f\u0131kland\u0131rma ile g\u00f6z sa\u011fl\u0131\u011f\u0131 korunmal\u0131d\u0131r.<\/li>\n\n\n\n<li><strong>Akustik D\u00fczenlemeler<\/strong>: G\u00fcr\u00fclt\u00fc kirlili\u011fini azaltan akustik paneller veya duvar elemanlar\u0131 kullan\u0131lmal\u0131d\u0131r.<\/li>\n\n\n\n<li><strong>Ye\u015fil Alanlar<\/strong>: Bitki ve do\u011fal unsurlar, stresin azalt\u0131lmas\u0131na yard\u0131mc\u0131 olabilir.<\/li>\n<\/ol>\n\n\n\n<p>&#8220;Ba\u015far\u0131l\u0131 bir ofis, \u00e7al\u0131\u015fanlar\u0131n refah\u0131 ve verimlili\u011fi i\u00e7in vazge\u00e7ilmezdir.&#8221;<\/p>","protected":false},"excerpt":{"rendered":"<p>Pellentesque feugiat, sem id interdum molestie, libero nibh imperdiet velit, sodales elementum enim sem sed lectus. Vivamus viverra diam congue tristique pellentesque. Proin efficitur est vel lectus ultrices rhoncus eu ut lacus. In gravida leo at justo lobortis, vitae aliquet justo vehicula. Maecenas at facilisis ex. Curabitur cursus, ex id efficitur ultrices, sapien mauris sodales<\/p>","protected":false},"author":10,"featured_media":28512,"comment_status":"closed","ping_status":"closed","sticky":false,"template":"","format":"standard","meta":{"_monsterinsights_skip_tracking":false,"_monsterinsights_sitenote_active":false,"_monsterinsights_sitenote_note":"","_monsterinsights_sitenote_category":0,"footnotes":""},"categories":[404,406,408],"tags":[],"class_list":["post-28510","post","type-post","status-publish","format-standard","has-post-thumbnail","hentry","category-is-dunyasi","category-ofis-dekorasyonu","category-ofis-mobilyalari"],"_links":{"self":[{"href":"https:\/\/kuansofis.com\/en\/wp-json\/wp\/v2\/posts\/28510","targetHints":{"allow":["GET"]}}],"collection":[{"href":"https:\/\/kuansofis.com\/en\/wp-json\/wp\/v2\/posts"}],"about":[{"href":"https:\/\/kuansofis.com\/en\/wp-json\/wp\/v2\/types\/post"}],"author":[{"embeddable":true,"href":"https:\/\/kuansofis.com\/en\/wp-json\/wp\/v2\/users\/10"}],"replies":[{"embeddable":true,"href":"https:\/\/kuansofis.com\/en\/wp-json\/wp\/v2\/comments?post=28510"}],"version-history":[{"count":1,"href":"https:\/\/kuansofis.com\/en\/wp-json\/wp\/v2\/posts\/28510\/revisions"}],"predecessor-version":[{"id":137832,"href":"https:\/\/kuansofis.com\/en\/wp-json\/wp\/v2\/posts\/28510\/revisions\/137832"}],"wp:featuredmedia":[{"embeddable":true,"href":"https:\/\/kuansofis.com\/en\/wp-json\/wp\/v2\/media\/28512"}],"wp:attachment":[{"href":"https:\/\/kuansofis.com\/en\/wp-json\/wp\/v2\/media?parent=28510"}],"wp:term":[{"taxonomy":"category","embeddable":true,"href":"https:\/\/kuansofis.com\/en\/wp-json\/wp\/v2\/categories?post=28510"},{"taxonomy":"post_tag","embeddable":true,"href":"https:\/\/kuansofis.com\/en\/wp-json\/wp\/v2\/tags?post=28510"}],"curies":[{"name":"wp","href":"https:\/\/api.w.org\/{rel}","templated":true}]}}