{"id":28505,"date":"2025-07-08T14:01:15","date_gmt":"2025-07-08T11:01:15","guid":{"rendered":"https:\/\/kuansofis.com\/?p=28505"},"modified":"2026-01-13T15:20:02","modified_gmt":"2026-01-13T12:20:02","slug":"en-iyi-calisma-masasi-secimi-nelere-dikkat-etmelisiniz","status":"publish","type":"post","link":"https:\/\/kuansofis.com\/en\/en-iyi-calisma-masasi-secimi-nelere-dikkat-etmelisiniz\/","title":{"rendered":"En \u0130yi \u00c7al\u0131\u015fma Masas\u0131 Se\u00e7imi: Nelere Dikkat Etmelisiniz?"},"content":{"rendered":"<h2 class=\"wp-block-heading\">\u00c7al\u0131\u015fma Masas\u0131 Se\u00e7iminin \u00d6nemi<\/h2>\n\n\n\n<p>Bir \u00e7al\u0131\u015fma masas\u0131, \u00fcretkenli\u011fi ve konforu do\u011frudan etkiler. Do\u011fru masa se\u00e7imi, uzun vadede hem fiziksel sa\u011fl\u0131\u011f\u0131 korur hem de verimlili\u011fi art\u0131r\u0131r. \u0130deal bir \u00e7al\u0131\u015fma masas\u0131 se\u00e7iminde dikkat edilmesi gereken ana fakt\u00f6rler \u015funlard\u0131r:<\/p>\n\n\n\n<ul class=\"wp-block-list\">\n<li><strong>Ergonomi:<\/strong>\u00a0Kullan\u0131c\u0131n\u0131n duru\u015funu desteklemeli ve konfor sa\u011flamal\u0131d\u0131r.<\/li>\n\n\n\n<li><strong>Boyut:<\/strong>\u00a0Masan\u0131n geni\u015fli\u011fi ve derinli\u011fi, \u00e7al\u0131\u015fma alan\u0131 ihtiya\u00e7lar\u0131na uygun olmal\u0131d\u0131r.<\/li>\n\n\n\n<li><strong>Malzeme:<\/strong>\u00a0Dayan\u0131kl\u0131l\u0131\u011f\u0131 art\u0131rmak i\u00e7in kaliteli malzemeler tercih edilmelidir.<\/li>\n\n\n\n<li><strong>Depolama:<\/strong>\u00a0Yeterli \u00e7ekmece ve raf sistemlerine sahip olmal\u0131d\u0131r.<\/li>\n\n\n\n<li><strong>Tasar\u0131m:<\/strong>\u00a0Estetik a\u00e7\u0131dan \u00e7al\u0131\u015fma ortam\u0131na uyum sa\u011flamal\u0131d\u0131r.<\/li>\n<\/ul>\n\n\n\n<h2 class=\"wp-block-heading\">Ergonomi: V\u00fccut Sa\u011fl\u0131\u011f\u0131n\u0131z \u0130\u00e7in Do\u011fru Masay\u0131 Se\u00e7mek<\/h2>\n\n\n\n<p>Do\u011fru \u00e7al\u0131\u015fma masas\u0131n\u0131 se\u00e7erken ergonomik kriterlere dikkat etmek, uzun vadeli sa\u011fl\u0131k i\u00e7in hayati \u00f6nem ta\u015f\u0131r. \u0130\u015fte dikkate al\u0131nmas\u0131 gereken birka\u00e7 \u00f6nemli nokta:<\/p>\n\n\n\n<ul class=\"wp-block-list\">\n<li><strong>Y\u00fckseklik Ayar\u0131<\/strong>: Masa y\u00fcksekli\u011finin ayarlanabilir olmas\u0131, farkl\u0131 kullan\u0131c\u0131lar i\u00e7in uygun \u00e7al\u0131\u015fma pozisyonlar\u0131n\u0131 sa\u011flar.<\/li>\n\n\n\n<li><strong>Masa \u00dcst\u00fc Boyutu<\/strong>: Geni\u015f bir masa \u00fcst\u00fc, ekipman ve belgeleri rahat\u00e7a yerle\u015ftirmeyi kolayla\u015ft\u0131r\u0131r.<\/li>\n\n\n\n<li><strong>Bacak Alan\u0131<\/strong>: Yeterli bacak alan\u0131, d\u00fczg\u00fcn oturma pozisyonunu destekler ve kan dola\u015f\u0131m\u0131n\u0131 iyile\u015ftirir.<\/li>\n\n\n\n<li><strong>Malzeme ve Stabilite<\/strong>: Sa\u011flam ve dayan\u0131kl\u0131 malzemeler, uzun s\u00fcreli kullan\u0131m ve sa\u011flaml\u0131k sa\u011flar.<\/li>\n\n\n\n<li><strong>Kenar Tasar\u0131m\u0131<\/strong>: Yuvarlat\u0131lm\u0131\u015f kenarlar, bileklerin \u00fczerinde olu\u015fabilecek bask\u0131y\u0131 azalt\u0131r.<\/li>\n<\/ul>\n\n\n\n<h2 class=\"wp-block-heading\">Masa Boyutlar\u0131: Alan\u0131n\u0131za Uygun Ebatlar<\/h2>\n\n\n\n<p>Masa boyutlar\u0131, \u00e7al\u0131\u015fma alan\u0131n\u0131n etkin kullan\u0131lmas\u0131nda \u00f6nemli rol oynar. \u0130\u015fte dikkate alman\u0131z gereken baz\u0131 hususlar:<\/p>\n\n\n\n<ul class=\"wp-block-list\">\n<li><strong>Oda \u00d6l\u00e7\u00fcleri:<\/strong>\u00a0Masay\u0131 yerle\u015ftirece\u011finiz odan\u0131n tam \u00f6l\u00e7\u00fclerini al\u0131n.<\/li>\n\n\n\n<li><strong>Masa Y\u00fcksekli\u011fi:<\/strong>\u00a0Diz ve kol hizas\u0131na uygun y\u00fckseklik se\u00e7ilmelidir.<\/li>\n\n\n\n<li><strong>Geni\u015flik ve Derinlik:<\/strong>\u00a0Bilgisayar, evrak ve di\u011fer gere\u00e7ler i\u00e7in yeterli alan sa\u011flamal\u0131d\u0131r.<\/li>\n\n\n\n<li><strong>Ayarlanabilir \u00d6zellikler:<\/strong>\u00a0Fonksiyonelli\u011fi artt\u0131r\u0131r ve ergonomi sa\u011flar.<\/li>\n\n\n\n<li><strong>Depolama Alan\u0131:<\/strong>\u00a0\u00c7ekmece veya raf gibi ek \u00e7\u00f6z\u00fcmler sunmal\u0131.<\/li>\n\n\n\n<li><strong>Duvar ve K\u00f6\u015fe Mesafeleri:<\/strong>\u00a0Masan\u0131n etraf\u0131nda yeterli hareket alan\u0131 b\u0131rak\u0131n.<\/li>\n<\/ul>\n\n\n\n<p>Do\u011fru masa boyutlar\u0131, hem konforu art\u0131r\u0131r hem de \u00e7al\u0131\u015fma verimlili\u011fini destekler.<\/p>\n\n\n\n<h2 class=\"wp-block-heading\">Malzeme Se\u00e7imi: Dayan\u0131kl\u0131l\u0131k ve Estetik<\/h2>\n\n\n\n<p>Malzeme se\u00e7imi, \u00e7al\u0131\u015fma masas\u0131n\u0131n hem dayan\u0131kl\u0131l\u0131\u011f\u0131n\u0131 hem de estetik g\u00f6r\u00fcn\u00fcm\u00fcn\u00fc do\u011frudan etkiler. Farkl\u0131 malzemelerin avantajlar\u0131 ve dezavantajlar\u0131 bulunmaktad\u0131r:<\/p>\n\n\n\n<ul class=\"wp-block-list\">\n<li><strong>Ah\u015fap<\/strong>:\n<ul class=\"wp-block-list\">\n<li><em>Avantajlar<\/em>: Do\u011fal g\u00f6r\u00fcn\u00fcm, uzun \u00f6m\u00fcrl\u00fc, kalite hissi<\/li>\n\n\n\n<li><em>Dezavantajlar<\/em>: A\u011f\u0131rl\u0131k, d\u00fczenli bak\u0131m gerektirme<\/li>\n<\/ul>\n<\/li>\n\n\n\n<li><strong>Metal<\/strong>:\n<ul class=\"wp-block-list\">\n<li><em>Avantajlar<\/em>: Sa\u011flaml\u0131k, modern tasar\u0131m, bak\u0131m kolayl\u0131\u011f\u0131<\/li>\n\n\n\n<li><em>Dezavantajlar<\/em>: So\u011fuk g\u00f6r\u00fcn\u00fcm, daha az \u00e7e\u015fitli stil<\/li>\n<\/ul>\n<\/li>\n\n\n\n<li><strong>Cam<\/strong>:\n<ul class=\"wp-block-list\">\n<li><em>Avantajlar<\/em>: \u015e\u0131k ve modern g\u00f6r\u00fcn\u00fcm, kolay temizlenebilir<\/li>\n\n\n\n<li><em>Dezavantajlar<\/em>: Kolay k\u0131r\u0131lma riski, bak\u0131m zorlu\u011fu<\/li>\n<\/ul>\n<\/li>\n\n\n\n<li><strong>MDF\/Laminat<\/strong>:\n<ul class=\"wp-block-list\">\n<li><em>Avantajlar<\/em>: Ekonomik, geni\u015f desen ve renk se\u00e7ene\u011fi<\/li>\n\n\n\n<li><em>Dezavantajlar<\/em>: Daha az dayan\u0131kl\u0131, suya kar\u015f\u0131 hassas<\/li>\n<\/ul>\n<\/li>\n<\/ul>\n\n\n\n<p>Malzeme se\u00e7imi, kullan\u0131m amac\u0131na ve ki\u015fisel zevklere g\u00f6re dikkatle yap\u0131lmal\u0131d\u0131r.<\/p>\n\n\n\n<h2 class=\"wp-block-heading\">Depolama \u0130htiya\u00e7lar\u0131: Fonksiyonel \u00c7ekmece ve Raf Sistemleri<\/h2>\n\n\n\n<p>\u00c7al\u0131\u015fma masas\u0131 se\u00e7erken depolama ihtiyac\u0131 \u00f6nemli bir fakt\u00f6rd\u00fcr. Fonksiyonel \u00e7ekmece ve raf sistemleri, d\u00fczenli bir \u00e7al\u0131\u015fma alan\u0131 olu\u015fturmak i\u00e7in gereklidir.<\/p>\n\n\n\n<ul class=\"wp-block-list\">\n<li><strong>\u00c7ekmeceler<\/strong>: Belgeler, k\u00fc\u00e7\u00fck ofis gere\u00e7leri ve ki\u015fisel e\u015fyalar i\u00e7in idealdir. Kapat\u0131labilir olmalar\u0131, da\u011f\u0131n\u0131kl\u0131\u011f\u0131 \u00f6nler.<\/li>\n\n\n\n<li><strong>Raf Sistemleri<\/strong>: Kitaplar, dergiler ve dekoratif objeler i\u00e7in kullan\u0131\u015fl\u0131d\u0131r. A\u00e7\u0131k raflar, eri\u015fim kolayl\u0131\u011f\u0131 sa\u011flar.<\/li>\n\n\n\n<li><strong>Mod\u00fcler Sistemler<\/strong>: \u0130htiyaca g\u00f6re ayarlanabilir ve geni\u015fletilebilir. Esneklik sunar.<\/li>\n\n\n\n<li><strong>Gizli Depolama<\/strong>: Gizli b\u00f6lmeler, de\u011ferli e\u015fyalar\u0131n g\u00fcvende kalmas\u0131n\u0131 sa\u011flar.<\/li>\n<\/ul>\n\n\n\n<p>Fonksiyonel depolama sistemleri sayesinde, verimlili\u011fi art\u0131ran tertipli ve estetik bir \u00e7al\u0131\u015fma ortam\u0131 olu\u015fturulur.<\/p>\n\n\n\n<h2 class=\"wp-block-heading\">Ayarlanabilir \u00d6zellikler: \u0130deal \u00c7al\u0131\u015fma Pozisyonunu Bulmak<\/h2>\n\n\n\n<p>Ayarlanabilir \u00f6zellikler, kullan\u0131c\u0131lar\u0131n \u00e7al\u0131\u015fma masalar\u0131n\u0131 ki\u015fisel ihtiya\u00e7lar\u0131na g\u00f6re optimize etmelerine olanak tan\u0131r. \u00c7al\u0131\u015fma masas\u0131 se\u00e7erken g\u00f6z \u00f6n\u00fcnde bulundurulmas\u0131 gereken ayarlanabilir \u00f6zellikler \u015funlard\u0131r:<\/p>\n\n\n\n<ul class=\"wp-block-list\">\n<li><strong>Y\u00fckseklik Ayar\u0131:<\/strong>\u00a0\u00c7al\u0131\u015fma platformunun y\u00fckseklik seviyesini ayarlayabilme kapasitesi \u00f6nemlidir. Bu, otururken veya ayakta \u00e7al\u0131\u015f\u0131rken do\u011fru ergonomik pozisyonu sa\u011flar.<\/li>\n\n\n\n<li><strong>A\u00e7\u0131 Ayar\u0131:<\/strong>\u00a0Masan\u0131n y\u00fczey a\u00e7\u0131s\u0131n\u0131n ayarlanabilmesi, ekran veya yazma e\u011fimini kullan\u0131c\u0131ya g\u00f6re optimize eder.<\/li>\n\n\n\n<li><strong>\u00c7ekmece ve Depolama:<\/strong>\u00a0Ayarlanabilir raflar ve \u00e7ekmeceler, depolama alan\u0131n\u0131n daha verimli kullan\u0131lmas\u0131na yard\u0131mc\u0131 olur.<\/li>\n\n\n\n<li><strong>Ayak Deste\u011fi:<\/strong>\u00a0Ayak deste\u011finin y\u00fcksekli\u011fi ve a\u00e7\u0131s\u0131n\u0131 ayarlayarak dola\u015f\u0131m\u0131n ve konforun artmas\u0131n\u0131 sa\u011flar.<\/li>\n<\/ul>\n\n\n\n<p>Bu \u00f6zellikler, uzun s\u00fcreli \u00e7al\u0131\u015fmalarda v\u00fccut sa\u011fl\u0131\u011f\u0131n\u0131 korumak i\u00e7in kritik \u00f6neme sahiptir.<\/p>\n\n\n\n<h2 class=\"wp-block-heading\">B\u00fct\u00e7e: Fiyat-Performans Dengesi<\/h2>\n\n\n\n<p>\u00c7al\u0131\u015fma masas\u0131 se\u00e7imi yaparken b\u00fct\u00e7e \u00f6nemli bir kriterdir. Fiyat-performans dengesi sa\u011flanmal\u0131d\u0131r. \u0130htiya\u00e7lar\u0131 kar\u015f\u0131layan masalar aras\u0131nda en uygun fiyatl\u0131 olan\u0131 tercih edilmelidir. \u0130\u015fte dikkat edilmesi gereken unsurlar:<\/p>\n\n\n\n<ul class=\"wp-block-list\">\n<li><strong>Malzeme Kalitesi<\/strong>: MDF veya masif ah\u015fap daha dayan\u0131kl\u0131d\u0131r ancak maliyeti art\u0131r\u0131r.<\/li>\n\n\n\n<li><strong>Fonksiyonellik<\/strong>: Ayarlanabilir y\u00fckseklik, ekstra \u00e7ekmeceler, ve saklama alanlar\u0131 fiyat\u0131 etkiler.<\/li>\n\n\n\n<li><strong>Marka<\/strong>: G\u00fcvenilir markalar genellikle y\u00fcksek fiyatl\u0131 ancak uzun \u00f6m\u00fcrl\u00fc \u00fcr\u00fcnler sunar.<\/li>\n\n\n\n<li><strong>Kullan\u0131m Amac\u0131<\/strong>: Uzun saatler \u00e7al\u0131\u015fma yap\u0131lacaksa ergonomik \u00f6zellikler \u00f6nem kazan\u0131r.<\/li>\n\n\n\n<li><strong>Garanti ve Servis<\/strong>: Uzun garanti s\u00fcresi ve m\u00fc\u015fteri hizmetleri, tercih sebebi olmal\u0131d\u0131r.<\/li>\n<\/ul>\n\n\n\n<pre class=\"wp-block-code\"><code>## Stil ve Tasar\u0131m: Ki\u015fisel Zevk ve Dekorasyon Uyumu\n\nHer birey, \u00e7al\u0131\u015fma alan\u0131n\u0131n estetik a\u00e7\u0131dan ho\u015f ve ki\u015fisel zevklerine uygun olmas\u0131n\u0131 ister. Bu nedenle, \u00e7al\u0131\u015fma masas\u0131n\u0131n tasar\u0131m\u0131 se\u00e7im yaparken kritik bir unsurdur.\n\n- **Malzeme Kalitesi**: Ah\u015fap, metal ya da cam gibi malzemelerin dayan\u0131kl\u0131l\u0131\u011f\u0131 ve g\u00f6r\u00fcn\u00fcm\u00fc de\u011ferlendirilmelidir.\n- **Renk ve Doku**: Odan\u0131n genel dekorasyonuyla uyumlu renkler ve dokular tercih edilmelidir.\n- **Fonksiyonellik**: Tasar\u0131m sadece estetik de\u011fil, ayn\u0131 zamanda i\u015flevsel olmal\u0131d\u0131r.\n- **Stil**: Modern, klasik, minimalist veya rustik gibi stil se\u00e7enekleri g\u00f6z \u00f6n\u00fcnde bulundurulmal\u0131d\u0131r.\n\nKi\u015fisel tercihler kadar, odan\u0131n di\u011fer mobilyalar\u0131yla uyum da dikkate al\u0131nmal\u0131d\u0131r.\n<\/code><\/pre>\n\n\n\n<h2 class=\"wp-block-heading\">Teknolojik Gereksinimler: Kablolama ve Cihaz D\u00fczenlemeleri<\/h2>\n\n\n\n<p>\u00c7al\u0131\u015fma masas\u0131 se\u00e7iminde teknolojik gereksinimlerin dikkate al\u0131nmas\u0131 b\u00fcy\u00fck \u00f6nem ta\u015f\u0131r.<\/p>\n\n\n\n<ul class=\"wp-block-list\">\n<li><strong>Kablolama<\/strong>:\n<ul class=\"wp-block-list\">\n<li>Kar\u0131\u015f\u0131kl\u0131\u011f\u0131 \u00f6nlemek i\u00e7in kablo kanallar\u0131 ve gizleme \u00e7\u00f6z\u00fcmleri.<\/li>\n\n\n\n<li>Elektrik prizlerine kolay eri\u015fim imkan\u0131 sa\u011flayan d\u00fczenlemeler.<\/li>\n\n\n\n<li>USB ba\u011flant\u0131 noktalar\u0131n\u0131n masaya entegrasyonu.<\/li>\n<\/ul>\n<\/li>\n\n\n\n<li><strong>Cihaz D\u00fczenlemeleri<\/strong>:\n<ul class=\"wp-block-list\">\n<li>Diz\u00fcst\u00fc bilgisayar ve monit\u00f6r standlar\u0131 kullanarak ergonomiyi art\u0131rma.<\/li>\n\n\n\n<li>Yaz\u0131c\u0131, taray\u0131c\u0131 gibi cihazlar i\u00e7in yeterli alan ve stabil y\u00fczeyler.<\/li>\n\n\n\n<li>Masa lambas\u0131 gibi ayd\u0131nlatma elemanlar\u0131n\u0131n uygun yerle\u015fimi.<\/li>\n<\/ul>\n<\/li>\n<\/ul>\n\n\n\n<p>Kablolama ve cihaz d\u00fczenlemeleri, \u00e7al\u0131\u015fma verimlili\u011fi ve konforu i\u00e7in kritik rol oynar.<\/p>\n\n\n\n<h2 class=\"wp-block-heading\">Kullan\u0131m Amac\u0131: \u00c7al\u0131\u015fma ve Hobi \u0130htiya\u00e7lar\u0131na Uygunluk<\/h2>\n\n\n\n<p>\u00c7al\u0131\u015fma ve hobi ama\u00e7l\u0131 kullan\u0131m i\u00e7in masa se\u00e7erken \u00e7e\u015fitli fakt\u00f6rler g\u00f6z \u00f6n\u00fcnde bulundurulmal\u0131d\u0131r:<\/p>\n\n\n\n<ul class=\"wp-block-list\">\n<li><strong>Boyut<\/strong>: \u00c7al\u0131\u015fma alan\u0131n\u0131n b\u00fcy\u00fckl\u00fc\u011f\u00fcne ve ihtiya\u00e7lar\u0131na g\u00f6re uygun \u00f6l\u00e7\u00fclerde bir masa tercih edilmelidir.<\/li>\n\n\n\n<li><strong>Malzeme<\/strong>: Dayan\u0131kl\u0131 ve uzun \u00f6m\u00fcrl\u00fc malzemeler, hem \u00e7al\u0131\u015fma hem de hobi kullan\u0131m\u0131 i\u00e7in idealdir.<\/li>\n\n\n\n<li><strong>Depolama<\/strong>: Kitap, dosya veya hobi malzemeleri i\u00e7in yeterli depolama alan\u0131 sunan masalar tercih edilmelidir.<\/li>\n\n\n\n<li><strong>Ergonomi<\/strong>: Uzun s\u00fcreli kullan\u0131mda konfor sa\u011flamak amac\u0131yla ergonomik tasar\u0131mlar tercih edilmelidir.<\/li>\n\n\n\n<li><strong>Fonksiyonellik<\/strong>: Ayarlanabilir \u00f6zelliklere sahip masalar, farkl\u0131 kullan\u0131m durumlar\u0131na uyum sa\u011flar.<\/li>\n<\/ul>\n\n\n\n<h2 class=\"wp-block-heading\">Marka ve Garanti: G\u00fcvenilir \u00dcreticiler ve S\u00fcrd\u00fcr\u00fclebilirlik<\/h2>\n\n\n\n<p>Do\u011fru \u00e7al\u0131\u015fma masas\u0131 se\u00e7erken marka ve garanti \u00f6nemli kriterler aras\u0131ndad\u0131r. G\u00fcvenilir \u00fcreticileri tercih etmek, uzun \u00f6m\u00fcrl\u00fc ve dayan\u0131kl\u0131 bir masa sahibi olmay\u0131 sa\u011flar.<\/p>\n\n\n\n<h3 class=\"wp-block-heading\">G\u00fcvenilir \u00dcreticiler<\/h3>\n\n\n\n<ul class=\"wp-block-list\">\n<li><strong>Kalite Standartlar\u0131:<\/strong>\u00a0\u00dcreticinin ISO veya benzeri kalite sertifikalar\u0131 sunmas\u0131.<\/li>\n\n\n\n<li><strong>M\u00fc\u015fteri Yorumlar\u0131:<\/strong>\u00a0Olumlu kullan\u0131c\u0131 geri bildirimleri ve incelemeler.<\/li>\n<\/ul>\n\n\n\n<h3 class=\"wp-block-heading\">Warranty Conditions<\/h3>\n\n\n\n<ul class=\"wp-block-list\">\n<li><strong>\u00dcr\u00fcn Garantisi:<\/strong>\u00a0En az 2 y\u0131l garanti sunulmas\u0131.<\/li>\n\n\n\n<li><strong>Yedek Par\u00e7a:<\/strong>\u00a0Kolayca temin edilebilen yedek par\u00e7a imk\u00e2n\u0131.<\/li>\n<\/ul>\n\n\n\n<h3 class=\"wp-block-heading\">S\u00fcrd\u00fcr\u00fclebilirlik<\/h3>\n\n\n\n<ul class=\"wp-block-list\">\n<li><strong>\u00c7evre Dostu Malzemeler:<\/strong>\u00a0Geri d\u00f6n\u00fc\u015ft\u00fcr\u00fclebilir ve \u00e7evreye zarars\u0131z materyaller kullan\u0131m\u0131.<\/li>\n\n\n\n<li><strong>Karbon Ayak \u0130zi:<\/strong>\u00a0\u00dcretim ve lojistik s\u00fcre\u00e7lerinde d\u00fc\u015f\u00fck karbon ayak izi hedefleri.<\/li>\n<\/ul>\n\n\n\n<p>Bu fakt\u00f6rler, hem performans hem de \u00e7evresel bilin\u00e7 a\u00e7\u0131s\u0131ndan do\u011fru se\u00e7im yapmay\u0131 destekler.<\/p>\n\n\n\n<h2 class=\"wp-block-heading\">Sonu\u00e7: Bilin\u00e7li Bir Tercih Yapman\u0131n Avantajlar\u0131<\/h2>\n\n\n\n<p>Bilin\u00e7li bir tercih yapmak, \u00e7al\u0131\u015fma ortam\u0131n\u0131 optimize eder. Verimlilik ve konfor artar. Do\u011fru y\u00fcksekli\u011fi se\u00e7mek, duru\u015f problemlerini \u00f6nler. E\u015fyalar\u0131n d\u00fczenli olmas\u0131 kolay eri\u015fim sa\u011flar. Masan\u0131n malzemesi dayan\u0131kl\u0131l\u0131\u011f\u0131 art\u0131r\u0131r. Ergonomik tasar\u0131mlar, uzun s\u00fcreli oturma durumlar\u0131nda sa\u011fl\u0131k problemlerini en aza indirir. Ayarlanabilir \u00f6zellikler, ki\u015fisel ihtiya\u00e7lara uyum sa\u011flar. Renk ve stil, motivasyonu etkiler. Depolama alan\u0131, d\u00fczenlilik sa\u011flar. Keskin k\u00f6\u015feleri engellemek, g\u00fcvenli\u011fi art\u0131r\u0131r. \u00c7evre dostu se\u00e7enekler, s\u00fcrd\u00fcr\u00fclebilirlik sa\u011flar. Sonu\u00e7 olarak, bilin\u00e7li se\u00e7imlerle ideal \u00e7al\u0131\u015fma ortam\u0131 olu\u015fturulur.<\/p>","protected":false},"excerpt":{"rendered":"<p>Pellentesque feugiat, sem id interdum molestie, libero nibh imperdiet velit, sodales elementum enim sem sed lectus. Vivamus viverra diam congue tristique pellentesque. Proin efficitur est vel lectus ultrices rhoncus eu ut lacus. In gravida leo at justo lobortis, vitae aliquet justo vehicula. Maecenas at facilisis ex. Curabitur cursus, ex id efficitur ultrices, sapien mauris sodales<\/p>","protected":false},"author":10,"featured_media":28508,"comment_status":"closed","ping_status":"closed","sticky":false,"template":"","format":"standard","meta":{"_monsterinsights_skip_tracking":false,"_monsterinsights_sitenote_active":false,"_monsterinsights_sitenote_note":"","_monsterinsights_sitenote_category":0,"footnotes":""},"categories":[404,406,408],"tags":[],"class_list":["post-28505","post","type-post","status-publish","format-standard","has-post-thumbnail","hentry","category-is-dunyasi","category-ofis-dekorasyonu","category-ofis-mobilyalari"],"_links":{"self":[{"href":"https:\/\/kuansofis.com\/en\/wp-json\/wp\/v2\/posts\/28505","targetHints":{"allow":["GET"]}}],"collection":[{"href":"https:\/\/kuansofis.com\/en\/wp-json\/wp\/v2\/posts"}],"about":[{"href":"https:\/\/kuansofis.com\/en\/wp-json\/wp\/v2\/types\/post"}],"author":[{"embeddable":true,"href":"https:\/\/kuansofis.com\/en\/wp-json\/wp\/v2\/users\/10"}],"replies":[{"embeddable":true,"href":"https:\/\/kuansofis.com\/en\/wp-json\/wp\/v2\/comments?post=28505"}],"version-history":[{"count":1,"href":"https:\/\/kuansofis.com\/en\/wp-json\/wp\/v2\/posts\/28505\/revisions"}],"predecessor-version":[{"id":137833,"href":"https:\/\/kuansofis.com\/en\/wp-json\/wp\/v2\/posts\/28505\/revisions\/137833"}],"wp:featuredmedia":[{"embeddable":true,"href":"https:\/\/kuansofis.com\/en\/wp-json\/wp\/v2\/media\/28508"}],"wp:attachment":[{"href":"https:\/\/kuansofis.com\/en\/wp-json\/wp\/v2\/media?parent=28505"}],"wp:term":[{"taxonomy":"category","embeddable":true,"href":"https:\/\/kuansofis.com\/en\/wp-json\/wp\/v2\/categories?post=28505"},{"taxonomy":"post_tag","embeddable":true,"href":"https:\/\/kuansofis.com\/en\/wp-json\/wp\/v2\/tags?post=28505"}],"curies":[{"name":"wp","href":"https:\/\/api.w.org\/{rel}","templated":true}]}}