{"id":1455,"date":"2021-08-30T03:07:05","date_gmt":"2021-08-30T03:07:05","guid":{"rendered":"http:\/\/localhost\/wp\/azuri-theme\/?p=1455"},"modified":"2026-01-13T15:32:12","modified_gmt":"2026-01-13T12:32:12","slug":"ergonomik-ofis-mobilyasi-ile-is-verimliligini-artirmanin-7-yolu","status":"publish","type":"post","link":"https:\/\/kuansofis.com\/en\/ergonomik-ofis-mobilyasi-ile-is-verimliligini-artirmanin-7-yolu\/","title":{"rendered":"7 Ways to Increase Work Efficiency with Ergonomic Office Furniture"},"content":{"rendered":"<h2 class=\"wp-block-heading\">Ergonominin \u0130\u015f Verimlili\u011fi \u00dczerindeki Etkisi<\/h2>\n\n\n\n<p>Ergonomi, i\u015f ortam\u0131nda \u00e7al\u0131\u015fan sa\u011fl\u0131\u011f\u0131 ve konforu ile i\u015f verimlili\u011fi aras\u0131nda do\u011frudan bir ba\u011f kurar. \u00c7al\u0131\u015fma alan\u0131n\u0131n ergonomik standartlara uygun olarak d\u00fczenlenmesi, \u00e7al\u0131\u015fanlar\u0131n fiziksel ve zihinsel enerji kayb\u0131n\u0131 azalt\u0131r. Uygun oturma pozisyonu sa\u011flayan sandalyeler, ayarlanabilir \u00e7al\u0131\u015fma masalar\u0131 ve do\u011fru \u0131\u015f\u0131kland\u0131rma gibi unsurlar, kas-iskelet sistemi rahats\u0131zl\u0131klar\u0131ndan kaynaklanan i\u015f g\u00fcc\u00fc kayb\u0131n\u0131 minimuma indirir.<\/p>\n\n\n\n<p>A\u015fa\u011f\u0131daki noktalar ergonominin i\u015f verimlili\u011fine katk\u0131s\u0131n\u0131 ortaya koyar:<\/p>\n\n\n\n<ul class=\"wp-block-list\">\n<li>Konforun Artmas\u0131: \u00c7al\u0131\u015fanlar daha rahat bir ortamda odaklanma s\u00fcresini art\u0131r\u0131r.<\/li>\n\n\n\n<li>Azalan Fiziksel Rahats\u0131zl\u0131klar: Ergonomik mobilyalar s\u0131rt, boyun ve bilek a\u011fr\u0131s\u0131 gibi sorunlar\u0131 \u00f6nler.<\/li>\n\n\n\n<li>Daha Az \u0130\u015f G\u00fcn\u00fc Kayb\u0131: Sa\u011fl\u0131kl\u0131 \u00e7al\u0131\u015fanlar daha az izin al\u0131r, bu da \u00fcretkenli\u011fi y\u00fckseltir.<\/li>\n<\/ul>\n\n\n\n<p>\u00c7al\u0131\u015fanlar\u0131n sa\u011fl\u0131\u011f\u0131na y\u00f6nelik ergonomik yat\u0131r\u0131mlar, sadece bireysel de\u011fil, kurumsal seviyede de uzun vadeli pozitif d\u00f6n\u00fc\u015f sa\u011flar.<\/p>\n\n\n\n<h2 class=\"wp-block-heading\" id=\"ergonomik-ofis-mobilyalar\u0131n\u0131n-temel-\u00f6zellikleri\">Ergonomik Ofis Mobilyalar\u0131n\u0131n Temel \u00d6zellikleri<\/h2>\n\n\n\n<p>Ergonomik ofis mobilyalar\u0131, \u00e7al\u0131\u015fanlar\u0131n fiziksel ve zihinsel sa\u011fl\u0131\u011f\u0131n\u0131 destekleyen tasar\u0131mlara sahiptir. Bu mobilyalar, uzun \u00e7al\u0131\u015fma saatlerinde konforu art\u0131r\u0131r ve sa\u011fl\u0131k sorunlar\u0131n\u0131 minimize eder. Temel \u00f6zellikleri a\u015fa\u011f\u0131daki \u015fekilde \u00f6ne \u00e7\u0131kmaktad\u0131r:<\/p>\n\n\n\n<ul class=\"wp-block-list\">\n<li>Ayarlanabilirlik: Ergonomik sandalyeler ve masalar, ki\u015finin boyuna ve oturma pozisyonuna uyum sa\u011flayacak \u015fekilde ayarlanabilir.<\/li>\n\n\n\n<li>Destekleyici Tasar\u0131m: Bel, boyun ve s\u0131rt deste\u011fi sunan sandalyeler, post\u00fcr sorunlar\u0131n\u0131 \u00f6nler.<\/li>\n\n\n\n<li>Kaliteli Malzeme Kullan\u0131m\u0131: Dayan\u0131kl\u0131 ve nefes alabilir malzemeler, uzun s\u00fcreli kullan\u0131m\u0131 destekler.<\/li>\n\n\n\n<li>Estetik ve Fonksiyonellik: Hem modern g\u00f6r\u00fcn\u00fcme sahip hem de i\u015flevsel tasar\u0131mlar \u00e7al\u0131\u015fma alanlar\u0131n\u0131 optimize eder.<\/li>\n\n\n\n<li>Hareket Kabiliyeti: Kolay ta\u015f\u0131nabilir ve d\u00f6ner mekanizmal\u0131 \u00f6zellikler \u00e7al\u0131\u015fanlar\u0131n daha rahat hareket etmelerini sa\u011flar.<\/li>\n<\/ul>\n\n\n\n<p>Bu \u00f6zellikler, i\u015f verimlili\u011fi ve \u00e7al\u0131\u015fan motivasyonunu art\u0131rmada kritik rol oynar.<\/p>\n\n\n\n<h2 class=\"wp-block-heading\" id=\"do\u011fru-sandalye-se\u00e7imi-ile-sa\u011fl\u0131kl\u0131-\u00e7al\u0131\u015fma-alan\u0131-olu\u015fturma\">Do\u011fru Sandalye Se\u00e7imi ile Sa\u011fl\u0131kl\u0131 \u00c7al\u0131\u015fma Alan\u0131 Olu\u015fturma<\/h2>\n\n\n\n<p>Ergonomik ofis sandalyeleri, uzun \u00e7al\u0131\u015fma saatlerinde v\u00fccut sa\u011fl\u0131\u011f\u0131n\u0131 desteklemek ve konfor sunmak a\u00e7\u0131s\u0131ndan b\u00fcy\u00fck \u00f6nem ta\u015f\u0131r. Sandalye se\u00e7erken dikkat edilmesi gereken baz\u0131 temel unsurlar \u015funlard\u0131r:<\/p>\n\n\n\n<ul class=\"wp-block-list\">\n<li>Ayarlanabilir Y\u00fckseklik: Sandalye y\u00fcksekli\u011fi, ki\u015finin ayaklar\u0131 yere tam basacak \u015fekilde ayarlanabilir olmal\u0131d\u0131r. Bu, kan dola\u015f\u0131m\u0131n\u0131 destekler.<\/li>\n\n\n\n<li>Arkal\u0131k Deste\u011fi: Bel kavisine uygun arkal\u0131k deste\u011fi, omurga sa\u011fl\u0131\u011f\u0131n\u0131 korumaya yard\u0131mc\u0131 olur.<\/li>\n\n\n\n<li>Kol\u00e7aklar: Ergonomik kol\u00e7aklar, kollar\u0131n dinlenmesine olanak tan\u0131r ve omuzlar\u0131 rahatlat\u0131r.<\/li>\n\n\n\n<li>Malzeme Kalitesi: Nefes alabilir kuma\u015f ve dayan\u0131kl\u0131 malzemeler, uzun \u00f6m\u00fcr ve konfor sunar.<\/li>\n<\/ul>\n\n\n\n<p>Do\u011fru sandalye kullan\u0131m\u0131; s\u0131rt, boyun ve bel a\u011fr\u0131lar\u0131n\u0131n \u00f6nlenmesiyle hem sa\u011fl\u0131k hem de \u00fcretkenlik a\u00e7\u0131s\u0131ndan katk\u0131 sa\u011flar.<\/p>\n\n\n\n<h2 class=\"wp-block-heading\" id=\"masalar\u0131n-ergonomisi-\u00e7al\u0131\u015fma-y\u00fczeyinin-\u00f6nemi\">Masalar\u0131n Ergonomisi: \u00c7al\u0131\u015fma Y\u00fczeyinin \u00d6nemi<\/h2>\n\n\n\n<p>Her ofis ortam\u0131nda masalar, \u00e7al\u0131\u015fanlar\u0131n fiziksel rahatl\u0131\u011f\u0131 ve i\u015f verimlili\u011fi \u00fczerinde b\u00fcy\u00fck bir etkiye sahiptir. Ergonomik tasarlanm\u0131\u015f \u00e7al\u0131\u015fma y\u00fczeyleri, uzun s\u00fcre oturarak \u00e7al\u0131\u015fan bireylerin sa\u011fl\u0131k sorunlar\u0131n\u0131 en aza indirir. Do\u011fru masa y\u00fcksekli\u011fi ve geni\u015flik \u00f6l\u00e7\u00fcleri, kullan\u0131c\u0131n\u0131n do\u011fal oturu\u015f pozisyonunu destekler ve gereksiz kas gerginliklerinin \u00f6n\u00fcne ge\u00e7er.<\/p>\n\n\n\n<ul class=\"wp-block-list\">\n<li>Y\u00fckseklik Ayar\u0131: \u00c7al\u0131\u015fma masas\u0131n\u0131n, kullan\u0131c\u0131n\u0131n dirsek hizas\u0131nda olmas\u0131na dikkat edilmelidir. Ayarlanabilir modeller, bu konuda bireysel ihtiya\u00e7lara uyum sa\u011flar.<\/li>\n\n\n\n<li>Y\u00fczey Malzemesi: P\u00fcr\u00fczs\u00fcz, sa\u011flam ve kaymayan y\u00fczeyler \u00e7al\u0131\u015fma esnas\u0131nda rahatl\u0131k sa\u011flar.<\/li>\n\n\n\n<li>Yerle\u015fim D\u00fczeni: Bilgisayar ekran\u0131, belgeler ve di\u011fer ekipmanlar eri\u015filebilir mesafede yerle\u015ftirilmelidir.<\/li>\n<\/ul>\n\n\n\n<p>Bu d\u00fczenlemeler, hem fiziksel hem de mental performans\u0131 art\u0131rarak, g\u00fcnl\u00fck i\u015flerin daha kolay ve verimli yap\u0131lmas\u0131n\u0131 sa\u011flar.<\/p>\n\n\n\n<h2 class=\"wp-block-heading\" id=\"monit\u00f6r-ve-ekran-kullan\u0131m\u0131nda-ergonomi-i\u0307lkeleri\">Monit\u00f6r ve Ekran Kullan\u0131m\u0131nda Ergonomi \u0130lkeleri<\/h2>\n\n\n\n<p>Monit\u00f6r ve ekran ayarlar\u0131n\u0131n ergonomik ilkelere uygun \u015fekilde d\u00fczenlenmesi, \u00e7al\u0131\u015fma verimlili\u011fini ve fiziksel sa\u011fl\u0131\u011f\u0131 do\u011frudan etkiler. Do\u011fru bir ekran yerle\u015fimi, boyun ve g\u00f6z sa\u011fl\u0131\u011f\u0131n\u0131 korurken uzun vadede olu\u015fabilecek rahats\u0131zl\u0131klar\u0131n \u00f6n\u00fcne ge\u00e7er. A\u015fa\u011f\u0131da ergonomik ekran kullan\u0131m\u0131na y\u00f6nelik temel ilkeler yer almaktad\u0131r:<\/p>\n\n\n\n<ul class=\"wp-block-list\">\n<li>Pozisyon: Ekran g\u00f6z hizas\u0131nda olmal\u0131, hafif\u00e7e a\u015fa\u011f\u0131dan bak\u0131lacak \u015fekilde ayarlanmal\u0131d\u0131r. Bu, boyun kaslar\u0131n\u0131n gereksiz gerilmesini engeller.<\/li>\n\n\n\n<li>Mesafe: Monit\u00f6r ile g\u00f6z aras\u0131ndaki mesafe ideal olarak 50-70 cm aras\u0131nda tutulmal\u0131d\u0131r.<\/li>\n\n\n\n<li>Parlama Kontrol\u00fc: Do\u011frudan g\u00fcne\u015f \u0131\u015f\u0131\u011f\u0131 veya yapay \u0131\u015f\u0131\u011f\u0131n ekrandaki yans\u0131malar\u0131n\u0131 azaltmak i\u00e7in ekran paralel konumland\u0131r\u0131lmal\u0131d\u0131r.<\/li>\n\n\n\n<li>Ekran A\u00e7\u0131s\u0131: Monit\u00f6r, 10-20 derece e\u011fimli olacak \u015fekilde konumland\u0131r\u0131lmal\u0131d\u0131r. Bu, okuma kolayl\u0131\u011f\u0131 sa\u011flar.<\/li>\n\n\n\n<li>Ekran Y\u00fcksekli\u011fi: G\u00f6z seviyesinin hemen alt\u0131nda bir ayarlama, ergonomiyi art\u0131racakt\u0131r.<\/li>\n<\/ul>\n\n\n\n<p>Bu ilkeleri uygulamak, ekran ba\u015f\u0131nda ge\u00e7irilen s\u00fcre boyunca konforun art\u0131r\u0131lmas\u0131na ve sa\u011fl\u0131k sorunlar\u0131n\u0131n \u00f6nlenmesine yard\u0131mc\u0131 olur.<\/p>\n\n\n\n<h2 class=\"wp-block-heading\" id=\"beden-dostu-ofis-d\u00fczeni-\u00e7al\u0131\u015fan-mobilitesini-art\u0131rma\">Beden Dostu Ofis D\u00fczeni: \u00c7al\u0131\u015fan Mobilitesini Art\u0131rma<\/h2>\n\n\n\n<p>G\u00fcn\u00fcm\u00fczde ergonomik ofis d\u00fczenlemeleri, \u00e7al\u0131\u015fanlar\u0131n hareketlili\u011fini te\u015fvik etmek i\u00e7in tasarlanm\u0131\u015ft\u0131r. B\u00fct\u00fcnc\u00fcl bir yakla\u015f\u0131m, fiziksel rahatl\u0131k ile i\u015f verimlili\u011fi aras\u0131ndaki dengeyi sa\u011flamay\u0131 \u00f6n planda tutar. Bu noktada, uygun mobilyalar\u0131n se\u00e7imi kritik bir rol oynar. Optimal ofis d\u00fczenlemeleri sayesinde \u00e7al\u0131\u015fanlar hem daha rahat bir \u015fekilde \u00e7al\u0131\u015fabilir hem de daha aktif hareket edebilirler.<\/p>\n\n\n\n<ul class=\"wp-block-list\">\n<li>Ayakta \u00e7al\u0131\u015fma alanlar\u0131: \u00c7al\u0131\u015fanlar\u0131n oturman\u0131n yan\u0131 s\u0131ra ayakta \u00e7al\u0131\u015fabilmelerini sa\u011flayan masalar hareketlilik sa\u011flar.<\/li>\n\n\n\n<li>Mod\u00fcler oturma alanlar\u0131: \u00c7e\u015fitli oturma d\u00fczenleri, \u00e7al\u0131\u015fanlar\u0131n ihtiya\u00e7lar\u0131na g\u00f6re esneklik sunar.<\/li>\n\n\n\n<li>Tekerlekli \u00e7al\u0131\u015fma sandalyeleri: H\u0131zl\u0131 manevra kabiliyeti sa\u011flarken v\u00fccut hareketlerini destekler.<\/li>\n\n\n\n<li>Dinlenme noktalar\u0131: K\u0131sa molalarla \u00e7al\u0131\u015fanlar\u0131n hareket etmeleri te\u015fvik edilir.<\/li>\n<\/ul>\n\n\n\n<p>Hareket \u00f6zg\u00fcrl\u00fc\u011f\u00fc, yaln\u0131zca \u00e7al\u0131\u015fanlar\u0131n fiziksel sa\u011fl\u0131\u011f\u0131n\u0131 de\u011fil, ayn\u0131 zamanda zihinsel performans\u0131n\u0131 art\u0131r\u0131r.<\/p>\n\n\n\n<h2 class=\"wp-block-heading\" id=\"duru\u015f-bozukluklar\u0131n\u0131-\u00f6nleme-ve-do\u011fru-\u00e7al\u0131\u015fma-pozisyonu\">Duru\u015f Bozukluklar\u0131n\u0131 \u00d6nleme ve Do\u011fru \u00c7al\u0131\u015fma Pozisyonu<\/h2>\n\n\n\n<p>Ofis \u00e7al\u0131\u015fanlar\u0131n\u0131n s\u0131k ya\u015fad\u0131\u011f\u0131 post\u00fcr problemleri, uzun s\u00fcre yanl\u0131\u015f pozisyonlarda oturmaktan kaynaklanabilir. Ergonomik mobilyalar, bu durumun \u00f6nlenmesinde kritik bir rol oynar. \u00c7al\u0131\u015fma sandalyelerinin bel ve s\u0131rt destekleri, omurga sorunlar\u0131n\u0131 minimize etmek i\u00e7in tasarlanmal\u0131d\u0131r.<\/p>\n\n\n\n<p>Do\u011fru masa y\u00fcksekli\u011fi, bilek ve dirseklerin do\u011fal bir a\u00e7\u0131da durmas\u0131n\u0131 sa\u011flar. Ayr\u0131ca, \u00e7ift ekran veya ayarlanabilir ekran kullan\u0131m\u0131, boyun ve g\u00f6z sa\u011fl\u0131\u011f\u0131n\u0131 destekler. \u00c7al\u0131\u015fma alan\u0131 d\u00fczenlemesi, fazla esneme veya e\u011filme hareketlerini engelleyerek rahat bir oturma pozisyonu sunar.<\/p>\n\n\n\n<p>Ergonomik tasar\u0131mlar, kullan\u0131c\u0131 bedenini desteklerken odaklanmay\u0131 art\u0131r\u0131r. Bu, daha sa\u011fl\u0131kl\u0131 duru\u015f ve i\u015f verimlili\u011fi aras\u0131nda g\u00fc\u00e7l\u00fc bir ba\u011flant\u0131 kurar.<\/p>\n\n\n\n<h2 class=\"wp-block-heading\" id=\"ofis-aksesuarlar\u0131-ile-ergonomiyi-destekleme\">Ofis Aksesuarlar\u0131 ile Ergonomiyi Destekleme<\/h2>\n\n\n\n<p>Ergonomiyi art\u0131rmak i\u00e7in ofis aksesuarlar\u0131n\u0131n do\u011fru se\u00e7imi ve yerle\u015fimi b\u00fcy\u00fck \u00f6nem ta\u015f\u0131r. Uygun aksesuarlar, \u00e7al\u0131\u015fanlar\u0131n fiziksel konforunu y\u00fckselterek uzun s\u00fcreli \u00e7al\u0131\u015fma esnas\u0131nda olu\u015fabilecek rahats\u0131zl\u0131klar\u0131 \u00f6nlemeye yard\u0131mc\u0131 olur.<\/p>\n\n\n\n<ul class=\"wp-block-list\">\n<li>Ayarlanabilir Ayak Dayanaklar\u0131: \u00c7al\u0131\u015fanlar\u0131n bacaklar\u0131n\u0131 rahat\u00e7a yerle\u015ftirebilece\u011fi bir destek sa\u011flar, kan dola\u015f\u0131m\u0131n\u0131 iyile\u015ftirir ve uzun s\u00fcre oturmaktan kaynaklanan bacak rahats\u0131zl\u0131klar\u0131n\u0131 azalt\u0131r.<\/li>\n\n\n\n<li>Ekran Y\u00fckseklik Ayarlay\u0131c\u0131lar: Monit\u00f6r y\u00fcksekli\u011fini g\u00f6z hizas\u0131na getirmek i\u00e7in kullan\u0131l\u0131r. Bu, boyun a\u011fr\u0131lar\u0131n\u0131 ve duru\u015f bozukluklar\u0131n\u0131 en aza indirir.<\/li>\n\n\n\n<li>Bilek Destek Pedleri: Klavye ve fare kullan\u0131m\u0131 s\u0131ras\u0131nda bile\u011fin do\u011fal pozisyonunu koruyarak karpal t\u00fcnel sendromu gibi rahats\u0131zl\u0131klar\u0131n olu\u015fmas\u0131n\u0131 engeller.<\/li>\n\n\n\n<li>Masa Lambalar\u0131: Ayarlanabilir \u0131\u015f\u0131k kaynaklar\u0131, g\u00f6zlerin yorulmas\u0131n\u0131 \u00f6nlemek i\u00e7in yeterli ve do\u011fru bir ayd\u0131nlatma sunar.<\/li>\n<\/ul>\n\n\n\n<p>Her bir aksesuar, bireyin ihtiya\u00e7lar\u0131na g\u00f6re se\u00e7ilerek ki\u015fisel \u00e7al\u0131\u015fma alanlar\u0131na entegre edilmelidir.<\/p>\n\n\n\n<h2 class=\"wp-block-heading\" id=\"\u00e7al\u0131\u015fma-ortam\u0131nda-ayd\u0131nlatman\u0131n-rol\u00fc\">\u00c7al\u0131\u015fma Ortam\u0131nda Ayd\u0131nlatman\u0131n Rol\u00fc<\/h2>\n\n\n\n<p>Ofis ortam\u0131nda ayd\u0131nlatma, \u00e7al\u0131\u015fanlar\u0131n performans\u0131, g\u00f6z sa\u011fl\u0131\u011f\u0131 ve genel i\u015f verimlili\u011fi \u00fczerinde do\u011frudan etkili bir unsur olarak \u00f6ne \u00e7\u0131kar. Yetersiz ya da yanl\u0131\u015f ayd\u0131nlatma, g\u00f6z yorgunlu\u011funa ve konsantrasyon kayb\u0131na yol a\u00e7arak i\u015f performans\u0131n\u0131 d\u00fc\u015f\u00fcrebilir. Bu nedenle, ergonomik bir \u00e7al\u0131\u015fma alan\u0131nda do\u011fru ayd\u0131nlatma sistemlerinin se\u00e7imi b\u00fcy\u00fck \u00f6nem ta\u015f\u0131r.<\/p>\n\n\n\n<ul class=\"wp-block-list\">\n<li>Do\u011fal \u0131\u015f\u0131k kullan\u0131m\u0131n\u0131n \u00f6nemi: Pencerelerden gelen do\u011fal \u0131\u015f\u0131k, \u00e7al\u0131\u015fan motivasyonunu art\u0131r\u0131rken daha az yapay \u0131\u015f\u0131k kayna\u011f\u0131na ihtiya\u00e7 duyulmas\u0131n\u0131 sa\u011flar.<\/li>\n\n\n\n<li>I\u015f\u0131k yo\u011funlu\u011fu ve renk s\u0131cakl\u0131\u011f\u0131: \u00c7al\u0131\u015fma alan\u0131nda kullan\u0131lan ayd\u0131nlatma cihazlar\u0131, g\u00f6z yormayan ve rahat bir g\u00f6r\u00fc\u015f sa\u011flayan bir renk s\u0131cakl\u0131\u011f\u0131na sahip olmal\u0131d\u0131r.<\/li>\n\n\n\n<li>Yerle\u015fim d\u00fczeni: Ayd\u0131nlatma kaynaklar\u0131, ekran yans\u0131malar\u0131n\u0131 \u00f6nleyecek \u015fekilde konumland\u0131r\u0131larak optimum g\u00f6r\u00fc\u015f alan\u0131 yarat\u0131lmal\u0131d\u0131r.<\/li>\n<\/ul>\n\n\n\n<h2 class=\"wp-block-heading\" id=\"ergonomik-tasar\u0131mla-i\u0307\u015f-g\u00fcc\u00fcn\u00fcn-motivasyonunu-art\u0131rma\">Ergonomik Tasar\u0131mla \u0130\u015f G\u00fcc\u00fcn\u00fcn Motivasyonunu Art\u0131rma<\/h2>\n\n\n\n<p>Ergonomik tasar\u0131m, i\u015f g\u00fcc\u00fcn\u00fcn motivasyonunu art\u0131rmada kritik bir rol oynar. \u00c7al\u0131\u015fma ortam\u0131n\u0131n fiziksel rahatl\u0131k ve i\u015flevsellik sunmas\u0131, \u00e7al\u0131\u015fanlar\u0131n i\u015flerine odaklanmalar\u0131n\u0131 kolayla\u015ft\u0131r\u0131r. Ergonomik bir ofis, \u00e7al\u0131\u015fanlar\u0131n v\u00fccutlar\u0131n\u0131 do\u011fal pozisyonda tutmalar\u0131na olanak tan\u0131yarak kas a\u011fr\u0131lar\u0131n\u0131n ve yorgunlu\u011fun \u00f6n\u00fcne ge\u00e7er.<\/p>\n\n\n\n<ul class=\"wp-block-list\">\n<li>Do\u011fru Oturma D\u00fczeni: Ayarlanabilir sandalyeler, bel deste\u011fi sa\u011flarken v\u00fccut duru\u015funu d\u00fczg\u00fcn tutar.<\/li>\n\n\n\n<li>Fonksiyonel \u00c7al\u0131\u015fma Alanlar\u0131: Y\u00fcksekli\u011fi ayarlanabilir masalar, farkl\u0131 \u00e7al\u0131\u015fma pozisyonlar\u0131na izin verir.<\/li>\n\n\n\n<li>Ayd\u0131nlatma \u00c7\u00f6z\u00fcmleri: G\u00f6z yorgunlu\u011funu azaltan \u0131\u015f\u0131k seviyeleri motivasyonu destekler.<\/li>\n<\/ul>\n\n\n\n<p>Ergonomik tasar\u0131m\u0131n i\u015f ortam\u0131na entegre edilmesi, yaln\u0131zca fiziksel rahatl\u0131k de\u011fil, ayn\u0131 zamanda \u00f6zellikle zihinsel rahatl\u0131k sa\u011flar. Transkripsiyon ve dinlenme aral\u0131klar\u0131n\u0131n optimize edilmesi de motivasyonu olumlu y\u00f6nde etkiler.<\/p>\n\n\n\n<h2 class=\"wp-block-heading\" id=\"uzun-vadede-sa\u011fl\u0131kl\u0131-\u00e7al\u0131\u015fma-ortam\u0131-yaratman\u0131n-faydalar\u0131\">Uzun Vadede Sa\u011fl\u0131kl\u0131 \u00c7al\u0131\u015fma Ortam\u0131 Yaratman\u0131n Faydalar\u0131<\/h2>\n\n\n\n<p>\u0130yi tasarlanm\u0131\u015f ergonomik ofis mobilyalar\u0131n\u0131n kullan\u0131m\u0131, \u00e7al\u0131\u015fanlar\u0131n hem fiziksel hem de zihinsel sa\u011fl\u0131k \u00fczerinde olumlu etkiler yarat\u0131r. Uzun vadede sa\u011fl\u0131kl\u0131 bir \u00e7al\u0131\u015fma ortam\u0131 olu\u015fturmak, i\u015fyerindeki stres fakt\u00f6rlerini azaltarak \u00e7al\u0131\u015fan motivasyonunu art\u0131r\u0131r.<\/p>\n\n\n\n<ul class=\"wp-block-list\">\n<li>Fiziksel Sa\u011fl\u0131k: Ergonomik mobilyalar, duru\u015f bozukluklar\u0131n\u0131 \u00f6nler ve kas-iskelet sistemi problemlerini en aza indirir. \u00d6zellikle do\u011fru oturma pozisyonu ve destekleyici sandalye kullan\u0131m\u0131, s\u0131rt ve boyun a\u011fr\u0131lar\u0131n\u0131n olu\u015fma riskini d\u00fc\u015f\u00fcr\u00fcr.<\/li>\n\n\n\n<li>Zihinsel \u0130yilik Hali: Rahat bir \u00e7al\u0131\u015fma ortam\u0131, \u00e7al\u0131\u015fanlar\u0131n konsantrasyon seviyesini y\u00fckseltir ve \u00fcretkenli\u011fi destekler.<\/li>\n\n\n\n<li>Uzun Vadeli Verimlilik: Hastal\u0131k g\u00fcnlerinde azalma sa\u011flanarak i\u015fg\u00fcc\u00fc verimlili\u011fi art\u0131r\u0131l\u0131r. \u00c7al\u0131\u015fanlar\u0131n s\u00fcrekli a\u011fr\u0131 veya rahats\u0131zl\u0131k ya\u015famamas\u0131, i\u015f kalitesine do\u011frudan olumlu yans\u0131r.<\/li>\n<\/ul>\n\n\n\n<p>Sa\u011fl\u0131kl\u0131 bir \u00e7al\u0131\u015fma alan\u0131 olu\u015fturmak, i\u015f s\u00fcreklili\u011fini ve genel i\u015f memnuniyetini destekler.<\/p>\n\n\n\n<p><\/p>","protected":false},"excerpt":{"rendered":"<p>Pellentesque feugiat, sem id interdum molestie, libero nibh imperdiet velit, sodales elementum enim sem sed lectus. Vivamus viverra diam congue tristique pellentesque. Proin efficitur est vel lectus ultrices rhoncus eu ut lacus. In gravida leo at justo lobortis, vitae aliquet justo vehicula. Maecenas at facilisis ex. Curabitur cursus, ex id efficitur ultrices, sapien mauris sodales<\/p>","protected":false},"author":1,"featured_media":28484,"comment_status":"closed","ping_status":"closed","sticky":false,"template":"","format":"standard","meta":{"_monsterinsights_skip_tracking":false,"_monsterinsights_sitenote_active":false,"_monsterinsights_sitenote_note":"","_monsterinsights_sitenote_category":0,"footnotes":""},"categories":[404,406,408],"tags":[],"class_list":["post-1455","post","type-post","status-publish","format-standard","has-post-thumbnail","hentry","category-is-dunyasi","category-ofis-dekorasyonu","category-ofis-mobilyalari"],"_links":{"self":[{"href":"https:\/\/kuansofis.com\/en\/wp-json\/wp\/v2\/posts\/1455","targetHints":{"allow":["GET"]}}],"collection":[{"href":"https:\/\/kuansofis.com\/en\/wp-json\/wp\/v2\/posts"}],"about":[{"href":"https:\/\/kuansofis.com\/en\/wp-json\/wp\/v2\/types\/post"}],"author":[{"embeddable":true,"href":"https:\/\/kuansofis.com\/en\/wp-json\/wp\/v2\/users\/1"}],"replies":[{"embeddable":true,"href":"https:\/\/kuansofis.com\/en\/wp-json\/wp\/v2\/comments?post=1455"}],"version-history":[{"count":2,"href":"https:\/\/kuansofis.com\/en\/wp-json\/wp\/v2\/posts\/1455\/revisions"}],"predecessor-version":[{"id":137947,"href":"https:\/\/kuansofis.com\/en\/wp-json\/wp\/v2\/posts\/1455\/revisions\/137947"}],"wp:featuredmedia":[{"embeddable":true,"href":"https:\/\/kuansofis.com\/en\/wp-json\/wp\/v2\/media\/28484"}],"wp:attachment":[{"href":"https:\/\/kuansofis.com\/en\/wp-json\/wp\/v2\/media?parent=1455"}],"wp:term":[{"taxonomy":"category","embeddable":true,"href":"https:\/\/kuansofis.com\/en\/wp-json\/wp\/v2\/categories?post=1455"},{"taxonomy":"post_tag","embeddable":true,"href":"https:\/\/kuansofis.com\/en\/wp-json\/wp\/v2\/tags?post=1455"}],"curies":[{"name":"wp","href":"https:\/\/api.w.org\/{rel}","templated":true}]}}