{"id":138003,"date":"2026-03-12T10:04:52","date_gmt":"2026-03-12T07:04:52","guid":{"rendered":"https:\/\/kuansofis.com\/ergonomik-ofis-calisma-masasi-nasil-secilir\/"},"modified":"2026-04-27T18:25:16","modified_gmt":"2026-04-27T15:25:16","slug":"ergonomik-ofis-calisma-masasi-nasil-secilir","status":"publish","type":"post","link":"https:\/\/kuansofis.com\/en\/ergonomik-ofis-calisma-masasi-nasil-secilir\/","title":{"rendered":"Ergonomik Masa Se\u00e7erken 7 Kritik Nokta"},"content":{"rendered":"<h2>Ergonomik ofis \u00e7al\u0131\u015fma masas\u0131 nas\u0131l se\u00e7ilir?<\/h2>\n<p>Bir ofiste verimi d\u00fc\u015f\u00fcren \u015fey her zaman i\u015f y\u00fck\u00fc de\u011fildir. Bazen sorun, g\u00fcn\u00fcn 8-10 saatinin ge\u00e7irildi\u011fi masan\u0131n yanl\u0131\u015f y\u00fckseklikte olmas\u0131, hareket alan\u0131n\u0131 daraltmas\u0131 ya da ekipman\u0131n kullan\u0131m\u0131na uygun planlanmamas\u0131d\u0131r. \u00c7al\u0131\u015fan s\u0131k s\u0131k pozisyon de\u011fi\u015ftiriyor, omuzlar\u0131n\u0131 kald\u0131rarak yaz\u0131yor veya bacaklar\u0131n\u0131 masan\u0131n alt\u0131nda rahat\u00e7a konumland\u0131ram\u0131yorsa, masa estetik olarak iyi g\u00f6r\u00fcnse bile i\u015flevini tam kar\u015f\u0131lam\u0131yor demektir.<\/p>\n<p>Bu y\u00fczden ergonomik masa se\u00e7imi, yaln\u0131zca bir mobilya tercihi de\u011fil, i\u015f ak\u0131\u015f\u0131n\u0131 do\u011frudan etkileyen bir yat\u0131r\u0131m karar\u0131d\u0131r. \u00d6zellikle \u015firketler, sat\u0131n alma ekipleri, ofis y\u00f6neticileri ve proje bazl\u0131 kurulum yapan profesyoneller i\u00e7in do\u011fru masa se\u00e7imi; \u00e7al\u0131\u015fan konforu, alan kullan\u0131m\u0131, kurumsal g\u00f6r\u00fcn\u00fcm ve uzun vadeli maliyet kontrol\u00fc aras\u0131nda denge kurmay\u0131 gerektirir.<\/p>\n<h2>1. \u0130lk kriter masa \u00f6l\u00e7\u00fcs\u00fc de\u011fil, kullan\u0131m senaryosu olmal\u0131<\/h2>\n<p>Pek \u00e7ok sat\u0131n alma s\u00fcreci \u00f6l\u00e7\u00fcyle ba\u015flar. Oysa do\u011fru ba\u015flang\u0131\u00e7 noktas\u0131, masan\u0131n kim taraf\u0131ndan ve nas\u0131l kullan\u0131laca\u011f\u0131n\u0131 netle\u015ftirmektir. Tek ekranla \u00e7al\u0131\u015fan bir ekip \u00fcyesinin ihtiyac\u0131yla, \u00e7ift monit\u00f6r, laptop stand\u0131, evrak alan\u0131 ve telefon trafi\u011fi yo\u011fun olan bir y\u00f6netici masas\u0131n\u0131n ihtiyac\u0131 ayn\u0131 de\u011fildir.<\/p>\n<p>Burada sorulmas\u0131 gereken soru \u015fudur: Bu masa sadece bilgisayar kullan\u0131m\u0131 i\u00e7in mi se\u00e7iliyor, yoksa toplant\u0131, evrak y\u00f6netimi, k\u0131sa g\u00f6r\u00fc\u015fmeler ve depolama ihtiyac\u0131 da masan\u0131n par\u00e7as\u0131 m\u0131 olacak? E\u011fer kullan\u0131m \u015fekli do\u011fru tan\u0131mlanmazsa, b\u00fcy\u00fck masa gereksiz alan kayb\u0131na; k\u00fc\u00e7\u00fck masa ise \u00e7al\u0131\u015fma d\u00fczensizli\u011fine yol a\u00e7ar.<\/p>\n<p>A\u00e7\u0131k ofislerde genellikle kompakt ama iyi planlanm\u0131\u015f y\u00fczeyler daha verimli sonu\u00e7 verir. Y\u00f6netici ofislerinde ise masa tek ba\u015f\u0131na bir \u00e7al\u0131\u015fma y\u00fczeyi de\u011fil, ayn\u0131 zamanda temsil alan\u0131n\u0131n bir par\u00e7as\u0131d\u0131r. Bu nedenle ergonomi ile kurumsal g\u00f6r\u00fcn\u00fcm birlikte de\u011ferlendirilmelidir.<\/p>\n<h2>2. Y\u00fckseklik sabit olabilir, ama kullan\u0131c\u0131ya uygun olmal\u0131<\/h2>\n<p>Ergonomik ofis \u00e7al\u0131\u015fma masas\u0131 nas\u0131l se\u00e7ilir sorusunun en kritik ba\u015fl\u0131klar\u0131ndan biri y\u00fcksekliktir. Standart masa y\u00fcksekli\u011fi \u00e7o\u011fu ofiste yakla\u015f\u0131k 72-75 cm aral\u0131\u011f\u0131nda tercih edilir. Ancak her kullan\u0131c\u0131 ayn\u0131 fiziksel \u00f6l\u00e7\u00fclere sahip de\u011fildir ve her i\u015f istasyonu ayn\u0131 ekipman d\u00fczeniyle kullan\u0131lmaz.<\/p>\n<p>Do\u011fru y\u00fckseklik, kullan\u0131c\u0131n\u0131n oturdu\u011funda dirseklerini yakla\u015f\u0131k 90 dereceye yak\u0131n a\u00e7\u0131yla konumland\u0131rmas\u0131na izin vermelidir. Omuzlar\u0131n y\u00fckselmesi, bileklerin yukar\u0131 k\u0131r\u0131lmas\u0131 veya kullan\u0131c\u0131n\u0131n masaya eri\u015fmek i\u00e7in \u00f6ne e\u011filmesi yanl\u0131\u015f \u00f6l\u00e7\u00fcye i\u015faret eder. Masa tek ba\u015f\u0131na ergonomi sa\u011flamaz; <a href=\"https:\/\/kuansofis.com\/en\/product\/calisma-koltuklari\/indus-work-chair\/\">sandalye<\/a>, monit\u00f6r y\u00fcksekli\u011fi ve klavye yerle\u015fimiyle birlikte d\u00fc\u015f\u00fcn\u00fclmelidir.<\/p>\n<p>Y\u00fcksekli\u011fi ayarlanabilir masa \u00e7\u00f6z\u00fcmleri baz\u0131 ekipler i\u00e7in ciddi avantaj sa\u011flar. \u00d6zellikle d\u00f6n\u00fc\u015f\u00fcml\u00fc kullan\u0131m alanlar\u0131nda, farkl\u0131 boydaki \u00e7al\u0131\u015fanlar\u0131n ayn\u0131 istasyonda \u00e7al\u0131\u015ft\u0131\u011f\u0131 yap\u0131larda veya g\u00fcn i\u00e7inde pozisyon de\u011fi\u015ftirme ihtiyac\u0131n\u0131n y\u00fcksek oldu\u011fu ofislerde bu tip modeller daha esnek bir \u00e7\u00f6z\u00fcm sunar. Buna kar\u015f\u0131l\u0131k her ofiste motorlu sistem gerekli de\u011fildir. Sabit ama do\u011fru \u00f6l\u00e7\u00fclendirilmi\u015f bir masa da \u00e7o\u011fu kullan\u0131mda yeterli olabilir.<\/p>\n<h2>3. Derinlik ve geni\u015flik, masa \u00fcst\u00fc d\u00fczenini do\u011frudan belirler<\/h2>\n<p>Masa se\u00e7erken sadece toplam kaplad\u0131\u011f\u0131 alana bakmak s\u0131k yap\u0131lan bir hatad\u0131r. As\u0131l \u00f6nemli olan, \u00e7al\u0131\u015fma y\u00fczeyinin ekipmanlar\u0131 nas\u0131l ta\u015f\u0131d\u0131\u011f\u0131d\u0131r. Monit\u00f6r g\u00f6zden \u00e7ok yak\u0131n duruyorsa, klavye i\u00e7in yeterli mesafe kalm\u0131yorsa veya masa \u00fcst\u00fc s\u00fcrekli da\u011f\u0131n\u0131k g\u00f6r\u00fcn\u00fcyorsa sorun \u00e7o\u011fu zaman derinlik yetersizli\u011fidir.<\/p>\n<p>Tek ekranl\u0131 standart kullan\u0131mda daha kompakt \u00f6l\u00e7\u00fcler i\u015f g\u00f6rebilir. Ancak \u00e7ift monit\u00f6r, masa\u00fcst\u00fc bilgisayar, yaz\u0131c\u0131, evrak raf\u0131 veya s\u0131k kullan\u0131lan aksesuarlar devreye girince daha derin ve daha geni\u015f y\u00fczey ihtiyac\u0131 do\u011far. \u00d6zellikle kurumsal ekiplerde masa \u00fcst\u00fc yo\u011funlu\u011fu \u00f6nceden hesaplanmad\u0131\u011f\u0131nda sonradan ek sehpa, keson veya yan tabla ihtiyac\u0131 \u00e7\u0131kar. Bu da hem g\u00f6r\u00fcnt\u00fcy\u00fc bozar hem de ilk yat\u0131r\u0131m\u0131n yanl\u0131\u015f planland\u0131\u011f\u0131n\u0131 g\u00f6sterir.<\/p>\n<p>Bacak alan\u0131 da burada devreye girer. Alt b\u00f6l\u00fcmde travers, kal\u0131n ayak yap\u0131s\u0131 veya yanl\u0131\u015f konumland\u0131r\u0131lm\u0131\u015f depolama \u00fcniteleri varsa kullan\u0131c\u0131 rahat oturamaz. Ergonomik bir masa, yaln\u0131zca \u00fcst y\u00fczeyde de\u011fil, alt hacimde de hareket serbestli\u011fi sunmal\u0131d\u0131r.<\/p>\n<h2>4. Malzeme kalitesi konfor kadar dayan\u0131kl\u0131l\u0131\u011f\u0131 da etkiler<\/h2>\n<p>Ergonomi sadece \u00f6l\u00e7\u00fc meselesi de\u011fildir. Kullan\u0131c\u0131n\u0131n her g\u00fcn temas etti\u011fi y\u00fczeyin hissi, kenar yap\u0131s\u0131, yans\u0131ma d\u00fczeyi ve dayan\u0131kl\u0131l\u0131\u011f\u0131 da deneyimi belirler. Keskin kenarl\u0131, kolay \u00e7izilen, \u0131\u015f\u0131\u011f\u0131 fazla yans\u0131tan veya k\u0131sa s\u00fcrede deforme olan masa y\u00fczeyleri kullan\u0131m kalitesini d\u00fc\u015f\u00fcr\u00fcr.<\/p>\n<p>Yo\u011fun kullan\u0131lan ofislerde y\u00fczey malzemesinin temizli\u011fe uygun olmas\u0131, darbelere kar\u015f\u0131 diren\u00e7 g\u00f6stermesi ve profesyonel g\u00f6r\u00fcn\u00fcm\u00fcn\u00fc korumas\u0131 \u00f6nemlidir. Burada en pahal\u0131 \u00e7\u00f6z\u00fcm her zaman en do\u011fru \u00e7\u00f6z\u00fcm de\u011fildir. Kullan\u0131m yo\u011funlu\u011fu, ofisin temsil seviyesi ve b\u00fct\u00e7e \u00e7er\u00e7evesi birlikte de\u011ferlendirilmelidir.<\/p>\n<p>\u00d6rne\u011fin <a href=\"https:\/\/kuansofis.com\/en\/yonetici-masasi-ve-patron-masasi-arasindaki-farklar\/\">y\u00f6netici alanlar\u0131nda<\/a> g\u00f6rsel etki daha g\u00fc\u00e7l\u00fc malzemeler tercih edilirken, operasyon ekiplerinde kolay bak\u0131m ve y\u00fcksek dayan\u0131kl\u0131l\u0131k daha \u00f6ncelikli olabilir. \u0130yi bir proje yakla\u015f\u0131m\u0131 tam da burada fark yarat\u0131r \u00e7\u00fcnk\u00fc her birim i\u00e7in ayn\u0131 masa mant\u0131\u011f\u0131yla ilerlemek \u00e7o\u011fu zaman verimli sonu\u00e7 vermez.<\/p>\n<h2>5. Tekil masa m\u0131, workstation m\u0131? Karar sadece metrekareye g\u00f6re verilmemeli<\/h2>\n<p>Bir\u00e7ok i\u015fletme masa se\u00e7imini ofis b\u00fcy\u00fckl\u00fc\u011f\u00fcne g\u00f6re yapar. Oysa ekip yap\u0131s\u0131 ve ileti\u015fim bi\u00e7imi en az alan kadar belirleyicidir. Bireysel odak \u00e7al\u0131\u015fman\u0131n yo\u011fun oldu\u011fu bir departmanda tekil masalar daha konforlu olabilir. S\u00fcrekli ileti\u015fim, koordinasyon ve ortak takip gerektiren ekiplerde ise \u00e7oklu \u00e7al\u0131\u015fma istasyonlar\u0131 daha ak\u0131lc\u0131 sonu\u00e7 verir.<\/p>\n<p>Buradaki denge \u00f6nemlidir. Workstation sistemleri alan verimlili\u011fi sa\u011flar ama do\u011fru b\u00f6l\u00fcc\u00fcler, kablo y\u00f6netimi ve ki\u015fisel alan pay\u0131 planlanmazsa g\u00fcr\u00fclt\u00fc ve dikkat da\u011f\u0131n\u0131kl\u0131\u011f\u0131 yaratabilir. Tekil masalar daha fazla mahremiyet sunar ancak ayn\u0131 metrekarede daha az kullan\u0131c\u0131ya hizmet eder.<\/p>\n<p>Bu nedenle ergonomik \u00e7\u00f6z\u00fcm her zaman tek bir \u00fcr\u00fcn tipi de\u011fildir. \u015eirketin \u00e7al\u0131\u015fma k\u00fclt\u00fcr\u00fc, ekipler aras\u0131 etkile\u015fim d\u00fczeyi ve b\u00fcy\u00fcme plan\u0131 birlikte ele al\u0131nmal\u0131d\u0131r. Bug\u00fcn yeterli g\u00f6r\u00fcnen yerle\u015fim, alt\u0131 ay sonra yetersiz kalabilir.<\/p>\n<h2>6. Kablo y\u00f6netimi ve depolama, ergonominin g\u00f6r\u00fcnmeyen taraf\u0131d\u0131r<\/h2>\n<p>\u0130yi g\u00f6r\u00fcnen ama kablolar\u0131n ayak alt\u0131nda dola\u015ft\u0131\u011f\u0131, priz eri\u015fiminin zor oldu\u011fu veya \u00e7ekmece yerle\u015fimi nedeniyle oturma pozisyonunun bozuldu\u011fu bir masa ger\u00e7ek anlamda ergonomik say\u0131lmaz. Masa \u00fcst\u00fc ne kadar d\u00fczenliyse kullan\u0131c\u0131 o kadar rahat \u00e7al\u0131\u015f\u0131r. Bu rahatl\u0131k yaln\u0131zca estetik de\u011fil, odak ve h\u0131z a\u00e7\u0131s\u0131ndan da \u00f6nemlidir.<\/p>\n<p>Kablo ge\u00e7i\u015f kapaklar\u0131, gizli kanal \u00e7\u00f6z\u00fcmleri, priz entegrasyonu ve do\u011fru konumlanm\u0131\u015f kesonlar \u00f6zellikle kurumsal ofislerde ciddi fark yarat\u0131r. \u00c7\u00fcnk\u00fc sorun \u00e7o\u011fu zaman ilk kurulumda g\u00f6r\u00fcnmez, kullan\u0131m ba\u015flad\u0131ktan sonra ortaya \u00e7\u0131kar. Laptop adapt\u00f6r\u00fc, telefon \u015farj\u0131, ikinci ekran kablosu, masa lambas\u0131 derken k\u0131sa s\u00fcrede kar\u0131\u015f\u0131k bir g\u00f6r\u00fcnt\u00fc olu\u015fur.<\/p>\n<p>Depolama taraf\u0131nda da benzer bir durum vard\u0131r. Her kullan\u0131c\u0131n\u0131n b\u00fcy\u00fck \u00e7ekmece bloklar\u0131na ihtiyac\u0131 olmayabilir. Baz\u0131 ekiplerde mobil keson yeterliyken, baz\u0131 birimlerde masa ile entegre depolama daha i\u015flevsel olur. Fazla depolama alan\u0131 da bazen gereksiz yer kaplar. Burada ihtiya\u00e7 kadar \u00e7\u00f6z\u00fcm \u00fcretmek gerekir.<\/p>\n<h2>7. Ofis plan\u0131 ile masa se\u00e7imi ayn\u0131 anda d\u00fc\u015f\u00fcn\u00fclmeli<\/h2>\n<p>En do\u011fru masa bile yanl\u0131\u015f yerle\u015fimde verimsiz hale gelebilir. Sirk\u00fclasyon alan\u0131 daral\u0131rsa \u00e7al\u0131\u015fanlar rahat hareket edemez. G\u00fcn \u0131\u015f\u0131\u011f\u0131 yanl\u0131\u015f a\u00e7\u0131dan gelirse ekran yans\u0131malar\u0131 artar. Toplant\u0131 alan\u0131 ile operasyon alan\u0131 i\u00e7 i\u00e7e ge\u00e7ti\u011finde dikkat b\u00f6l\u00fcnmeleri ya\u015fan\u0131r. Bu y\u00fczden masa se\u00e7imi tekil \u00fcr\u00fcn karar\u0131 olarak de\u011fil, ofis planlamas\u0131n\u0131n bir par\u00e7as\u0131 olarak ele al\u0131nmal\u0131d\u0131r.<\/p>\n<p>\u00d6zellikle ta\u015f\u0131nma, b\u00fcy\u00fcme, yeniden yap\u0131lanma veya yeni ofis kurulumu s\u00fcre\u00e7lerinde \u00f6l\u00e7\u00fc almak tek ba\u015f\u0131na yeterli de\u011fildir. Kullan\u0131c\u0131 say\u0131s\u0131, departman yap\u0131s\u0131, elektrik altyap\u0131s\u0131, depolama ihtiyac\u0131 ve kurumsal g\u00f6r\u00fcn\u00fcm bir arada de\u011ferlendirilmelidir. Bu yakla\u015f\u0131m, sonradan yap\u0131lan ek harcamalar\u0131 ve yerle\u015fim revizyonlar\u0131n\u0131 azalt\u0131r.<\/p>\n<p>Tam da bu noktada ke\u015fif ve yerinde y\u00f6nlendirme hizmeti de\u011fer kazan\u0131r. \u00c7\u00fcnk\u00fc katalog \u00fczerinden do\u011fru g\u00f6r\u00fcnen bir masa, sahadaki ger\u00e7ek ihtiya\u00e7la \u00f6rt\u00fc\u015fmeyebilir. Kuans Ofis gibi proje bazl\u0131 \u00e7al\u0131\u015fan \u00e7\u00f6z\u00fcm ortaklar\u0131, yaln\u0131zca \u00fcr\u00fcn \u00f6nermekle kalmay\u0131p alan\u0131, kullan\u0131m bi\u00e7imini ve teslimat s\u00fcrecini birlikte y\u00f6neterek daha isabetli sonu\u00e7 al\u0131nmas\u0131n\u0131 sa\u011flar.<\/p>\n<h2>Sat\u0131n alma karar\u0131nda nelere \u00f6zellikle dikkat edilmeli?<\/h2>\n<p>Fiyat elbette \u00f6nemli. Ancak masa se\u00e7iminde sadece birim fiyat \u00fczerinden ilerlemek k\u0131sa vadede avantajl\u0131 g\u00f6r\u00fcnse de uzun vadede sorun yaratabilir. Dayan\u0131ks\u0131z malzeme, yanl\u0131\u015f \u00f6l\u00e7\u00fc, yetersiz kablo y\u00f6netimi veya kullan\u0131c\u0131 ihtiya\u00e7lar\u0131na uymayan tasar\u0131m nedeniyle ikinci bir revizyon gerekebilir. Bu durumda ilk tasarruf anlam\u0131n\u0131 kaybeder.<\/p>\n<p>Karar verirken numune kalitesi, \u00fcretim s\u00fcresi, montaj organizasyonu, sat\u0131\u015f sonras\u0131 destek ve ayn\u0131 serinin di\u011fer <a href=\"https:\/\/kuansofis.com\/en\/2025te-ofis-mobilyasi-secerken-dikkat-edilmesi-gereken-5-onemli-kriter\/\">ofis mobilyalar\u0131yla<\/a> uyumu da de\u011ferlendirilmelidir. \u00c7\u00fcnk\u00fc masa \u00e7o\u011fu zaman tek ba\u015f\u0131na al\u0131nmaz. Koltuk, depolama \u00fcnitesi, toplant\u0131 masas\u0131 veya workstation sistemleriyle b\u00fct\u00fcnl\u00fck olu\u015fturmas\u0131 beklenir.<\/p>\n<p>Do\u011fru ergonomik masa, \u00e7al\u0131\u015fan\u0131 masaya uydurmaya \u00e7al\u0131\u015fmaz. Kullan\u0131m al\u0131\u015fkanl\u0131\u011f\u0131na, alana ve i\u015f ak\u0131\u015f\u0131na uyum sa\u011flar. E\u011fer se\u00e7im bu bak\u0131\u015f a\u00e7\u0131s\u0131yla yap\u0131l\u0131rsa ofiste sadece daha iyi bir g\u00f6r\u00fcn\u00fcm de\u011fil, daha s\u00fcrd\u00fcr\u00fclebilir bir \u00e7al\u0131\u015fma d\u00fczeni kurulur.<\/p>\n<p>\u00c7al\u0131\u015fanlar\u0131n g\u00fcn sonunda daha az yoruldu\u011fu, alan\u0131n daha d\u00fczenli akt\u0131\u011f\u0131 ve kurumsal g\u00f6r\u00fcn\u00fcm\u00fcn daha g\u00fc\u00e7l\u00fc hissedildi\u011fi ofisler \u00e7o\u011fu zaman tesad\u00fcfen olu\u015fmaz. Do\u011fru masa se\u00e7imi, iyi d\u00fc\u015f\u00fcn\u00fclm\u00fc\u015f bir ba\u015flang\u0131c\u0131n sonucudur.<\/p>","protected":false},"excerpt":{"rendered":"<p>Ergonomik ofis \u00e7al\u0131\u015fma masas\u0131 nas\u0131l se\u00e7ilir? \u00d6l\u00e7\u00fc, y\u00fckseklik, malzeme ve alan planlamas\u0131yla do\u011fru masa se\u00e7imini daha kolay yap\u0131n.<\/p>","protected":false},"author":10,"featured_media":138004,"comment_status":"closed","ping_status":"closed","sticky":false,"template":"","format":"standard","meta":{"_monsterinsights_skip_tracking":false,"_monsterinsights_sitenote_active":false,"_monsterinsights_sitenote_note":"","_monsterinsights_sitenote_category":0,"footnotes":""},"categories":[1],"tags":[],"class_list":["post-138003","post","type-post","status-publish","format-standard","has-post-thumbnail","hentry","category-uncategorized"],"_links":{"self":[{"href":"https:\/\/kuansofis.com\/en\/wp-json\/wp\/v2\/posts\/138003","targetHints":{"allow":["GET"]}}],"collection":[{"href":"https:\/\/kuansofis.com\/en\/wp-json\/wp\/v2\/posts"}],"about":[{"href":"https:\/\/kuansofis.com\/en\/wp-json\/wp\/v2\/types\/post"}],"author":[{"embeddable":true,"href":"https:\/\/kuansofis.com\/en\/wp-json\/wp\/v2\/users\/10"}],"replies":[{"embeddable":true,"href":"https:\/\/kuansofis.com\/en\/wp-json\/wp\/v2\/comments?post=138003"}],"version-history":[{"count":1,"href":"https:\/\/kuansofis.com\/en\/wp-json\/wp\/v2\/posts\/138003\/revisions"}],"predecessor-version":[{"id":138146,"href":"https:\/\/kuansofis.com\/en\/wp-json\/wp\/v2\/posts\/138003\/revisions\/138146"}],"wp:featuredmedia":[{"embeddable":true,"href":"https:\/\/kuansofis.com\/en\/wp-json\/wp\/v2\/media\/138004"}],"wp:attachment":[{"href":"https:\/\/kuansofis.com\/en\/wp-json\/wp\/v2\/media?parent=138003"}],"wp:term":[{"taxonomy":"category","embeddable":true,"href":"https:\/\/kuansofis.com\/en\/wp-json\/wp\/v2\/categories?post=138003"},{"taxonomy":"post_tag","embeddable":true,"href":"https:\/\/kuansofis.com\/en\/wp-json\/wp\/v2\/tags?post=138003"}],"curies":[{"name":"wp","href":"https:\/\/api.w.org\/{rel}","templated":true}]}}