{"id":137861,"date":"2025-12-24T12:23:24","date_gmt":"2025-12-24T09:23:24","guid":{"rendered":"https:\/\/kuansofis.com\/?p=137861"},"modified":"2025-12-03T12:30:59","modified_gmt":"2025-12-03T09:30:59","slug":"yonetici-masasi-seciminde-tarziniza-uygun-modeller","status":"publish","type":"post","link":"https:\/\/kuansofis.com\/en\/yonetici-masasi-seciminde-tarziniza-uygun-modeller\/","title":{"rendered":"Y\u00f6netici Masas\u0131 Se\u00e7iminde Tarz\u0131n\u0131za Uygun Modeller"},"content":{"rendered":"<h2 class=\"wp-block-heading\">Y\u00f6netici Masas\u0131 Nedir?<\/h2>\n\n<p>Y\u00f6netici masas\u0131, bir ofiste y\u00f6neticilerin \u00e7al\u0131\u015fma alan\u0131n\u0131 belirleyen, i\u015flevsel ve estetik unsurlar\u0131 bar\u0131nd\u0131ran \u00f6zel bir mobilya par\u00e7as\u0131d\u0131r. Ofis tasar\u0131m\u0131 a\u00e7\u0131s\u0131ndan \u00f6nemi b\u00fcy\u00fckt\u00fcr, \u00e7\u00fcnk\u00fc y\u00f6neticinin i\u015f verimlili\u011fini art\u0131racak \u015fekilde d\u00fczenlenmesi gereken bir alan\u0131 temsil eder. Y\u00f6netici masas\u0131, yaln\u0131zca bir \u00e7al\u0131\u015fma arac\u0131 de\u011fil, ayn\u0131 zamanda bir prestij sembol\u00fcd\u00fcr. Bu nedenle, l\u00fcks y\u00f6netici tak\u0131m\u0131 i\u00e7erisinde yer alan bu masalar\u0131n se\u00e7imi olduk\u00e7a dikkatle yap\u0131lmal\u0131d\u0131r.<\/p>\n\n<p>Y\u00f6netici masas\u0131 modelleri, farkl\u0131 tasar\u0131m anlay\u0131\u015flar\u0131n\u0131 ve ihtiya\u00e7lar\u0131 kar\u015f\u0131lamak \u00fczere \u00e7e\u015fitli \u015fekil, boyut ve materyal se\u00e7enekleri sunar. Ah\u015fap, metal veya cam gibi y\u00fcksek kaliteli malzemelerin kullan\u0131m\u0131, masan\u0131n dayan\u0131kl\u0131l\u0131\u011f\u0131n\u0131 art\u0131rmakta ve estetik \u00e7ekicili\u011fini peki\u015ftirmektedir. Masalar\u0131n tasar\u0131m\u0131nda zarafetin yan\u0131 s\u0131ra i\u015flevselli\u011fi de g\u00f6z \u00f6n\u00fcnde bulundurulmal\u0131d\u0131r. \u00d6rne\u011fin, yeterli depolama alan\u0131, kullan\u0131c\u0131lar\u0131n belgelerini ve ofis gere\u00e7lerini d\u00fczenli bir \u015fekilde saklamalar\u0131na olanak tan\u0131r.<\/p>\n\n<p>Ayr\u0131ca, y\u00f6netici masalar\u0131n\u0131n tasar\u0131m\u0131nda ergonomik unsur da \u00f6nemli bir yer tutar. Kullan\u0131c\u0131lar\u0131n uzun saatler boyunca rahat bir \u015fekilde \u00e7al\u0131\u015fabilmeleri i\u00e7in masan\u0131n y\u00fcksekli\u011fi, geni\u015fli\u011fi ve oturu\u015f konforu gibi fakt\u00f6rler dikkate al\u0131nmal\u0131d\u0131r. Ofis tasar\u0131m\u0131 ile uyumlu bir y\u00f6netici masas\u0131 se\u00e7imi, genel \u00e7al\u0131\u015fma ortam\u0131n\u0131n hem estetik hem de i\u015flevsel a\u00e7\u0131dan dengeli olmas\u0131na katk\u0131 sa\u011flayacakt\u0131r. Bu nedenle, y\u00f6netici masas\u0131 se\u00e7imi yaparken t\u00fcm bu unsurlar\u0131 g\u00f6z \u00f6n\u00fcnde bulundurmak, hem \u015f\u0131kl\u0131\u011f\u0131 hem de pratikli\u011fi bir arada sunan modeller aras\u0131nda se\u00e7im yapmay\u0131 kolayla\u015ft\u0131r\u0131r.<\/p>\n\n<h2 class=\"wp-block-heading\">Ofis Tasar\u0131m\u0131nda Stil ve Estetik<\/h2>\n\n<p>Ofis tasar\u0131m\u0131, i\u015f yerinde \u00e7al\u0131\u015fanlar\u0131n verimlili\u011fi ve motivasyonu \u00fczerinde \u00f6nemli bir etkiye sahiptir. Bu ba\u011flamda, ofis alan\u0131n\u0131n dekorasyonu, kullan\u0131lan e\u015fyalar ve \u00f6zellikle y\u00f6netici masas\u0131 modelleri, i\u015f ortam\u0131n\u0131n genel estetik yap\u0131s\u0131n\u0131 belirler. Y\u00f6netici odas\u0131, y\u00f6neticinin ki\u015fisel tarz\u0131n\u0131 yans\u0131t\u0131rken, ayn\u0131 zamanda firman\u0131n kurumsal kimli\u011fini de ortaya koymaktad\u0131r. Bu nedenlerle, ofis tasar\u0131m\u0131nda stil ve estetik unsurlar\u0131n\u0131 dikkate almak gerekmektedir.<\/p>\n\n<p>Bireylerin ki\u015fisel stillerine ve tercih ettikleri renk paletine uygun ofis tasar\u0131m\u0131, ilham verici bir ortam yarat\u0131lmas\u0131na yard\u0131mc\u0131 olur. \u00d6rne\u011fin, minimalist bir tasar\u0131m se\u00e7ene\u011fi, d\u00fczenli ve sade bir g\u00f6r\u00fcn\u00fcm arayan y\u00f6neticiler i\u00e7in idealdir. Bunun yan\u0131nda, l\u00fcks y\u00f6netici tak\u0131mlar\u0131, zirve pozisyonundaki bireylerin etkileyici bir imaj sa\u011flamas\u0131na katk\u0131da bulunur. Bu, hem \u00e7al\u0131\u015fanlar hem de ziyaret\u00e7iler i\u00e7in pozitif bir atmosfer olu\u015fturur.<\/p>\n\n<p>Ayr\u0131ca, estetik unsurlar\u0131n se\u00e7imi, \u00e7al\u0131\u015fanlar\u0131n ruh h\u00e2lini ve yarat\u0131c\u0131l\u0131\u011f\u0131n\u0131 da etkileyebilir. S\u0131cak ve do\u011fal tonlar\u0131n kullan\u0131ld\u0131\u011f\u0131 bir ofis, bireylerin daha rahat hissetmesine ve i\u015f performanslar\u0131n\u0131n artmas\u0131na yard\u0131mc\u0131 olabilir. Ayr\u0131ca, ofis i\u00e7erisinde yap\u0131lan k\u00fc\u00e7\u00fck de\u011fi\u015fiklikler, \u00f6rne\u011fin bitkilerin yerle\u015ftirilmesi veya duvarlar\u0131n yeniden renklenmesi gibi uygulamalar, \u00e7al\u0131\u015fanlar\u0131n i\u015f yerlerinde daha huzurlu bir deneyim ya\u015famalar\u0131n\u0131 sa\u011flar.<\/p>\n\n<p>Dolay\u0131s\u0131yla, ofis tasar\u0131m\u0131nda stil ve estetik unsurlar, hem bireysel hem de kurumsal kimlik geli\u015ftirmede \u00f6nemli bir rol oynar. Y\u00f6netici masas\u0131 modelleri ve di\u011fer ofis mobilyalar\u0131, bu estetik anlay\u0131\u015f\u0131n somut bir yans\u0131mas\u0131d\u0131r.<\/p>\n\n<h2 class=\"wp-block-heading\">Farkl\u0131 Y\u00f6netici Masas\u0131 Modelleri<\/h2>\n\n<p>Piyasada pek \u00e7ok y\u00f6netici masas\u0131 modelleri bulunmaktad\u0131r ve bunlar farkl\u0131 tasar\u0131m anlay\u0131\u015flar\u0131n\u0131 yans\u0131tma \u00f6zelli\u011fi ta\u015f\u0131maktad\u0131r. Modern, klasik, minimalist ve end\u00fcstriyel stiller, ofis tasar\u0131m\u0131 a\u00e7\u0131s\u0131ndan en pop\u00fcler kategoriler aras\u0131nda yer al\u0131r. Her biri, \u00e7e\u015fitli avantajlar ve dezavantajlar sunarak kullan\u0131c\u0131lar\u0131n ihtiya\u00e7lar\u0131na g\u00f6re farkl\u0131l\u0131k g\u00f6stermektedir.<\/p>\n\n<p>Modern y\u00f6netici masas\u0131 modelleri, estetik ve i\u015flevselli\u011fi bir araya getirir. \u015e\u0131k hatlar\u0131, geni\u015f \u00e7al\u0131\u015fma y\u00fczeyleri ve genellikle y\u00fcksek kaliteli malzemelerle \u00fcretilmeleri ile dikkat \u00e7eker. Bu modeller, \u00e7a\u011fda\u015f ofis alanlar\u0131n\u0131 tamamlayarak profesyonel bir g\u00f6r\u00fcnt\u00fc \u00e7izer. Ancak, y\u00fcksek maliyetler ve fazla dikkat \u00e7ekici tasar\u0131mlar baz\u0131 kullan\u0131c\u0131lar i\u00e7in olumsuz bir durum yaratabilmektedir.<\/p>\n\n<p>Klasik y\u00f6netici masas\u0131 modelleri ise genellikle ah\u015fap ve zengin detaylarla donat\u0131lm\u0131\u015ft\u0131r. Bu masalar, ofise s\u0131cak ve samimi bir hava katarak l\u00fcks y\u00f6netici tak\u0131m\u0131 olu\u015fturulmas\u0131na yard\u0131mc\u0131 olur. Geleneksel \u00e7izgileri ve a\u011f\u0131r duru\u015flar\u0131, g\u00fc\u00e7l\u00fc bir imaj yarat\u0131rken, ancak modern ofislerde fazla yer kaplayabilir ve uyumsuz bir g\u00f6r\u00fcn\u00fcm sergileyebilir.<\/p>\n\n<p>Minimalist y\u00f6netici masas\u0131 modelleri, sade ve i\u015flevsel \u00e7izgileriyle \u00f6ne \u00e7\u0131kar. Az ama \u00f6z yakla\u015f\u0131m\u0131 benimseyen bu tasar\u0131mlar, ofisin ferah g\u00f6r\u00fcnmesini sa\u011flar ve gereksiz kalabal\u0131klar\u0131 ortadan kald\u0131r\u0131r. Ancak, sade tasar\u0131m baz\u0131 kullan\u0131c\u0131lar taraf\u0131ndan so\u011fuk ve ki\u015filiksiz olarak de\u011ferlendirilebilir.<\/p>\n\n<p>End\u00fcstriyel stil y\u00f6netici masas\u0131 modelleri, metal ve ah\u015fap malzemelerin birle\u015fimi ile dikkat \u00e7eker. Genellikle daha rahat bir atmosfer yaratmalar\u0131n\u0131n yan\u0131 s\u0131ra, dayan\u0131kl\u0131 yap\u0131lar\u0131 ile uzun \u00f6m\u00fcrl\u00fc se\u00e7enekler sunarlar. Yaln\u0131zca end\u00fcstriyel ofislerde de\u011fil, modern alanlarda da tercih edilmektedirler. Fakat, amac\u0131 tam olarak kar\u015f\u0131lamayan tasar\u0131mlar\u0131 baz\u0131 kullan\u0131c\u0131lar i\u00e7in dezavantaj olarak g\u00f6r\u00fclebilir.<\/p>\n\n<h2 class=\"wp-block-heading\">Malzeme Se\u00e7iminde Dikkat Edilmesi Gerekenler<\/h2>\n\n<p>Y\u00f6netici masas\u0131 modelleri, ofis tasar\u0131m\u0131 s\u00fcrecinde \u00f6nemli bir rol oynar ve masa yap\u0131m\u0131nda kullan\u0131lan malzemeler, hem estetik hem de fonksiyonellik a\u00e7\u0131s\u0131ndan kararlar\u0131 etkileyen temel unsurlardand\u0131r. Ah\u015fap, metal, cam gibi farkl\u0131 malzemelerin her biri kendi avantajlar\u0131 ve dezavantajlar\u0131 ile birlikte gelir. Bu nedenle, do\u011fru malzeme se\u00e7imi, ofis alan\u0131n\u0131n genel atmosferini ve l\u00fcks y\u00f6netici tak\u0131m\u0131 ile uyumunu belirleyebilir.<\/p>\n\n<p>Ah\u015fap, klasik bir tercih olarak \u00f6ne \u00e7\u0131kar. Do\u011fal dokusu ve s\u0131cak renk tonlar\u0131yla, ofis ortam\u0131na bir rahatl\u0131k hissi katmaktad\u0131r. \u00d6zellikle ceviz veya me\u015fe gibi kaliteli ah\u015fap t\u00fcrleri, dayan\u0131kl\u0131l\u0131\u011f\u0131 ile dikkat \u00e7eker. Ah\u015fap masalar, hem geleneksel hem de modern ofis tasar\u0131m\u0131 ile uyum sa\u011flayarak zengin bir estetik sunar. Ancak, ah\u015fap malzemelerin zamanla deformasyon riski bulunabilir, bu nedenle uygun bak\u0131m gereklidir.<\/p>\n\n<p>Metal masalar ise, modern ve end\u00fcstriyel tasar\u0131m sevenler i\u00e7in ideal bir alternatiftir. Dayan\u0131kl\u0131l\u0131\u011f\u0131 sayesinde y\u00fcksek ofis trafi\u011finde bile uzun \u00f6m\u00fcrl\u00fc kalabilirler. Metalin so\u011fuk g\u00f6r\u00fcn\u00fcm\u00fcne kar\u015f\u0131, ah\u015fap veya kuma\u015f ile kombinlenerek s\u0131cak bir atmosfer yarat\u0131lmas\u0131 m\u00fcmk\u00fcnd\u00fcr. Cam masalar ise zarif ve hafif yap\u0131lar\u0131 ile mek\u00e2na ferah bir his katar. Ancak, cam\u0131n \u00e7izilme ve k\u0131r\u0131lma gibi dezavantajlar\u0131 g\u00f6z \u00f6n\u00fcnde bulundurulmal\u0131d\u0131r.<\/p>\n\n<p>Sonu\u00e7 olarak, y\u00f6netici masas\u0131 se\u00e7imi yaparken, kullan\u0131lan malzemenin ofis tasar\u0131m\u0131 ile uyumunu g\u00f6z \u00f6n\u00fcnde bulundurmak \u00f6nemlidir. Farkl\u0131 malzeme se\u00e7eneklerinin estetik etkileri ve dayan\u0131kl\u0131l\u0131klar\u0131, l\u00fcks y\u00f6netici tak\u0131m\u0131 ile birlikte de\u011ferlendirilmeli ve ki\u015fisel zevkler ile i\u015f ihtiya\u00e7lar\u0131 aras\u0131nda bir denge kurulmal\u0131d\u0131r.<\/p>\n\n<h2 class=\"wp-block-heading\">\u0130\u015flevsellik ve Ergonomi<\/h2>\n\n<p>Y\u00f6netici masas\u0131 se\u00e7imi, bir ofis tasar\u0131m\u0131 olu\u015ftururken dikkat edilmesi gereken en \u00f6nemli unsurlardan biridir. Sadece estetik a\u00e7\u0131dan ho\u015f bir g\u00f6r\u00fcn\u00fcm sunmakla kalmay\u0131p, ayn\u0131 zamanda i\u015flevsel ve ergonomik olmas\u0131 da \u015fartt\u0131r. Ergonomik bir masa, kullan\u0131c\u0131n\u0131n rahatl\u0131\u011f\u0131n\u0131 sa\u011flarken, uzun s\u00fcre oturman\u0131n getirdi\u011fi sa\u011fl\u0131k sorunlar\u0131n\u0131 en aza indirmeye yard\u0131mc\u0131 olur. Bu ba\u011flamda, y\u00f6netici masas\u0131 modelleri aras\u0131nda se\u00e7im yaparken, masan\u0131n y\u00fcksekli\u011fi, derinli\u011fi ve geni\u015fli\u011fi gibi unsurlara dikkat edilmelidir.<\/p>\n\n<p>Masa y\u00fckseklik ayar\u0131, kullan\u0131c\u0131n\u0131n oturu\u015f pozisyonunun d\u00fczg\u00fcn olmas\u0131n\u0131 sa\u011flamak ad\u0131na kritik bir fakt\u00f6rd\u00fcr. Yanl\u0131\u015f masa y\u00fcksekli\u011fi, bel ve boyun a\u011fr\u0131lar\u0131na yol a\u00e7abilir. Ayr\u0131ca kullan\u0131lan sandalye ile do\u011fru kombinasyon, daha rahat bir \u00e7al\u0131\u015fma ortam\u0131 olu\u015fturur. Bu nedenle, l\u00fcks y\u00f6netici tak\u0131m\u0131 tercih edenlerin masalar\u0131n\u0131n maksimum konforu sa\u011flayacak \u015fekilde tasarlanm\u0131\u015f olmas\u0131 \u00f6nemlidir.<\/p>\n\n<p>Masalar\u0131n derinli\u011fi, \u00e7al\u0131\u015fma alan\u0131 a\u00e7\u0131s\u0131ndan da \u00f6nem arz eder. \u00c7ok dar bir masa, i\u015flevselli\u011fi k\u0131s\u0131tlayabilirken, fazla geni\u015f bir masa ise gereksiz bir alan israf\u0131na yol a\u00e7abilir. \u00d6zellikle y\u00f6neticilerin, toplant\u0131lar s\u0131ras\u0131nda dosya ve belgeleri sergilemesi gerekece\u011fi i\u00e7in masan\u0131n geni\u015fli\u011fi ve derinli\u011fi, i\u015flevsellik a\u00e7\u0131s\u0131ndan dikkat edilmesi gereken boyutlard\u0131r.<\/p>\n\n<p>Sonu\u00e7 olarak, y\u00f6neticilerin i\u015flevsel ve ergonomik bir masa tercih etmeleri, hem verimlili\u011fi art\u0131racak hem de sa\u011fl\u0131\u011f\u0131n\u0131 koruyacakt\u0131r. Dolay\u0131s\u0131yla, ofis tasar\u0131m\u0131 s\u0131ras\u0131nda yukar\u0131da belirtilen kriterlere uygun y\u00f6netici masas\u0131 modelleri se\u00e7mek, uzun vadede fayda sa\u011flayacakt\u0131r.<\/p>\n\n<h2 class=\"wp-block-heading\">B\u00fct\u00e7e Planlamas\u0131<\/h2>\n\n<p>Y\u00f6netici masas\u0131 al\u0131m\u0131, ofis tasar\u0131m\u0131 s\u00fcrecinde b\u00fct\u00e7e planlamas\u0131n\u0131n \u00f6nemli bir par\u00e7as\u0131d\u0131r. Do\u011fru bir y\u00f6netici masas\u0131 se\u00e7mek, i\u015f verimlili\u011fini ve ofis ortam\u0131n\u0131 olumlu y\u00f6nde etkileyebilirken, bu s\u00fcre\u00e7te g\u00f6z \u00f6n\u00fcnde bulundurulmas\u0131 gereken maliyetler de vard\u0131r. Y\u00f6netici masas\u0131 modelleri aras\u0131nda, uygun fiyatl\u0131 se\u00e7enekler ile l\u00fcks y\u00f6netici tak\u0131m\u0131 olarak adland\u0131r\u0131lan y\u00fcksek b\u00fct\u00e7eli alternatifler bulunur. Her iki kategori de belirli avantajlar sunmakta olup, se\u00e7im yaparken dikkatli bir de\u011ferlendirme gerektirir.<\/p>\n\n<p>Uygun fiyatl\u0131 modeller genellikle yeni giri\u015fimciler veya b\u00fct\u00e7eleri s\u0131n\u0131rl\u0131 olan firmalar i\u00e7in tercih edilir. Bu t\u00fcr masalar, maliyet verimlili\u011fi \u00f6n planda tutularak ofis alan\u0131nda i\u015flevsellik sa\u011flar. Basit tasar\u0131mlar\u0131 ile estetik kayg\u0131lara hitap ederken, ayn\u0131 zamanda dayan\u0131kl\u0131l\u0131k ve kullan\u0131labilirlik gibi fakt\u00f6rleri de g\u00f6z \u00f6n\u00fcnde bulundurur. Bu nedenle, b\u00fct\u00e7eniz d\u00e2hilinde en iyi performans\u0131 sa\u011flayacak modelleri ara\u015ft\u0131rmak \u00f6nemlidir.<\/p>\n\n<p>Di\u011fer yandan, l\u00fcks y\u00f6netici tak\u0131mlar\u0131, prestij ve kurumsal kimlik a\u00e7\u0131s\u0131ndan b\u00fcy\u00fck \u00f6neme sahiptir. Kaliteli malzemelerden \u00fcretilen bu masalar, genellikle uzun \u00f6m\u00fcrl\u00fc ve konforlu kullan\u0131m sunar. Ancak, erken a\u015famalarda maliyetin y\u00fcksek olmas\u0131 nedeniyle, firmalar bu t\u00fcr bir yat\u0131r\u0131m yapmadan \u00f6nce hangi faydalar\u0131 elde edeceklerini iyi de\u011ferlendirmelidir. L\u00fcks se\u00e7eneklerin fiyat aral\u0131\u011f\u0131 genellikle geni\u015ftir ve bu da \u00e7e\u015fitli tasar\u0131m alternatifleri sunar.<\/p>\n\n<p>B\u00fct\u00e7e planlamas\u0131 yaparken, elde edilen maliyet ve verim ili\u015fkisini g\u00f6z \u00f6n\u00fcnde bulundurarak, her iki model grubuna da odaklanmak faydal\u0131 olacakt\u0131r. \u00c7e\u015fitli fiyat aral\u0131klar\u0131ndaki y\u00f6netici masas\u0131 modelleri, her bir firman\u0131n ihtiya\u00e7lar\u0131na ve finansal yap\u0131s\u0131na uygun alternatifler sunarak, kaliteli ofis tasar\u0131m\u0131 ger\u00e7ekle\u015ftirmenin yolunu a\u00e7ar.<\/p>\n\n<h2 class=\"wp-block-heading\">Renk Se\u00e7imi ve Psikoloji<\/h2>\n\n<p>Ofis tasar\u0131m\u0131, i\u015f yerindeki atmosferin ve \u00e7al\u0131\u015fanlar\u0131n verimlili\u011finin belirlenmesinde \u00f6nemli bir rol oynar. \u00d6zellikle y\u00f6netici masas\u0131 modelleri ve l\u00fcks y\u00f6netici tak\u0131mlar\u0131 gibi \u00f6ne \u00e7\u0131kan mobilyalar\u0131n renkleri, ofis ortam\u0131nda psikolojik etkiler yaratmaktad\u0131r. Renklerin psikoloji \u00fczerindeki etkisi g\u00f6z ard\u0131 edilmemez; bu nedenle do\u011fru renk se\u00e7imi, ofiste olu\u015fturmak istedi\u011finiz imaj\u0131 da yans\u0131t\u0131r.<\/p>\n\n<p>Mavi tonlar\u0131, g\u00fcven ve profesyonellik hissi uyand\u0131rd\u0131\u011f\u0131 i\u00e7in y\u00f6neticiler aras\u0131nda s\u0131kl\u0131kla tercih edilmektedir. Mavi, sakinle\u015ftirici bir etkiye sahip olup yo\u011fun ve stresli \u00e7al\u0131\u015fma ortamlar\u0131nda ferahlama sa\u011flar. Bu rengi kullanarak, ofisinizdeki y\u00f6netici masas\u0131 ve di\u011fer aksesuarlar\u0131n ruh halini olumlu y\u00f6nde etkileyebilirsiniz.<\/p>\n\n<p>Ye\u015fil, do\u011fan\u0131n rengidir ve huzur sa\u011flayarak yarat\u0131c\u0131l\u0131\u011f\u0131 art\u0131r\u0131r. Ofis tasar\u0131m\u0131nda ye\u015fil tonlar\u0131 kullan\u0131lmak isteniyorsa, y\u00f6neticilik tarz\u0131nda biraz daha rahat ve informal bir yakla\u015f\u0131m sergilenebilir. Ye\u015fil y\u00f6netici masas\u0131 modelleri, do\u011fal dokularla bir araya geldi\u011finde samimi bir atmosfer yarat\u0131r.<\/p>\n\n<p>Frekans\u0131n dikkat \u00e7ekici bir rengi olan k\u0131rm\u0131z\u0131, enerjiyi ve tutkuyu simgeler. Ancak, bu rengin fazla kullan\u0131lmas\u0131 ofisteki stresi art\u0131rabilir. K\u0131rm\u0131z\u0131 tonlar\u0131n\u0131n, \u00f6zellikle tak\u0131m toplant\u0131lar\u0131 veya motivasyon art\u0131r\u0131c\u0131 alanlarda tercih edilmesi, etkili sonu\u00e7lar do\u011furabilir.<\/p>\n\n<p>Sonu\u00e7 olarak, y\u00f6netici masas\u0131 se\u00e7iminde kullan\u0131lan renkler yaln\u0131zca estetik olarak de\u011fil, ayn\u0131 zamanda \u00e7al\u0131\u015fanlar\u0131n psikolojik sa\u011fl\u0131\u011f\u0131 \u00fczerinde de etkili olabilir. Renklerin dikkatlice se\u00e7ilmesi, ofis tasar\u0131m\u0131nda yap\u0131lacak yat\u0131r\u0131mlar\u0131n kar\u015f\u0131l\u0131\u011f\u0131n\u0131 alman\u0131zda \u00f6nemli bir etken olacakt\u0131r.<\/p>\n\n<h2 class=\"wp-block-heading\">Ekstra \u00d6zellikler ve Aksesuarlar<\/h2>\n\n<p>Y\u00f6netici masas\u0131 modelleri se\u00e7erken yaln\u0131zca estetik ve fonksiyonellik de\u011fil, ayn\u0131 zamanda ekstra \u00f6zellikler ve aksesuarlar\u0131n da \u00f6nemli oldu\u011funu belirtmek gerekir. Entgre saklama alanlar\u0131, kablo d\u00fczenleyiciler gibi fonksiyonel ek \u00f6zellikler, ofis tasar\u0131m\u0131 a\u00e7\u0131s\u0131ndan b\u00fcy\u00fck kolayl\u0131k sa\u011flar. Bu detaylar, \u00e7al\u0131\u015fma alan\u0131n\u0131z\u0131 daha d\u00fczenli hale getirirken, ayn\u0131 zamanda i\u015flevselli\u011fi art\u0131r\u0131r. \u00d6zellikle y\u00f6netici masas\u0131 gibi \u00f6nemli bir ofis par\u00e7as\u0131nda, kablo d\u00fczenleyici gibi unsurlar, teknolojiyle uyumlu bir \u00e7al\u0131\u015fma ortam\u0131 yaratmada kritik rol oynar.<\/p>\n\n<p>Bunlara ek olarak, l\u00fcks y\u00f6netici tak\u0131mlar\u0131, estetik a\u00e7\u0131dan da dikkat \u00e7ekici aksesuarlarla tamamlanmal\u0131d\u0131r. Ofis lambas\u0131, \u00e7al\u0131\u015fma alan\u0131n\u0131 ayd\u0131nlatman\u0131n yan\u0131 s\u0131ra, ofis bitkileri gibi do\u011fal unsurlar da \u00e7al\u0131\u015fma ortam\u0131n\u0131 canland\u0131r\u0131r. Bu bitkiler, sadece estetik bir g\u00f6r\u00fcn\u00fcm sunmakla kalmaz, ayn\u0131 zamanda hava kalitesini iyile\u015ftirir. \u0130\u015f yerinde ge\u00e7irilen uzun saatler boyunca, bu t\u00fcr eklentiler, psikolojik olarak da olumlu bir etki sa\u011flar.<\/p>\n\n<p>Ayr\u0131ca, d\u00fczg\u00fcn bir ofis tasar\u0131m\u0131 i\u00e7in tasar\u0131m \u00f6\u011felerinin uyumu da g\u00f6z \u00f6n\u00fcnde bulundurulmal\u0131d\u0131r. Masan\u0131n rengi, dokusu ve format\u0131 gibi unsurlarla aksesuarlar\u0131n birle\u015fimi, genel ofis atmosferini etkiler. Ekstra \u00f6zellikler ve aksesuarlar, bir y\u00f6netici masas\u0131 i\u00e7in vazge\u00e7ilmez unsurlard\u0131r; \u00e7\u00fcnk\u00fc bu unsurlar, i\u015f yap\u0131\u015f \u015feklinizi daha verimli hale getirirken, ayn\u0131 zamanda profesyonel bir imaj yarat\u0131r. Bu nedenle, y\u00f6netici masas\u0131 se\u00e7erken bu detaylar\u0131 g\u00f6z ard\u0131 etmemek b\u00fcy\u00fck \u00f6nem ta\u015f\u0131r.<\/p>\n\n<h2 class=\"wp-block-heading\">Sonu\u00e7 ve \u00d6neriler<\/h2>\n\n<p>Y\u00f6netici masas\u0131 modelleri, ofis tasar\u0131m\u0131 ve y\u00f6neticinin profesyonel imaj\u0131 \u00fczerinde \u00f6nemli bir etkiye sahiptir. Do\u011fru se\u00e7imin yap\u0131labilmesi i\u00e7in, \u00f6ncelikli olarak ofis alan\u0131n\u0131n b\u00fcy\u00fckl\u00fc\u011f\u00fc, ayd\u0131nlatma durumu ve genel tasar\u0131m temas\u0131n\u0131n g\u00f6z \u00f6n\u00fcnde bulundurulmas\u0131 gerekmektedir. Ayr\u0131ca, y\u00f6neticinin ki\u015fisel tarz\u0131 da bu s\u00fcre\u00e7te dikkate al\u0131nmal\u0131d\u0131r. L\u00fcks y\u00f6netici tak\u0131mlar\u0131, modern ve klasik \u00e7izgileri bir araya getirerek \u00e7e\u015fitlilik sunmaktad\u0131r. Bu nedenle, ofisinizin genel havas\u0131n\u0131 yans\u0131tan bir model se\u00e7mek \u00f6nemlidir.<\/p>\n\n<p>\u0130lk olarak, ofis alan\u0131nda olu\u015fturmak istedi\u011finiz atmosferi belirlemelisiniz. Klasik bir ofis tasar\u0131m\u0131 tercih ediyorsan\u0131z, ah\u015fap ve koyu renkler \u00f6n plana \u00e7\u0131kan unsurlar olmal\u0131d\u0131r. Alternatif olarak, modern bir g\u00f6r\u00fcn\u00fcm i\u00e7in minimalist ve a\u00e7\u0131k tonlardaki y\u00f6netici masas\u0131 modelleri tercih edilebilir. \u00c7o\u011fu zaman, ofis tasar\u0131m\u0131nda fark yaratan detaylar, kullan\u0131lan malzemeler ve renk uyumudur.<\/p>\n\n<p>Y\u00f6netici masas\u0131 se\u00e7iminde ergonominin de g\u00f6z \u00f6n\u00fcnde bulundurulmas\u0131 gerekir. Uzun saatler boyunca \u00e7al\u0131\u015facak olan y\u00f6neticinin rahat bir ortamda bulunmas\u0131, verimlili\u011fi art\u0131racakt\u0131r. Bu ba\u011flamda, ayarlanabilir y\u00fckseklikte masalar ve rahat koltuklarla desteklenen bir ofis tasar\u0131m\u0131 olu\u015fturmak m\u00fcmk\u00fcn olmaktad\u0131r. \u00d6nerilerimiz aras\u0131nda, dayan\u0131kl\u0131 ve \u00e7ok fonksiyonlu masa tasar\u0131mlar\u0131na y\u00f6nelmek de yer almaktad\u0131r.<\/p>\n\n<p>Sonu\u00e7 olarak, y\u00f6netici masas\u0131 se\u00e7iminde dikkat edilmesi gereken t\u00fcm bu unsurlar, hem i\u015flevsellik hem de estetik a\u00e7\u0131dan \u00f6nem ta\u015f\u0131maktad\u0131r. Ofisinizin hem y\u00f6netici masas\u0131 modelleri hem de genel tasar\u0131m i\u00e7in en iyi \u00e7\u00f6z\u00fcmleri bar\u0131nd\u0131rmas\u0131, \u00e7al\u0131\u015fma ortam\u0131n\u0131z\u0131n verimlili\u011fine olumlu katk\u0131 sa\u011flayacakt\u0131r. Dolay\u0131s\u0131yla, bu s\u00fcre\u00e7te dikkatli bir de\u011ferlendirme yaparak, hem ki\u015fisel zevkinizi hem de i\u015finizin gereksinimlerini kar\u015f\u0131layan bir se\u00e7im yapmal\u0131s\u0131n\u0131z.<\/p>","protected":false},"excerpt":{"rendered":"<p>Y\u00f6netici Masas\u0131 Nedir? Y\u00f6netici masas\u0131, bir ofiste y\u00f6neticilerin \u00e7al\u0131\u015fma alan\u0131n\u0131 belirleyen, i\u015flevsel ve estetik unsurlar\u0131 bar\u0131nd\u0131ran \u00f6zel bir mobilya par\u00e7as\u0131d\u0131r. Ofis tasar\u0131m\u0131 a\u00e7\u0131s\u0131ndan \u00f6nemi b\u00fcy\u00fckt\u00fcr, \u00e7\u00fcnk\u00fc y\u00f6neticinin i\u015f verimlili\u011fini art\u0131racak \u015fekilde d\u00fczenlenmesi gereken bir alan\u0131 temsil eder. Y\u00f6netici masas\u0131, yaln\u0131zca bir \u00e7al\u0131\u015fma arac\u0131 de\u011fil, ayn\u0131 zamanda bir prestij sembol\u00fcd\u00fcr. Bu nedenle, l\u00fcks y\u00f6netici tak\u0131m\u0131 i\u00e7erisinde &hellip; <br \/><a href=\"https:\/\/kuansofis.com\/en\/yonetici-masasi-seciminde-tarziniza-uygun-modeller\/\" class=\"more-link\">Continue reading <span class=\"screen-reader-text\">Y\u00f6netici Masas\u0131 Se\u00e7iminde Tarz\u0131n\u0131za Uygun Modeller<\/span><\/a><\/p>","protected":false},"author":10,"featured_media":137862,"comment_status":"closed","ping_status":"closed","sticky":false,"template":"","format":"standard","meta":{"_monsterinsights_skip_tracking":false,"_monsterinsights_sitenote_active":false,"_monsterinsights_sitenote_note":"","_monsterinsights_sitenote_category":0,"footnotes":""},"categories":[408],"tags":[417],"class_list":["post-137861","post","type-post","status-publish","format-standard","has-post-thumbnail","hentry","category-ofis-mobilyalari","tag-executive-desks"],"_links":{"self":[{"href":"https:\/\/kuansofis.com\/en\/wp-json\/wp\/v2\/posts\/137861","targetHints":{"allow":["GET"]}}],"collection":[{"href":"https:\/\/kuansofis.com\/en\/wp-json\/wp\/v2\/posts"}],"about":[{"href":"https:\/\/kuansofis.com\/en\/wp-json\/wp\/v2\/types\/post"}],"author":[{"embeddable":true,"href":"https:\/\/kuansofis.com\/en\/wp-json\/wp\/v2\/users\/10"}],"replies":[{"embeddable":true,"href":"https:\/\/kuansofis.com\/en\/wp-json\/wp\/v2\/comments?post=137861"}],"version-history":[{"count":1,"href":"https:\/\/kuansofis.com\/en\/wp-json\/wp\/v2\/posts\/137861\/revisions"}],"predecessor-version":[{"id":137863,"href":"https:\/\/kuansofis.com\/en\/wp-json\/wp\/v2\/posts\/137861\/revisions\/137863"}],"wp:featuredmedia":[{"embeddable":true,"href":"https:\/\/kuansofis.com\/en\/wp-json\/wp\/v2\/media\/137862"}],"wp:attachment":[{"href":"https:\/\/kuansofis.com\/en\/wp-json\/wp\/v2\/media?parent=137861"}],"wp:term":[{"taxonomy":"category","embeddable":true,"href":"https:\/\/kuansofis.com\/en\/wp-json\/wp\/v2\/categories?post=137861"},{"taxonomy":"post_tag","embeddable":true,"href":"https:\/\/kuansofis.com\/en\/wp-json\/wp\/v2\/tags?post=137861"}],"curies":[{"name":"wp","href":"https:\/\/api.w.org\/{rel}","templated":true}]}}